{"id":10908,"date":"2025-08-13T16:26:16","date_gmt":"2025-08-13T14:26:16","guid":{"rendered":"https:\/\/www.qwien.at\/nicht-kategorisiert\/gewalt-unter-schwulen-maennern-2012\/"},"modified":"2025-08-13T16:26:16","modified_gmt":"2025-08-13T14:26:16","slug":"gewalt-unter-schwulen-maennern-2012","status":"publish","type":"post","link":"https:\/\/www.qwien.at\/en\/qwien-studies\/gewalt-unter-schwulen-maennern-2012\/","title":{"rendered":"Gewalt unter schwulen M\u00e4nnern (2012)"},"content":{"rendered":"<div class=\"wpb-content-wrapper\"><p>[vc_row][vc_column][vc_column_text]Die\u00a0<em>Queeren Stadtgespr\u00e4che<\/em>\u00a0der Wiener Antidiskriminierungsstelle f\u00fcr gleichgeschlechtliche Lebensweisen stehen im Jahr 2011\/12 unter dem Generalthema Gewalt. Nach der Pr\u00e4sentation einer Brosch\u00fcre zu\u00a0<a href=\"http:\/\/www.lars-europe.eu\/en\/material\/local_austria_broschuere.pdf\"><em>Gewalt in lesbischen Beziehungen<\/em><\/a>, wurde deutlich, dass es keine vergleichbaren Projekte zu Gewalt unter schwulen M\u00e4nnern gibt. Kulturhistorische Studien zu Gewalt unter homosexuellen M\u00e4nnern in der Antike sowie aktuelle Pr\u00e4ventionsprojekte wurden dabei ebenso analysiert wie sozialwissenschaftliche oder psychologische Untersuchungen. Der Abschlussbericht stellt die wichtigste Literatur nun zusammen und soll als Ausgangspunkt f\u00fcr eine breitere Thematisierung von Gewalt unter m\u00e4nnlichen Homosexuellen diesen. Die f\u00fcr den \u00fcber 50 Seiten dicken Bericht recherchierte Literatur ist in der Bibliothek von Zentrum QWIEN f\u00fcr wissenschaftliche Zwecke zu benutzen. Link zur \u00fcber 50-seitigen Forschungsdokumentation\u00a0<a href=\"http:\/\/www.qwien.at\/QWIEN_Gewalt_2012.pdf\">hier<\/a>.[\/vc_column_text][\/vc_column][\/vc_row]<\/p>\n<\/div>","protected":false},"excerpt":{"rendered":"<p>[vc_row][vc_column][vc_column_text]Die\u00a0Queeren Stadtgespr\u00e4che\u00a0der Wiener Antidiskriminierungsstelle f\u00fcr gleichgeschlechtliche Lebensweisen stehen im Jahr 2011\/12 unter dem Generalthema Gewalt. Nach der Pr\u00e4sentation einer Brosch\u00fcre zu\u00a0Gewalt in lesbischen Beziehungen, wurde deutlich, dass es keine vergleichbaren Projekte zu Gewalt unter schwulen M\u00e4nnern gibt. Kulturhistorische Studien zu Gewalt unter homosexuellen M\u00e4nnern in der Antike sowie aktuelle Pr\u00e4ventionsprojekte wurden dabei ebenso analysiert wie [&hellip;]<\/p>\n","protected":false},"author":11,"featured_media":0,"comment_status":"closed","ping_status":"open","sticky":false,"template":"","format":"standard","meta":{"_acf_changed":false,"footnotes":""},"categories":[274,276],"tags":[],"class_list":["post-10908","post","type-post","status-publish","format-standard","hentry","category-qwien-studies","category-webarchive","grve-entry-item","grve-blog-item"],"acf":[],"yoast_head":"<!-- This site is optimized with the Yoast SEO plugin v27.5 - https:\/\/yoast.com\/product\/yoast-seo-wordpress\/ -->\n<title>Gewalt unter schwulen M\u00e4nnern (2012) - Blog - Qwien - Zentrum f\u00fcr queere Geschichte<\/title>\n<meta name=\"robots\" content=\"index, follow, max-snippet:-1, max-image-preview:large, max-video-preview:-1\" \/>\n<link rel=\"canonical\" href=\"https:\/\/www.qwien.at\/en\/qwien-studies\/gewalt-unter-schwulen-maennern-2012\/\" \/>\n<meta property=\"og:locale\" content=\"en_US\" \/>\n<meta property=\"og:type\" content=\"article\" \/>\n<meta property=\"og:title\" content=\"Gewalt unter schwulen M\u00e4nnern (2012) - Blog - Qwien - Zentrum f\u00fcr queere Geschichte\" \/>\n<meta property=\"og:description\" content=\"[vc_row][vc_column][vc_column_text]Die\u00a0Queeren Stadtgespr\u00e4che\u00a0der Wiener Antidiskriminierungsstelle f\u00fcr gleichgeschlechtliche Lebensweisen stehen im Jahr 2011\/12 unter dem Generalthema Gewalt. Nach der Pr\u00e4sentation einer Brosch\u00fcre zu\u00a0Gewalt in lesbischen Beziehungen, wurde deutlich, dass es keine vergleichbaren Projekte zu Gewalt unter schwulen M\u00e4nnern gibt. Kulturhistorische Studien zu Gewalt unter homosexuellen M\u00e4nnern in der Antike sowie aktuelle Pr\u00e4ventionsprojekte wurden dabei ebenso analysiert wie [&hellip;]\" \/>\n<meta property=\"og:url\" content=\"https:\/\/www.qwien.at\/en\/qwien-studies\/gewalt-unter-schwulen-maennern-2012\/\" \/>\n<meta property=\"og:site_name\" content=\"Qwien - Zentrum f\u00fcr queere Geschichte\" \/>\n<meta property=\"article:published_time\" content=\"2025-08-13T14:26:16+00:00\" \/>\n<meta property=\"og:image\" content=\"https:\/\/www.qwien.at\/wp-content\/uploads\/2025\/06\/seo-yoast-1.png\" \/>\n\t<meta property=\"og:image:width\" content=\"1921\" \/>\n\t<meta property=\"og:image:height\" content=\"1081\" \/>\n\t<meta property=\"og:image:type\" content=\"image\/png\" \/>\n<meta name=\"author\" content=\"Jakub Oksa\" \/>\n<meta name=\"twitter:card\" content=\"summary_large_image\" \/>\n<meta name=\"twitter:label1\" content=\"Written by\" \/>\n\t<meta name=\"twitter:data1\" content=\"Jakub Oksa\" \/>\n\t<meta name=\"twitter:label2\" content=\"Est. reading time\" \/>\n\t<meta name=\"twitter:data2\" content=\"1 minute\" \/>\n<script type=\"application\/ld+json\" class=\"yoast-schema-graph\">{\"@context\":\"https:\\\/\\\/schema.org\",\"@graph\":[{\"@type\":[\"Article\",\"BlogPosting\"],\"@id\":\"https:\\\/\\\/www.qwien.at\\\/en\\\/qwien-studies\\\/gewalt-unter-schwulen-maennern-2012\\\/#article\",\"isPartOf\":{\"@id\":\"https:\\\/\\\/www.qwien.at\\\/en\\\/qwien-studies\\\/gewalt-unter-schwulen-maennern-2012\\\/\"},\"author\":{\"name\":\"Jakub Oksa\",\"@id\":\"https:\\\/\\\/www.qwien.at\\\/en\\\/#\\\/schema\\\/person\\\/787f2c5d587dc7699e4d93cef611dc86\"},\"headline\":\"Gewalt unter schwulen M\u00e4nnern (2012)\",\"datePublished\":\"2025-08-13T14:26:16+00:00\",\"mainEntityOfPage\":{\"@id\":\"https:\\\/\\\/www.qwien.at\\\/en\\\/qwien-studies\\\/gewalt-unter-schwulen-maennern-2012\\\/\"},\"wordCount\":140,\"publisher\":{\"@id\":\"https:\\\/\\\/www.qwien.at\\\/en\\\/#organization\"},\"articleSection\":[\"Studies\",\"Webarchiv\"],\"inLanguage\":\"en-US\"},{\"@type\":\"WebPage\",\"@id\":\"https:\\\/\\\/www.qwien.at\\\/en\\\/qwien-studies\\\/gewalt-unter-schwulen-maennern-2012\\\/\",\"url\":\"https:\\\/\\\/www.qwien.at\\\/en\\\/qwien-studies\\\/gewalt-unter-schwulen-maennern-2012\\\/\",\"name\":\"Gewalt unter schwulen M\u00e4nnern (2012) - Blog - Qwien - Zentrum f\u00fcr queere Geschichte\",\"isPartOf\":{\"@id\":\"https:\\\/\\\/www.qwien.at\\\/en\\\/#website\"},\"datePublished\":\"2025-08-13T14:26:16+00:00\",\"breadcrumb\":{\"@id\":\"https:\\\/\\\/www.qwien.at\\\/en\\\/qwien-studies\\\/gewalt-unter-schwulen-maennern-2012\\\/#breadcrumb\"},\"inLanguage\":\"en-US\",\"potentialAction\":[{\"@type\":\"ReadAction\",\"target\":[\"https:\\\/\\\/www.qwien.at\\\/en\\\/qwien-studies\\\/gewalt-unter-schwulen-maennern-2012\\\/\"]}]},{\"@type\":\"BreadcrumbList\",\"@id\":\"https:\\\/\\\/www.qwien.at\\\/en\\\/qwien-studies\\\/gewalt-unter-schwulen-maennern-2012\\\/#breadcrumb\",\"itemListElement\":[{\"@type\":\"ListItem\",\"position\":1,\"name\":\"Startseite\",\"item\":\"https:\\\/\\\/www.qwien.at\\\/en\\\/\"},{\"@type\":\"ListItem\",\"position\":2,\"name\":\"Gewalt unter schwulen M\u00e4nnern (2012)\"}]},{\"@type\":\"WebSite\",\"@id\":\"https:\\\/\\\/www.qwien.at\\\/en\\\/#website\",\"url\":\"https:\\\/\\\/www.qwien.at\\\/en\\\/\",\"name\":\"Qwien - Zentrum f\u00fcr queere Geschichte\",\"description\":\"\",\"publisher\":{\"@id\":\"https:\\\/\\\/www.qwien.at\\\/en\\\/#organization\"},\"potentialAction\":[{\"@type\":\"SearchAction\",\"target\":{\"@type\":\"EntryPoint\",\"urlTemplate\":\"https:\\\/\\\/www.qwien.at\\\/en\\\/?s={search_term_string}\"},\"query-input\":{\"@type\":\"PropertyValueSpecification\",\"valueRequired\":true,\"valueName\":\"search_term_string\"}}],\"inLanguage\":\"en-US\"},{\"@type\":\"Organization\",\"@id\":\"https:\\\/\\\/www.qwien.at\\\/en\\\/#organization\",\"name\":\"Qwien\",\"url\":\"https:\\\/\\\/www.qwien.at\\\/en\\\/\",\"logo\":{\"@type\":\"ImageObject\",\"inLanguage\":\"en-US\",\"@id\":\"https:\\\/\\\/www.qwien.at\\\/en\\\/#\\\/schema\\\/logo\\\/image\\\/\",\"url\":\"https:\\\/\\\/www.qwien.at\\\/wp-content\\\/uploads\\\/2025\\\/06\\\/seo-yoast-2.png\",\"contentUrl\":\"https:\\\/\\\/www.qwien.at\\\/wp-content\\\/uploads\\\/2025\\\/06\\\/seo-yoast-2.png\",\"width\":697,\"height\":697,\"caption\":\"Qwien\"},\"image\":{\"@id\":\"https:\\\/\\\/www.qwien.at\\\/en\\\/#\\\/schema\\\/logo\\\/image\\\/\"},\"sameAs\":[\"https:\\\/\\\/www.instagram.com\\\/qwien.zentrum\\\/\"]},{\"@type\":\"Person\",\"@id\":\"https:\\\/\\\/www.qwien.at\\\/en\\\/#\\\/schema\\\/person\\\/787f2c5d587dc7699e4d93cef611dc86\",\"name\":\"Jakub Oksa\"}]}<\/script>\n<!-- \/ Yoast SEO plugin. -->","yoast_head_json":{"title":"Gewalt unter schwulen M\u00e4nnern (2012) - Blog - Qwien - Zentrum f\u00fcr queere Geschichte","robots":{"index":"index","follow":"follow","max-snippet":"max-snippet:-1","max-image-preview":"max-image-preview:large","max-video-preview":"max-video-preview:-1"},"canonical":"https:\/\/www.qwien.at\/en\/qwien-studies\/gewalt-unter-schwulen-maennern-2012\/","og_locale":"en_US","og_type":"article","og_title":"Gewalt unter schwulen M\u00e4nnern (2012) - Blog - Qwien - Zentrum f\u00fcr queere Geschichte","og_description":"[vc_row][vc_column][vc_column_text]Die\u00a0Queeren Stadtgespr\u00e4che\u00a0der Wiener Antidiskriminierungsstelle f\u00fcr gleichgeschlechtliche Lebensweisen stehen im Jahr 2011\/12 unter dem Generalthema Gewalt. Nach der Pr\u00e4sentation einer Brosch\u00fcre zu\u00a0Gewalt in lesbischen Beziehungen, wurde deutlich, dass es keine vergleichbaren Projekte zu Gewalt unter schwulen M\u00e4nnern gibt. Kulturhistorische Studien zu Gewalt unter homosexuellen M\u00e4nnern in der Antike sowie aktuelle Pr\u00e4ventionsprojekte wurden dabei ebenso analysiert wie [&hellip;]","og_url":"https:\/\/www.qwien.at\/en\/qwien-studies\/gewalt-unter-schwulen-maennern-2012\/","og_site_name":"Qwien - Zentrum f\u00fcr queere Geschichte","article_published_time":"2025-08-13T14:26:16+00:00","og_image":[{"width":1921,"height":1081,"url":"https:\/\/www.qwien.at\/wp-content\/uploads\/2025\/06\/seo-yoast-1.png","type":"image\/png"}],"author":"Jakub Oksa","twitter_card":"summary_large_image","twitter_misc":{"Written by":"Jakub Oksa","Est. reading time":"1 minute"},"schema":{"@context":"https:\/\/schema.org","@graph":[{"@type":["Article","BlogPosting"],"@id":"https:\/\/www.qwien.at\/en\/qwien-studies\/gewalt-unter-schwulen-maennern-2012\/#article","isPartOf":{"@id":"https:\/\/www.qwien.at\/en\/qwien-studies\/gewalt-unter-schwulen-maennern-2012\/"},"author":{"name":"Jakub Oksa","@id":"https:\/\/www.qwien.at\/en\/#\/schema\/person\/787f2c5d587dc7699e4d93cef611dc86"},"headline":"Gewalt unter schwulen M\u00e4nnern (2012)","datePublished":"2025-08-13T14:26:16+00:00","mainEntityOfPage":{"@id":"https:\/\/www.qwien.at\/en\/qwien-studies\/gewalt-unter-schwulen-maennern-2012\/"},"wordCount":140,"publisher":{"@id":"https:\/\/www.qwien.at\/en\/#organization"},"articleSection":["Studies","Webarchiv"],"inLanguage":"en-US"},{"@type":"WebPage","@id":"https:\/\/www.qwien.at\/en\/qwien-studies\/gewalt-unter-schwulen-maennern-2012\/","url":"https:\/\/www.qwien.at\/en\/qwien-studies\/gewalt-unter-schwulen-maennern-2012\/","name":"Gewalt unter schwulen M\u00e4nnern (2012) - Blog - Qwien - Zentrum f\u00fcr queere Geschichte","isPartOf":{"@id":"https:\/\/www.qwien.at\/en\/#website"},"datePublished":"2025-08-13T14:26:16+00:00","breadcrumb":{"@id":"https:\/\/www.qwien.at\/en\/qwien-studies\/gewalt-unter-schwulen-maennern-2012\/#breadcrumb"},"inLanguage":"en-US","potentialAction":[{"@type":"ReadAction","target":["https:\/\/www.qwien.at\/en\/qwien-studies\/gewalt-unter-schwulen-maennern-2012\/"]}]},{"@type":"BreadcrumbList","@id":"https:\/\/www.qwien.at\/en\/qwien-studies\/gewalt-unter-schwulen-maennern-2012\/#breadcrumb","itemListElement":[{"@type":"ListItem","position":1,"name":"Startseite","item":"https:\/\/www.qwien.at\/en\/"},{"@type":"ListItem","position":2,"name":"Gewalt unter schwulen M\u00e4nnern (2012)"}]},{"@type":"WebSite","@id":"https:\/\/www.qwien.at\/en\/#website","url":"https:\/\/www.qwien.at\/en\/","name":"Qwien - Zentrum f\u00fcr queere Geschichte","description":"","publisher":{"@id":"https:\/\/www.qwien.at\/en\/#organization"},"potentialAction":[{"@type":"SearchAction","target":{"@type":"EntryPoint","urlTemplate":"https:\/\/www.qwien.at\/en\/?s={search_term_string}"},"query-input":{"@type":"PropertyValueSpecification","valueRequired":true,"valueName":"search_term_string"}}],"inLanguage":"en-US"},{"@type":"Organization","@id":"https:\/\/www.qwien.at\/en\/#organization","name":"Qwien","url":"https:\/\/www.qwien.at\/en\/","logo":{"@type":"ImageObject","inLanguage":"en-US","@id":"https:\/\/www.qwien.at\/en\/#\/schema\/logo\/image\/","url":"https:\/\/www.qwien.at\/wp-content\/uploads\/2025\/06\/seo-yoast-2.png","contentUrl":"https:\/\/www.qwien.at\/wp-content\/uploads\/2025\/06\/seo-yoast-2.png","width":697,"height":697,"caption":"Qwien"},"image":{"@id":"https:\/\/www.qwien.at\/en\/#\/schema\/logo\/image\/"},"sameAs":["https:\/\/www.instagram.com\/qwien.zentrum\/"]},{"@type":"Person","@id":"https:\/\/www.qwien.at\/en\/#\/schema\/person\/787f2c5d587dc7699e4d93cef611dc86","name":"Jakub Oksa"}]}},"_links":{"self":[{"href":"https:\/\/www.qwien.at\/en\/wp-json\/wp\/v2\/posts\/10908","targetHints":{"allow":["GET"]}}],"collection":[{"href":"https:\/\/www.qwien.at\/en\/wp-json\/wp\/v2\/posts"}],"about":[{"href":"https:\/\/www.qwien.at\/en\/wp-json\/wp\/v2\/types\/post"}],"author":[{"embeddable":true,"href":"https:\/\/www.qwien.at\/en\/wp-json\/wp\/v2\/users\/11"}],"replies":[{"embeddable":true,"href":"https:\/\/www.qwien.at\/en\/wp-json\/wp\/v2\/comments?post=10908"}],"version-history":[{"count":0,"href":"https:\/\/www.qwien.at\/en\/wp-json\/wp\/v2\/posts\/10908\/revisions"}],"wp:attachment":[{"href":"https:\/\/www.qwien.at\/en\/wp-json\/wp\/v2\/media?parent=10908"}],"wp:term":[{"taxonomy":"category","embeddable":true,"href":"https:\/\/www.qwien.at\/en\/wp-json\/wp\/v2\/categories?post=10908"},{"taxonomy":"post_tag","embeddable":true,"href":"https:\/\/www.qwien.at\/en\/wp-json\/wp\/v2\/tags?post=10908"}],"curies":[{"name":"wp","href":"https:\/\/api.w.org\/{rel}","templated":true}]}}