{"id":10911,"date":"2025-07-15T21:37:18","date_gmt":"2025-07-15T19:37:18","guid":{"rendered":"https:\/\/www.qwien.at\/nicht-kategorisiert\/neue-geschichte-der-queeren-community\/"},"modified":"2025-07-15T21:37:18","modified_gmt":"2025-07-15T19:37:18","slug":"neue-geschichte-der-queeren-community","status":"publish","type":"post","link":"https:\/\/www.qwien.at\/en\/qwien-books\/neue-geschichte-der-queeren-community\/","title":{"rendered":"Neue Geschichte der queeren Community"},"content":{"rendered":"\n<p><strong>In \u201eLGBTIQ* Communities. Lebenswelten und Diskurse seit 1970\u201c bietet Lukas Spenlingwimmer einen \u00dcberblick zu LGTIQ* Gemeinschaften seit den 1970er Jahren und ihre Entwicklung bis heute. Dabei bezieht er sich vor allem auf den \u00f6sterreichischen Raum<em>. Eine Lekt\u00fcreempfehlung von Tara Prochaska<\/em><\/strong><\/p>\n\n\n\n<p>Obwohl ein klarer Fokus auf LGBTIQ* Erfahrungen liegt, werden diese in Anbetracht ihres historischen, sozialen und politischen Kontexts analysiert. Durch umfangreiche Diskursanalysen wird eine gro\u00dfe Bandbreite an Faktoren, welche LGBTIQ* Lebensrealit\u00e4ten beeinflussten, beleuchtet. Die historischen Prozesse hinter sich konstant wandelnden gesellschaftlichen Haltungen gegen\u00fcber Homosexualit\u00e4t sowie trans* und inter* Personen sind hierf\u00fcr ma\u00dfgebend und werden im ersten Kapitel des Buches diskutiert.<br>Im darauffolgenden Kapitel setzt sich Spenlingwimmer mit gesetzlichen Umst\u00e4nden auseinander. Von der Verfolgung homosexueller Menschen im Nationalsozialismus bis zur Anerkennung dieser als NS Opfer und bis zur Strafrechtsreform 1971, welche Homosexualit\u00e4t unter Erwachsenen entkriminalisierte, werden rechtliche Rahmenbedingungen erl\u00e4utert. <\/p>\n\n\n\n<p>Neue diskriminierende Gesetze und weitere Hindernisse in der \u00f6sterreichischen Gesellschaft nach 1971 erschwerte die Bildung neuer LGBTIQ* Vereine zun\u00e4chst. Dennoch war die im internationalen Vergleich etwas versp\u00e4tete Bildung dieser Gruppierungen relevant und pr\u00e4gend f\u00fcr noch heute bestehende Organisationen. Im dritten Kapitel steht die Entstehung und Entwicklung dieser im Vordergrund, es besch\u00e4ftigt sich sowohl mit den allerersten LGBTIQ* Vereinen als auch j\u00fcngeren Gr\u00fcndungen, um die vielen Facetten der Bewegung zu veranschaulichen. An Seiten von Organisationen wie der Homosexuellen Initiativen \u00d6sterreichs (HOSIs), der Rosa Lila Villa (heute T\u00fcrkis Rosa Lila Villa) oder dem Rechtskomitee Lambda widmet sich auch ein Unterkapitel QWIEN. Zudem werden erk\u00e4mpfte Gesetzes\u00e4nderungen wie die eingetragene Partnerschaft und die \u201eEhe f\u00fcr alle\u201c behandelt.<br>\u00c4hnlich zum ersten Teil des Buches setzt sich das vierte Kapitel mit grundlegenden Ver\u00e4nderungen und Diskursen auseinander, welche eine Entwicklung zu einer diversit\u00e4tsakzeptierenden Gesellschaft beeinflussten. Eine zentrale Frage hierbei ist, inwiefern nicht-heteronormative Lebensformen tats\u00e4chlich als akzeptiert bezeichnet werden k\u00f6nnen.<\/p>\n\n\n\n<p>Abschlie\u00dfend r\u00fccken individuelle LGBTIQ* Erfahrungen in den Vordergrund. Spenlingwimmer erkennt die Problematik einer quantitativen Arbeit ihn Bezug auf seinen Arbeitsbereich an und setzt auf qualitative Forschung in Form von Erfahrungsberichten. Fragestellungen wie das Coming Out oder Geschlechtsidentit\u00e4ten werden mithilfe von Aussagen verschiedener LGBTIQ* Personen diskutiert. Der Arbeit wird dadurch eine realit\u00e4tsnahe Dimension verliehen, welche Alltagserfahrungen und Herausforderungen hervorhebt. Durch das Zusammenspiel eines breiten Quellenkorpus\u2018 mit individuellen Erfahrungen beschreibt Spenlingwimmer die vielf\u00e4ltige Geschichte der LGBTIQ*Communities. Au\u00dferdem erl\u00e4utert Spenlingwimmer zu Beginn der Arbeit die zentralen Begriffe der Thematik und tr\u00e4gt damit zur Verst\u00e4ndlichkeit seiner Forschung unabh\u00e4ngig vom Wissensstand des*der Leser*in bei. Dadurch eignet sich das Buch als exzellente Einf\u00fchrung und \u00dcberblickswerk f\u00fcr queere Bewegungen und Erfahrungen im deutschsprachigen Raum.&#8221;<\/p>\n\n\n\n<p><em>Lukas Spenlingwimmer: LGBTIQ* Communities. Lebenswelten und Diskurse seit 1970. Berlin u.a.: Peter Lang 2024<\/em><\/p>\n","protected":false},"excerpt":{"rendered":"<p>In \u201eLGBTIQ* Communities. Lebenswelten und Diskurse seit 1970\u201c bietet Lukas Spenlingwimmer einen \u00dcberblick zu LGTIQ* Gemeinschaften seit den 1970er Jahren und ihre Entwicklung bis heute. Dabei bezieht er sich vor allem auf den \u00f6sterreichischen Raum. Eine Lekt\u00fcreempfehlung von Tara Prochaska Obwohl ein klarer Fokus auf LGBTIQ* Erfahrungen liegt, werden diese in Anbetracht ihres historischen, sozialen [&hellip;]<\/p>\n","protected":false},"author":4,"featured_media":10017,"comment_status":"closed","ping_status":"open","sticky":false,"template":"","format":"standard","meta":{"_acf_changed":false,"footnotes":""},"categories":[267,271],"tags":[302,303,304],"class_list":["post-10911","post","type-post","status-publish","format-standard","has-post-thumbnail","hentry","category-qwien-books","category-literature-archive","tag-community","tag-geschichte","tag-rezension","grve-entry-item","grve-blog-item"],"acf":[],"yoast_head":"<!-- This site is optimized with the Yoast SEO plugin v27.5 - https:\/\/yoast.com\/product\/yoast-seo-wordpress\/ -->\n<title>Neue Geschichte der queeren Community - Blog - Qwien - Zentrum f\u00fcr queere Geschichte<\/title>\n<meta name=\"robots\" content=\"index, follow, max-snippet:-1, max-image-preview:large, max-video-preview:-1\" \/>\n<link rel=\"canonical\" href=\"https:\/\/www.qwien.at\/en\/qwien-books\/neue-geschichte-der-queeren-community\/\" \/>\n<meta property=\"og:locale\" content=\"en_US\" \/>\n<meta property=\"og:type\" content=\"article\" \/>\n<meta property=\"og:title\" content=\"Neue Geschichte der queeren Community - Blog - Qwien - Zentrum f\u00fcr queere Geschichte\" \/>\n<meta property=\"og:description\" content=\"In \u201eLGBTIQ* Communities. Lebenswelten und Diskurse seit 1970\u201c bietet Lukas Spenlingwimmer einen \u00dcberblick zu LGTIQ* Gemeinschaften seit den 1970er Jahren und ihre Entwicklung bis heute. Dabei bezieht er sich vor allem auf den \u00f6sterreichischen Raum. Eine Lekt\u00fcreempfehlung von Tara Prochaska Obwohl ein klarer Fokus auf LGBTIQ* Erfahrungen liegt, werden diese in Anbetracht ihres historischen, sozialen [&hellip;]\" \/>\n<meta property=\"og:url\" content=\"https:\/\/www.qwien.at\/en\/qwien-books\/neue-geschichte-der-queeren-community\/\" \/>\n<meta property=\"og:site_name\" content=\"Qwien - Zentrum f\u00fcr queere Geschichte\" \/>\n<meta property=\"article:published_time\" content=\"2025-07-15T19:37:18+00:00\" \/>\n<meta property=\"og:image\" content=\"https:\/\/www.qwien.at\/wp-content\/uploads\/2025\/06\/seo-yoast-1.png\" \/>\n\t<meta property=\"og:image:width\" content=\"1921\" \/>\n\t<meta property=\"og:image:height\" content=\"1081\" \/>\n\t<meta property=\"og:image:type\" content=\"image\/png\" \/>\n<meta name=\"author\" content=\"Andreas Brunner\" \/>\n<meta name=\"twitter:card\" content=\"summary_large_image\" \/>\n<meta name=\"twitter:label1\" content=\"Written by\" \/>\n\t<meta name=\"twitter:data1\" content=\"Andreas Brunner\" \/>\n\t<meta name=\"twitter:label2\" content=\"Est. reading time\" \/>\n\t<meta name=\"twitter:data2\" content=\"2 minutes\" \/>\n<script type=\"application\/ld+json\" class=\"yoast-schema-graph\">{\"@context\":\"https:\\\/\\\/schema.org\",\"@graph\":[{\"@type\":[\"Article\",\"BlogPosting\"],\"@id\":\"https:\\\/\\\/www.qwien.at\\\/en\\\/qwien-books\\\/neue-geschichte-der-queeren-community\\\/#article\",\"isPartOf\":{\"@id\":\"https:\\\/\\\/www.qwien.at\\\/en\\\/qwien-books\\\/neue-geschichte-der-queeren-community\\\/\"},\"author\":{\"name\":\"Andreas Brunner\",\"@id\":\"https:\\\/\\\/www.qwien.at\\\/en\\\/#\\\/schema\\\/person\\\/d3fe9114b43d8e5a558a6d20ca3e2920\"},\"headline\":\"Neue Geschichte der queeren Community\",\"datePublished\":\"2025-07-15T19:37:18+00:00\",\"mainEntityOfPage\":{\"@id\":\"https:\\\/\\\/www.qwien.at\\\/en\\\/qwien-books\\\/neue-geschichte-der-queeren-community\\\/\"},\"wordCount\":462,\"publisher\":{\"@id\":\"https:\\\/\\\/www.qwien.at\\\/en\\\/#organization\"},\"image\":{\"@id\":\"https:\\\/\\\/www.qwien.at\\\/en\\\/qwien-books\\\/neue-geschichte-der-queeren-community\\\/#primaryimage\"},\"thumbnailUrl\":\"https:\\\/\\\/www.qwien.at\\\/wp-content\\\/uploads\\\/2024\\\/11\\\/20241105153309505_0001-e1730826852964.jpg\",\"keywords\":[\"Community\",\"Geschichte\",\"Rezension\"],\"articleSection\":[\"Books\",\"Literature archive\"],\"inLanguage\":\"en-US\"},{\"@type\":\"WebPage\",\"@id\":\"https:\\\/\\\/www.qwien.at\\\/en\\\/qwien-books\\\/neue-geschichte-der-queeren-community\\\/\",\"url\":\"https:\\\/\\\/www.qwien.at\\\/en\\\/qwien-books\\\/neue-geschichte-der-queeren-community\\\/\",\"name\":\"Neue Geschichte der queeren Community - Blog - Qwien - Zentrum f\u00fcr queere Geschichte\",\"isPartOf\":{\"@id\":\"https:\\\/\\\/www.qwien.at\\\/en\\\/#website\"},\"primaryImageOfPage\":{\"@id\":\"https:\\\/\\\/www.qwien.at\\\/en\\\/qwien-books\\\/neue-geschichte-der-queeren-community\\\/#primaryimage\"},\"image\":{\"@id\":\"https:\\\/\\\/www.qwien.at\\\/en\\\/qwien-books\\\/neue-geschichte-der-queeren-community\\\/#primaryimage\"},\"thumbnailUrl\":\"https:\\\/\\\/www.qwien.at\\\/wp-content\\\/uploads\\\/2024\\\/11\\\/20241105153309505_0001-e1730826852964.jpg\",\"datePublished\":\"2025-07-15T19:37:18+00:00\",\"breadcrumb\":{\"@id\":\"https:\\\/\\\/www.qwien.at\\\/en\\\/qwien-books\\\/neue-geschichte-der-queeren-community\\\/#breadcrumb\"},\"inLanguage\":\"en-US\",\"potentialAction\":[{\"@type\":\"ReadAction\",\"target\":[\"https:\\\/\\\/www.qwien.at\\\/en\\\/qwien-books\\\/neue-geschichte-der-queeren-community\\\/\"]}]},{\"@type\":\"ImageObject\",\"inLanguage\":\"en-US\",\"@id\":\"https:\\\/\\\/www.qwien.at\\\/en\\\/qwien-books\\\/neue-geschichte-der-queeren-community\\\/#primaryimage\",\"url\":\"https:\\\/\\\/www.qwien.at\\\/wp-content\\\/uploads\\\/2024\\\/11\\\/20241105153309505_0001-e1730826852964.jpg\",\"contentUrl\":\"https:\\\/\\\/www.qwien.at\\\/wp-content\\\/uploads\\\/2024\\\/11\\\/20241105153309505_0001-e1730826852964.jpg\",\"width\":1748,\"height\":2480},{\"@type\":\"BreadcrumbList\",\"@id\":\"https:\\\/\\\/www.qwien.at\\\/en\\\/qwien-books\\\/neue-geschichte-der-queeren-community\\\/#breadcrumb\",\"itemListElement\":[{\"@type\":\"ListItem\",\"position\":1,\"name\":\"Startseite\",\"item\":\"https:\\\/\\\/www.qwien.at\\\/en\\\/\"},{\"@type\":\"ListItem\",\"position\":2,\"name\":\"Neue Geschichte der queeren Community\"}]},{\"@type\":\"WebSite\",\"@id\":\"https:\\\/\\\/www.qwien.at\\\/en\\\/#website\",\"url\":\"https:\\\/\\\/www.qwien.at\\\/en\\\/\",\"name\":\"Qwien - Zentrum f\u00fcr queere Geschichte\",\"description\":\"\",\"publisher\":{\"@id\":\"https:\\\/\\\/www.qwien.at\\\/en\\\/#organization\"},\"potentialAction\":[{\"@type\":\"SearchAction\",\"target\":{\"@type\":\"EntryPoint\",\"urlTemplate\":\"https:\\\/\\\/www.qwien.at\\\/en\\\/?s={search_term_string}\"},\"query-input\":{\"@type\":\"PropertyValueSpecification\",\"valueRequired\":true,\"valueName\":\"search_term_string\"}}],\"inLanguage\":\"en-US\"},{\"@type\":\"Organization\",\"@id\":\"https:\\\/\\\/www.qwien.at\\\/en\\\/#organization\",\"name\":\"Qwien\",\"url\":\"https:\\\/\\\/www.qwien.at\\\/en\\\/\",\"logo\":{\"@type\":\"ImageObject\",\"inLanguage\":\"en-US\",\"@id\":\"https:\\\/\\\/www.qwien.at\\\/en\\\/#\\\/schema\\\/logo\\\/image\\\/\",\"url\":\"https:\\\/\\\/www.qwien.at\\\/wp-content\\\/uploads\\\/2025\\\/06\\\/seo-yoast-2.png\",\"contentUrl\":\"https:\\\/\\\/www.qwien.at\\\/wp-content\\\/uploads\\\/2025\\\/06\\\/seo-yoast-2.png\",\"width\":697,\"height\":697,\"caption\":\"Qwien\"},\"image\":{\"@id\":\"https:\\\/\\\/www.qwien.at\\\/en\\\/#\\\/schema\\\/logo\\\/image\\\/\"},\"sameAs\":[\"https:\\\/\\\/www.instagram.com\\\/qwien.zentrum\\\/\"]},{\"@type\":\"Person\",\"@id\":\"https:\\\/\\\/www.qwien.at\\\/en\\\/#\\\/schema\\\/person\\\/d3fe9114b43d8e5a558a6d20ca3e2920\",\"name\":\"Andreas Brunner\"}]}<\/script>\n<!-- \/ Yoast SEO plugin. -->","yoast_head_json":{"title":"Neue Geschichte der queeren Community - Blog - Qwien - Zentrum f\u00fcr queere Geschichte","robots":{"index":"index","follow":"follow","max-snippet":"max-snippet:-1","max-image-preview":"max-image-preview:large","max-video-preview":"max-video-preview:-1"},"canonical":"https:\/\/www.qwien.at\/en\/qwien-books\/neue-geschichte-der-queeren-community\/","og_locale":"en_US","og_type":"article","og_title":"Neue Geschichte der queeren Community - Blog - Qwien - Zentrum f\u00fcr queere Geschichte","og_description":"In \u201eLGBTIQ* Communities. Lebenswelten und Diskurse seit 1970\u201c bietet Lukas Spenlingwimmer einen \u00dcberblick zu LGTIQ* Gemeinschaften seit den 1970er Jahren und ihre Entwicklung bis heute. Dabei bezieht er sich vor allem auf den \u00f6sterreichischen Raum. Eine Lekt\u00fcreempfehlung von Tara Prochaska Obwohl ein klarer Fokus auf LGBTIQ* Erfahrungen liegt, werden diese in Anbetracht ihres historischen, sozialen [&hellip;]","og_url":"https:\/\/www.qwien.at\/en\/qwien-books\/neue-geschichte-der-queeren-community\/","og_site_name":"Qwien - Zentrum f\u00fcr queere Geschichte","article_published_time":"2025-07-15T19:37:18+00:00","og_image":[{"width":1921,"height":1081,"url":"https:\/\/www.qwien.at\/wp-content\/uploads\/2025\/06\/seo-yoast-1.png","type":"image\/png"}],"author":"Andreas Brunner","twitter_card":"summary_large_image","twitter_misc":{"Written by":"Andreas Brunner","Est. reading time":"2 minutes"},"schema":{"@context":"https:\/\/schema.org","@graph":[{"@type":["Article","BlogPosting"],"@id":"https:\/\/www.qwien.at\/en\/qwien-books\/neue-geschichte-der-queeren-community\/#article","isPartOf":{"@id":"https:\/\/www.qwien.at\/en\/qwien-books\/neue-geschichte-der-queeren-community\/"},"author":{"name":"Andreas Brunner","@id":"https:\/\/www.qwien.at\/en\/#\/schema\/person\/d3fe9114b43d8e5a558a6d20ca3e2920"},"headline":"Neue Geschichte der queeren Community","datePublished":"2025-07-15T19:37:18+00:00","mainEntityOfPage":{"@id":"https:\/\/www.qwien.at\/en\/qwien-books\/neue-geschichte-der-queeren-community\/"},"wordCount":462,"publisher":{"@id":"https:\/\/www.qwien.at\/en\/#organization"},"image":{"@id":"https:\/\/www.qwien.at\/en\/qwien-books\/neue-geschichte-der-queeren-community\/#primaryimage"},"thumbnailUrl":"https:\/\/www.qwien.at\/wp-content\/uploads\/2024\/11\/20241105153309505_0001-e1730826852964.jpg","keywords":["Community","Geschichte","Rezension"],"articleSection":["Books","Literature archive"],"inLanguage":"en-US"},{"@type":"WebPage","@id":"https:\/\/www.qwien.at\/en\/qwien-books\/neue-geschichte-der-queeren-community\/","url":"https:\/\/www.qwien.at\/en\/qwien-books\/neue-geschichte-der-queeren-community\/","name":"Neue Geschichte der queeren Community - Blog - Qwien - Zentrum f\u00fcr queere Geschichte","isPartOf":{"@id":"https:\/\/www.qwien.at\/en\/#website"},"primaryImageOfPage":{"@id":"https:\/\/www.qwien.at\/en\/qwien-books\/neue-geschichte-der-queeren-community\/#primaryimage"},"image":{"@id":"https:\/\/www.qwien.at\/en\/qwien-books\/neue-geschichte-der-queeren-community\/#primaryimage"},"thumbnailUrl":"https:\/\/www.qwien.at\/wp-content\/uploads\/2024\/11\/20241105153309505_0001-e1730826852964.jpg","datePublished":"2025-07-15T19:37:18+00:00","breadcrumb":{"@id":"https:\/\/www.qwien.at\/en\/qwien-books\/neue-geschichte-der-queeren-community\/#breadcrumb"},"inLanguage":"en-US","potentialAction":[{"@type":"ReadAction","target":["https:\/\/www.qwien.at\/en\/qwien-books\/neue-geschichte-der-queeren-community\/"]}]},{"@type":"ImageObject","inLanguage":"en-US","@id":"https:\/\/www.qwien.at\/en\/qwien-books\/neue-geschichte-der-queeren-community\/#primaryimage","url":"https:\/\/www.qwien.at\/wp-content\/uploads\/2024\/11\/20241105153309505_0001-e1730826852964.jpg","contentUrl":"https:\/\/www.qwien.at\/wp-content\/uploads\/2024\/11\/20241105153309505_0001-e1730826852964.jpg","width":1748,"height":2480},{"@type":"BreadcrumbList","@id":"https:\/\/www.qwien.at\/en\/qwien-books\/neue-geschichte-der-queeren-community\/#breadcrumb","itemListElement":[{"@type":"ListItem","position":1,"name":"Startseite","item":"https:\/\/www.qwien.at\/en\/"},{"@type":"ListItem","position":2,"name":"Neue Geschichte der queeren Community"}]},{"@type":"WebSite","@id":"https:\/\/www.qwien.at\/en\/#website","url":"https:\/\/www.qwien.at\/en\/","name":"Qwien - Zentrum f\u00fcr queere Geschichte","description":"","publisher":{"@id":"https:\/\/www.qwien.at\/en\/#organization"},"potentialAction":[{"@type":"SearchAction","target":{"@type":"EntryPoint","urlTemplate":"https:\/\/www.qwien.at\/en\/?s={search_term_string}"},"query-input":{"@type":"PropertyValueSpecification","valueRequired":true,"valueName":"search_term_string"}}],"inLanguage":"en-US"},{"@type":"Organization","@id":"https:\/\/www.qwien.at\/en\/#organization","name":"Qwien","url":"https:\/\/www.qwien.at\/en\/","logo":{"@type":"ImageObject","inLanguage":"en-US","@id":"https:\/\/www.qwien.at\/en\/#\/schema\/logo\/image\/","url":"https:\/\/www.qwien.at\/wp-content\/uploads\/2025\/06\/seo-yoast-2.png","contentUrl":"https:\/\/www.qwien.at\/wp-content\/uploads\/2025\/06\/seo-yoast-2.png","width":697,"height":697,"caption":"Qwien"},"image":{"@id":"https:\/\/www.qwien.at\/en\/#\/schema\/logo\/image\/"},"sameAs":["https:\/\/www.instagram.com\/qwien.zentrum\/"]},{"@type":"Person","@id":"https:\/\/www.qwien.at\/en\/#\/schema\/person\/d3fe9114b43d8e5a558a6d20ca3e2920","name":"Andreas Brunner"}]}},"_links":{"self":[{"href":"https:\/\/www.qwien.at\/en\/wp-json\/wp\/v2\/posts\/10911","targetHints":{"allow":["GET"]}}],"collection":[{"href":"https:\/\/www.qwien.at\/en\/wp-json\/wp\/v2\/posts"}],"about":[{"href":"https:\/\/www.qwien.at\/en\/wp-json\/wp\/v2\/types\/post"}],"author":[{"embeddable":true,"href":"https:\/\/www.qwien.at\/en\/wp-json\/wp\/v2\/users\/4"}],"replies":[{"embeddable":true,"href":"https:\/\/www.qwien.at\/en\/wp-json\/wp\/v2\/comments?post=10911"}],"version-history":[{"count":0,"href":"https:\/\/www.qwien.at\/en\/wp-json\/wp\/v2\/posts\/10911\/revisions"}],"wp:featuredmedia":[{"embeddable":true,"href":"https:\/\/www.qwien.at\/en\/wp-json\/wp\/v2\/media\/10017"}],"wp:attachment":[{"href":"https:\/\/www.qwien.at\/en\/wp-json\/wp\/v2\/media?parent=10911"}],"wp:term":[{"taxonomy":"category","embeddable":true,"href":"https:\/\/www.qwien.at\/en\/wp-json\/wp\/v2\/categories?post=10911"},{"taxonomy":"post_tag","embeddable":true,"href":"https:\/\/www.qwien.at\/en\/wp-json\/wp\/v2\/tags?post=10911"}],"curies":[{"name":"wp","href":"https:\/\/api.w.org\/{rel}","templated":true}]}}