{"id":10912,"date":"2025-07-15T21:37:18","date_gmt":"2025-07-15T19:37:18","guid":{"rendered":"https:\/\/www.qwien.at\/nicht-kategorisiert\/qwien-bibliothek-wieder-geoeffnet\/"},"modified":"2025-07-15T21:37:18","modified_gmt":"2025-07-15T19:37:18","slug":"qwien-bibliothek-wieder-geoeffnet","status":"publish","type":"post","link":"https:\/\/www.qwien.at\/en\/webarchive\/qwien-bibliothek-wieder-geoeffnet\/","title":{"rendered":"Qwien Bibliothek wieder ge\u00f6ffnet"},"content":{"rendered":"\n<p>Inzwischen sind wir mit der \u00dcbersiedlung so weit, dass die Qwien Bibliothek wieder regul\u00e4r zug\u00e4nglich ist. Man muss nicht vorbestellen, kann aber in unserem <strong>Online-Katalog<\/strong> <a href=\"http:\/\/katalog.qwien.at\">katalog.qwien.at<\/a> einen ersten \u00dcberblick \u00fcber unsere Best\u00e4nde bekommen. Oder die B\u00fccher und Zeitschriften im Katalog vor Ort suchen. Sie werden sofort ausgehoben. <\/p>\n\n\n\n<p>F\u00fcr Archivmaterial, das noch nicht in unserem System erfasst ist, brauchen wir etwas Zeit und ersuchen daher um Vorabinfo per Email <a href=\"archiv@qwien.at\">archiv@qwien.at <\/a><\/p>\n\n\n\n<p>Die Qwien Bibliothek hat mit der Neuer\u00f6ffnung allerdings neue <strong>\u00d6ffnungszeiten: Dienstag bis Freitag 10.00 bis 18.00 Uhr.<\/strong><\/p>\n\n\n\n<p><strong>Achtung: <\/strong>Im Eingangsbereich von Qwien in 5., Ramperstorffergasse 39, gibt es noch ein Baustelle. Entweder durch das Eingangstor oder die Garage in den Hof gehen und dann im Stiegenhaus links neben dem Lastenaufzug bis in den 1. Stock gehen. <\/p>\n","protected":false},"excerpt":{"rendered":"<p>Inzwischen sind wir mit der \u00dcbersiedlung so weit, dass die Qwien Bibliothek wieder regul\u00e4r zug\u00e4nglich ist. Man muss nicht vorbestellen, kann aber in unserem Online-Katalog katalog.qwien.at einen ersten \u00dcberblick \u00fcber unsere Best\u00e4nde bekommen. Oder die B\u00fccher und Zeitschriften im Katalog vor Ort suchen. Sie werden sofort ausgehoben. F\u00fcr Archivmaterial, das noch nicht in unserem System [&hellip;]<\/p>\n","protected":false},"author":4,"featured_media":10018,"comment_status":"closed","ping_status":"open","sticky":false,"template":"","format":"standard","meta":{"_acf_changed":false,"footnotes":""},"categories":[276],"tags":[],"class_list":["post-10912","post","type-post","status-publish","format-standard","has-post-thumbnail","hentry","category-webarchive","grve-entry-item","grve-blog-item"],"acf":[],"yoast_head":"<!-- This site is optimized with the Yoast SEO plugin v27.5 - https:\/\/yoast.com\/product\/yoast-seo-wordpress\/ -->\n<title>Qwien Bibliothek wieder ge\u00f6ffnet - Blog - Qwien - Zentrum f\u00fcr queere Geschichte<\/title>\n<meta name=\"robots\" content=\"index, follow, max-snippet:-1, max-image-preview:large, max-video-preview:-1\" \/>\n<link rel=\"canonical\" href=\"https:\/\/www.qwien.at\/en\/webarchive\/qwien-bibliothek-wieder-geoeffnet\/\" \/>\n<meta property=\"og:locale\" content=\"en_US\" \/>\n<meta property=\"og:type\" content=\"article\" \/>\n<meta property=\"og:title\" content=\"Qwien Bibliothek wieder ge\u00f6ffnet - Blog - Qwien - Zentrum f\u00fcr queere Geschichte\" \/>\n<meta property=\"og:description\" content=\"Inzwischen sind wir mit der \u00dcbersiedlung so weit, dass die Qwien Bibliothek wieder regul\u00e4r zug\u00e4nglich ist. Man muss nicht vorbestellen, kann aber in unserem Online-Katalog katalog.qwien.at einen ersten \u00dcberblick \u00fcber unsere Best\u00e4nde bekommen. Oder die B\u00fccher und Zeitschriften im Katalog vor Ort suchen. Sie werden sofort ausgehoben. F\u00fcr Archivmaterial, das noch nicht in unserem System [&hellip;]\" \/>\n<meta property=\"og:url\" content=\"https:\/\/www.qwien.at\/en\/webarchive\/qwien-bibliothek-wieder-geoeffnet\/\" \/>\n<meta property=\"og:site_name\" content=\"Qwien - Zentrum f\u00fcr queere Geschichte\" \/>\n<meta property=\"article:published_time\" content=\"2025-07-15T19:37:18+00:00\" \/>\n<meta property=\"og:image\" content=\"https:\/\/www.qwien.at\/wp-content\/uploads\/2025\/06\/seo-yoast-1.png\" \/>\n\t<meta property=\"og:image:width\" content=\"1921\" \/>\n\t<meta property=\"og:image:height\" content=\"1081\" \/>\n\t<meta property=\"og:image:type\" content=\"image\/png\" \/>\n<meta name=\"author\" content=\"Andreas Brunner\" \/>\n<meta name=\"twitter:card\" content=\"summary_large_image\" \/>\n<meta name=\"twitter:label1\" content=\"Written by\" \/>\n\t<meta name=\"twitter:data1\" content=\"Andreas Brunner\" \/>\n\t<meta name=\"twitter:label2\" content=\"Est. reading time\" \/>\n\t<meta name=\"twitter:data2\" content=\"1 minute\" \/>\n<script type=\"application\/ld+json\" class=\"yoast-schema-graph\">{\"@context\":\"https:\\\/\\\/schema.org\",\"@graph\":[{\"@type\":[\"Article\",\"BlogPosting\"],\"@id\":\"https:\\\/\\\/www.qwien.at\\\/en\\\/webarchive\\\/qwien-bibliothek-wieder-geoeffnet\\\/#article\",\"isPartOf\":{\"@id\":\"https:\\\/\\\/www.qwien.at\\\/en\\\/webarchive\\\/qwien-bibliothek-wieder-geoeffnet\\\/\"},\"author\":{\"name\":\"Andreas Brunner\",\"@id\":\"https:\\\/\\\/www.qwien.at\\\/en\\\/#\\\/schema\\\/person\\\/d3fe9114b43d8e5a558a6d20ca3e2920\"},\"headline\":\"Qwien Bibliothek wieder ge\u00f6ffnet\",\"datePublished\":\"2025-07-15T19:37:18+00:00\",\"mainEntityOfPage\":{\"@id\":\"https:\\\/\\\/www.qwien.at\\\/en\\\/webarchive\\\/qwien-bibliothek-wieder-geoeffnet\\\/\"},\"wordCount\":135,\"publisher\":{\"@id\":\"https:\\\/\\\/www.qwien.at\\\/en\\\/#organization\"},\"image\":{\"@id\":\"https:\\\/\\\/www.qwien.at\\\/en\\\/webarchive\\\/qwien-bibliothek-wieder-geoeffnet\\\/#primaryimage\"},\"thumbnailUrl\":\"https:\\\/\\\/www.qwien.at\\\/wp-content\\\/uploads\\\/2024\\\/11\\\/Bibliothek-neu-rotated-e1730829630333.jpg\",\"articleSection\":[\"Webarchiv\"],\"inLanguage\":\"en-US\"},{\"@type\":\"WebPage\",\"@id\":\"https:\\\/\\\/www.qwien.at\\\/en\\\/webarchive\\\/qwien-bibliothek-wieder-geoeffnet\\\/\",\"url\":\"https:\\\/\\\/www.qwien.at\\\/en\\\/webarchive\\\/qwien-bibliothek-wieder-geoeffnet\\\/\",\"name\":\"Qwien Bibliothek wieder ge\u00f6ffnet - Blog - Qwien - Zentrum f\u00fcr queere Geschichte\",\"isPartOf\":{\"@id\":\"https:\\\/\\\/www.qwien.at\\\/en\\\/#website\"},\"primaryImageOfPage\":{\"@id\":\"https:\\\/\\\/www.qwien.at\\\/en\\\/webarchive\\\/qwien-bibliothek-wieder-geoeffnet\\\/#primaryimage\"},\"image\":{\"@id\":\"https:\\\/\\\/www.qwien.at\\\/en\\\/webarchive\\\/qwien-bibliothek-wieder-geoeffnet\\\/#primaryimage\"},\"thumbnailUrl\":\"https:\\\/\\\/www.qwien.at\\\/wp-content\\\/uploads\\\/2024\\\/11\\\/Bibliothek-neu-rotated-e1730829630333.jpg\",\"datePublished\":\"2025-07-15T19:37:18+00:00\",\"breadcrumb\":{\"@id\":\"https:\\\/\\\/www.qwien.at\\\/en\\\/webarchive\\\/qwien-bibliothek-wieder-geoeffnet\\\/#breadcrumb\"},\"inLanguage\":\"en-US\",\"potentialAction\":[{\"@type\":\"ReadAction\",\"target\":[\"https:\\\/\\\/www.qwien.at\\\/en\\\/webarchive\\\/qwien-bibliothek-wieder-geoeffnet\\\/\"]}]},{\"@type\":\"ImageObject\",\"inLanguage\":\"en-US\",\"@id\":\"https:\\\/\\\/www.qwien.at\\\/en\\\/webarchive\\\/qwien-bibliothek-wieder-geoeffnet\\\/#primaryimage\",\"url\":\"https:\\\/\\\/www.qwien.at\\\/wp-content\\\/uploads\\\/2024\\\/11\\\/Bibliothek-neu-rotated-e1730829630333.jpg\",\"contentUrl\":\"https:\\\/\\\/www.qwien.at\\\/wp-content\\\/uploads\\\/2024\\\/11\\\/Bibliothek-neu-rotated-e1730829630333.jpg\",\"width\":1512,\"height\":1105},{\"@type\":\"BreadcrumbList\",\"@id\":\"https:\\\/\\\/www.qwien.at\\\/en\\\/webarchive\\\/qwien-bibliothek-wieder-geoeffnet\\\/#breadcrumb\",\"itemListElement\":[{\"@type\":\"ListItem\",\"position\":1,\"name\":\"Startseite\",\"item\":\"https:\\\/\\\/www.qwien.at\\\/en\\\/\"},{\"@type\":\"ListItem\",\"position\":2,\"name\":\"Qwien Bibliothek wieder ge\u00f6ffnet\"}]},{\"@type\":\"WebSite\",\"@id\":\"https:\\\/\\\/www.qwien.at\\\/en\\\/#website\",\"url\":\"https:\\\/\\\/www.qwien.at\\\/en\\\/\",\"name\":\"Qwien - Zentrum f\u00fcr queere Geschichte\",\"description\":\"\",\"publisher\":{\"@id\":\"https:\\\/\\\/www.qwien.at\\\/en\\\/#organization\"},\"potentialAction\":[{\"@type\":\"SearchAction\",\"target\":{\"@type\":\"EntryPoint\",\"urlTemplate\":\"https:\\\/\\\/www.qwien.at\\\/en\\\/?s={search_term_string}\"},\"query-input\":{\"@type\":\"PropertyValueSpecification\",\"valueRequired\":true,\"valueName\":\"search_term_string\"}}],\"inLanguage\":\"en-US\"},{\"@type\":\"Organization\",\"@id\":\"https:\\\/\\\/www.qwien.at\\\/en\\\/#organization\",\"name\":\"Qwien\",\"url\":\"https:\\\/\\\/www.qwien.at\\\/en\\\/\",\"logo\":{\"@type\":\"ImageObject\",\"inLanguage\":\"en-US\",\"@id\":\"https:\\\/\\\/www.qwien.at\\\/en\\\/#\\\/schema\\\/logo\\\/image\\\/\",\"url\":\"https:\\\/\\\/www.qwien.at\\\/wp-content\\\/uploads\\\/2025\\\/06\\\/seo-yoast-2.png\",\"contentUrl\":\"https:\\\/\\\/www.qwien.at\\\/wp-content\\\/uploads\\\/2025\\\/06\\\/seo-yoast-2.png\",\"width\":697,\"height\":697,\"caption\":\"Qwien\"},\"image\":{\"@id\":\"https:\\\/\\\/www.qwien.at\\\/en\\\/#\\\/schema\\\/logo\\\/image\\\/\"},\"sameAs\":[\"https:\\\/\\\/www.instagram.com\\\/qwien.zentrum\\\/\"]},{\"@type\":\"Person\",\"@id\":\"https:\\\/\\\/www.qwien.at\\\/en\\\/#\\\/schema\\\/person\\\/d3fe9114b43d8e5a558a6d20ca3e2920\",\"name\":\"Andreas Brunner\"}]}<\/script>\n<!-- \/ Yoast SEO plugin. -->","yoast_head_json":{"title":"Qwien Bibliothek wieder ge\u00f6ffnet - Blog - Qwien - Zentrum f\u00fcr queere Geschichte","robots":{"index":"index","follow":"follow","max-snippet":"max-snippet:-1","max-image-preview":"max-image-preview:large","max-video-preview":"max-video-preview:-1"},"canonical":"https:\/\/www.qwien.at\/en\/webarchive\/qwien-bibliothek-wieder-geoeffnet\/","og_locale":"en_US","og_type":"article","og_title":"Qwien Bibliothek wieder ge\u00f6ffnet - Blog - Qwien - Zentrum f\u00fcr queere Geschichte","og_description":"Inzwischen sind wir mit der \u00dcbersiedlung so weit, dass die Qwien Bibliothek wieder regul\u00e4r zug\u00e4nglich ist. Man muss nicht vorbestellen, kann aber in unserem Online-Katalog katalog.qwien.at einen ersten \u00dcberblick \u00fcber unsere Best\u00e4nde bekommen. Oder die B\u00fccher und Zeitschriften im Katalog vor Ort suchen. Sie werden sofort ausgehoben. F\u00fcr Archivmaterial, das noch nicht in unserem System [&hellip;]","og_url":"https:\/\/www.qwien.at\/en\/webarchive\/qwien-bibliothek-wieder-geoeffnet\/","og_site_name":"Qwien - Zentrum f\u00fcr queere Geschichte","article_published_time":"2025-07-15T19:37:18+00:00","og_image":[{"width":1921,"height":1081,"url":"https:\/\/www.qwien.at\/wp-content\/uploads\/2025\/06\/seo-yoast-1.png","type":"image\/png"}],"author":"Andreas Brunner","twitter_card":"summary_large_image","twitter_misc":{"Written by":"Andreas Brunner","Est. reading time":"1 minute"},"schema":{"@context":"https:\/\/schema.org","@graph":[{"@type":["Article","BlogPosting"],"@id":"https:\/\/www.qwien.at\/en\/webarchive\/qwien-bibliothek-wieder-geoeffnet\/#article","isPartOf":{"@id":"https:\/\/www.qwien.at\/en\/webarchive\/qwien-bibliothek-wieder-geoeffnet\/"},"author":{"name":"Andreas Brunner","@id":"https:\/\/www.qwien.at\/en\/#\/schema\/person\/d3fe9114b43d8e5a558a6d20ca3e2920"},"headline":"Qwien Bibliothek wieder ge\u00f6ffnet","datePublished":"2025-07-15T19:37:18+00:00","mainEntityOfPage":{"@id":"https:\/\/www.qwien.at\/en\/webarchive\/qwien-bibliothek-wieder-geoeffnet\/"},"wordCount":135,"publisher":{"@id":"https:\/\/www.qwien.at\/en\/#organization"},"image":{"@id":"https:\/\/www.qwien.at\/en\/webarchive\/qwien-bibliothek-wieder-geoeffnet\/#primaryimage"},"thumbnailUrl":"https:\/\/www.qwien.at\/wp-content\/uploads\/2024\/11\/Bibliothek-neu-rotated-e1730829630333.jpg","articleSection":["Webarchiv"],"inLanguage":"en-US"},{"@type":"WebPage","@id":"https:\/\/www.qwien.at\/en\/webarchive\/qwien-bibliothek-wieder-geoeffnet\/","url":"https:\/\/www.qwien.at\/en\/webarchive\/qwien-bibliothek-wieder-geoeffnet\/","name":"Qwien Bibliothek wieder ge\u00f6ffnet - Blog - Qwien - Zentrum f\u00fcr queere Geschichte","isPartOf":{"@id":"https:\/\/www.qwien.at\/en\/#website"},"primaryImageOfPage":{"@id":"https:\/\/www.qwien.at\/en\/webarchive\/qwien-bibliothek-wieder-geoeffnet\/#primaryimage"},"image":{"@id":"https:\/\/www.qwien.at\/en\/webarchive\/qwien-bibliothek-wieder-geoeffnet\/#primaryimage"},"thumbnailUrl":"https:\/\/www.qwien.at\/wp-content\/uploads\/2024\/11\/Bibliothek-neu-rotated-e1730829630333.jpg","datePublished":"2025-07-15T19:37:18+00:00","breadcrumb":{"@id":"https:\/\/www.qwien.at\/en\/webarchive\/qwien-bibliothek-wieder-geoeffnet\/#breadcrumb"},"inLanguage":"en-US","potentialAction":[{"@type":"ReadAction","target":["https:\/\/www.qwien.at\/en\/webarchive\/qwien-bibliothek-wieder-geoeffnet\/"]}]},{"@type":"ImageObject","inLanguage":"en-US","@id":"https:\/\/www.qwien.at\/en\/webarchive\/qwien-bibliothek-wieder-geoeffnet\/#primaryimage","url":"https:\/\/www.qwien.at\/wp-content\/uploads\/2024\/11\/Bibliothek-neu-rotated-e1730829630333.jpg","contentUrl":"https:\/\/www.qwien.at\/wp-content\/uploads\/2024\/11\/Bibliothek-neu-rotated-e1730829630333.jpg","width":1512,"height":1105},{"@type":"BreadcrumbList","@id":"https:\/\/www.qwien.at\/en\/webarchive\/qwien-bibliothek-wieder-geoeffnet\/#breadcrumb","itemListElement":[{"@type":"ListItem","position":1,"name":"Startseite","item":"https:\/\/www.qwien.at\/en\/"},{"@type":"ListItem","position":2,"name":"Qwien Bibliothek wieder ge\u00f6ffnet"}]},{"@type":"WebSite","@id":"https:\/\/www.qwien.at\/en\/#website","url":"https:\/\/www.qwien.at\/en\/","name":"Qwien - Zentrum f\u00fcr queere Geschichte","description":"","publisher":{"@id":"https:\/\/www.qwien.at\/en\/#organization"},"potentialAction":[{"@type":"SearchAction","target":{"@type":"EntryPoint","urlTemplate":"https:\/\/www.qwien.at\/en\/?s={search_term_string}"},"query-input":{"@type":"PropertyValueSpecification","valueRequired":true,"valueName":"search_term_string"}}],"inLanguage":"en-US"},{"@type":"Organization","@id":"https:\/\/www.qwien.at\/en\/#organization","name":"Qwien","url":"https:\/\/www.qwien.at\/en\/","logo":{"@type":"ImageObject","inLanguage":"en-US","@id":"https:\/\/www.qwien.at\/en\/#\/schema\/logo\/image\/","url":"https:\/\/www.qwien.at\/wp-content\/uploads\/2025\/06\/seo-yoast-2.png","contentUrl":"https:\/\/www.qwien.at\/wp-content\/uploads\/2025\/06\/seo-yoast-2.png","width":697,"height":697,"caption":"Qwien"},"image":{"@id":"https:\/\/www.qwien.at\/en\/#\/schema\/logo\/image\/"},"sameAs":["https:\/\/www.instagram.com\/qwien.zentrum\/"]},{"@type":"Person","@id":"https:\/\/www.qwien.at\/en\/#\/schema\/person\/d3fe9114b43d8e5a558a6d20ca3e2920","name":"Andreas Brunner"}]}},"_links":{"self":[{"href":"https:\/\/www.qwien.at\/en\/wp-json\/wp\/v2\/posts\/10912","targetHints":{"allow":["GET"]}}],"collection":[{"href":"https:\/\/www.qwien.at\/en\/wp-json\/wp\/v2\/posts"}],"about":[{"href":"https:\/\/www.qwien.at\/en\/wp-json\/wp\/v2\/types\/post"}],"author":[{"embeddable":true,"href":"https:\/\/www.qwien.at\/en\/wp-json\/wp\/v2\/users\/4"}],"replies":[{"embeddable":true,"href":"https:\/\/www.qwien.at\/en\/wp-json\/wp\/v2\/comments?post=10912"}],"version-history":[{"count":0,"href":"https:\/\/www.qwien.at\/en\/wp-json\/wp\/v2\/posts\/10912\/revisions"}],"wp:featuredmedia":[{"embeddable":true,"href":"https:\/\/www.qwien.at\/en\/wp-json\/wp\/v2\/media\/10018"}],"wp:attachment":[{"href":"https:\/\/www.qwien.at\/en\/wp-json\/wp\/v2\/media?parent=10912"}],"wp:term":[{"taxonomy":"category","embeddable":true,"href":"https:\/\/www.qwien.at\/en\/wp-json\/wp\/v2\/categories?post=10912"},{"taxonomy":"post_tag","embeddable":true,"href":"https:\/\/www.qwien.at\/en\/wp-json\/wp\/v2\/tags?post=10912"}],"curies":[{"name":"wp","href":"https:\/\/api.w.org\/{rel}","templated":true}]}}