{"id":10915,"date":"2025-07-15T21:37:18","date_gmt":"2025-07-15T19:37:18","guid":{"rendered":"https:\/\/www.qwien.at\/nicht-kategorisiert\/fundstueck-gedenkveranstaltung\/"},"modified":"2025-07-15T21:37:18","modified_gmt":"2025-07-15T19:37:18","slug":"fundstueck-gedenkveranstaltung","status":"publish","type":"post","link":"https:\/\/www.qwien.at\/en\/qwien\/fundstueck-gedenkveranstaltung\/","title":{"rendered":"Fundst\u00fcck &#038; Gedenkveranstaltung"},"content":{"rendered":"\n<p><strong><em>Am 7. Dezember fand in der Gedenkst\u00e4tte des Konzentrationslagerns Mauthausen ein Festakt statt, der daran erinnerte, dass vor 40 Jahren im Lager das erste Gedenkzeichen f\u00fcr die homosexuellen Opfer der NS-Verfolgung weltweit angebracht wurde.<\/em><\/strong><\/p>\n\n\n\n<p>Im Qwien Archiv haben wir die englischsprachige Einladung zu den Feierlichkeiten im Dezember 1984 gefunden. An den offiziellen Opferverb\u00e4nden vorbei, die sich mit H\u00e4nden und F\u00fc\u00dfen dagegen gewehrt h\u00e4tten, war es der HOSI Wien gelungen, aus dem Innenministerium die Genehmigung f\u00fcr die Anbringung dieser Gedenktafel zu erhalten. Das grafische Design der Einladung ist sehr simpel, mit einem Nadeldrucker ausgedruckt und auf das offizielle Briefpapier der HOSI montiert. Unterschrieben wurde sie vom damaligen Obmann Dr. Reinhardt Brandst\u00e4tter, der sich zur selben Zeit auch aktiv im Kampf gegen Aids engagierte.<\/p>\n\n\n\n<div class=\"wp-block-media-text is-stacked-on-mobile\"><figure class=\"wp-block-media-text__media\"><img loading=\"lazy\" decoding=\"async\" width=\"724\" height=\"1024\" src=\"https:\/\/www.qwien.at\/wp-content\/uploads\/2024\/12\/Mauthausen-1984-724x1024.jpg\" alt=\"\" class=\"wp-image-7838 size-full\" srcset=\"https:\/\/www.qwien.at\/wp-content\/uploads\/2024\/12\/Mauthausen-1984-724x1024.jpg 724w, https:\/\/www.qwien.at\/wp-content\/uploads\/2024\/12\/Mauthausen-1984-212x300.jpg 212w, https:\/\/www.qwien.at\/wp-content\/uploads\/2024\/12\/Mauthausen-1984-768x1086.jpg 768w, https:\/\/www.qwien.at\/wp-content\/uploads\/2024\/12\/Mauthausen-1984-1086x1536.jpg 1086w, https:\/\/www.qwien.at\/wp-content\/uploads\/2024\/12\/Mauthausen-1984-1448x2048.jpg 1448w, https:\/\/www.qwien.at\/wp-content\/uploads\/2024\/12\/Mauthausen-1984-8x12.jpg 8w, https:\/\/www.qwien.at\/wp-content\/uploads\/2024\/12\/Mauthausen-1984-scaled.jpg 1810w\" sizes=\"auto, (max-width: 724px) 100vw, 724px\" \/><\/figure><div class=\"wp-block-media-text__content\">\n<p><\/p>\n\n\n\n<div class=\"wp-block-media-text is-stacked-on-mobile\"><figure class=\"wp-block-media-text__media\"><\/figure><div class=\"wp-block-media-text__content\">\n<p><\/p>\n<\/div><\/div>\n\n\n<\/div><\/div>\n\n\n\n<p>TOTGESCHLAGEN TOTGESCHWIEGEN steht auf dem r\u00f6tlichen Dreieck aus Marmor, das an den rosa Winkel erinnert, mit dem homosexuelle M\u00e4nner im KZ gekennzeichnet wurden. Diese Inschrift ist heute auch auf Gedenksteinen an anderen Orten zu finden. Totgeschwiegen sind die Opfer heute nicht mehr. Weltweit gibt es Erinnerungszeichen f\u00fcr sie, darunter auch in vielen Gedenkst\u00e4tten wie Dachau, Buchenwald, Sachsenhausen oder in Ravensbr\u00fcck f\u00fcr die lesbischen Opfer des NS-Terrors. Erst im Herbst wurde im <a href=\"https:\/\/www.zhzmelk.at\/de\/projekte\/b-h-w-queere-haeftlinge-im-kz-melk\">KZ Melk<\/a>, einem Au\u00dfenlager von Mauthausen, eine Gedenktafel eingeweiht. <\/p>\n\n\n\n<p>Zum Gedenkakt in Mauthausen luden neben der HOSI Wien und HOSI Linz, auch die Gedenkst\u00e4tte und Qwien, das Einblick in die aktuellen Forschungen zu den Opfern gab. Andreas Brunner stellte die Lebensgeschichte von Walter Bregartner vor, der 1939 im Zuge eines gro\u00dfen Verfahrens der Gestapo Wien gegen einen schwulen Freundeskreis verhaftet, zu einem Jahr Kerker verurteilt und danach ins KZ Dachau eingeliefert wurde. Nach wenigen Monaten wurde er nach Mauthausen \u00fcberstellt, wo er in einem Au\u00dfenlager in Steyr Zwangsarbeit in der R\u00fcstungsindustrie leisten musste. Er \u00fcberlebte und versuchte in der unmittelbaren Nachkriegszeit als Opfer der NS-Verfolgung anerkannt zu werden. Als der KZ-Opferverband herausfand, dass er als Homosexueller im KZ inhaftiert war, wurde ihm sein Opferstatus wieder abgesprochen.<\/p>\n\n\n\n<p>F\u00fcr Homosexuelle gab es erst ab 1995 die M\u00f6glichkeit beim Nationalfonds der Republik \u00d6sterreich f\u00fcr die Opfer des Nationalsozialismus um eine &#8220;S\u00fchnezahlung&#8221; anzusuchen. Als Opfer vollrechtlich anerkannt wurden sie erst 2005. ZU SP\u00c4T! Keines der Opfer lebte mehr oder wollte sich nach 60 Jahren Erniedrigung den formal aufw\u00e4ndigen Prozess der Opferf\u00fcrsorge noch antun. <\/p>\n\n\n\n<div class=\"wp-block-group\"><div class=\"wp-block-group__inner-container is-layout-constrained wp-block-group-is-layout-constrained\">\n<figure class=\"wp-block-gallery has-nested-images columns-default is-cropped wp-block-gallery-1 is-layout-flex wp-block-gallery-is-layout-flex\">\n<figure class=\"wp-block-image size-large\"><img loading=\"lazy\" decoding=\"async\" width=\"1024\" height=\"768\" data-id=\"7840\" src=\"https:\/\/www.qwien.at\/wp-content\/uploads\/2024\/12\/IMG_6839-1024x768.jpg\" alt=\"\" class=\"wp-image-7840\" srcset=\"https:\/\/www.qwien.at\/wp-content\/uploads\/2024\/12\/IMG_6839-1024x768.jpg 1024w, https:\/\/www.qwien.at\/wp-content\/uploads\/2024\/12\/IMG_6839-300x225.jpg 300w, https:\/\/www.qwien.at\/wp-content\/uploads\/2024\/12\/IMG_6839-768x576.jpg 768w, https:\/\/www.qwien.at\/wp-content\/uploads\/2024\/12\/IMG_6839-1536x1152.jpg 1536w, https:\/\/www.qwien.at\/wp-content\/uploads\/2024\/12\/IMG_6839-16x12.jpg 16w\" sizes=\"auto, (max-width: 1024px) 100vw, 1024px\" \/><\/figure>\n<\/figure>\n<\/div><\/div>\n\n\n\n<figure class=\"wp-block-gallery has-nested-images columns-default is-cropped wp-block-gallery-2 is-layout-flex wp-block-gallery-is-layout-flex\">\n<figure class=\"wp-block-image size-large\"><img loading=\"lazy\" decoding=\"async\" width=\"1024\" height=\"768\" data-id=\"7844\" src=\"https:\/\/www.qwien.at\/wp-content\/uploads\/2024\/12\/IMG_6844-1024x768.jpg\" alt=\"\" class=\"wp-image-7844\" srcset=\"https:\/\/www.qwien.at\/wp-content\/uploads\/2024\/12\/IMG_6844-1024x768.jpg 1024w, https:\/\/www.qwien.at\/wp-content\/uploads\/2024\/12\/IMG_6844-300x225.jpg 300w, https:\/\/www.qwien.at\/wp-content\/uploads\/2024\/12\/IMG_6844-768x576.jpg 768w, https:\/\/www.qwien.at\/wp-content\/uploads\/2024\/12\/IMG_6844-1536x1152.jpg 1536w, https:\/\/www.qwien.at\/wp-content\/uploads\/2024\/12\/IMG_6844-16x12.jpg 16w\" sizes=\"auto, (max-width: 1024px) 100vw, 1024px\" \/><\/figure>\n<\/figure>\n\n\n\n<figure class=\"wp-block-image size-large\"><img loading=\"lazy\" decoding=\"async\" width=\"768\" height=\"1024\" src=\"https:\/\/www.qwien.at\/wp-content\/uploads\/2024\/12\/IMG_6855-768x1024.jpg\" alt=\"\" class=\"wp-image-7845\" srcset=\"https:\/\/www.qwien.at\/wp-content\/uploads\/2024\/12\/IMG_6855-768x1024.jpg 768w, https:\/\/www.qwien.at\/wp-content\/uploads\/2024\/12\/IMG_6855-225x300.jpg 225w, https:\/\/www.qwien.at\/wp-content\/uploads\/2024\/12\/IMG_6855-1152x1536.jpg 1152w, https:\/\/www.qwien.at\/wp-content\/uploads\/2024\/12\/IMG_6855-1536x2048.jpg 1536w, https:\/\/www.qwien.at\/wp-content\/uploads\/2024\/12\/IMG_6855-9x12.jpg 9w, https:\/\/www.qwien.at\/wp-content\/uploads\/2024\/12\/IMG_6855-scaled.jpg 1920w\" sizes=\"auto, (max-width: 768px) 100vw, 768px\" \/><\/figure>\n","protected":false},"excerpt":{"rendered":"<p>Am 7. Dezember fand in der Gedenkst\u00e4tte des Konzentrationslagerns Mauthausen ein Festakt statt, der daran erinnerte, dass vor 40 Jahren im Lager das erste Gedenkzeichen f\u00fcr die homosexuellen Opfer der NS-Verfolgung weltweit angebracht wurde. Im Qwien Archiv haben wir die englischsprachige Einladung zu den Feierlichkeiten im Dezember 1984 gefunden. An den offiziellen Opferverb\u00e4nden vorbei, die [&hellip;]<\/p>\n","protected":false},"author":4,"featured_media":10021,"comment_status":"closed","ping_status":"open","sticky":false,"template":"","format":"standard","meta":{"_acf_changed":false,"footnotes":""},"categories":[272,276],"tags":[303,305,307],"class_list":["post-10915","post","type-post","status-publish","format-standard","has-post-thumbnail","hentry","category-qwien","category-webarchive","tag-geschichte","tag-homosexualitaet","tag-nationalsozialismus","grve-entry-item","grve-blog-item"],"acf":[],"yoast_head":"<!-- This site is optimized with the Yoast SEO plugin v27.5 - https:\/\/yoast.com\/product\/yoast-seo-wordpress\/ -->\n<title>Fundst\u00fcck &amp; Gedenkveranstaltung - Blog - Qwien - Zentrum f\u00fcr queere Geschichte<\/title>\n<meta name=\"robots\" content=\"index, follow, max-snippet:-1, max-image-preview:large, max-video-preview:-1\" \/>\n<link rel=\"canonical\" href=\"https:\/\/www.qwien.at\/en\/qwien\/fundstueck-gedenkveranstaltung\/\" \/>\n<meta property=\"og:locale\" content=\"en_US\" \/>\n<meta property=\"og:type\" content=\"article\" \/>\n<meta property=\"og:title\" content=\"Fundst\u00fcck &amp; Gedenkveranstaltung - Blog - Qwien - Zentrum f\u00fcr queere Geschichte\" \/>\n<meta property=\"og:description\" content=\"Am 7. Dezember fand in der Gedenkst\u00e4tte des Konzentrationslagerns Mauthausen ein Festakt statt, der daran erinnerte, dass vor 40 Jahren im Lager das erste Gedenkzeichen f\u00fcr die homosexuellen Opfer der NS-Verfolgung weltweit angebracht wurde. Im Qwien Archiv haben wir die englischsprachige Einladung zu den Feierlichkeiten im Dezember 1984 gefunden. An den offiziellen Opferverb\u00e4nden vorbei, die [&hellip;]\" \/>\n<meta property=\"og:url\" content=\"https:\/\/www.qwien.at\/en\/qwien\/fundstueck-gedenkveranstaltung\/\" \/>\n<meta property=\"og:site_name\" content=\"Qwien - Zentrum f\u00fcr queere Geschichte\" \/>\n<meta property=\"article:published_time\" content=\"2025-07-15T19:37:18+00:00\" \/>\n<meta property=\"og:image\" content=\"https:\/\/www.qwien.at\/wp-content\/uploads\/2024\/12\/Mauthausen-1984-scaled.jpg\" \/>\n\t<meta property=\"og:image:width\" content=\"1810\" \/>\n\t<meta property=\"og:image:height\" content=\"2560\" \/>\n\t<meta property=\"og:image:type\" content=\"image\/jpeg\" \/>\n<meta name=\"author\" content=\"Andreas Brunner\" \/>\n<meta name=\"twitter:card\" content=\"summary_large_image\" \/>\n<meta name=\"twitter:label1\" content=\"Written by\" \/>\n\t<meta name=\"twitter:data1\" content=\"Andreas Brunner\" \/>\n\t<meta name=\"twitter:label2\" content=\"Est. reading time\" \/>\n\t<meta name=\"twitter:data2\" content=\"2 minutes\" \/>\n<script type=\"application\/ld+json\" class=\"yoast-schema-graph\">{\"@context\":\"https:\\\/\\\/schema.org\",\"@graph\":[{\"@type\":[\"Article\",\"BlogPosting\"],\"@id\":\"https:\\\/\\\/www.qwien.at\\\/en\\\/qwien\\\/fundstueck-gedenkveranstaltung\\\/#article\",\"isPartOf\":{\"@id\":\"https:\\\/\\\/www.qwien.at\\\/en\\\/qwien\\\/fundstueck-gedenkveranstaltung\\\/\"},\"author\":{\"name\":\"Andreas Brunner\",\"@id\":\"https:\\\/\\\/www.qwien.at\\\/en\\\/#\\\/schema\\\/person\\\/d3fe9114b43d8e5a558a6d20ca3e2920\"},\"headline\":\"Fundst\u00fcck &#038; Gedenkveranstaltung\",\"datePublished\":\"2025-07-15T19:37:18+00:00\",\"mainEntityOfPage\":{\"@id\":\"https:\\\/\\\/www.qwien.at\\\/en\\\/qwien\\\/fundstueck-gedenkveranstaltung\\\/\"},\"wordCount\":394,\"publisher\":{\"@id\":\"https:\\\/\\\/www.qwien.at\\\/en\\\/#organization\"},\"image\":{\"@id\":\"https:\\\/\\\/www.qwien.at\\\/en\\\/qwien\\\/fundstueck-gedenkveranstaltung\\\/#primaryimage\"},\"thumbnailUrl\":\"https:\\\/\\\/www.qwien.at\\\/wp-content\\\/uploads\\\/2024\\\/12\\\/Mauthausen-1984_Ausschnitt-scaled.jpg\",\"keywords\":[\"Geschichte\",\"Homosexualit\u00e4t\",\"Nationalsozialismus\"],\"articleSection\":[\"Qwien\",\"Webarchiv\"],\"inLanguage\":\"en-US\"},{\"@type\":\"WebPage\",\"@id\":\"https:\\\/\\\/www.qwien.at\\\/en\\\/qwien\\\/fundstueck-gedenkveranstaltung\\\/\",\"url\":\"https:\\\/\\\/www.qwien.at\\\/en\\\/qwien\\\/fundstueck-gedenkveranstaltung\\\/\",\"name\":\"Fundst\u00fcck & Gedenkveranstaltung - Blog - Qwien - Zentrum f\u00fcr queere Geschichte\",\"isPartOf\":{\"@id\":\"https:\\\/\\\/www.qwien.at\\\/en\\\/#website\"},\"primaryImageOfPage\":{\"@id\":\"https:\\\/\\\/www.qwien.at\\\/en\\\/qwien\\\/fundstueck-gedenkveranstaltung\\\/#primaryimage\"},\"image\":{\"@id\":\"https:\\\/\\\/www.qwien.at\\\/en\\\/qwien\\\/fundstueck-gedenkveranstaltung\\\/#primaryimage\"},\"thumbnailUrl\":\"https:\\\/\\\/www.qwien.at\\\/wp-content\\\/uploads\\\/2024\\\/12\\\/Mauthausen-1984_Ausschnitt-scaled.jpg\",\"datePublished\":\"2025-07-15T19:37:18+00:00\",\"breadcrumb\":{\"@id\":\"https:\\\/\\\/www.qwien.at\\\/en\\\/qwien\\\/fundstueck-gedenkveranstaltung\\\/#breadcrumb\"},\"inLanguage\":\"en-US\",\"potentialAction\":[{\"@type\":\"ReadAction\",\"target\":[\"https:\\\/\\\/www.qwien.at\\\/en\\\/qwien\\\/fundstueck-gedenkveranstaltung\\\/\"]}]},{\"@type\":\"ImageObject\",\"inLanguage\":\"en-US\",\"@id\":\"https:\\\/\\\/www.qwien.at\\\/en\\\/qwien\\\/fundstueck-gedenkveranstaltung\\\/#primaryimage\",\"url\":\"https:\\\/\\\/www.qwien.at\\\/wp-content\\\/uploads\\\/2024\\\/12\\\/Mauthausen-1984_Ausschnitt-scaled.jpg\",\"contentUrl\":\"https:\\\/\\\/www.qwien.at\\\/wp-content\\\/uploads\\\/2024\\\/12\\\/Mauthausen-1984_Ausschnitt-scaled.jpg\",\"width\":2560,\"height\":1435},{\"@type\":\"BreadcrumbList\",\"@id\":\"https:\\\/\\\/www.qwien.at\\\/en\\\/qwien\\\/fundstueck-gedenkveranstaltung\\\/#breadcrumb\",\"itemListElement\":[{\"@type\":\"ListItem\",\"position\":1,\"name\":\"Startseite\",\"item\":\"https:\\\/\\\/www.qwien.at\\\/en\\\/\"},{\"@type\":\"ListItem\",\"position\":2,\"name\":\"Fundst\u00fcck &#038; Gedenkveranstaltung\"}]},{\"@type\":\"WebSite\",\"@id\":\"https:\\\/\\\/www.qwien.at\\\/en\\\/#website\",\"url\":\"https:\\\/\\\/www.qwien.at\\\/en\\\/\",\"name\":\"Qwien - Zentrum f\u00fcr queere Geschichte\",\"description\":\"\",\"publisher\":{\"@id\":\"https:\\\/\\\/www.qwien.at\\\/en\\\/#organization\"},\"potentialAction\":[{\"@type\":\"SearchAction\",\"target\":{\"@type\":\"EntryPoint\",\"urlTemplate\":\"https:\\\/\\\/www.qwien.at\\\/en\\\/?s={search_term_string}\"},\"query-input\":{\"@type\":\"PropertyValueSpecification\",\"valueRequired\":true,\"valueName\":\"search_term_string\"}}],\"inLanguage\":\"en-US\"},{\"@type\":\"Organization\",\"@id\":\"https:\\\/\\\/www.qwien.at\\\/en\\\/#organization\",\"name\":\"Qwien\",\"url\":\"https:\\\/\\\/www.qwien.at\\\/en\\\/\",\"logo\":{\"@type\":\"ImageObject\",\"inLanguage\":\"en-US\",\"@id\":\"https:\\\/\\\/www.qwien.at\\\/en\\\/#\\\/schema\\\/logo\\\/image\\\/\",\"url\":\"https:\\\/\\\/www.qwien.at\\\/wp-content\\\/uploads\\\/2025\\\/06\\\/seo-yoast-2.png\",\"contentUrl\":\"https:\\\/\\\/www.qwien.at\\\/wp-content\\\/uploads\\\/2025\\\/06\\\/seo-yoast-2.png\",\"width\":697,\"height\":697,\"caption\":\"Qwien\"},\"image\":{\"@id\":\"https:\\\/\\\/www.qwien.at\\\/en\\\/#\\\/schema\\\/logo\\\/image\\\/\"},\"sameAs\":[\"https:\\\/\\\/www.instagram.com\\\/qwien.zentrum\\\/\"]},{\"@type\":\"Person\",\"@id\":\"https:\\\/\\\/www.qwien.at\\\/en\\\/#\\\/schema\\\/person\\\/d3fe9114b43d8e5a558a6d20ca3e2920\",\"name\":\"Andreas Brunner\"}]}<\/script>\n<!-- \/ Yoast SEO plugin. -->","yoast_head_json":{"title":"Fundst\u00fcck & Gedenkveranstaltung - Blog - Qwien - Zentrum f\u00fcr queere Geschichte","robots":{"index":"index","follow":"follow","max-snippet":"max-snippet:-1","max-image-preview":"max-image-preview:large","max-video-preview":"max-video-preview:-1"},"canonical":"https:\/\/www.qwien.at\/en\/qwien\/fundstueck-gedenkveranstaltung\/","og_locale":"en_US","og_type":"article","og_title":"Fundst\u00fcck & Gedenkveranstaltung - Blog - Qwien - Zentrum f\u00fcr queere Geschichte","og_description":"Am 7. Dezember fand in der Gedenkst\u00e4tte des Konzentrationslagerns Mauthausen ein Festakt statt, der daran erinnerte, dass vor 40 Jahren im Lager das erste Gedenkzeichen f\u00fcr die homosexuellen Opfer der NS-Verfolgung weltweit angebracht wurde. Im Qwien Archiv haben wir die englischsprachige Einladung zu den Feierlichkeiten im Dezember 1984 gefunden. An den offiziellen Opferverb\u00e4nden vorbei, die [&hellip;]","og_url":"https:\/\/www.qwien.at\/en\/qwien\/fundstueck-gedenkveranstaltung\/","og_site_name":"Qwien - Zentrum f\u00fcr queere Geschichte","article_published_time":"2025-07-15T19:37:18+00:00","og_image":[{"width":1810,"height":2560,"url":"https:\/\/www.qwien.at\/wp-content\/uploads\/2024\/12\/Mauthausen-1984-scaled.jpg","type":"image\/jpeg"}],"author":"Andreas Brunner","twitter_card":"summary_large_image","twitter_misc":{"Written by":"Andreas Brunner","Est. reading time":"2 minutes"},"schema":{"@context":"https:\/\/schema.org","@graph":[{"@type":["Article","BlogPosting"],"@id":"https:\/\/www.qwien.at\/en\/qwien\/fundstueck-gedenkveranstaltung\/#article","isPartOf":{"@id":"https:\/\/www.qwien.at\/en\/qwien\/fundstueck-gedenkveranstaltung\/"},"author":{"name":"Andreas Brunner","@id":"https:\/\/www.qwien.at\/en\/#\/schema\/person\/d3fe9114b43d8e5a558a6d20ca3e2920"},"headline":"Fundst\u00fcck &#038; Gedenkveranstaltung","datePublished":"2025-07-15T19:37:18+00:00","mainEntityOfPage":{"@id":"https:\/\/www.qwien.at\/en\/qwien\/fundstueck-gedenkveranstaltung\/"},"wordCount":394,"publisher":{"@id":"https:\/\/www.qwien.at\/en\/#organization"},"image":{"@id":"https:\/\/www.qwien.at\/en\/qwien\/fundstueck-gedenkveranstaltung\/#primaryimage"},"thumbnailUrl":"https:\/\/www.qwien.at\/wp-content\/uploads\/2024\/12\/Mauthausen-1984_Ausschnitt-scaled.jpg","keywords":["Geschichte","Homosexualit\u00e4t","Nationalsozialismus"],"articleSection":["Qwien","Webarchiv"],"inLanguage":"en-US"},{"@type":"WebPage","@id":"https:\/\/www.qwien.at\/en\/qwien\/fundstueck-gedenkveranstaltung\/","url":"https:\/\/www.qwien.at\/en\/qwien\/fundstueck-gedenkveranstaltung\/","name":"Fundst\u00fcck & Gedenkveranstaltung - Blog - Qwien - Zentrum f\u00fcr queere Geschichte","isPartOf":{"@id":"https:\/\/www.qwien.at\/en\/#website"},"primaryImageOfPage":{"@id":"https:\/\/www.qwien.at\/en\/qwien\/fundstueck-gedenkveranstaltung\/#primaryimage"},"image":{"@id":"https:\/\/www.qwien.at\/en\/qwien\/fundstueck-gedenkveranstaltung\/#primaryimage"},"thumbnailUrl":"https:\/\/www.qwien.at\/wp-content\/uploads\/2024\/12\/Mauthausen-1984_Ausschnitt-scaled.jpg","datePublished":"2025-07-15T19:37:18+00:00","breadcrumb":{"@id":"https:\/\/www.qwien.at\/en\/qwien\/fundstueck-gedenkveranstaltung\/#breadcrumb"},"inLanguage":"en-US","potentialAction":[{"@type":"ReadAction","target":["https:\/\/www.qwien.at\/en\/qwien\/fundstueck-gedenkveranstaltung\/"]}]},{"@type":"ImageObject","inLanguage":"en-US","@id":"https:\/\/www.qwien.at\/en\/qwien\/fundstueck-gedenkveranstaltung\/#primaryimage","url":"https:\/\/www.qwien.at\/wp-content\/uploads\/2024\/12\/Mauthausen-1984_Ausschnitt-scaled.jpg","contentUrl":"https:\/\/www.qwien.at\/wp-content\/uploads\/2024\/12\/Mauthausen-1984_Ausschnitt-scaled.jpg","width":2560,"height":1435},{"@type":"BreadcrumbList","@id":"https:\/\/www.qwien.at\/en\/qwien\/fundstueck-gedenkveranstaltung\/#breadcrumb","itemListElement":[{"@type":"ListItem","position":1,"name":"Startseite","item":"https:\/\/www.qwien.at\/en\/"},{"@type":"ListItem","position":2,"name":"Fundst\u00fcck &#038; Gedenkveranstaltung"}]},{"@type":"WebSite","@id":"https:\/\/www.qwien.at\/en\/#website","url":"https:\/\/www.qwien.at\/en\/","name":"Qwien - Zentrum f\u00fcr queere Geschichte","description":"","publisher":{"@id":"https:\/\/www.qwien.at\/en\/#organization"},"potentialAction":[{"@type":"SearchAction","target":{"@type":"EntryPoint","urlTemplate":"https:\/\/www.qwien.at\/en\/?s={search_term_string}"},"query-input":{"@type":"PropertyValueSpecification","valueRequired":true,"valueName":"search_term_string"}}],"inLanguage":"en-US"},{"@type":"Organization","@id":"https:\/\/www.qwien.at\/en\/#organization","name":"Qwien","url":"https:\/\/www.qwien.at\/en\/","logo":{"@type":"ImageObject","inLanguage":"en-US","@id":"https:\/\/www.qwien.at\/en\/#\/schema\/logo\/image\/","url":"https:\/\/www.qwien.at\/wp-content\/uploads\/2025\/06\/seo-yoast-2.png","contentUrl":"https:\/\/www.qwien.at\/wp-content\/uploads\/2025\/06\/seo-yoast-2.png","width":697,"height":697,"caption":"Qwien"},"image":{"@id":"https:\/\/www.qwien.at\/en\/#\/schema\/logo\/image\/"},"sameAs":["https:\/\/www.instagram.com\/qwien.zentrum\/"]},{"@type":"Person","@id":"https:\/\/www.qwien.at\/en\/#\/schema\/person\/d3fe9114b43d8e5a558a6d20ca3e2920","name":"Andreas Brunner"}]}},"_links":{"self":[{"href":"https:\/\/www.qwien.at\/en\/wp-json\/wp\/v2\/posts\/10915","targetHints":{"allow":["GET"]}}],"collection":[{"href":"https:\/\/www.qwien.at\/en\/wp-json\/wp\/v2\/posts"}],"about":[{"href":"https:\/\/www.qwien.at\/en\/wp-json\/wp\/v2\/types\/post"}],"author":[{"embeddable":true,"href":"https:\/\/www.qwien.at\/en\/wp-json\/wp\/v2\/users\/4"}],"replies":[{"embeddable":true,"href":"https:\/\/www.qwien.at\/en\/wp-json\/wp\/v2\/comments?post=10915"}],"version-history":[{"count":0,"href":"https:\/\/www.qwien.at\/en\/wp-json\/wp\/v2\/posts\/10915\/revisions"}],"wp:featuredmedia":[{"embeddable":true,"href":"https:\/\/www.qwien.at\/en\/wp-json\/wp\/v2\/media\/10021"}],"wp:attachment":[{"href":"https:\/\/www.qwien.at\/en\/wp-json\/wp\/v2\/media?parent=10915"}],"wp:term":[{"taxonomy":"category","embeddable":true,"href":"https:\/\/www.qwien.at\/en\/wp-json\/wp\/v2\/categories?post=10915"},{"taxonomy":"post_tag","embeddable":true,"href":"https:\/\/www.qwien.at\/en\/wp-json\/wp\/v2\/tags?post=10915"}],"curies":[{"name":"wp","href":"https:\/\/api.w.org\/{rel}","templated":true}]}}