{"id":10916,"date":"2025-07-15T21:37:18","date_gmt":"2025-07-15T19:37:18","guid":{"rendered":"https:\/\/www.qwien.at\/nicht-kategorisiert\/oeffnungszeiten-waehrend-der-feiertage\/"},"modified":"2025-07-15T21:37:18","modified_gmt":"2025-07-15T19:37:18","slug":"oeffnungszeiten-waehrend-der-feiertage","status":"publish","type":"post","link":"https:\/\/www.qwien.at\/en\/qwien\/oeffnungszeiten-waehrend-der-feiertage\/","title":{"rendered":"\u00d6ffnungszeiten w\u00e4hrend der Feiertage"},"content":{"rendered":"\n<p><strong><em>Nach einem aufregenden und anstrengenden Jahr g\u00f6nnen wir uns ein paar Tage Pause. Qwien Bibliothek und Archiv sind f\u00fcr Ben\u00fctzer:innen von 23. 12. 2024 bis 7. 1. 2025 geschlossen. <\/em><\/strong><\/p>\n\n\n\n<p>Im neuen Jahr sind wir wieder Dienstag bis Freitag von 10.00 bis 18.00 Uhr f\u00fcr euch da. 2025 stehen auch weitere Neuerungen bei Qwien ins Haus: Im Mai 2025 er\u00f6ffnen wir unsere erste Ausstellung und ab dann gibt es auch einen Veranstaltungsraum f\u00fcr queere Lesungen, Diskussion und Pr\u00e4sentationen. <\/p>\n","protected":false},"excerpt":{"rendered":"<p>Nach einem aufregenden und anstrengenden Jahr g\u00f6nnen wir uns ein paar Tage Pause. Qwien Bibliothek und Archiv sind f\u00fcr Ben\u00fctzer:innen von 23. 12. 2024 bis 7. 1. 2025 geschlossen. Im neuen Jahr sind wir wieder Dienstag bis Freitag von 10.00 bis 18.00 Uhr f\u00fcr euch da. 2025 stehen auch weitere Neuerungen bei Qwien ins Haus: [&hellip;]<\/p>\n","protected":false},"author":4,"featured_media":10028,"comment_status":"closed","ping_status":"open","sticky":false,"template":"","format":"standard","meta":{"_acf_changed":false,"footnotes":""},"categories":[272,276],"tags":[],"class_list":["post-10916","post","type-post","status-publish","format-standard","has-post-thumbnail","hentry","category-qwien","category-webarchive","grve-entry-item","grve-blog-item"],"acf":[],"yoast_head":"<!-- This site is optimized with the Yoast SEO plugin v27.5 - https:\/\/yoast.com\/product\/yoast-seo-wordpress\/ -->\n<title>\u00d6ffnungszeiten w\u00e4hrend der Feiertage - Blog - Qwien - Zentrum f\u00fcr queere Geschichte<\/title>\n<meta name=\"robots\" content=\"index, follow, max-snippet:-1, max-image-preview:large, max-video-preview:-1\" \/>\n<link rel=\"canonical\" href=\"https:\/\/www.qwien.at\/en\/qwien\/oeffnungszeiten-waehrend-der-feiertage\/\" \/>\n<meta property=\"og:locale\" content=\"en_US\" \/>\n<meta property=\"og:type\" content=\"article\" \/>\n<meta property=\"og:title\" content=\"\u00d6ffnungszeiten w\u00e4hrend der Feiertage - Blog - Qwien - Zentrum f\u00fcr queere Geschichte\" \/>\n<meta property=\"og:description\" content=\"Nach einem aufregenden und anstrengenden Jahr g\u00f6nnen wir uns ein paar Tage Pause. Qwien Bibliothek und Archiv sind f\u00fcr Ben\u00fctzer:innen von 23. 12. 2024 bis 7. 1. 2025 geschlossen. Im neuen Jahr sind wir wieder Dienstag bis Freitag von 10.00 bis 18.00 Uhr f\u00fcr euch da. 2025 stehen auch weitere Neuerungen bei Qwien ins Haus: [&hellip;]\" \/>\n<meta property=\"og:url\" content=\"https:\/\/www.qwien.at\/en\/qwien\/oeffnungszeiten-waehrend-der-feiertage\/\" \/>\n<meta property=\"og:site_name\" content=\"Qwien - Zentrum f\u00fcr queere Geschichte\" \/>\n<meta property=\"article:published_time\" content=\"2025-07-15T19:37:18+00:00\" \/>\n<meta property=\"og:image\" content=\"https:\/\/www.qwien.at\/wp-content\/uploads\/2025\/06\/seo-yoast-1.png\" \/>\n\t<meta property=\"og:image:width\" content=\"1921\" \/>\n\t<meta property=\"og:image:height\" content=\"1081\" \/>\n\t<meta property=\"og:image:type\" content=\"image\/png\" \/>\n<meta name=\"author\" content=\"Andreas Brunner\" \/>\n<meta name=\"twitter:card\" content=\"summary_large_image\" \/>\n<meta name=\"twitter:label1\" content=\"Written by\" \/>\n\t<meta name=\"twitter:data1\" content=\"Andreas Brunner\" \/>\n<script type=\"application\/ld+json\" class=\"yoast-schema-graph\">{\"@context\":\"https:\\\/\\\/schema.org\",\"@graph\":[{\"@type\":[\"Article\",\"BlogPosting\"],\"@id\":\"https:\\\/\\\/www.qwien.at\\\/en\\\/qwien\\\/oeffnungszeiten-waehrend-der-feiertage\\\/#article\",\"isPartOf\":{\"@id\":\"https:\\\/\\\/www.qwien.at\\\/en\\\/qwien\\\/oeffnungszeiten-waehrend-der-feiertage\\\/\"},\"author\":{\"name\":\"Andreas Brunner\",\"@id\":\"https:\\\/\\\/www.qwien.at\\\/en\\\/#\\\/schema\\\/person\\\/d3fe9114b43d8e5a558a6d20ca3e2920\"},\"headline\":\"\u00d6ffnungszeiten w\u00e4hrend der Feiertage\",\"datePublished\":\"2025-07-15T19:37:18+00:00\",\"mainEntityOfPage\":{\"@id\":\"https:\\\/\\\/www.qwien.at\\\/en\\\/qwien\\\/oeffnungszeiten-waehrend-der-feiertage\\\/\"},\"wordCount\":80,\"publisher\":{\"@id\":\"https:\\\/\\\/www.qwien.at\\\/en\\\/#organization\"},\"image\":{\"@id\":\"https:\\\/\\\/www.qwien.at\\\/en\\\/qwien\\\/oeffnungszeiten-waehrend-der-feiertage\\\/#primaryimage\"},\"thumbnailUrl\":\"https:\\\/\\\/www.qwien.at\\\/wp-content\\\/uploads\\\/2024\\\/12\\\/Bilbliothek.jpg\",\"articleSection\":[\"Qwien\",\"Webarchiv\"],\"inLanguage\":\"en-US\"},{\"@type\":\"WebPage\",\"@id\":\"https:\\\/\\\/www.qwien.at\\\/en\\\/qwien\\\/oeffnungszeiten-waehrend-der-feiertage\\\/\",\"url\":\"https:\\\/\\\/www.qwien.at\\\/en\\\/qwien\\\/oeffnungszeiten-waehrend-der-feiertage\\\/\",\"name\":\"\u00d6ffnungszeiten w\u00e4hrend der Feiertage - Blog - Qwien - Zentrum f\u00fcr queere Geschichte\",\"isPartOf\":{\"@id\":\"https:\\\/\\\/www.qwien.at\\\/en\\\/#website\"},\"primaryImageOfPage\":{\"@id\":\"https:\\\/\\\/www.qwien.at\\\/en\\\/qwien\\\/oeffnungszeiten-waehrend-der-feiertage\\\/#primaryimage\"},\"image\":{\"@id\":\"https:\\\/\\\/www.qwien.at\\\/en\\\/qwien\\\/oeffnungszeiten-waehrend-der-feiertage\\\/#primaryimage\"},\"thumbnailUrl\":\"https:\\\/\\\/www.qwien.at\\\/wp-content\\\/uploads\\\/2024\\\/12\\\/Bilbliothek.jpg\",\"datePublished\":\"2025-07-15T19:37:18+00:00\",\"breadcrumb\":{\"@id\":\"https:\\\/\\\/www.qwien.at\\\/en\\\/qwien\\\/oeffnungszeiten-waehrend-der-feiertage\\\/#breadcrumb\"},\"inLanguage\":\"en-US\",\"potentialAction\":[{\"@type\":\"ReadAction\",\"target\":[\"https:\\\/\\\/www.qwien.at\\\/en\\\/qwien\\\/oeffnungszeiten-waehrend-der-feiertage\\\/\"]}]},{\"@type\":\"ImageObject\",\"inLanguage\":\"en-US\",\"@id\":\"https:\\\/\\\/www.qwien.at\\\/en\\\/qwien\\\/oeffnungszeiten-waehrend-der-feiertage\\\/#primaryimage\",\"url\":\"https:\\\/\\\/www.qwien.at\\\/wp-content\\\/uploads\\\/2024\\\/12\\\/Bilbliothek.jpg\",\"contentUrl\":\"https:\\\/\\\/www.qwien.at\\\/wp-content\\\/uploads\\\/2024\\\/12\\\/Bilbliothek.jpg\",\"width\":2016,\"height\":1512},{\"@type\":\"BreadcrumbList\",\"@id\":\"https:\\\/\\\/www.qwien.at\\\/en\\\/qwien\\\/oeffnungszeiten-waehrend-der-feiertage\\\/#breadcrumb\",\"itemListElement\":[{\"@type\":\"ListItem\",\"position\":1,\"name\":\"Startseite\",\"item\":\"https:\\\/\\\/www.qwien.at\\\/en\\\/\"},{\"@type\":\"ListItem\",\"position\":2,\"name\":\"\u00d6ffnungszeiten w\u00e4hrend der Feiertage\"}]},{\"@type\":\"WebSite\",\"@id\":\"https:\\\/\\\/www.qwien.at\\\/en\\\/#website\",\"url\":\"https:\\\/\\\/www.qwien.at\\\/en\\\/\",\"name\":\"Qwien - Zentrum f\u00fcr queere Geschichte\",\"description\":\"\",\"publisher\":{\"@id\":\"https:\\\/\\\/www.qwien.at\\\/en\\\/#organization\"},\"potentialAction\":[{\"@type\":\"SearchAction\",\"target\":{\"@type\":\"EntryPoint\",\"urlTemplate\":\"https:\\\/\\\/www.qwien.at\\\/en\\\/?s={search_term_string}\"},\"query-input\":{\"@type\":\"PropertyValueSpecification\",\"valueRequired\":true,\"valueName\":\"search_term_string\"}}],\"inLanguage\":\"en-US\"},{\"@type\":\"Organization\",\"@id\":\"https:\\\/\\\/www.qwien.at\\\/en\\\/#organization\",\"name\":\"Qwien\",\"url\":\"https:\\\/\\\/www.qwien.at\\\/en\\\/\",\"logo\":{\"@type\":\"ImageObject\",\"inLanguage\":\"en-US\",\"@id\":\"https:\\\/\\\/www.qwien.at\\\/en\\\/#\\\/schema\\\/logo\\\/image\\\/\",\"url\":\"https:\\\/\\\/www.qwien.at\\\/wp-content\\\/uploads\\\/2025\\\/06\\\/seo-yoast-2.png\",\"contentUrl\":\"https:\\\/\\\/www.qwien.at\\\/wp-content\\\/uploads\\\/2025\\\/06\\\/seo-yoast-2.png\",\"width\":697,\"height\":697,\"caption\":\"Qwien\"},\"image\":{\"@id\":\"https:\\\/\\\/www.qwien.at\\\/en\\\/#\\\/schema\\\/logo\\\/image\\\/\"},\"sameAs\":[\"https:\\\/\\\/www.instagram.com\\\/qwien.zentrum\\\/\"]},{\"@type\":\"Person\",\"@id\":\"https:\\\/\\\/www.qwien.at\\\/en\\\/#\\\/schema\\\/person\\\/d3fe9114b43d8e5a558a6d20ca3e2920\",\"name\":\"Andreas Brunner\"}]}<\/script>\n<!-- \/ Yoast SEO plugin. -->","yoast_head_json":{"title":"\u00d6ffnungszeiten w\u00e4hrend der Feiertage - Blog - Qwien - Zentrum f\u00fcr queere Geschichte","robots":{"index":"index","follow":"follow","max-snippet":"max-snippet:-1","max-image-preview":"max-image-preview:large","max-video-preview":"max-video-preview:-1"},"canonical":"https:\/\/www.qwien.at\/en\/qwien\/oeffnungszeiten-waehrend-der-feiertage\/","og_locale":"en_US","og_type":"article","og_title":"\u00d6ffnungszeiten w\u00e4hrend der Feiertage - Blog - Qwien - Zentrum f\u00fcr queere Geschichte","og_description":"Nach einem aufregenden und anstrengenden Jahr g\u00f6nnen wir uns ein paar Tage Pause. Qwien Bibliothek und Archiv sind f\u00fcr Ben\u00fctzer:innen von 23. 12. 2024 bis 7. 1. 2025 geschlossen. Im neuen Jahr sind wir wieder Dienstag bis Freitag von 10.00 bis 18.00 Uhr f\u00fcr euch da. 2025 stehen auch weitere Neuerungen bei Qwien ins Haus: [&hellip;]","og_url":"https:\/\/www.qwien.at\/en\/qwien\/oeffnungszeiten-waehrend-der-feiertage\/","og_site_name":"Qwien - Zentrum f\u00fcr queere Geschichte","article_published_time":"2025-07-15T19:37:18+00:00","og_image":[{"width":1921,"height":1081,"url":"https:\/\/www.qwien.at\/wp-content\/uploads\/2025\/06\/seo-yoast-1.png","type":"image\/png"}],"author":"Andreas Brunner","twitter_card":"summary_large_image","twitter_misc":{"Written by":"Andreas Brunner"},"schema":{"@context":"https:\/\/schema.org","@graph":[{"@type":["Article","BlogPosting"],"@id":"https:\/\/www.qwien.at\/en\/qwien\/oeffnungszeiten-waehrend-der-feiertage\/#article","isPartOf":{"@id":"https:\/\/www.qwien.at\/en\/qwien\/oeffnungszeiten-waehrend-der-feiertage\/"},"author":{"name":"Andreas Brunner","@id":"https:\/\/www.qwien.at\/en\/#\/schema\/person\/d3fe9114b43d8e5a558a6d20ca3e2920"},"headline":"\u00d6ffnungszeiten w\u00e4hrend der Feiertage","datePublished":"2025-07-15T19:37:18+00:00","mainEntityOfPage":{"@id":"https:\/\/www.qwien.at\/en\/qwien\/oeffnungszeiten-waehrend-der-feiertage\/"},"wordCount":80,"publisher":{"@id":"https:\/\/www.qwien.at\/en\/#organization"},"image":{"@id":"https:\/\/www.qwien.at\/en\/qwien\/oeffnungszeiten-waehrend-der-feiertage\/#primaryimage"},"thumbnailUrl":"https:\/\/www.qwien.at\/wp-content\/uploads\/2024\/12\/Bilbliothek.jpg","articleSection":["Qwien","Webarchiv"],"inLanguage":"en-US"},{"@type":"WebPage","@id":"https:\/\/www.qwien.at\/en\/qwien\/oeffnungszeiten-waehrend-der-feiertage\/","url":"https:\/\/www.qwien.at\/en\/qwien\/oeffnungszeiten-waehrend-der-feiertage\/","name":"\u00d6ffnungszeiten w\u00e4hrend der Feiertage - Blog - Qwien - Zentrum f\u00fcr queere Geschichte","isPartOf":{"@id":"https:\/\/www.qwien.at\/en\/#website"},"primaryImageOfPage":{"@id":"https:\/\/www.qwien.at\/en\/qwien\/oeffnungszeiten-waehrend-der-feiertage\/#primaryimage"},"image":{"@id":"https:\/\/www.qwien.at\/en\/qwien\/oeffnungszeiten-waehrend-der-feiertage\/#primaryimage"},"thumbnailUrl":"https:\/\/www.qwien.at\/wp-content\/uploads\/2024\/12\/Bilbliothek.jpg","datePublished":"2025-07-15T19:37:18+00:00","breadcrumb":{"@id":"https:\/\/www.qwien.at\/en\/qwien\/oeffnungszeiten-waehrend-der-feiertage\/#breadcrumb"},"inLanguage":"en-US","potentialAction":[{"@type":"ReadAction","target":["https:\/\/www.qwien.at\/en\/qwien\/oeffnungszeiten-waehrend-der-feiertage\/"]}]},{"@type":"ImageObject","inLanguage":"en-US","@id":"https:\/\/www.qwien.at\/en\/qwien\/oeffnungszeiten-waehrend-der-feiertage\/#primaryimage","url":"https:\/\/www.qwien.at\/wp-content\/uploads\/2024\/12\/Bilbliothek.jpg","contentUrl":"https:\/\/www.qwien.at\/wp-content\/uploads\/2024\/12\/Bilbliothek.jpg","width":2016,"height":1512},{"@type":"BreadcrumbList","@id":"https:\/\/www.qwien.at\/en\/qwien\/oeffnungszeiten-waehrend-der-feiertage\/#breadcrumb","itemListElement":[{"@type":"ListItem","position":1,"name":"Startseite","item":"https:\/\/www.qwien.at\/en\/"},{"@type":"ListItem","position":2,"name":"\u00d6ffnungszeiten w\u00e4hrend der Feiertage"}]},{"@type":"WebSite","@id":"https:\/\/www.qwien.at\/en\/#website","url":"https:\/\/www.qwien.at\/en\/","name":"Qwien - Zentrum f\u00fcr queere Geschichte","description":"","publisher":{"@id":"https:\/\/www.qwien.at\/en\/#organization"},"potentialAction":[{"@type":"SearchAction","target":{"@type":"EntryPoint","urlTemplate":"https:\/\/www.qwien.at\/en\/?s={search_term_string}"},"query-input":{"@type":"PropertyValueSpecification","valueRequired":true,"valueName":"search_term_string"}}],"inLanguage":"en-US"},{"@type":"Organization","@id":"https:\/\/www.qwien.at\/en\/#organization","name":"Qwien","url":"https:\/\/www.qwien.at\/en\/","logo":{"@type":"ImageObject","inLanguage":"en-US","@id":"https:\/\/www.qwien.at\/en\/#\/schema\/logo\/image\/","url":"https:\/\/www.qwien.at\/wp-content\/uploads\/2025\/06\/seo-yoast-2.png","contentUrl":"https:\/\/www.qwien.at\/wp-content\/uploads\/2025\/06\/seo-yoast-2.png","width":697,"height":697,"caption":"Qwien"},"image":{"@id":"https:\/\/www.qwien.at\/en\/#\/schema\/logo\/image\/"},"sameAs":["https:\/\/www.instagram.com\/qwien.zentrum\/"]},{"@type":"Person","@id":"https:\/\/www.qwien.at\/en\/#\/schema\/person\/d3fe9114b43d8e5a558a6d20ca3e2920","name":"Andreas Brunner"}]}},"_links":{"self":[{"href":"https:\/\/www.qwien.at\/en\/wp-json\/wp\/v2\/posts\/10916","targetHints":{"allow":["GET"]}}],"collection":[{"href":"https:\/\/www.qwien.at\/en\/wp-json\/wp\/v2\/posts"}],"about":[{"href":"https:\/\/www.qwien.at\/en\/wp-json\/wp\/v2\/types\/post"}],"author":[{"embeddable":true,"href":"https:\/\/www.qwien.at\/en\/wp-json\/wp\/v2\/users\/4"}],"replies":[{"embeddable":true,"href":"https:\/\/www.qwien.at\/en\/wp-json\/wp\/v2\/comments?post=10916"}],"version-history":[{"count":0,"href":"https:\/\/www.qwien.at\/en\/wp-json\/wp\/v2\/posts\/10916\/revisions"}],"wp:featuredmedia":[{"embeddable":true,"href":"https:\/\/www.qwien.at\/en\/wp-json\/wp\/v2\/media\/10028"}],"wp:attachment":[{"href":"https:\/\/www.qwien.at\/en\/wp-json\/wp\/v2\/media?parent=10916"}],"wp:term":[{"taxonomy":"category","embeddable":true,"href":"https:\/\/www.qwien.at\/en\/wp-json\/wp\/v2\/categories?post=10916"},{"taxonomy":"post_tag","embeddable":true,"href":"https:\/\/www.qwien.at\/en\/wp-json\/wp\/v2\/tags?post=10916"}],"curies":[{"name":"wp","href":"https:\/\/api.w.org\/{rel}","templated":true}]}}