{"id":10919,"date":"2025-07-15T21:37:18","date_gmt":"2025-07-15T19:37:18","guid":{"rendered":"https:\/\/www.qwien.at\/nicht-kategorisiert\/ein-jahrbuch-feiert-jubilaeum\/"},"modified":"2025-07-15T21:37:18","modified_gmt":"2025-07-15T19:37:18","slug":"ein-jahrbuch-feiert-jubilaeum","status":"publish","type":"post","link":"https:\/\/www.qwien.at\/en\/qwien-books\/ein-jahrbuch-feiert-jubilaeum\/","title":{"rendered":"Ein Jahrbuch feiert Jubil\u00e4um"},"content":{"rendered":"\n<p><strong><em>Das Jahrbuch f\u00fcr die Geschichte der Homosexualit\u00e4ten Invertito feiert die 25. Ausgabe mit einem Schwerpunkt auf die queere Geschichte Osteuropas. Tara Prochaska bespricht die vielf\u00e4ltigen Beitr\u00e4ge.<\/em><\/strong><\/p>\n\n\n\n<p><strong>Mikrohistorische Beitr\u00e4ge<\/strong><\/p>\n\n\n\n<p>Im ersten Abschnitt befassen sich f\u00fcnf Autor:innen aus Polen, Ungarn, Lettland, Tschechien und der Ukraine mit verschiedenen Aspekten queerer Geschichte im osteurop\u00e4ischen Raum. Vier dieser Beitr\u00e4ge befassen sich mit mikrohistorischen Auseinandersetzungen einzelner Biografien und Lebenswerke. Die Tageb\u00fccher des Letten Kaspar Aleksandr Irbes dienen als Hauptquelle f\u00fcr Ineta Lipsas Betrachtung m\u00e4nnlich homosexueller Subkulturen&nbsp; in und um Riga zur Zeit des sp\u00e4ten Stalinismus. Lipsa rekonstruiert urbane, schwule Lebenswelten und ihre Bedeutung f\u00fcr \u00f6ffentliches Leben in Lettland. Neue Kommunikationsm\u00f6glichkeiten, Cruising und \u00f6ffentliche Sexualpraktiken trugen zur Entstehung einer vielseitigen Sexualkultur bei.<\/p>\n\n\n\n<p>Denisa V\u00eddenska situiert das Lebenswerk der tschechischen Autorin L\u00edda Merl\u00ednov\u00e1 im Kontext der tschechoslowakischen Gesellschaft der 1930er Jahre und nimmt dadurch Bezug auf wissenschaftliche und juristische Prozesse im Bereich nicht-heterosexueller Sexualit\u00e4ten. Merl\u00ednov\u00e1, welche in ihren Schriften h\u00e4ufig lesbischen Erfahrungen beschreibt, weist dadurch nicht nur auf die zeitgen\u00f6ssische Stellung weiblicher Homosexualit\u00e4ten, sondern auch ihr Selbstverst\u00e4ndnis als \u201einvertiere\u201c Person, welche mit Einsamkeit, Entfremdung und gesellschaftlichen Stigmas zu k\u00e4mpfen hatte, hin.<\/p>\n\n\n\n<p>Im dritten mikrohistorischen Beitrag steht der polnische Partisan Adam Gawron im Mittelpunkt. In Hinsicht auf seine Biographie und Nachlass diskutiert Joanna Ostrowska die Bedeutung von Archiven, privaten Sammlungen von Fotografie und historischen Quellen zu queeren Geschichten in Polen. Anhand ihrer eigenen Recherche zeigt sie die dringende Notwendigkeit von alternativen Zug\u00e4ngen und dem Aufbrechen alter Forschungstraditionen f\u00fcr queere Geschichte auf.&nbsp;<\/p>\n\n\n\n<p>Auch Hans P. Soetaert r\u00fcckt eine Einzelperson in das Zentrum seiner Forschung. Die drei Monate, welche der franz\u00f6sische Schriftsteller Jean Genet 1937 in Brno verbrachte, skizziert Soetaert durch tschechische Archivquellen. Heteronormative Ansichten auf Genets Leben sollen durch genauere Betrachtung dekonstruiert werden.<\/p>\n\n\n\n<p><strong>Erinnerungskultur<\/strong><\/p>\n\n\n\n<p>Im abschlie\u00dfenden Beitrag des Abschnitts zum Schwerpunktthema erz\u00e4hlt Lutz van Dijk von seinen Wahrnehmungen zum Erinnern in Polen in Bezug auf queere Geschichte zwischen 1939 und 2024. Mit pers\u00f6nlichen Einblicken in die Erinnerungskultur des Landes und Perspektiven auf aktuelle politische Entwicklungen sieht van Dijk vor allem Hoffnung und Resilienz f\u00fcr queeres Erinnern in Polen.<\/p>\n\n\n\n<p>Es folgen vier Artikel, welche sich vom Schwerpunkt der Publikation abheben. Der Deutsche Bundestag gedachte am 27. J\u00e4nner 2023 erstmals den queeren Opfern des Nationalsozialismus. Zwei Redebeitr\u00e4ge der Gedenkveranstaltung wurden von Lutz van Dijk transkribiert.<br>Manfred Herzer-Wigglesworths Beitrag hinterfragt drei Arbeiten zu dem Sexologen Magnus Hirschfeld kritisch. Dabei ist die Frage, inwiefern dessen Lebenswerk als rassistisch einzuordnen ist, zentral. Den Abschluss bilden Elena Barta mit einer gedruckten Version ihrer Festrede zum Jubil\u00e4um der <em>Lesben Informations- und Beratungsstelle e.V.<\/em> und Jakob Michelsen und Moritz Terfloth mit einem Nachruf des Medi\u00e4visten und Schwulenaktivisten Bernd-Ulrich Hergem\u00f6ller.<\/p>\n\n\n\n<p><strong>Rezensionen<\/strong><\/p>\n\n\n\n<p>Wie immer beinhaltet diese Ausgabe des Jahrbuches auch einige Rezensionen zu queerhistorischen Werken, darunter auch der Sammelband <em>Queer Vienna: Einblicke in ein Bewegungsarchiv<\/em> herausgegeben von Sebastian Felten und den Qwien Co-Leitern Andreas Brunner und Hannes Sulzenbacher.<\/p>\n\n\n\n<p><a><\/a>Zum 25. Jubil\u00e4um r\u00fcckt <em>Invertito<\/em> mit der queeren Geschichte Osteuropas ein Thema in den Vordergrund, welches von der westlich-zentrierten Geschichtsschreibung lange Zeit wenig Aufmerksamkeit erhielt. Von Einzelbiographien bis hin zu Erinnerungskulturen bietet diese Ausgabe vielf\u00e4ltige Einblicke in diesen Bereich der Geschichte. In Anbetracht auf den \u00dcberfall Russlands auf die Ukraine im Februar 2022 und der damit verbundenen Bedrohung f\u00fcr Aktivist:innen und Zeitzeug:innen unterstreicht <em>Invertito<\/em> nochmals die Relevanz dieser Forschungsarbeit im Vorwort der Publikation.<\/p>\n\n\n\n<p><strong>INVERTITO. Jahrbuch f\u00fcr die Geschichte der Homosexualit\u00e4ten. 25. Jahrgang 2023. Beitr\u00e4ge zur queeren Geschichte Osteuropas<\/strong>.<strong> Berlin: M\u00e4nnerschwarm 2024 <\/strong>(erh\u00e4ltlich bei <a href=\"https:\/\/www.loewenherz.at\/index_lw_nr.php?LWNR=24276\">L\u00f6wenherz<\/a>)<\/p>\n","protected":false},"excerpt":{"rendered":"<p>Das Jahrbuch f\u00fcr die Geschichte der Homosexualit\u00e4ten Invertito feiert die 25. Ausgabe mit einem Schwerpunkt auf die queere Geschichte Osteuropas. Tara Prochaska bespricht die vielf\u00e4ltigen Beitr\u00e4ge. Mikrohistorische Beitr\u00e4ge Im ersten Abschnitt befassen sich f\u00fcnf Autor:innen aus Polen, Ungarn, Lettland, Tschechien und der Ukraine mit verschiedenen Aspekten queerer Geschichte im osteurop\u00e4ischen Raum. Vier dieser Beitr\u00e4ge befassen [&hellip;]<\/p>\n","protected":false},"author":4,"featured_media":10031,"comment_status":"closed","ping_status":"open","sticky":false,"template":"","format":"standard","meta":{"_acf_changed":false,"footnotes":""},"categories":[267,271],"tags":[303,305,308,309,304],"class_list":["post-10919","post","type-post","status-publish","format-standard","has-post-thumbnail","hentry","category-qwien-books","category-literature-archive","tag-geschichte","tag-homosexualitaet","tag-osteuropa","tag-polen","tag-rezension","grve-entry-item","grve-blog-item"],"acf":[],"yoast_head":"<!-- This site is optimized with the Yoast SEO plugin v27.5 - https:\/\/yoast.com\/product\/yoast-seo-wordpress\/ -->\n<title>Ein Jahrbuch feiert Jubil\u00e4um - Blog - Qwien - Zentrum f\u00fcr queere Geschichte<\/title>\n<meta name=\"robots\" content=\"index, follow, max-snippet:-1, max-image-preview:large, max-video-preview:-1\" \/>\n<link rel=\"canonical\" href=\"https:\/\/www.qwien.at\/en\/qwien-books\/ein-jahrbuch-feiert-jubilaeum\/\" \/>\n<meta property=\"og:locale\" content=\"en_US\" \/>\n<meta property=\"og:type\" content=\"article\" \/>\n<meta property=\"og:title\" content=\"Ein Jahrbuch feiert Jubil\u00e4um - Blog - Qwien - Zentrum f\u00fcr queere Geschichte\" \/>\n<meta property=\"og:description\" content=\"Das Jahrbuch f\u00fcr die Geschichte der Homosexualit\u00e4ten Invertito feiert die 25. Ausgabe mit einem Schwerpunkt auf die queere Geschichte Osteuropas. Tara Prochaska bespricht die vielf\u00e4ltigen Beitr\u00e4ge. Mikrohistorische Beitr\u00e4ge Im ersten Abschnitt befassen sich f\u00fcnf Autor:innen aus Polen, Ungarn, Lettland, Tschechien und der Ukraine mit verschiedenen Aspekten queerer Geschichte im osteurop\u00e4ischen Raum. Vier dieser Beitr\u00e4ge befassen [&hellip;]\" \/>\n<meta property=\"og:url\" content=\"https:\/\/www.qwien.at\/en\/qwien-books\/ein-jahrbuch-feiert-jubilaeum\/\" \/>\n<meta property=\"og:site_name\" content=\"Qwien - Zentrum f\u00fcr queere Geschichte\" \/>\n<meta property=\"article:published_time\" content=\"2025-07-15T19:37:18+00:00\" \/>\n<meta property=\"og:image\" content=\"https:\/\/www.qwien.at\/wp-content\/uploads\/2025\/06\/seo-yoast-1.png\" \/>\n\t<meta property=\"og:image:width\" content=\"1921\" \/>\n\t<meta property=\"og:image:height\" content=\"1081\" \/>\n\t<meta property=\"og:image:type\" content=\"image\/png\" \/>\n<meta name=\"author\" content=\"Andreas Brunner\" \/>\n<meta name=\"twitter:card\" content=\"summary_large_image\" \/>\n<meta name=\"twitter:label1\" content=\"Written by\" \/>\n\t<meta name=\"twitter:data1\" content=\"Andreas Brunner\" \/>\n\t<meta name=\"twitter:label2\" content=\"Est. reading time\" \/>\n\t<meta name=\"twitter:data2\" content=\"3 minutes\" \/>\n<script type=\"application\/ld+json\" class=\"yoast-schema-graph\">{\"@context\":\"https:\\\/\\\/schema.org\",\"@graph\":[{\"@type\":[\"Article\",\"BlogPosting\"],\"@id\":\"https:\\\/\\\/www.qwien.at\\\/en\\\/qwien-books\\\/ein-jahrbuch-feiert-jubilaeum\\\/#article\",\"isPartOf\":{\"@id\":\"https:\\\/\\\/www.qwien.at\\\/en\\\/qwien-books\\\/ein-jahrbuch-feiert-jubilaeum\\\/\"},\"author\":{\"name\":\"Andreas Brunner\",\"@id\":\"https:\\\/\\\/www.qwien.at\\\/en\\\/#\\\/schema\\\/person\\\/d3fe9114b43d8e5a558a6d20ca3e2920\"},\"headline\":\"Ein Jahrbuch feiert Jubil\u00e4um\",\"datePublished\":\"2025-07-15T19:37:18+00:00\",\"mainEntityOfPage\":{\"@id\":\"https:\\\/\\\/www.qwien.at\\\/en\\\/qwien-books\\\/ein-jahrbuch-feiert-jubilaeum\\\/\"},\"wordCount\":609,\"publisher\":{\"@id\":\"https:\\\/\\\/www.qwien.at\\\/en\\\/#organization\"},\"image\":{\"@id\":\"https:\\\/\\\/www.qwien.at\\\/en\\\/qwien-books\\\/ein-jahrbuch-feiert-jubilaeum\\\/#primaryimage\"},\"thumbnailUrl\":\"https:\\\/\\\/www.qwien.at\\\/wp-content\\\/uploads\\\/2025\\\/01\\\/COVER-Invertito-25-Ausschnitt.jpg\",\"keywords\":[\"Geschichte\",\"Homosexualit\u00e4t\",\"Osteuropa\",\"Polen\",\"Rezension\"],\"articleSection\":[\"Books\",\"Literature archive\"],\"inLanguage\":\"en-US\"},{\"@type\":\"WebPage\",\"@id\":\"https:\\\/\\\/www.qwien.at\\\/en\\\/qwien-books\\\/ein-jahrbuch-feiert-jubilaeum\\\/\",\"url\":\"https:\\\/\\\/www.qwien.at\\\/en\\\/qwien-books\\\/ein-jahrbuch-feiert-jubilaeum\\\/\",\"name\":\"Ein Jahrbuch feiert Jubil\u00e4um - Blog - Qwien - Zentrum f\u00fcr queere Geschichte\",\"isPartOf\":{\"@id\":\"https:\\\/\\\/www.qwien.at\\\/en\\\/#website\"},\"primaryImageOfPage\":{\"@id\":\"https:\\\/\\\/www.qwien.at\\\/en\\\/qwien-books\\\/ein-jahrbuch-feiert-jubilaeum\\\/#primaryimage\"},\"image\":{\"@id\":\"https:\\\/\\\/www.qwien.at\\\/en\\\/qwien-books\\\/ein-jahrbuch-feiert-jubilaeum\\\/#primaryimage\"},\"thumbnailUrl\":\"https:\\\/\\\/www.qwien.at\\\/wp-content\\\/uploads\\\/2025\\\/01\\\/COVER-Invertito-25-Ausschnitt.jpg\",\"datePublished\":\"2025-07-15T19:37:18+00:00\",\"breadcrumb\":{\"@id\":\"https:\\\/\\\/www.qwien.at\\\/en\\\/qwien-books\\\/ein-jahrbuch-feiert-jubilaeum\\\/#breadcrumb\"},\"inLanguage\":\"en-US\",\"potentialAction\":[{\"@type\":\"ReadAction\",\"target\":[\"https:\\\/\\\/www.qwien.at\\\/en\\\/qwien-books\\\/ein-jahrbuch-feiert-jubilaeum\\\/\"]}]},{\"@type\":\"ImageObject\",\"inLanguage\":\"en-US\",\"@id\":\"https:\\\/\\\/www.qwien.at\\\/en\\\/qwien-books\\\/ein-jahrbuch-feiert-jubilaeum\\\/#primaryimage\",\"url\":\"https:\\\/\\\/www.qwien.at\\\/wp-content\\\/uploads\\\/2025\\\/01\\\/COVER-Invertito-25-Ausschnitt.jpg\",\"contentUrl\":\"https:\\\/\\\/www.qwien.at\\\/wp-content\\\/uploads\\\/2025\\\/01\\\/COVER-Invertito-25-Ausschnitt.jpg\",\"width\":667,\"height\":437},{\"@type\":\"BreadcrumbList\",\"@id\":\"https:\\\/\\\/www.qwien.at\\\/en\\\/qwien-books\\\/ein-jahrbuch-feiert-jubilaeum\\\/#breadcrumb\",\"itemListElement\":[{\"@type\":\"ListItem\",\"position\":1,\"name\":\"Startseite\",\"item\":\"https:\\\/\\\/www.qwien.at\\\/en\\\/\"},{\"@type\":\"ListItem\",\"position\":2,\"name\":\"Ein Jahrbuch feiert Jubil\u00e4um\"}]},{\"@type\":\"WebSite\",\"@id\":\"https:\\\/\\\/www.qwien.at\\\/en\\\/#website\",\"url\":\"https:\\\/\\\/www.qwien.at\\\/en\\\/\",\"name\":\"Qwien - Zentrum f\u00fcr queere Geschichte\",\"description\":\"\",\"publisher\":{\"@id\":\"https:\\\/\\\/www.qwien.at\\\/en\\\/#organization\"},\"potentialAction\":[{\"@type\":\"SearchAction\",\"target\":{\"@type\":\"EntryPoint\",\"urlTemplate\":\"https:\\\/\\\/www.qwien.at\\\/en\\\/?s={search_term_string}\"},\"query-input\":{\"@type\":\"PropertyValueSpecification\",\"valueRequired\":true,\"valueName\":\"search_term_string\"}}],\"inLanguage\":\"en-US\"},{\"@type\":\"Organization\",\"@id\":\"https:\\\/\\\/www.qwien.at\\\/en\\\/#organization\",\"name\":\"Qwien\",\"url\":\"https:\\\/\\\/www.qwien.at\\\/en\\\/\",\"logo\":{\"@type\":\"ImageObject\",\"inLanguage\":\"en-US\",\"@id\":\"https:\\\/\\\/www.qwien.at\\\/en\\\/#\\\/schema\\\/logo\\\/image\\\/\",\"url\":\"https:\\\/\\\/www.qwien.at\\\/wp-content\\\/uploads\\\/2025\\\/06\\\/seo-yoast-2.png\",\"contentUrl\":\"https:\\\/\\\/www.qwien.at\\\/wp-content\\\/uploads\\\/2025\\\/06\\\/seo-yoast-2.png\",\"width\":697,\"height\":697,\"caption\":\"Qwien\"},\"image\":{\"@id\":\"https:\\\/\\\/www.qwien.at\\\/en\\\/#\\\/schema\\\/logo\\\/image\\\/\"},\"sameAs\":[\"https:\\\/\\\/www.instagram.com\\\/qwien.zentrum\\\/\"]},{\"@type\":\"Person\",\"@id\":\"https:\\\/\\\/www.qwien.at\\\/en\\\/#\\\/schema\\\/person\\\/d3fe9114b43d8e5a558a6d20ca3e2920\",\"name\":\"Andreas Brunner\"}]}<\/script>\n<!-- \/ Yoast SEO plugin. -->","yoast_head_json":{"title":"Ein Jahrbuch feiert Jubil\u00e4um - Blog - Qwien - Zentrum f\u00fcr queere Geschichte","robots":{"index":"index","follow":"follow","max-snippet":"max-snippet:-1","max-image-preview":"max-image-preview:large","max-video-preview":"max-video-preview:-1"},"canonical":"https:\/\/www.qwien.at\/en\/qwien-books\/ein-jahrbuch-feiert-jubilaeum\/","og_locale":"en_US","og_type":"article","og_title":"Ein Jahrbuch feiert Jubil\u00e4um - Blog - Qwien - Zentrum f\u00fcr queere Geschichte","og_description":"Das Jahrbuch f\u00fcr die Geschichte der Homosexualit\u00e4ten Invertito feiert die 25. Ausgabe mit einem Schwerpunkt auf die queere Geschichte Osteuropas. Tara Prochaska bespricht die vielf\u00e4ltigen Beitr\u00e4ge. Mikrohistorische Beitr\u00e4ge Im ersten Abschnitt befassen sich f\u00fcnf Autor:innen aus Polen, Ungarn, Lettland, Tschechien und der Ukraine mit verschiedenen Aspekten queerer Geschichte im osteurop\u00e4ischen Raum. Vier dieser Beitr\u00e4ge befassen [&hellip;]","og_url":"https:\/\/www.qwien.at\/en\/qwien-books\/ein-jahrbuch-feiert-jubilaeum\/","og_site_name":"Qwien - Zentrum f\u00fcr queere Geschichte","article_published_time":"2025-07-15T19:37:18+00:00","og_image":[{"width":1921,"height":1081,"url":"https:\/\/www.qwien.at\/wp-content\/uploads\/2025\/06\/seo-yoast-1.png","type":"image\/png"}],"author":"Andreas Brunner","twitter_card":"summary_large_image","twitter_misc":{"Written by":"Andreas Brunner","Est. reading time":"3 minutes"},"schema":{"@context":"https:\/\/schema.org","@graph":[{"@type":["Article","BlogPosting"],"@id":"https:\/\/www.qwien.at\/en\/qwien-books\/ein-jahrbuch-feiert-jubilaeum\/#article","isPartOf":{"@id":"https:\/\/www.qwien.at\/en\/qwien-books\/ein-jahrbuch-feiert-jubilaeum\/"},"author":{"name":"Andreas Brunner","@id":"https:\/\/www.qwien.at\/en\/#\/schema\/person\/d3fe9114b43d8e5a558a6d20ca3e2920"},"headline":"Ein Jahrbuch feiert Jubil\u00e4um","datePublished":"2025-07-15T19:37:18+00:00","mainEntityOfPage":{"@id":"https:\/\/www.qwien.at\/en\/qwien-books\/ein-jahrbuch-feiert-jubilaeum\/"},"wordCount":609,"publisher":{"@id":"https:\/\/www.qwien.at\/en\/#organization"},"image":{"@id":"https:\/\/www.qwien.at\/en\/qwien-books\/ein-jahrbuch-feiert-jubilaeum\/#primaryimage"},"thumbnailUrl":"https:\/\/www.qwien.at\/wp-content\/uploads\/2025\/01\/COVER-Invertito-25-Ausschnitt.jpg","keywords":["Geschichte","Homosexualit\u00e4t","Osteuropa","Polen","Rezension"],"articleSection":["Books","Literature archive"],"inLanguage":"en-US"},{"@type":"WebPage","@id":"https:\/\/www.qwien.at\/en\/qwien-books\/ein-jahrbuch-feiert-jubilaeum\/","url":"https:\/\/www.qwien.at\/en\/qwien-books\/ein-jahrbuch-feiert-jubilaeum\/","name":"Ein Jahrbuch feiert Jubil\u00e4um - Blog - Qwien - Zentrum f\u00fcr queere Geschichte","isPartOf":{"@id":"https:\/\/www.qwien.at\/en\/#website"},"primaryImageOfPage":{"@id":"https:\/\/www.qwien.at\/en\/qwien-books\/ein-jahrbuch-feiert-jubilaeum\/#primaryimage"},"image":{"@id":"https:\/\/www.qwien.at\/en\/qwien-books\/ein-jahrbuch-feiert-jubilaeum\/#primaryimage"},"thumbnailUrl":"https:\/\/www.qwien.at\/wp-content\/uploads\/2025\/01\/COVER-Invertito-25-Ausschnitt.jpg","datePublished":"2025-07-15T19:37:18+00:00","breadcrumb":{"@id":"https:\/\/www.qwien.at\/en\/qwien-books\/ein-jahrbuch-feiert-jubilaeum\/#breadcrumb"},"inLanguage":"en-US","potentialAction":[{"@type":"ReadAction","target":["https:\/\/www.qwien.at\/en\/qwien-books\/ein-jahrbuch-feiert-jubilaeum\/"]}]},{"@type":"ImageObject","inLanguage":"en-US","@id":"https:\/\/www.qwien.at\/en\/qwien-books\/ein-jahrbuch-feiert-jubilaeum\/#primaryimage","url":"https:\/\/www.qwien.at\/wp-content\/uploads\/2025\/01\/COVER-Invertito-25-Ausschnitt.jpg","contentUrl":"https:\/\/www.qwien.at\/wp-content\/uploads\/2025\/01\/COVER-Invertito-25-Ausschnitt.jpg","width":667,"height":437},{"@type":"BreadcrumbList","@id":"https:\/\/www.qwien.at\/en\/qwien-books\/ein-jahrbuch-feiert-jubilaeum\/#breadcrumb","itemListElement":[{"@type":"ListItem","position":1,"name":"Startseite","item":"https:\/\/www.qwien.at\/en\/"},{"@type":"ListItem","position":2,"name":"Ein Jahrbuch feiert Jubil\u00e4um"}]},{"@type":"WebSite","@id":"https:\/\/www.qwien.at\/en\/#website","url":"https:\/\/www.qwien.at\/en\/","name":"Qwien - Zentrum f\u00fcr queere Geschichte","description":"","publisher":{"@id":"https:\/\/www.qwien.at\/en\/#organization"},"potentialAction":[{"@type":"SearchAction","target":{"@type":"EntryPoint","urlTemplate":"https:\/\/www.qwien.at\/en\/?s={search_term_string}"},"query-input":{"@type":"PropertyValueSpecification","valueRequired":true,"valueName":"search_term_string"}}],"inLanguage":"en-US"},{"@type":"Organization","@id":"https:\/\/www.qwien.at\/en\/#organization","name":"Qwien","url":"https:\/\/www.qwien.at\/en\/","logo":{"@type":"ImageObject","inLanguage":"en-US","@id":"https:\/\/www.qwien.at\/en\/#\/schema\/logo\/image\/","url":"https:\/\/www.qwien.at\/wp-content\/uploads\/2025\/06\/seo-yoast-2.png","contentUrl":"https:\/\/www.qwien.at\/wp-content\/uploads\/2025\/06\/seo-yoast-2.png","width":697,"height":697,"caption":"Qwien"},"image":{"@id":"https:\/\/www.qwien.at\/en\/#\/schema\/logo\/image\/"},"sameAs":["https:\/\/www.instagram.com\/qwien.zentrum\/"]},{"@type":"Person","@id":"https:\/\/www.qwien.at\/en\/#\/schema\/person\/d3fe9114b43d8e5a558a6d20ca3e2920","name":"Andreas Brunner"}]}},"_links":{"self":[{"href":"https:\/\/www.qwien.at\/en\/wp-json\/wp\/v2\/posts\/10919","targetHints":{"allow":["GET"]}}],"collection":[{"href":"https:\/\/www.qwien.at\/en\/wp-json\/wp\/v2\/posts"}],"about":[{"href":"https:\/\/www.qwien.at\/en\/wp-json\/wp\/v2\/types\/post"}],"author":[{"embeddable":true,"href":"https:\/\/www.qwien.at\/en\/wp-json\/wp\/v2\/users\/4"}],"replies":[{"embeddable":true,"href":"https:\/\/www.qwien.at\/en\/wp-json\/wp\/v2\/comments?post=10919"}],"version-history":[{"count":0,"href":"https:\/\/www.qwien.at\/en\/wp-json\/wp\/v2\/posts\/10919\/revisions"}],"wp:featuredmedia":[{"embeddable":true,"href":"https:\/\/www.qwien.at\/en\/wp-json\/wp\/v2\/media\/10031"}],"wp:attachment":[{"href":"https:\/\/www.qwien.at\/en\/wp-json\/wp\/v2\/media?parent=10919"}],"wp:term":[{"taxonomy":"category","embeddable":true,"href":"https:\/\/www.qwien.at\/en\/wp-json\/wp\/v2\/categories?post=10919"},{"taxonomy":"post_tag","embeddable":true,"href":"https:\/\/www.qwien.at\/en\/wp-json\/wp\/v2\/tags?post=10919"}],"curies":[{"name":"wp","href":"https:\/\/api.w.org\/{rel}","templated":true}]}}