{"id":10920,"date":"2025-07-15T21:37:18","date_gmt":"2025-07-15T19:37:18","guid":{"rendered":"https:\/\/www.qwien.at\/nicht-kategorisiert\/qwien-2023-jahresrueckblick\/"},"modified":"2025-07-15T21:37:18","modified_gmt":"2025-07-15T19:37:18","slug":"qwien-2023-jahresrueckblick","status":"publish","type":"post","link":"https:\/\/www.qwien.at\/en\/webarchive\/qwien-2023-jahresrueckblick\/","title":{"rendered":"QWIEN 2023 &#8211; unser Jahresr\u00fcckblick"},"content":{"rendered":"<p>2023 neigt sich dem Ende zu und wir wollen nochmal zur\u00fcckblicken auf ein dichtes und ereignisreiches Jahr f\u00fcr QWIEN.<\/p>\n<h3>Das waren die Highlights:<\/h3>\n<p>Gestartet hat das Jahr mit einem Vortrag von Hannes Sulzenbacher zur nationalsozialistischen Verfolgung von homosexuellen M\u00e4nnern und Frauen in Wien. Die <strong>Auseinandersetzung mit der NS-Zeit<\/strong> sollte das bestimmende Thema des Jahres bleiben.<br \/>\nEbenfalls im J\u00e4nner wurden die <strong>Ahn*innenportraits von Michael Gurschler<\/strong> im Rahmen von \u201eQuertriebe. im Zweifelsfall: rosa\u201c in der Galerie Roland Puschitz ausgestellt. \u00a0Der K\u00fcnstler, der sich mit verschwiegenen Leerstellen in Familienbiografien auseinandersetzt, wurde bei der Recherche von QWIEN unterst\u00fctzt.<br \/>\nDie <strong>Vortragsreihe <\/strong>zur Geschichte der Verfolgung von Homosexuellen in der NS-Zeit gibt es seit J\u00e4nner 2023 in zehn Folgen auf der Plattform von Radio Orange zum <strong><a href=\"https:\/\/www.freie-radios.online\/sendereihe\/queere-geschichte\" target=\"_blank\" rel=\"noopener\">online Nachh\u00f6ren<\/a>.<\/strong><\/p>\n<p>Im Februar gab es eine F\u00fchrung durch eine <strong>Outdoor-Ausstellung in der Seestadt<\/strong>, bei der Andreas Brunner \u00fcber die Verbindung von LGBTQIA-Rechten mit der Verfassung gesprochen hat. Im Online-Magazin des Wienmuseums erschien eine <a href=\"https:\/\/magazin.wienmuseum.at\/wie-dorothea-neff-ihre-freundin-lilli-wolff-vor-den-nazis-versteckte\" target=\"_blank\" rel=\"noopener\">Geschichte<\/a> \u00fcber die mutige Schauspielerin Dorothea Neff, die ihre j\u00fcdische Freundin Lilli Wolff mehrere Jahre in ihrer Wohnung vor der Deportation in ein NS-Vernichtungslager versteckte.<\/p>\n<p>Im April hat uns <strong>Books in Vienna<\/strong> besucht und einen sch\u00f6nen <a href=\"https:\/\/booksinvienna.wordpress.com\/2023\/04\/10\/qwien-kunst-krempel-und-viel-literatur\/?fbclid=IwAR1OwZY7NlGNGO-wkXoqM1m5jJ7CFSj1nXwPLaUw9XBcZyE-rmnpk76tIKc\" target=\"_blank\" rel=\"noopener\">Bericht<\/a> \u00fcber unsere R\u00e4ume und Arbeit geschrieben.<\/p>\n<p>Seit dem 2. Mai ist<strong> \u00c6ther #8 \u2013 Queer Vienna: Einblicke in ein Bewegungsarchiv<\/strong> <a href=\"https:\/\/aether.ethz.ch\/ausgabe\/queer-vienna\/\" target=\"_blank\" rel=\"noopener\">online\u00a0<\/a>und als Buch (exklusiv bei der Buchhandlung L\u00f6wenherz) erh\u00e4ltlich. Am 25. Mai fand der Book Launch im Marea Alta statt. Der Band ist entstanden in Zusammenarbeit mit einem Forschungsseminar am Institut f\u00fcr Geschichte der Universit\u00e4t Wien und QWIEN.<br \/>\nEine weitere Buchpr\u00e4sentation hat im Mai stattgefunden: Am 8. Mai ist \u201e<strong>Als homosexuell verfolgt. Wiener Biografien aus der NS-Zeit<\/strong>\u201c von Andreas Brunner im mandelbaum Verlag erschienen und wurde im Schauspielhaus Wien feierlich vorgestellt. Im Buch erz\u00e4hlt werden \u00fcber 60 Schicksale von Menschen aus ganz Wien. Einen Einblick in das Buchprojekt erm\u00f6glicht \u00fcbrigens dieser <a href=\"https:\/\/magazin.wienmuseum.at\/wiener-biografien-aus-der-ns-zeit?fbclid=IwAR0DW1SSkZyytSj35me2h5yHmfraczQRzgGi66eZB5jSaZhv9T5lsemINWw\" target=\"_blank\" rel=\"noopener\"><strong>Artikel<\/strong><\/a>, in dem auch zwei Fallgeschichten vorgestellt werden.<\/p>\n<p>&nbsp;<\/p>\n<p><img loading=\"lazy\" decoding=\"async\" class=\"wp-image-6955 aligncenter\" src=\"https:\/\/www.qwien.at\/wp-content\/uploads\/2023\/06\/347418157_624697372920287_7017920477778232472_n-300x200.jpg\" alt=\"\" width=\"606\" height=\"404\" srcset=\"https:\/\/www.qwien.at\/wp-content\/uploads\/2023\/06\/347418157_624697372920287_7017920477778232472_n-300x200.jpg 300w, https:\/\/www.qwien.at\/wp-content\/uploads\/2023\/06\/347418157_624697372920287_7017920477778232472_n-1024x683.jpg 1024w, https:\/\/www.qwien.at\/wp-content\/uploads\/2023\/06\/347418157_624697372920287_7017920477778232472_n-768x512.jpg 768w, https:\/\/www.qwien.at\/wp-content\/uploads\/2023\/06\/347418157_624697372920287_7017920477778232472_n-1536x1024.jpg 1536w, https:\/\/www.qwien.at\/wp-content\/uploads\/2023\/06\/347418157_624697372920287_7017920477778232472_n-18x12.jpg 18w\" sizes=\"auto, (max-width: 606px) 100vw, 606px\" \/><\/p>\n<p>&nbsp;<\/p>\n<p>Im Juni wurde das <strong>ARCUS \u2013 Schatten eines Regenbogens, <\/strong>das Denkmal f\u00fcr M\u00e4nner und Frauen, die Opfer der Homosexuellen-Verfolgung in der NS-Zeit wurden, im Resselpark er\u00f6ffnet. Hannes Sulzenbacher sa\u00df in der Wettbewerbsjury, Andreas Brunner im Sachbeirat. \u00a0Aus \u00fcber 80 eingesandten k\u00fcnstlerischen Konzeptideen f\u00fcr das Denkmal wurde der Entwurf von Sarah Ortmeyer und Karl Kolbitz ausgew\u00e4hlt. Mehr zum Wettbewerb, den Einreichungen und ARCUS gibt es auf der Website von <a href=\"https:\/\/www.koer.or.at\/projekte\/offener-wettbewerb-zum-denkmal-fuer-maenner-und-frauen-die-opfer-der-homosexuellen-verfolgung-in-der-ns-zeit-wurden\/\" target=\"_blank\" rel=\"noopener\">K\u00d6R<\/a>.<br \/>\nDer wissenschaftliche Sammelband \u201e<strong>Homosexualit\u00e4t und Nationalsozialismus in Wien<\/strong>\u201c wurde am Tag der Denkmalser\u00f6ffnung im Palais Epstein <a href=\"https:\/\/www.qwien.at\/webarchiv\/erfolgreiche-buchpraesentation-und-eroeffnung-des-denkmals-arcus\/\" target=\"_blank\" rel=\"noopener\">pr\u00e4sentiert.<\/a><\/p>\n<p>&nbsp;<\/p>\n<p>Dass wir uns nicht nur mit dem Nationalsozialismus besch\u00e4ftigen zeigt ein Aufruf, den wir gemeinsam mit dem \u00d6sterreichischen Filmmuseum starteten. Regenbogenfilme, private Filme, die queeres Leben dokumentieren, sollten nicht verloren gehen. Der <strong><a href=\"https:\/\/www.qwien.at\/webarchiv\/projekt-regenbogenfilme-mit-dem-filmmuseum-wien-und-aufruf\/\" target=\"_blank\" rel=\"noopener\">Sammelaufruf<\/a> <\/strong>gilt nach wie vor.<\/p>\n<p>&nbsp;<\/p>\n<p><img loading=\"lazy\" decoding=\"async\" class=\" wp-image-6454 aligncenter\" src=\"https:\/\/www.qwien.at\/wp-content\/uploads\/2022\/02\/QWIEN_0503_L2-300x200.jpg\" alt=\"\" width=\"563\" height=\"375\" srcset=\"https:\/\/www.qwien.at\/wp-content\/uploads\/2022\/02\/QWIEN_0503_L2-300x200.jpg 300w, https:\/\/www.qwien.at\/wp-content\/uploads\/2022\/02\/QWIEN_0503_L2-1024x683.jpg 1024w, https:\/\/www.qwien.at\/wp-content\/uploads\/2022\/02\/QWIEN_0503_L2-768x512.jpg 768w, https:\/\/www.qwien.at\/wp-content\/uploads\/2022\/02\/QWIEN_0503_L2-1536x1024.jpg 1536w, https:\/\/www.qwien.at\/wp-content\/uploads\/2022\/02\/QWIEN_0503_L2-18x12.jpg 18w, https:\/\/www.qwien.at\/wp-content\/uploads\/2022\/02\/QWIEN_0503_L2.jpg 1920w\" sizes=\"auto, (max-width: 563px) 100vw, 563px\" \/><\/p>\n<p>&nbsp;<\/p>\n<p>Im Juli haben wir die <a href=\"https:\/\/www.qwien.at\/webarchiv\/news-inventarisierung-und-digitalisierung-der-zeitschriftensammlung\/\" target=\"_blank\" rel=\"noopener\">digitale Erfassung unseres umfangreichen Zeitschriftenarchivs<\/a> weitgehend abgeschlossen. \u00dcber 500 Titel aus aller Welt aus einem Erscheinungszeitraum von den 1950er-Jahren bis heute wurden in unserem Katalog erfasst. Das sind mehr als 20.000 Einzelhefte.\u00a0\u00d6sterreichische Zeitschriften wurden vollst\u00e4ndig digitalisiert und k\u00f6nnen bei QWIEN mit ORC durchsucht werden.<br \/>\nNeben den Queer City Walks im Pride Month bietet QWIEN Guide auch queere Spazierg\u00e4nge durch die Bezirke 4 bis 9 an. So fanden etwa \u00a0<strong>zwei queere Bezirksspazierg\u00e4nge im Programm der Alsergrunder Kultursommers<\/strong> statt.<\/p>\n<p>Ende September war QWIEN Teil des <a href=\"https:\/\/www.qwien.at\/en\/webarchive\/%f0%9f%92%ac14-dialogforum-mauthausen-queere-lagergeschichten-erinnerungen-diskurse-kontinuitaeten\/\" target=\"_blank\" rel=\"noopener\"><strong>Dialogforums Mauthausen<\/strong><\/a>, das bereits zum 14. Mal in der KZ-Gedenkst\u00e4tte stattgefunden hat. Wissenschaftler:innen und Aktivist:innen, die zum Thema queere Geschichte im Nationalsozialismus arbeiten, konnten sich hier austauschen. Andreas Brunner und Hannes Sulzenbacher hielten einen Vortrag \u00fcber die homosexuellen KZ-H\u00e4ftlinge aus Wien und haben in einer Podiumsdiskussion \u00fcber das KZ Mauthausen als Ort queerer Geschichtsschreibung teilgenommen.<\/p>\n<p>Der Sammelband \u201eHomosexualit\u00e4t und Nationalsozialismus in Wien\u201c ist im Oktober als <strong>E-Book<\/strong> erschienen und ist seither zum Beispiel bei der Buchhandlung <a href=\"https:\/\/www.loewenherz.at\/index_lw_nr.php?LWNR=22423\" target=\"_blank\" rel=\"noopener\">L\u00f6wenherz<\/a> erh\u00e4ltlich.<br \/>\nQWIEN ist seit einigen Jahren Mitglied von <a href=\"https:\/\/queersearch.org\/\" target=\"_blank\" rel=\"noopener\"><strong>Queer Search<\/strong><\/a>, dem Dachverband queerer Archive, Bibliotheken und Sammlungen. Neben Vernetzung und Gedankenaustausch, arbeitet Queer Search auch an einem gemeinsamen Katalog der im Dachverband organisierten Archive. Im Oktober fand das Jahrestreffen in Z\u00fcrich statt, an dem wir auch teilnahmen.<\/p>\n<p>&nbsp;<\/p>\n<p><img loading=\"lazy\" decoding=\"async\" class=\" wp-image-6969 aligncenter\" src=\"https:\/\/www.qwien.at\/wp-content\/uploads\/2023\/06\/348945878_1678988422553953_7183512630750372448_n-256x300.jpg\" alt=\"\" width=\"446\" height=\"523\" srcset=\"https:\/\/www.qwien.at\/wp-content\/uploads\/2023\/06\/348945878_1678988422553953_7183512630750372448_n-256x300.jpg 256w, https:\/\/www.qwien.at\/wp-content\/uploads\/2023\/06\/348945878_1678988422553953_7183512630750372448_n-10x12.jpg 10w, https:\/\/www.qwien.at\/wp-content\/uploads\/2023\/06\/348945878_1678988422553953_7183512630750372448_n.jpg 640w\" sizes=\"auto, (max-width: 446px) 100vw, 446px\" \/><\/p>\n<p>&nbsp;<\/p>\n<p>Als Kooperationspartner hat QWIEN im November gemeinsam mit dem OeAD Programm <strong>ERINNERN:AT<\/strong> zum <strong>Zentralen Seminar<\/strong> f\u00fcr Lehrkr\u00e4fte 2023 eingeladen. Das Thema des dreit\u00e4gigen Programms war die NS-Verfolgung queerer Menschen, wozu es Workshops, Podiumsdiskussionen, Stadtf\u00fchrungen und Abendprogramm mit Filmvorf\u00fchrungen und Poetry Slam gab. Livestreams von den zwei Tagen sind noch auf der Facebook-Seite von ERINNERN:AT zu sehen. \u00dcber die Webseite von<a href=\"https:\/\/www.erinnern.at\/lernmaterialien\/lernmaterialien\/digitales-lernmodul-als-homosexuell-verfolgte-im-nationalsozialistischen-deutschland-und-oesterreich\" target=\"_blank\" rel=\"noopener\"> ERINNERN:AT<\/a> sind ab Anfang n\u00e4chsten Jahres Unterrichtsmaterialien und Stundenbl\u00e4tter mit queeren Lebensgeschichten aus ganz \u00d6sterreich abrufbar.<br \/>\nZum Zentralen Seminar erschien auch das <a href=\"https:\/\/www.erinnern.at\/bundeslaender\/tirol\/artikel\/gaismair-jahrbuch-2024-alles-in-ordnung\" target=\"_blank\" rel=\"noopener\"><strong>Jahrbuch der Gaismair Gesellschaft<\/strong><\/a> mit einem Schwerpunkt zur NS-Homosexuellenverfolgung mit einem Beitrag von Andreas Brunner und Hannes Sulzenbacher.<br \/>\nDas <strong>Bezirksmuseum Mariahilf<\/strong> hat am 14. November die <a href=\"https:\/\/www.bezirksmuseum.at\/de\/bezirksmuseum_6\/ausstellungen\/sonderausstellungen\/\" target=\"_blank\" rel=\"noopener\">Sonderausstellung<\/a> \u201eAls homosexuell\u00a0 verfolgt \u2013 Mariahilf in der NS-Zeit\u201c er\u00f6ffnet, die von Andreas Brunner kuratiert wurde und weiterhin zu sehen ist.<\/p>\n<p>Anfang Dezember wurde im <strong>ORF 2 der historische Film \u201e<a href=\"https:\/\/tv.orf.at\/program\/orf2\/universumh702.html\" target=\"_blank\" rel=\"noopener\">Verbotenes Begehren\u00a0 &#8211; Meilensteine queerer Geschichte<\/a>\u201c<\/strong> als Teil der Universum History Reihe ausgestrahlt, f\u00fcr den u.a. Andreas Brunner interviewt wurde. 2024 wird dann der zweite Teil gezeigt, durch den Hannes Sulzenbacher f\u00fchren wird.<\/p>\n<p>&nbsp;<\/p>\n<p><strong>Wir gehen gespannt in das Jahr 2024 und freuen uns schon auf das, was uns erwarten wird!<\/strong><\/p>\n","protected":false},"excerpt":{"rendered":"<p>2023 neigt sich dem Ende zu und wir wollen nochmal zur\u00fcckblicken auf ein dichtes und ereignisreiches Jahr f\u00fcr QWIEN. Das waren die Highlights: Gestartet hat das Jahr mit einem Vortrag von Hannes Sulzenbacher zur nationalsozialistischen Verfolgung von homosexuellen M\u00e4nnern und Frauen in Wien. Die Auseinandersetzung mit der NS-Zeit sollte das bestimmende Thema des Jahres bleiben. [&hellip;]<\/p>\n","protected":false},"author":4,"featured_media":9873,"comment_status":"closed","ping_status":"open","sticky":false,"template":"","format":"standard","meta":{"_acf_changed":false,"footnotes":""},"categories":[276],"tags":[],"class_list":["post-10920","post","type-post","status-publish","format-standard","has-post-thumbnail","hentry","category-webarchive","grve-entry-item","grve-blog-item"],"acf":[],"yoast_head":"<!-- This site is optimized with the Yoast SEO plugin v27.5 - https:\/\/yoast.com\/product\/yoast-seo-wordpress\/ -->\n<title>QWIEN 2023 - unser Jahresr\u00fcckblick - Blog - Qwien - Zentrum f\u00fcr queere Geschichte<\/title>\n<meta name=\"robots\" content=\"index, follow, max-snippet:-1, max-image-preview:large, max-video-preview:-1\" \/>\n<link rel=\"canonical\" href=\"https:\/\/www.qwien.at\/en\/webarchive\/qwien-2023-jahresrueckblick\/\" \/>\n<meta property=\"og:locale\" content=\"en_US\" \/>\n<meta property=\"og:type\" content=\"article\" \/>\n<meta property=\"og:title\" content=\"QWIEN 2023 - unser Jahresr\u00fcckblick - Blog - Qwien - Zentrum f\u00fcr queere Geschichte\" \/>\n<meta property=\"og:description\" content=\"2023 neigt sich dem Ende zu und wir wollen nochmal zur\u00fcckblicken auf ein dichtes und ereignisreiches Jahr f\u00fcr QWIEN. Das waren die Highlights: Gestartet hat das Jahr mit einem Vortrag von Hannes Sulzenbacher zur nationalsozialistischen Verfolgung von homosexuellen M\u00e4nnern und Frauen in Wien. Die Auseinandersetzung mit der NS-Zeit sollte das bestimmende Thema des Jahres bleiben. [&hellip;]\" \/>\n<meta property=\"og:url\" content=\"https:\/\/www.qwien.at\/en\/webarchive\/qwien-2023-jahresrueckblick\/\" \/>\n<meta property=\"og:site_name\" content=\"Qwien - Zentrum f\u00fcr queere Geschichte\" \/>\n<meta property=\"article:published_time\" content=\"2025-07-15T19:37:18+00:00\" \/>\n<meta property=\"og:image\" content=\"https:\/\/www.qwien.at\/wp-content\/uploads\/2023\/06\/347418157_624697372920287_7017920477778232472_n.jpg\" \/>\n\t<meta property=\"og:image:width\" content=\"2048\" \/>\n\t<meta property=\"og:image:height\" content=\"1365\" \/>\n\t<meta property=\"og:image:type\" content=\"image\/jpeg\" \/>\n<meta name=\"author\" content=\"Andreas Brunner\" \/>\n<meta name=\"twitter:card\" content=\"summary_large_image\" \/>\n<meta name=\"twitter:label1\" content=\"Written by\" \/>\n\t<meta name=\"twitter:data1\" content=\"Andreas Brunner\" \/>\n\t<meta name=\"twitter:label2\" content=\"Est. reading time\" \/>\n\t<meta name=\"twitter:data2\" content=\"4 minutes\" \/>\n<script type=\"application\/ld+json\" class=\"yoast-schema-graph\">{\"@context\":\"https:\\\/\\\/schema.org\",\"@graph\":[{\"@type\":[\"Article\",\"BlogPosting\"],\"@id\":\"https:\\\/\\\/www.qwien.at\\\/en\\\/webarchive\\\/qwien-2023-jahresrueckblick\\\/#article\",\"isPartOf\":{\"@id\":\"https:\\\/\\\/www.qwien.at\\\/en\\\/webarchive\\\/qwien-2023-jahresrueckblick\\\/\"},\"author\":{\"name\":\"Andreas Brunner\",\"@id\":\"https:\\\/\\\/www.qwien.at\\\/en\\\/#\\\/schema\\\/person\\\/d3fe9114b43d8e5a558a6d20ca3e2920\"},\"headline\":\"QWIEN 2023 &#8211; unser Jahresr\u00fcckblick\",\"datePublished\":\"2025-07-15T19:37:18+00:00\",\"mainEntityOfPage\":{\"@id\":\"https:\\\/\\\/www.qwien.at\\\/en\\\/webarchive\\\/qwien-2023-jahresrueckblick\\\/\"},\"wordCount\":884,\"publisher\":{\"@id\":\"https:\\\/\\\/www.qwien.at\\\/en\\\/#organization\"},\"image\":{\"@id\":\"https:\\\/\\\/www.qwien.at\\\/en\\\/webarchive\\\/qwien-2023-jahresrueckblick\\\/#primaryimage\"},\"thumbnailUrl\":\"https:\\\/\\\/www.qwien.at\\\/wp-content\\\/uploads\\\/2023\\\/12\\\/13-e1703000714132.jpg\",\"articleSection\":[\"Webarchiv\"],\"inLanguage\":\"en-US\"},{\"@type\":\"WebPage\",\"@id\":\"https:\\\/\\\/www.qwien.at\\\/en\\\/webarchive\\\/qwien-2023-jahresrueckblick\\\/\",\"url\":\"https:\\\/\\\/www.qwien.at\\\/en\\\/webarchive\\\/qwien-2023-jahresrueckblick\\\/\",\"name\":\"QWIEN 2023 - unser Jahresr\u00fcckblick - Blog - Qwien - Zentrum f\u00fcr queere Geschichte\",\"isPartOf\":{\"@id\":\"https:\\\/\\\/www.qwien.at\\\/en\\\/#website\"},\"primaryImageOfPage\":{\"@id\":\"https:\\\/\\\/www.qwien.at\\\/en\\\/webarchive\\\/qwien-2023-jahresrueckblick\\\/#primaryimage\"},\"image\":{\"@id\":\"https:\\\/\\\/www.qwien.at\\\/en\\\/webarchive\\\/qwien-2023-jahresrueckblick\\\/#primaryimage\"},\"thumbnailUrl\":\"https:\\\/\\\/www.qwien.at\\\/wp-content\\\/uploads\\\/2023\\\/12\\\/13-e1703000714132.jpg\",\"datePublished\":\"2025-07-15T19:37:18+00:00\",\"breadcrumb\":{\"@id\":\"https:\\\/\\\/www.qwien.at\\\/en\\\/webarchive\\\/qwien-2023-jahresrueckblick\\\/#breadcrumb\"},\"inLanguage\":\"en-US\",\"potentialAction\":[{\"@type\":\"ReadAction\",\"target\":[\"https:\\\/\\\/www.qwien.at\\\/en\\\/webarchive\\\/qwien-2023-jahresrueckblick\\\/\"]}]},{\"@type\":\"ImageObject\",\"inLanguage\":\"en-US\",\"@id\":\"https:\\\/\\\/www.qwien.at\\\/en\\\/webarchive\\\/qwien-2023-jahresrueckblick\\\/#primaryimage\",\"url\":\"https:\\\/\\\/www.qwien.at\\\/wp-content\\\/uploads\\\/2023\\\/12\\\/13-e1703000714132.jpg\",\"contentUrl\":\"https:\\\/\\\/www.qwien.at\\\/wp-content\\\/uploads\\\/2023\\\/12\\\/13-e1703000714132.jpg\",\"width\":928,\"height\":1080},{\"@type\":\"BreadcrumbList\",\"@id\":\"https:\\\/\\\/www.qwien.at\\\/en\\\/webarchive\\\/qwien-2023-jahresrueckblick\\\/#breadcrumb\",\"itemListElement\":[{\"@type\":\"ListItem\",\"position\":1,\"name\":\"Startseite\",\"item\":\"https:\\\/\\\/www.qwien.at\\\/en\\\/\"},{\"@type\":\"ListItem\",\"position\":2,\"name\":\"QWIEN 2023 &#8211; unser Jahresr\u00fcckblick\"}]},{\"@type\":\"WebSite\",\"@id\":\"https:\\\/\\\/www.qwien.at\\\/en\\\/#website\",\"url\":\"https:\\\/\\\/www.qwien.at\\\/en\\\/\",\"name\":\"Qwien - Zentrum f\u00fcr queere Geschichte\",\"description\":\"\",\"publisher\":{\"@id\":\"https:\\\/\\\/www.qwien.at\\\/en\\\/#organization\"},\"potentialAction\":[{\"@type\":\"SearchAction\",\"target\":{\"@type\":\"EntryPoint\",\"urlTemplate\":\"https:\\\/\\\/www.qwien.at\\\/en\\\/?s={search_term_string}\"},\"query-input\":{\"@type\":\"PropertyValueSpecification\",\"valueRequired\":true,\"valueName\":\"search_term_string\"}}],\"inLanguage\":\"en-US\"},{\"@type\":\"Organization\",\"@id\":\"https:\\\/\\\/www.qwien.at\\\/en\\\/#organization\",\"name\":\"Qwien\",\"url\":\"https:\\\/\\\/www.qwien.at\\\/en\\\/\",\"logo\":{\"@type\":\"ImageObject\",\"inLanguage\":\"en-US\",\"@id\":\"https:\\\/\\\/www.qwien.at\\\/en\\\/#\\\/schema\\\/logo\\\/image\\\/\",\"url\":\"https:\\\/\\\/www.qwien.at\\\/wp-content\\\/uploads\\\/2025\\\/06\\\/seo-yoast-2.png\",\"contentUrl\":\"https:\\\/\\\/www.qwien.at\\\/wp-content\\\/uploads\\\/2025\\\/06\\\/seo-yoast-2.png\",\"width\":697,\"height\":697,\"caption\":\"Qwien\"},\"image\":{\"@id\":\"https:\\\/\\\/www.qwien.at\\\/en\\\/#\\\/schema\\\/logo\\\/image\\\/\"},\"sameAs\":[\"https:\\\/\\\/www.instagram.com\\\/qwien.zentrum\\\/\"]},{\"@type\":\"Person\",\"@id\":\"https:\\\/\\\/www.qwien.at\\\/en\\\/#\\\/schema\\\/person\\\/d3fe9114b43d8e5a558a6d20ca3e2920\",\"name\":\"Andreas Brunner\"}]}<\/script>\n<!-- \/ Yoast SEO plugin. -->","yoast_head_json":{"title":"QWIEN 2023 - unser Jahresr\u00fcckblick - Blog - Qwien - Zentrum f\u00fcr queere Geschichte","robots":{"index":"index","follow":"follow","max-snippet":"max-snippet:-1","max-image-preview":"max-image-preview:large","max-video-preview":"max-video-preview:-1"},"canonical":"https:\/\/www.qwien.at\/en\/webarchive\/qwien-2023-jahresrueckblick\/","og_locale":"en_US","og_type":"article","og_title":"QWIEN 2023 - unser Jahresr\u00fcckblick - Blog - Qwien - Zentrum f\u00fcr queere Geschichte","og_description":"2023 neigt sich dem Ende zu und wir wollen nochmal zur\u00fcckblicken auf ein dichtes und ereignisreiches Jahr f\u00fcr QWIEN. Das waren die Highlights: Gestartet hat das Jahr mit einem Vortrag von Hannes Sulzenbacher zur nationalsozialistischen Verfolgung von homosexuellen M\u00e4nnern und Frauen in Wien. Die Auseinandersetzung mit der NS-Zeit sollte das bestimmende Thema des Jahres bleiben. [&hellip;]","og_url":"https:\/\/www.qwien.at\/en\/webarchive\/qwien-2023-jahresrueckblick\/","og_site_name":"Qwien - Zentrum f\u00fcr queere Geschichte","article_published_time":"2025-07-15T19:37:18+00:00","og_image":[{"width":2048,"height":1365,"url":"https:\/\/www.qwien.at\/wp-content\/uploads\/2023\/06\/347418157_624697372920287_7017920477778232472_n.jpg","type":"image\/jpeg"}],"author":"Andreas Brunner","twitter_card":"summary_large_image","twitter_misc":{"Written by":"Andreas Brunner","Est. reading time":"4 minutes"},"schema":{"@context":"https:\/\/schema.org","@graph":[{"@type":["Article","BlogPosting"],"@id":"https:\/\/www.qwien.at\/en\/webarchive\/qwien-2023-jahresrueckblick\/#article","isPartOf":{"@id":"https:\/\/www.qwien.at\/en\/webarchive\/qwien-2023-jahresrueckblick\/"},"author":{"name":"Andreas Brunner","@id":"https:\/\/www.qwien.at\/en\/#\/schema\/person\/d3fe9114b43d8e5a558a6d20ca3e2920"},"headline":"QWIEN 2023 &#8211; unser Jahresr\u00fcckblick","datePublished":"2025-07-15T19:37:18+00:00","mainEntityOfPage":{"@id":"https:\/\/www.qwien.at\/en\/webarchive\/qwien-2023-jahresrueckblick\/"},"wordCount":884,"publisher":{"@id":"https:\/\/www.qwien.at\/en\/#organization"},"image":{"@id":"https:\/\/www.qwien.at\/en\/webarchive\/qwien-2023-jahresrueckblick\/#primaryimage"},"thumbnailUrl":"https:\/\/www.qwien.at\/wp-content\/uploads\/2023\/12\/13-e1703000714132.jpg","articleSection":["Webarchiv"],"inLanguage":"en-US"},{"@type":"WebPage","@id":"https:\/\/www.qwien.at\/en\/webarchive\/qwien-2023-jahresrueckblick\/","url":"https:\/\/www.qwien.at\/en\/webarchive\/qwien-2023-jahresrueckblick\/","name":"QWIEN 2023 - unser Jahresr\u00fcckblick - Blog - Qwien - Zentrum f\u00fcr queere Geschichte","isPartOf":{"@id":"https:\/\/www.qwien.at\/en\/#website"},"primaryImageOfPage":{"@id":"https:\/\/www.qwien.at\/en\/webarchive\/qwien-2023-jahresrueckblick\/#primaryimage"},"image":{"@id":"https:\/\/www.qwien.at\/en\/webarchive\/qwien-2023-jahresrueckblick\/#primaryimage"},"thumbnailUrl":"https:\/\/www.qwien.at\/wp-content\/uploads\/2023\/12\/13-e1703000714132.jpg","datePublished":"2025-07-15T19:37:18+00:00","breadcrumb":{"@id":"https:\/\/www.qwien.at\/en\/webarchive\/qwien-2023-jahresrueckblick\/#breadcrumb"},"inLanguage":"en-US","potentialAction":[{"@type":"ReadAction","target":["https:\/\/www.qwien.at\/en\/webarchive\/qwien-2023-jahresrueckblick\/"]}]},{"@type":"ImageObject","inLanguage":"en-US","@id":"https:\/\/www.qwien.at\/en\/webarchive\/qwien-2023-jahresrueckblick\/#primaryimage","url":"https:\/\/www.qwien.at\/wp-content\/uploads\/2023\/12\/13-e1703000714132.jpg","contentUrl":"https:\/\/www.qwien.at\/wp-content\/uploads\/2023\/12\/13-e1703000714132.jpg","width":928,"height":1080},{"@type":"BreadcrumbList","@id":"https:\/\/www.qwien.at\/en\/webarchive\/qwien-2023-jahresrueckblick\/#breadcrumb","itemListElement":[{"@type":"ListItem","position":1,"name":"Startseite","item":"https:\/\/www.qwien.at\/en\/"},{"@type":"ListItem","position":2,"name":"QWIEN 2023 &#8211; unser Jahresr\u00fcckblick"}]},{"@type":"WebSite","@id":"https:\/\/www.qwien.at\/en\/#website","url":"https:\/\/www.qwien.at\/en\/","name":"Qwien - Zentrum f\u00fcr queere Geschichte","description":"","publisher":{"@id":"https:\/\/www.qwien.at\/en\/#organization"},"potentialAction":[{"@type":"SearchAction","target":{"@type":"EntryPoint","urlTemplate":"https:\/\/www.qwien.at\/en\/?s={search_term_string}"},"query-input":{"@type":"PropertyValueSpecification","valueRequired":true,"valueName":"search_term_string"}}],"inLanguage":"en-US"},{"@type":"Organization","@id":"https:\/\/www.qwien.at\/en\/#organization","name":"Qwien","url":"https:\/\/www.qwien.at\/en\/","logo":{"@type":"ImageObject","inLanguage":"en-US","@id":"https:\/\/www.qwien.at\/en\/#\/schema\/logo\/image\/","url":"https:\/\/www.qwien.at\/wp-content\/uploads\/2025\/06\/seo-yoast-2.png","contentUrl":"https:\/\/www.qwien.at\/wp-content\/uploads\/2025\/06\/seo-yoast-2.png","width":697,"height":697,"caption":"Qwien"},"image":{"@id":"https:\/\/www.qwien.at\/en\/#\/schema\/logo\/image\/"},"sameAs":["https:\/\/www.instagram.com\/qwien.zentrum\/"]},{"@type":"Person","@id":"https:\/\/www.qwien.at\/en\/#\/schema\/person\/d3fe9114b43d8e5a558a6d20ca3e2920","name":"Andreas Brunner"}]}},"_links":{"self":[{"href":"https:\/\/www.qwien.at\/en\/wp-json\/wp\/v2\/posts\/10920","targetHints":{"allow":["GET"]}}],"collection":[{"href":"https:\/\/www.qwien.at\/en\/wp-json\/wp\/v2\/posts"}],"about":[{"href":"https:\/\/www.qwien.at\/en\/wp-json\/wp\/v2\/types\/post"}],"author":[{"embeddable":true,"href":"https:\/\/www.qwien.at\/en\/wp-json\/wp\/v2\/users\/4"}],"replies":[{"embeddable":true,"href":"https:\/\/www.qwien.at\/en\/wp-json\/wp\/v2\/comments?post=10920"}],"version-history":[{"count":0,"href":"https:\/\/www.qwien.at\/en\/wp-json\/wp\/v2\/posts\/10920\/revisions"}],"wp:featuredmedia":[{"embeddable":true,"href":"https:\/\/www.qwien.at\/en\/wp-json\/wp\/v2\/media\/9873"}],"wp:attachment":[{"href":"https:\/\/www.qwien.at\/en\/wp-json\/wp\/v2\/media?parent=10920"}],"wp:term":[{"taxonomy":"category","embeddable":true,"href":"https:\/\/www.qwien.at\/en\/wp-json\/wp\/v2\/categories?post=10920"},{"taxonomy":"post_tag","embeddable":true,"href":"https:\/\/www.qwien.at\/en\/wp-json\/wp\/v2\/tags?post=10920"}],"curies":[{"name":"wp","href":"https:\/\/api.w.org\/{rel}","templated":true}]}}