{"id":10927,"date":"2025-07-15T21:37:17","date_gmt":"2025-07-15T19:37:17","guid":{"rendered":"https:\/\/www.qwien.at\/nicht-kategorisiert\/%f0%9f%92%ac14-dialogforum-mauthausen-queere-lagergeschichten-erinnerungen-diskurse-kontinuitaeten\/"},"modified":"2025-07-15T21:37:17","modified_gmt":"2025-07-15T19:37:17","slug":"%f0%9f%92%ac14-dialogforum-mauthausen-queere-lagergeschichten-erinnerungen-diskurse-kontinuitaeten","status":"publish","type":"post","link":"https:\/\/www.qwien.at\/en\/webarchive\/%f0%9f%92%ac14-dialogforum-mauthausen-queere-lagergeschichten-erinnerungen-diskurse-kontinuitaeten\/","title":{"rendered":"\ud83d\udcac14. Dialogforum Mauthausen: Queere Lagergeschichte(n) \u2013 Erinnerungen, Diskurse, Kontinuit\u00e4ten"},"content":{"rendered":"<p>\ud83d\udcac<em><strong>Queere Lagergeschichte(n) \u2013 Erinnerungen, Diskurse, Kontinuit\u00e4ten<\/strong><\/em><\/p>\n<p>Wir sind Teil des Dialogforums das von <strong>29. &#8211; 30. September 2023<\/strong> bereits zum 14. Mal an der KZ-Gedenkst\u00e4tte Mauthausen stattfindet.<\/p>\n<p>Die Verfolgung queerer Personen w\u00e4hrend des Nationalsozialismus ist ein Forschungsbereich, der erst ab den 1970er-Jahren von der geschichtswissenschaftlichen Forschung aufgegriffen wurde. Bedingt durch die teilweise Entkriminalisierung von Homosexualit\u00e4t in manchen L\u00e4ndern Europas wie \u00d6sterreich und Deutschland, widmeten sich Historiker*innen zuerst aus biografie- und sp\u00e4ter aus strukturgeschichtlicher Perspektive der Verfolgung queerer Personen \u2013 vornehmlich queeren M\u00e4nnern. Unter \u00a7 129 des Strafgesetzbuchs wurden homosexuelle Handlungen zwischen M\u00e4nnern bzw. Handlungen zwischen M\u00e4nnern, die als Homosexuelle denunziert wurden, unter Strafe gestellt.<\/p>\n<p>Wenngleich der Verfolgung queerer Frauen nicht dieselbe Systematik innewohnte, so wurden gleichgeschlechtliche Handlungen zwischen Frauen in \u00d6sterreich nach \u00a7 129 strafrechtlich verfolgt und verurteilt. Neben der ohnehin schon sp\u00e4rlichen Quellenlage kommt hinzu, dass queeren Frauen in Konzentrationslagern keine spezielle Haftkategorie (wie \u00a7 175 f\u00fcr M\u00e4nner) zugewiesen wurde und sie meist aufgrund anderer Gr\u00fcnde als ihrer sexuellen Orientierung verfolgt wurden.<\/p>\n<p>Der Begriff \u201eSpurensuche\u201c wird besonders in Hinblick auf die Forschung zu queeren Personen im NS von Wissenschafter*innen immer wieder genannt und spiegelt die marginale Quellenlage und auch die Kontinuit\u00e4t homophober Gesetze und Haltungen innerhalb der Nachkriegsgesellschaft wider. Doch wie kann zu Personen geforscht werden, die ihre Gender-Identit\u00e4t jenseits bin\u00e4rer Normen verorteten? Wie k\u00f6nnen Wissenschafter*innen Gender-Identit\u00e4ten im Kontext des NS untersuchen, wenn kaum Selbstzeugnisse vorliegen, ohne Fremdzuschreibungen vorzunehmen?<\/p>\n<p>All diesen Fragen soll beim 14. Dialogforum Raum gegeben werden. Die Konferenz soll eine Austauschplattform f\u00fcr Wissenschafter*innen und Aktivist*innen sein, die zu Themen der \u201eQueer History\u201c im Kontext des Nationalsozialismus forschen.<\/p>\n<p><strong>4. Dialogforum 2023<br \/>\nQueere Lagergeschichte(n) \u2013 Erinnerungen, Diskurse, Kontinuit\u00e4ten<br \/>\n29. \u2013 30. September 2023<br \/>\nKZ-Gedenkst\u00e4tte Mauthausen<\/strong><\/p>\n<p><u>Freitag, 29. September 2023<\/u><\/p>\n<p>10:00 Begr\u00fc\u00dfung<\/p>\n<p>10:30 \u2013 11:30 <strong>Keynote <\/strong><br \/>\nAnna H\u00e1jkov\u00e1, Warwick Centre for Global Jewish Studies<\/p>\n<p>11:30 \u2013 12:30 <strong>Panel 1: Verfolgung queerer Frauen im NS | <\/strong>Moderation: Barbara Fr\u00f6hlich, HOSI Wien<br \/>\nJulia H\u00f6rath<br \/>\n<strong>Lesbisches Begehren im Nationalsozialismus. Ein Grund f\u00fcr polizeiliche Verfolgung und KZ-Einweisung?<\/strong><br \/>\nNatascha Bobrowsky, Universit\u00e4t Wien, Institut f\u00fcr Zeitgeschichte<br \/>\n<strong>Weibliche Homosexualit\u00e4t im Nationalsozialistischen \u00d6sterreich. Stigmatisierung und Verfolgung homosexueller Frauen<\/strong><\/p>\n<p>12:30 \u2013 13:30 Mittagspause<\/p>\n<p>13:30 \u2013 15:00 <strong>Panel 2: Das KZ Mauthausen als Ort queerer Geschichtsschreibung\u00a0|\u00a0<\/strong>Moderation:\u00a0Wolfgang Schellenbacher, D\u00d6W<br \/>\nAndreas Brunner &amp; Hannes Sulzenbacher, QWIEN<br \/>\n<strong>Verurteilt in Wien \u2013 deportiert nach Mauthausen<\/strong><br \/>\nElisa Frei &amp; Gregor Holzinger, KZ-Gedenkst\u00e4tte Mauthausen<br \/>\n<strong>Homosexualit\u00e4t im KZ Mauthausen in Oral History und Erinnerungsberichten<\/strong><br \/>\nNathalie Soursos, KZ-Gedenkst\u00e4tte Mauthausen<br \/>\n<strong>Visuelle Kriminalisierung und Sexualisierung von homosexuellen H\u00e4ftlingen<\/strong><\/p>\n<p>15:30 \u2013 16:30 <strong>Workshops<\/strong><\/p>\n<p>Sebastian Dallinger, Leo Dressel &amp; Maike Heinrich<br \/>\n<strong><em>\u00dcberque(e)rung<\/em> \u2013 Queer History als Grundprinzip der Studienfahrten-Gruppe des Vereins GEDENKDIENST<\/strong><br \/>\nVictoria Kumar, ERINNERN:AT<br \/>\n<strong>Digitale IWitness-Activity \u2013 Als homosexuell Verfolgte im nationalsozialistischen Deutschland und \u00d6sterreich<\/strong><br \/>\nStephanie Kaiser, KZ-Gedenkst\u00e4tte Mauthausen<br \/>\n<strong>Queere Biografien im Virtuellen Raum der Namen der KZ-Gedenkst\u00e4tte Mauthausen<\/strong><\/p>\n<p>16:30 \u2013 17:30 <strong>Rundg\u00e4nge<\/strong><\/p>\n<p>Themenrundgang <em>Queere Menschen im KZ Mauthausen<\/em><br \/>\nAllgemeiner Rundgang an der Gedenkst\u00e4tte<br \/>\nRundgang durch die Ausstellung<\/p>\n<p>18:00 Abfahrt nach Linz<\/p>\n<p>20:00 Filmvorf\u00fchrung Moviemento Linz<br \/>\n<strong><em>Die gro\u00dfe Freiheit<\/em><\/strong><\/p>\n<p>&nbsp;<\/p>\n<p><u>Samstag, 30. September 2023<\/u><\/p>\n<p>9:00 \u2013 10:00 <strong>Panel 3: Neuere Forschungen zu Queer History und KZ | <\/strong>Moderation: Stephanie Kaiser, KZ-Gedenkst\u00e4tte Mauthausen<br \/>\nJulius Scharnetzky, KZ-Gedenkst\u00e4tte Flossenb\u00fcrg<br \/>\n<strong>Zur Situation der Haftgruppe der \u201eHomosexuellen\u201c im Konzentrationslager Flossenb\u00fcrg: Der Versuch einer Rekonstruktion<\/strong><br \/>\nJoanna Ostrowska, independent scholar<br \/>\n<strong>\u201eHidden stories\u201c. Biographies of queer survivors from KL Auschwitz<\/strong><\/p>\n<p>10:30 \u2013 12:30 <strong>Panel 4: Kontinuit\u00e4ten, Nachkriegsgeschichte und queere Erinnerungskultur | <\/strong>Moderation: Christian D\u00fcrr, KZ-Gedenkst\u00e4tte Mauthausen<br \/>\nAlbert Knoll, KZ-Gedenkst\u00e4tte Dachau<br \/>\n<strong>Der Rosa-Winkel-Gedenkstein in der KZ-Gedenkst\u00e4tte Dachau<\/strong><br \/>\nElisa Heinrich, Institut f\u00fcr Zeitgeschichte, Universit\u00e4t Wien<br \/>\n<strong>\u201eRosa Wirbel\u201c \u2013 Auseinandersetzungen um homosexuelle NS-Opfer im Nachkriegs\u00f6sterreich<\/strong><br \/>\nSarah K\u00f6necke &amp; Maria Pohn-Lauggas, Institut f\u00fcr Methoden und methodologische Grundlagen der Sozialwissenschaften, Georg-August-Universit\u00e4t G\u00f6ttingen<br \/>\n<strong>\u201eSie haben ihn als alles M\u00f6gliche bezeichnet, als Querulant\u201c: Familienged\u00e4chtnisse von Familien als homosexuell verfolgter M\u00e4nner<\/strong><br \/>\nKai* Brust, Historiker*in<br \/>\n<strong>\u201eChallenging Gender\u201c im Nationalsozialismus? Trans Erinnerungskultur respektvoll und quellenkritisch gestalten<\/strong><\/p>\n<p>12:30 \u2013 13:30 Mittagspause<\/p>\n<p>13:30 \u2013 15:00 <strong>Abschlussdiskussion &#8220;KZ-Gedenkst\u00e4tten im Umgang mit queerer Lagergeschichte&#8221;<\/strong><\/p>\n<p>Moderation: Patrick Siegele,\u00a0ERINNERN:AT<\/p>\n<p>Diskutant*innen: Gudrun Blohberger (P\u00e4dagogische Leiterin, KZ-Gedenkst\u00e4tte Mauthausen),\u00a0Anna H\u00e1jkov\u00e1 (Warwick Centre for Global Jewish Studies), Daniel Schuch (Universit\u00e4t Jena),\u00a0Hannes Sulzenbacher (QWIEN)<\/p>\n<p>Anmeldung erforderlich!<\/p>\n<p>\u2014&gt;<a href=\"https:\/\/www.mauthausen-memorial.org\/de\/Teilnehmen\/Veranstaltungen\/Dialogforum-2023\">https:\/\/www.mauthausen-memorial.org\/de\/Teilnehmen\/Veranstaltungen\/Dialogforum-2023<\/a><\/p>\n","protected":false},"excerpt":{"rendered":"<p>\ud83d\udcacQueere Lagergeschichte(n) \u2013 Erinnerungen, Diskurse, Kontinuit\u00e4ten Wir sind Teil des Dialogforums das von 29. &#8211; 30. September 2023 bereits zum 14. Mal an der KZ-Gedenkst\u00e4tte Mauthausen stattfindet. Die Verfolgung queerer Personen w\u00e4hrend des Nationalsozialismus ist ein Forschungsbereich, der erst ab den 1970er-Jahren von der geschichtswissenschaftlichen Forschung aufgegriffen wurde. Bedingt durch die teilweise Entkriminalisierung von Homosexualit\u00e4t [&hellip;]<\/p>\n","protected":false},"author":4,"featured_media":9856,"comment_status":"closed","ping_status":"open","sticky":false,"template":"","format":"standard","meta":{"_acf_changed":false,"footnotes":""},"categories":[276],"tags":[],"class_list":["post-10927","post","type-post","status-publish","format-standard","has-post-thumbnail","hentry","category-webarchive","grve-entry-item","grve-blog-item"],"acf":[],"yoast_head":"<!-- This site is optimized with the Yoast SEO plugin v27.5 - https:\/\/yoast.com\/product\/yoast-seo-wordpress\/ -->\n<title>\ud83d\udcac14. Dialogforum Mauthausen: Queere Lagergeschichte(n) \u2013 Erinnerungen, Diskurse, Kontinuit\u00e4ten - Blog - Qwien - Zentrum f\u00fcr queere Geschichte<\/title>\n<meta name=\"robots\" content=\"index, follow, max-snippet:-1, max-image-preview:large, max-video-preview:-1\" \/>\n<link rel=\"canonical\" href=\"https:\/\/www.qwien.at\/en\/webarchive\/%f0%9f%92%ac14-dialogforum-mauthausen-queere-lagergeschichten-erinnerungen-diskurse-kontinuitaeten\/\" \/>\n<meta property=\"og:locale\" content=\"en_US\" \/>\n<meta property=\"og:type\" content=\"article\" \/>\n<meta property=\"og:title\" content=\"\ud83d\udcac14. Dialogforum Mauthausen: Queere Lagergeschichte(n) \u2013 Erinnerungen, Diskurse, Kontinuit\u00e4ten - Blog - Qwien - Zentrum f\u00fcr queere Geschichte\" \/>\n<meta property=\"og:description\" content=\"\ud83d\udcacQueere Lagergeschichte(n) \u2013 Erinnerungen, Diskurse, Kontinuit\u00e4ten Wir sind Teil des Dialogforums das von 29. &#8211; 30. September 2023 bereits zum 14. Mal an der KZ-Gedenkst\u00e4tte Mauthausen stattfindet. Die Verfolgung queerer Personen w\u00e4hrend des Nationalsozialismus ist ein Forschungsbereich, der erst ab den 1970er-Jahren von der geschichtswissenschaftlichen Forschung aufgegriffen wurde. Bedingt durch die teilweise Entkriminalisierung von Homosexualit\u00e4t [&hellip;]\" \/>\n<meta property=\"og:url\" content=\"https:\/\/www.qwien.at\/en\/webarchive\/%f0%9f%92%ac14-dialogforum-mauthausen-queere-lagergeschichten-erinnerungen-diskurse-kontinuitaeten\/\" \/>\n<meta property=\"og:site_name\" content=\"Qwien - Zentrum f\u00fcr queere Geschichte\" \/>\n<meta property=\"article:published_time\" content=\"2025-07-15T19:37:17+00:00\" \/>\n<meta property=\"og:image\" content=\"https:\/\/www.qwien.at\/wp-content\/uploads\/2025\/06\/seo-yoast-1.png\" \/>\n\t<meta property=\"og:image:width\" content=\"1921\" \/>\n\t<meta property=\"og:image:height\" content=\"1081\" \/>\n\t<meta property=\"og:image:type\" content=\"image\/png\" \/>\n<meta name=\"author\" content=\"Andreas Brunner\" \/>\n<meta name=\"twitter:card\" content=\"summary_large_image\" \/>\n<meta name=\"twitter:label1\" content=\"Written by\" \/>\n\t<meta name=\"twitter:data1\" content=\"Andreas Brunner\" \/>\n\t<meta name=\"twitter:label2\" content=\"Est. reading time\" \/>\n\t<meta name=\"twitter:data2\" content=\"3 minutes\" \/>\n<script type=\"application\/ld+json\" class=\"yoast-schema-graph\">{\"@context\":\"https:\\\/\\\/schema.org\",\"@graph\":[{\"@type\":[\"Article\",\"BlogPosting\"],\"@id\":\"https:\\\/\\\/www.qwien.at\\\/en\\\/webarchive\\\/%f0%9f%92%ac14-dialogforum-mauthausen-queere-lagergeschichten-erinnerungen-diskurse-kontinuitaeten\\\/#article\",\"isPartOf\":{\"@id\":\"https:\\\/\\\/www.qwien.at\\\/en\\\/webarchive\\\/%f0%9f%92%ac14-dialogforum-mauthausen-queere-lagergeschichten-erinnerungen-diskurse-kontinuitaeten\\\/\"},\"author\":{\"name\":\"Andreas Brunner\",\"@id\":\"https:\\\/\\\/www.qwien.at\\\/en\\\/#\\\/schema\\\/person\\\/d3fe9114b43d8e5a558a6d20ca3e2920\"},\"headline\":\"\ud83d\udcac14. Dialogforum Mauthausen: Queere Lagergeschichte(n) \u2013 Erinnerungen, Diskurse, Kontinuit\u00e4ten\",\"datePublished\":\"2025-07-15T19:37:17+00:00\",\"mainEntityOfPage\":{\"@id\":\"https:\\\/\\\/www.qwien.at\\\/en\\\/webarchive\\\/%f0%9f%92%ac14-dialogforum-mauthausen-queere-lagergeschichten-erinnerungen-diskurse-kontinuitaeten\\\/\"},\"wordCount\":689,\"publisher\":{\"@id\":\"https:\\\/\\\/www.qwien.at\\\/en\\\/#organization\"},\"image\":{\"@id\":\"https:\\\/\\\/www.qwien.at\\\/en\\\/webarchive\\\/%f0%9f%92%ac14-dialogforum-mauthausen-queere-lagergeschichten-erinnerungen-diskurse-kontinuitaeten\\\/#primaryimage\"},\"thumbnailUrl\":\"https:\\\/\\\/www.qwien.at\\\/wp-content\\\/uploads\\\/2023\\\/08\\\/87201AC5-7B8B-44E9-9FB8-85454D4ED809.jpeg\",\"articleSection\":[\"Webarchiv\"],\"inLanguage\":\"en-US\"},{\"@type\":\"WebPage\",\"@id\":\"https:\\\/\\\/www.qwien.at\\\/en\\\/webarchive\\\/%f0%9f%92%ac14-dialogforum-mauthausen-queere-lagergeschichten-erinnerungen-diskurse-kontinuitaeten\\\/\",\"url\":\"https:\\\/\\\/www.qwien.at\\\/en\\\/webarchive\\\/%f0%9f%92%ac14-dialogforum-mauthausen-queere-lagergeschichten-erinnerungen-diskurse-kontinuitaeten\\\/\",\"name\":\"\ud83d\udcac14. Dialogforum Mauthausen: Queere Lagergeschichte(n) \u2013 Erinnerungen, Diskurse, Kontinuit\u00e4ten - Blog - Qwien - Zentrum f\u00fcr queere Geschichte\",\"isPartOf\":{\"@id\":\"https:\\\/\\\/www.qwien.at\\\/en\\\/#website\"},\"primaryImageOfPage\":{\"@id\":\"https:\\\/\\\/www.qwien.at\\\/en\\\/webarchive\\\/%f0%9f%92%ac14-dialogforum-mauthausen-queere-lagergeschichten-erinnerungen-diskurse-kontinuitaeten\\\/#primaryimage\"},\"image\":{\"@id\":\"https:\\\/\\\/www.qwien.at\\\/en\\\/webarchive\\\/%f0%9f%92%ac14-dialogforum-mauthausen-queere-lagergeschichten-erinnerungen-diskurse-kontinuitaeten\\\/#primaryimage\"},\"thumbnailUrl\":\"https:\\\/\\\/www.qwien.at\\\/wp-content\\\/uploads\\\/2023\\\/08\\\/87201AC5-7B8B-44E9-9FB8-85454D4ED809.jpeg\",\"datePublished\":\"2025-07-15T19:37:17+00:00\",\"breadcrumb\":{\"@id\":\"https:\\\/\\\/www.qwien.at\\\/en\\\/webarchive\\\/%f0%9f%92%ac14-dialogforum-mauthausen-queere-lagergeschichten-erinnerungen-diskurse-kontinuitaeten\\\/#breadcrumb\"},\"inLanguage\":\"en-US\",\"potentialAction\":[{\"@type\":\"ReadAction\",\"target\":[\"https:\\\/\\\/www.qwien.at\\\/en\\\/webarchive\\\/%f0%9f%92%ac14-dialogforum-mauthausen-queere-lagergeschichten-erinnerungen-diskurse-kontinuitaeten\\\/\"]}]},{\"@type\":\"ImageObject\",\"inLanguage\":\"en-US\",\"@id\":\"https:\\\/\\\/www.qwien.at\\\/en\\\/webarchive\\\/%f0%9f%92%ac14-dialogforum-mauthausen-queere-lagergeschichten-erinnerungen-diskurse-kontinuitaeten\\\/#primaryimage\",\"url\":\"https:\\\/\\\/www.qwien.at\\\/wp-content\\\/uploads\\\/2023\\\/08\\\/87201AC5-7B8B-44E9-9FB8-85454D4ED809.jpeg\",\"contentUrl\":\"https:\\\/\\\/www.qwien.at\\\/wp-content\\\/uploads\\\/2023\\\/08\\\/87201AC5-7B8B-44E9-9FB8-85454D4ED809.jpeg\",\"width\":1024,\"height\":683},{\"@type\":\"BreadcrumbList\",\"@id\":\"https:\\\/\\\/www.qwien.at\\\/en\\\/webarchive\\\/%f0%9f%92%ac14-dialogforum-mauthausen-queere-lagergeschichten-erinnerungen-diskurse-kontinuitaeten\\\/#breadcrumb\",\"itemListElement\":[{\"@type\":\"ListItem\",\"position\":1,\"name\":\"Startseite\",\"item\":\"https:\\\/\\\/www.qwien.at\\\/en\\\/\"},{\"@type\":\"ListItem\",\"position\":2,\"name\":\"\ud83d\udcac14. Dialogforum Mauthausen: Queere Lagergeschichte(n) \u2013 Erinnerungen, Diskurse, Kontinuit\u00e4ten\"}]},{\"@type\":\"WebSite\",\"@id\":\"https:\\\/\\\/www.qwien.at\\\/en\\\/#website\",\"url\":\"https:\\\/\\\/www.qwien.at\\\/en\\\/\",\"name\":\"Qwien - Zentrum f\u00fcr queere Geschichte\",\"description\":\"\",\"publisher\":{\"@id\":\"https:\\\/\\\/www.qwien.at\\\/en\\\/#organization\"},\"potentialAction\":[{\"@type\":\"SearchAction\",\"target\":{\"@type\":\"EntryPoint\",\"urlTemplate\":\"https:\\\/\\\/www.qwien.at\\\/en\\\/?s={search_term_string}\"},\"query-input\":{\"@type\":\"PropertyValueSpecification\",\"valueRequired\":true,\"valueName\":\"search_term_string\"}}],\"inLanguage\":\"en-US\"},{\"@type\":\"Organization\",\"@id\":\"https:\\\/\\\/www.qwien.at\\\/en\\\/#organization\",\"name\":\"Qwien\",\"url\":\"https:\\\/\\\/www.qwien.at\\\/en\\\/\",\"logo\":{\"@type\":\"ImageObject\",\"inLanguage\":\"en-US\",\"@id\":\"https:\\\/\\\/www.qwien.at\\\/en\\\/#\\\/schema\\\/logo\\\/image\\\/\",\"url\":\"https:\\\/\\\/www.qwien.at\\\/wp-content\\\/uploads\\\/2025\\\/06\\\/seo-yoast-2.png\",\"contentUrl\":\"https:\\\/\\\/www.qwien.at\\\/wp-content\\\/uploads\\\/2025\\\/06\\\/seo-yoast-2.png\",\"width\":697,\"height\":697,\"caption\":\"Qwien\"},\"image\":{\"@id\":\"https:\\\/\\\/www.qwien.at\\\/en\\\/#\\\/schema\\\/logo\\\/image\\\/\"},\"sameAs\":[\"https:\\\/\\\/www.instagram.com\\\/qwien.zentrum\\\/\"]},{\"@type\":\"Person\",\"@id\":\"https:\\\/\\\/www.qwien.at\\\/en\\\/#\\\/schema\\\/person\\\/d3fe9114b43d8e5a558a6d20ca3e2920\",\"name\":\"Andreas Brunner\"}]}<\/script>\n<!-- \/ Yoast SEO plugin. -->","yoast_head_json":{"title":"\ud83d\udcac14. Dialogforum Mauthausen: Queere Lagergeschichte(n) \u2013 Erinnerungen, Diskurse, Kontinuit\u00e4ten - Blog - Qwien - Zentrum f\u00fcr queere Geschichte","robots":{"index":"index","follow":"follow","max-snippet":"max-snippet:-1","max-image-preview":"max-image-preview:large","max-video-preview":"max-video-preview:-1"},"canonical":"https:\/\/www.qwien.at\/en\/webarchive\/%f0%9f%92%ac14-dialogforum-mauthausen-queere-lagergeschichten-erinnerungen-diskurse-kontinuitaeten\/","og_locale":"en_US","og_type":"article","og_title":"\ud83d\udcac14. Dialogforum Mauthausen: Queere Lagergeschichte(n) \u2013 Erinnerungen, Diskurse, Kontinuit\u00e4ten - Blog - Qwien - Zentrum f\u00fcr queere Geschichte","og_description":"\ud83d\udcacQueere Lagergeschichte(n) \u2013 Erinnerungen, Diskurse, Kontinuit\u00e4ten Wir sind Teil des Dialogforums das von 29. &#8211; 30. September 2023 bereits zum 14. Mal an der KZ-Gedenkst\u00e4tte Mauthausen stattfindet. Die Verfolgung queerer Personen w\u00e4hrend des Nationalsozialismus ist ein Forschungsbereich, der erst ab den 1970er-Jahren von der geschichtswissenschaftlichen Forschung aufgegriffen wurde. Bedingt durch die teilweise Entkriminalisierung von Homosexualit\u00e4t [&hellip;]","og_url":"https:\/\/www.qwien.at\/en\/webarchive\/%f0%9f%92%ac14-dialogforum-mauthausen-queere-lagergeschichten-erinnerungen-diskurse-kontinuitaeten\/","og_site_name":"Qwien - Zentrum f\u00fcr queere Geschichte","article_published_time":"2025-07-15T19:37:17+00:00","og_image":[{"width":1921,"height":1081,"url":"https:\/\/www.qwien.at\/wp-content\/uploads\/2025\/06\/seo-yoast-1.png","type":"image\/png"}],"author":"Andreas Brunner","twitter_card":"summary_large_image","twitter_misc":{"Written by":"Andreas Brunner","Est. reading time":"3 minutes"},"schema":{"@context":"https:\/\/schema.org","@graph":[{"@type":["Article","BlogPosting"],"@id":"https:\/\/www.qwien.at\/en\/webarchive\/%f0%9f%92%ac14-dialogforum-mauthausen-queere-lagergeschichten-erinnerungen-diskurse-kontinuitaeten\/#article","isPartOf":{"@id":"https:\/\/www.qwien.at\/en\/webarchive\/%f0%9f%92%ac14-dialogforum-mauthausen-queere-lagergeschichten-erinnerungen-diskurse-kontinuitaeten\/"},"author":{"name":"Andreas Brunner","@id":"https:\/\/www.qwien.at\/en\/#\/schema\/person\/d3fe9114b43d8e5a558a6d20ca3e2920"},"headline":"\ud83d\udcac14. Dialogforum Mauthausen: Queere Lagergeschichte(n) \u2013 Erinnerungen, Diskurse, Kontinuit\u00e4ten","datePublished":"2025-07-15T19:37:17+00:00","mainEntityOfPage":{"@id":"https:\/\/www.qwien.at\/en\/webarchive\/%f0%9f%92%ac14-dialogforum-mauthausen-queere-lagergeschichten-erinnerungen-diskurse-kontinuitaeten\/"},"wordCount":689,"publisher":{"@id":"https:\/\/www.qwien.at\/en\/#organization"},"image":{"@id":"https:\/\/www.qwien.at\/en\/webarchive\/%f0%9f%92%ac14-dialogforum-mauthausen-queere-lagergeschichten-erinnerungen-diskurse-kontinuitaeten\/#primaryimage"},"thumbnailUrl":"https:\/\/www.qwien.at\/wp-content\/uploads\/2023\/08\/87201AC5-7B8B-44E9-9FB8-85454D4ED809.jpeg","articleSection":["Webarchiv"],"inLanguage":"en-US"},{"@type":"WebPage","@id":"https:\/\/www.qwien.at\/en\/webarchive\/%f0%9f%92%ac14-dialogforum-mauthausen-queere-lagergeschichten-erinnerungen-diskurse-kontinuitaeten\/","url":"https:\/\/www.qwien.at\/en\/webarchive\/%f0%9f%92%ac14-dialogforum-mauthausen-queere-lagergeschichten-erinnerungen-diskurse-kontinuitaeten\/","name":"\ud83d\udcac14. Dialogforum Mauthausen: Queere Lagergeschichte(n) \u2013 Erinnerungen, Diskurse, Kontinuit\u00e4ten - Blog - Qwien - Zentrum f\u00fcr queere Geschichte","isPartOf":{"@id":"https:\/\/www.qwien.at\/en\/#website"},"primaryImageOfPage":{"@id":"https:\/\/www.qwien.at\/en\/webarchive\/%f0%9f%92%ac14-dialogforum-mauthausen-queere-lagergeschichten-erinnerungen-diskurse-kontinuitaeten\/#primaryimage"},"image":{"@id":"https:\/\/www.qwien.at\/en\/webarchive\/%f0%9f%92%ac14-dialogforum-mauthausen-queere-lagergeschichten-erinnerungen-diskurse-kontinuitaeten\/#primaryimage"},"thumbnailUrl":"https:\/\/www.qwien.at\/wp-content\/uploads\/2023\/08\/87201AC5-7B8B-44E9-9FB8-85454D4ED809.jpeg","datePublished":"2025-07-15T19:37:17+00:00","breadcrumb":{"@id":"https:\/\/www.qwien.at\/en\/webarchive\/%f0%9f%92%ac14-dialogforum-mauthausen-queere-lagergeschichten-erinnerungen-diskurse-kontinuitaeten\/#breadcrumb"},"inLanguage":"en-US","potentialAction":[{"@type":"ReadAction","target":["https:\/\/www.qwien.at\/en\/webarchive\/%f0%9f%92%ac14-dialogforum-mauthausen-queere-lagergeschichten-erinnerungen-diskurse-kontinuitaeten\/"]}]},{"@type":"ImageObject","inLanguage":"en-US","@id":"https:\/\/www.qwien.at\/en\/webarchive\/%f0%9f%92%ac14-dialogforum-mauthausen-queere-lagergeschichten-erinnerungen-diskurse-kontinuitaeten\/#primaryimage","url":"https:\/\/www.qwien.at\/wp-content\/uploads\/2023\/08\/87201AC5-7B8B-44E9-9FB8-85454D4ED809.jpeg","contentUrl":"https:\/\/www.qwien.at\/wp-content\/uploads\/2023\/08\/87201AC5-7B8B-44E9-9FB8-85454D4ED809.jpeg","width":1024,"height":683},{"@type":"BreadcrumbList","@id":"https:\/\/www.qwien.at\/en\/webarchive\/%f0%9f%92%ac14-dialogforum-mauthausen-queere-lagergeschichten-erinnerungen-diskurse-kontinuitaeten\/#breadcrumb","itemListElement":[{"@type":"ListItem","position":1,"name":"Startseite","item":"https:\/\/www.qwien.at\/en\/"},{"@type":"ListItem","position":2,"name":"\ud83d\udcac14. Dialogforum Mauthausen: Queere Lagergeschichte(n) \u2013 Erinnerungen, Diskurse, Kontinuit\u00e4ten"}]},{"@type":"WebSite","@id":"https:\/\/www.qwien.at\/en\/#website","url":"https:\/\/www.qwien.at\/en\/","name":"Qwien - Zentrum f\u00fcr queere Geschichte","description":"","publisher":{"@id":"https:\/\/www.qwien.at\/en\/#organization"},"potentialAction":[{"@type":"SearchAction","target":{"@type":"EntryPoint","urlTemplate":"https:\/\/www.qwien.at\/en\/?s={search_term_string}"},"query-input":{"@type":"PropertyValueSpecification","valueRequired":true,"valueName":"search_term_string"}}],"inLanguage":"en-US"},{"@type":"Organization","@id":"https:\/\/www.qwien.at\/en\/#organization","name":"Qwien","url":"https:\/\/www.qwien.at\/en\/","logo":{"@type":"ImageObject","inLanguage":"en-US","@id":"https:\/\/www.qwien.at\/en\/#\/schema\/logo\/image\/","url":"https:\/\/www.qwien.at\/wp-content\/uploads\/2025\/06\/seo-yoast-2.png","contentUrl":"https:\/\/www.qwien.at\/wp-content\/uploads\/2025\/06\/seo-yoast-2.png","width":697,"height":697,"caption":"Qwien"},"image":{"@id":"https:\/\/www.qwien.at\/en\/#\/schema\/logo\/image\/"},"sameAs":["https:\/\/www.instagram.com\/qwien.zentrum\/"]},{"@type":"Person","@id":"https:\/\/www.qwien.at\/en\/#\/schema\/person\/d3fe9114b43d8e5a558a6d20ca3e2920","name":"Andreas Brunner"}]}},"_links":{"self":[{"href":"https:\/\/www.qwien.at\/en\/wp-json\/wp\/v2\/posts\/10927","targetHints":{"allow":["GET"]}}],"collection":[{"href":"https:\/\/www.qwien.at\/en\/wp-json\/wp\/v2\/posts"}],"about":[{"href":"https:\/\/www.qwien.at\/en\/wp-json\/wp\/v2\/types\/post"}],"author":[{"embeddable":true,"href":"https:\/\/www.qwien.at\/en\/wp-json\/wp\/v2\/users\/4"}],"replies":[{"embeddable":true,"href":"https:\/\/www.qwien.at\/en\/wp-json\/wp\/v2\/comments?post=10927"}],"version-history":[{"count":0,"href":"https:\/\/www.qwien.at\/en\/wp-json\/wp\/v2\/posts\/10927\/revisions"}],"wp:featuredmedia":[{"embeddable":true,"href":"https:\/\/www.qwien.at\/en\/wp-json\/wp\/v2\/media\/9856"}],"wp:attachment":[{"href":"https:\/\/www.qwien.at\/en\/wp-json\/wp\/v2\/media?parent=10927"}],"wp:term":[{"taxonomy":"category","embeddable":true,"href":"https:\/\/www.qwien.at\/en\/wp-json\/wp\/v2\/categories?post=10927"},{"taxonomy":"post_tag","embeddable":true,"href":"https:\/\/www.qwien.at\/en\/wp-json\/wp\/v2\/tags?post=10927"}],"curies":[{"name":"wp","href":"https:\/\/api.w.org\/{rel}","templated":true}]}}