{"id":10972,"date":"2025-07-15T21:37:16","date_gmt":"2025-07-15T19:37:16","guid":{"rendered":"https:\/\/www.qwien.at\/nicht-kategorisiert\/aus-unserer-bibliothek-sexualnot-und-sexualreform-1931\/"},"modified":"2025-07-15T21:37:16","modified_gmt":"2025-07-15T19:37:16","slug":"aus-unserer-bibliothek-sexualnot-und-sexualreform-1931","status":"publish","type":"post","link":"https:\/\/www.qwien.at\/en\/webarchive\/aus-unserer-bibliothek-sexualnot-und-sexualreform-1931\/","title":{"rendered":"Aus unserer Bibliothek: Sexualnot und Sexualreform (1931)"},"content":{"rendered":"\n<p class=\"has-medium-font-size\"><em>In der QWIEN-Bibliothek befindet sich der Bericht des vierten Kongresses f\u00fcr Sexualreform, der vom 16. bis zum 23. September 1930 in Wien abgehalten wurde.<\/em><\/p>\n\n\n<div class=\"wp-block-image\">\n<figure class=\"aligncenter size-full\"><img loading=\"lazy\" decoding=\"async\" width=\"1075\" height=\"828\" src=\"https:\/\/www.qwien.at\/wp-content\/uploads\/2024\/07\/Sexualnot-und-Sexualreform-IV.-Kongress.jpg\" alt=\"\" class=\"wp-image-7625\" srcset=\"https:\/\/www.qwien.at\/wp-content\/uploads\/2024\/07\/Sexualnot-und-Sexualreform-IV.-Kongress.jpg 1075w, https:\/\/www.qwien.at\/wp-content\/uploads\/2024\/07\/Sexualnot-und-Sexualreform-IV.-Kongress-300x231.jpg 300w, https:\/\/www.qwien.at\/wp-content\/uploads\/2024\/07\/Sexualnot-und-Sexualreform-IV.-Kongress-1024x789.jpg 1024w, https:\/\/www.qwien.at\/wp-content\/uploads\/2024\/07\/Sexualnot-und-Sexualreform-IV.-Kongress-768x592.jpg 768w, https:\/\/www.qwien.at\/wp-content\/uploads\/2024\/07\/Sexualnot-und-Sexualreform-IV.-Kongress-16x12.jpg 16w\" sizes=\"auto, (max-width: 1075px) 100vw, 1075px\" \/><\/figure>\n<\/div>\n\n\n<div style=\"height:24px\" aria-hidden=\"true\" class=\"wp-block-spacer\"><\/div>\n\n\n\n<p class=\"has-medium-font-size\">Der Kongress f\u00fcr Sexualreform wurde veranstaltet von der Weltliga f\u00fcr Sexualreform. Teilnehmer:innen des vierten Kongresses 1930 in Wien waren beispielsweise die offen lesbisch lebende Dr. Johanna Elberskirchen, die \u00fcber die &#8220;\u00dcberbewertung des Sexuellen&#8221; (Steiner, 1931: S. 87) referierte oder Dr. Magnus Hirschfeld mit seinem Beitrag zur &#8220;Sexualgesetzgebung&#8221; (Steiner, 1931: S. 381).<\/p>\n\n\n\n<p class=\"has-medium-font-size\">Dr. Johanna Elberskirchen, die etwas weniger bekannt ist als Hirschfeld, setzte sich in ihrem feministischen Aktivismus f\u00fcr die Rechter homosexueller Menschen ein und hatte dabei ein gro\u00dfes Klassenbewusstsein. Sie sagte: \u201eDer reine Feminismus ist nolens volens radikal. Notwendig schlie\u00dft er (\u2026) M\u00e4\u00dfigung, Beschr\u00e4nkung, Halbheit aus. Feministisch sein hei\u00dft keineswegs \u00e0 tout prix ein Recht f\u00fcr eine kleine Anzahl Frauen auf Kosten der anderen Frauen ergattern zu wollen \u2013 feministisch sein, das hei\u00dft immer nur f\u00fcr Gesamt-Befreiung des gesamten weiblichen Geschlechts k\u00e4mpfen\u201c (Bundesstiftung Magnus Hirschfeld, 2024).<\/p>\n\n\n\n<div style=\"height:38px\" aria-hidden=\"true\" class=\"wp-block-spacer\"><\/div>\n\n\n\n<h2 class=\"wp-block-heading has-medium-font-size\">Der Kongress der Weltliga<\/h2>\n\n\n\n<p class=\"has-medium-font-size\">Erstmals veranstaltet wurde der Kongress f\u00fcr Sexualreform 1921 unter dem Namen &#8220;Erste internationale Tagung f\u00fcr Sexualreform auf sexualwissenschaftlicher Grundlage&#8221; in Berlin. Beim zweiten Kongress, 1928 in Stockholm, wurde die &#8220;Weltliga f\u00fcr Sexualreform&#8221; gegr\u00fcndet. Der dritte Kongress fand 1929 in London statt und der f\u00fcnfte (und letzte) 1932 in Brno\/Br\u00fcnn. 1935 wurde die Weltliga aufgel\u00f6st. Zentraler Bestandteil des Kongresses war die Vernetzung namhafter Wissenschaftler:innen und Sexualreformer:innen, die eine linksliberale politische Haltung teilten. In manchen sexualreformerischen Diskursen blieben Differenzen zwischen den Ans\u00e4tzen allerdings weiter bestehen &#8211; so beispielsweise bei der Frage nach Homosexualit\u00e4t als Anlage oder zur Freigabe der Abtreibung (Magnus-Hirschfeld-Gesellschaft).<\/p>\n\n\n\n<p class=\"has-medium-font-size\"><\/p>\n\n\n\n<figure class=\"wp-block-gallery has-nested-images columns-default is-cropped wp-block-gallery-1 is-layout-flex wp-block-gallery-is-layout-flex\">\n<figure class=\"wp-block-image size-large\"><a href=\"https:\/\/www.qwien.at\/wp-content\/uploads\/2024\/07\/Sexualnot-und-Sexualreform-Inhaltsverzeichnis-1-1024x795.jpg\" target=\"_blank\" rel=\"noopener\"><img loading=\"lazy\" decoding=\"async\" width=\"1024\" height=\"795\" data-id=\"7626\" src=\"https:\/\/www.qwien.at\/wp-content\/uploads\/2024\/07\/Sexualnot-und-Sexualreform-Inhaltsverzeichnis-1-1024x795.jpg\" alt=\"\" class=\"wp-image-7626\" srcset=\"https:\/\/www.qwien.at\/wp-content\/uploads\/2024\/07\/Sexualnot-und-Sexualreform-Inhaltsverzeichnis-1-1024x795.jpg 1024w, https:\/\/www.qwien.at\/wp-content\/uploads\/2024\/07\/Sexualnot-und-Sexualreform-Inhaltsverzeichnis-1-300x233.jpg 300w, https:\/\/www.qwien.at\/wp-content\/uploads\/2024\/07\/Sexualnot-und-Sexualreform-Inhaltsverzeichnis-1-768x597.jpg 768w, https:\/\/www.qwien.at\/wp-content\/uploads\/2024\/07\/Sexualnot-und-Sexualreform-Inhaltsverzeichnis-1-15x12.jpg 15w, https:\/\/www.qwien.at\/wp-content\/uploads\/2024\/07\/Sexualnot-und-Sexualreform-Inhaltsverzeichnis-1.jpg 1062w\" sizes=\"auto, (max-width: 1024px) 100vw, 1024px\" \/><\/a><\/figure>\n\n\n\n<figure class=\"wp-block-image size-large\"><a href=\"https:\/\/www.qwien.at\/wp-content\/uploads\/2024\/07\/Sexualnot-und-Sexualreform-Inhaltsverzeichnis-2-1024x806.jpg\" target=\"_blank\" rel=\"noopener\"><img loading=\"lazy\" decoding=\"async\" width=\"1024\" height=\"806\" data-id=\"7627\" src=\"https:\/\/www.qwien.at\/wp-content\/uploads\/2024\/07\/Sexualnot-und-Sexualreform-Inhaltsverzeichnis-2-1024x806.jpg\" alt=\"\" class=\"wp-image-7627\" srcset=\"https:\/\/www.qwien.at\/wp-content\/uploads\/2024\/07\/Sexualnot-und-Sexualreform-Inhaltsverzeichnis-2-1024x806.jpg 1024w, https:\/\/www.qwien.at\/wp-content\/uploads\/2024\/07\/Sexualnot-und-Sexualreform-Inhaltsverzeichnis-2-300x236.jpg 300w, https:\/\/www.qwien.at\/wp-content\/uploads\/2024\/07\/Sexualnot-und-Sexualreform-Inhaltsverzeichnis-2-768x604.jpg 768w, https:\/\/www.qwien.at\/wp-content\/uploads\/2024\/07\/Sexualnot-und-Sexualreform-Inhaltsverzeichnis-2-15x12.jpg 15w, https:\/\/www.qwien.at\/wp-content\/uploads\/2024\/07\/Sexualnot-und-Sexualreform-Inhaltsverzeichnis-2.jpg 1052w\" sizes=\"auto, (max-width: 1024px) 100vw, 1024px\" \/><\/a><\/figure>\n\n\n\n<figure class=\"wp-block-image size-large\"><a href=\"https:\/\/www.qwien.at\/wp-content\/uploads\/2024\/07\/Sexualnot-und-Sexualreform-Inhaltsverzeichnis-3-1024x783.jpg\" target=\"_blank\" rel=\"noopener\"><img loading=\"lazy\" decoding=\"async\" width=\"1024\" height=\"783\" data-id=\"7628\" src=\"https:\/\/www.qwien.at\/wp-content\/uploads\/2024\/07\/Sexualnot-und-Sexualreform-Inhaltsverzeichnis-3-1024x783.jpg\" alt=\"\" class=\"wp-image-7628\" srcset=\"https:\/\/www.qwien.at\/wp-content\/uploads\/2024\/07\/Sexualnot-und-Sexualreform-Inhaltsverzeichnis-3-1024x783.jpg 1024w, https:\/\/www.qwien.at\/wp-content\/uploads\/2024\/07\/Sexualnot-und-Sexualreform-Inhaltsverzeichnis-3-300x229.jpg 300w, https:\/\/www.qwien.at\/wp-content\/uploads\/2024\/07\/Sexualnot-und-Sexualreform-Inhaltsverzeichnis-3-768x587.jpg 768w, https:\/\/www.qwien.at\/wp-content\/uploads\/2024\/07\/Sexualnot-und-Sexualreform-Inhaltsverzeichnis-3-16x12.jpg 16w, https:\/\/www.qwien.at\/wp-content\/uploads\/2024\/07\/Sexualnot-und-Sexualreform-Inhaltsverzeichnis-3.jpg 1076w\" sizes=\"auto, (max-width: 1024px) 100vw, 1024px\" \/><\/a><\/figure>\n\n\n\n<figure class=\"wp-block-image size-large\"><a href=\"https:\/\/www.qwien.at\/wp-content\/uploads\/2024\/07\/Sexualnot-und-Sexualreform-Inhaltsverzeichnis-4-1024x792.jpg\" target=\"_blank\" rel=\"noopener\"><img loading=\"lazy\" decoding=\"async\" width=\"1024\" height=\"792\" data-id=\"7629\" src=\"https:\/\/www.qwien.at\/wp-content\/uploads\/2024\/07\/Sexualnot-und-Sexualreform-Inhaltsverzeichnis-4-1024x792.jpg\" alt=\"\" class=\"wp-image-7629\" srcset=\"https:\/\/www.qwien.at\/wp-content\/uploads\/2024\/07\/Sexualnot-und-Sexualreform-Inhaltsverzeichnis-4-1024x792.jpg 1024w, https:\/\/www.qwien.at\/wp-content\/uploads\/2024\/07\/Sexualnot-und-Sexualreform-Inhaltsverzeichnis-4-300x232.jpg 300w, https:\/\/www.qwien.at\/wp-content\/uploads\/2024\/07\/Sexualnot-und-Sexualreform-Inhaltsverzeichnis-4-768x594.jpg 768w, https:\/\/www.qwien.at\/wp-content\/uploads\/2024\/07\/Sexualnot-und-Sexualreform-Inhaltsverzeichnis-4-16x12.jpg 16w, https:\/\/www.qwien.at\/wp-content\/uploads\/2024\/07\/Sexualnot-und-Sexualreform-Inhaltsverzeichnis-4.jpg 1078w\" sizes=\"auto, (max-width: 1024px) 100vw, 1024px\" \/><\/a><\/figure>\n\n\n\n<figure class=\"wp-block-image size-large\"><a href=\"https:\/\/www.qwien.at\/wp-content\/uploads\/2024\/07\/Sexualnot-und-Sexualreform-Inhaltsverzeichnis-5-1024x776.jpg\" target=\"_blank\" rel=\"noopener\"><img loading=\"lazy\" decoding=\"async\" width=\"1024\" height=\"776\" data-id=\"7630\" src=\"https:\/\/www.qwien.at\/wp-content\/uploads\/2024\/07\/Sexualnot-und-Sexualreform-Inhaltsverzeichnis-5-1024x776.jpg\" alt=\"\" class=\"wp-image-7630\" srcset=\"https:\/\/www.qwien.at\/wp-content\/uploads\/2024\/07\/Sexualnot-und-Sexualreform-Inhaltsverzeichnis-5-1024x776.jpg 1024w, https:\/\/www.qwien.at\/wp-content\/uploads\/2024\/07\/Sexualnot-und-Sexualreform-Inhaltsverzeichnis-5-300x227.jpg 300w, https:\/\/www.qwien.at\/wp-content\/uploads\/2024\/07\/Sexualnot-und-Sexualreform-Inhaltsverzeichnis-5-768x582.jpg 768w, https:\/\/www.qwien.at\/wp-content\/uploads\/2024\/07\/Sexualnot-und-Sexualreform-Inhaltsverzeichnis-5-16x12.jpg 16w, https:\/\/www.qwien.at\/wp-content\/uploads\/2024\/07\/Sexualnot-und-Sexualreform-Inhaltsverzeichnis-5.jpg 1088w\" sizes=\"auto, (max-width: 1024px) 100vw, 1024px\" \/><\/a><\/figure>\n\n\n\n<figure class=\"wp-block-image size-large\"><a href=\"https:\/\/www.qwien.at\/wp-content\/uploads\/2024\/07\/Sexualnot-und-Sexualreform-Inhaltsverzeichnis-6-1024x805.jpg\" target=\"_blank\" rel=\"noopener\"><img loading=\"lazy\" decoding=\"async\" width=\"1024\" height=\"805\" data-id=\"7631\" src=\"https:\/\/www.qwien.at\/wp-content\/uploads\/2024\/07\/Sexualnot-und-Sexualreform-Inhaltsverzeichnis-6-1024x805.jpg\" alt=\"\" class=\"wp-image-7631\" srcset=\"https:\/\/www.qwien.at\/wp-content\/uploads\/2024\/07\/Sexualnot-und-Sexualreform-Inhaltsverzeichnis-6-1024x805.jpg 1024w, https:\/\/www.qwien.at\/wp-content\/uploads\/2024\/07\/Sexualnot-und-Sexualreform-Inhaltsverzeichnis-6-300x236.jpg 300w, https:\/\/www.qwien.at\/wp-content\/uploads\/2024\/07\/Sexualnot-und-Sexualreform-Inhaltsverzeichnis-6-768x604.jpg 768w, https:\/\/www.qwien.at\/wp-content\/uploads\/2024\/07\/Sexualnot-und-Sexualreform-Inhaltsverzeichnis-6-15x12.jpg 15w, https:\/\/www.qwien.at\/wp-content\/uploads\/2024\/07\/Sexualnot-und-Sexualreform-Inhaltsverzeichnis-6.jpg 1071w\" sizes=\"auto, (max-width: 1024px) 100vw, 1024px\" \/><\/a><\/figure>\n<figcaption class=\"blocks-gallery-caption wp-element-caption\"><em>Sexualnot und Sexualreform: Inhaltsverzeichnis<\/em><\/figcaption><\/figure>\n\n\n\n<div style=\"height:30px\" aria-hidden=\"true\" class=\"wp-block-spacer\"><\/div>\n\n\n\n<p class=\"has-medium-font-size\">QWIEN ist im Besitz einer Print-Fassung des knapp 700-seitigen Werkes. Zu Studienzwecken bieten wir auch eine digitale Fassung an, mit der gearbeitet werden kann.<\/p>\n\n\n\n<div style=\"height:39px\" aria-hidden=\"true\" class=\"wp-block-spacer\"><\/div>\n\n\n\n<p class=\"has-medium-font-size\"><strong>Quellenverweise:<\/strong><\/p>\n\n\n\n<p class=\"has-medium-font-size\">Bundesstiftung Magnus Hirschfeld. (2024, 19. Februar). <em>Johanna Elberskirchen \u2013 BUNDESSTIFTUNG MAGNUS HIRSCHFELD<\/em>. BUNDESSTIFTUNG MAGNUS HIRSCHFELD. https:\/\/mh-stiftung.de\/projekte\/biografien\/johanna-elberskirchen\/<\/p>\n\n\n\n<p class=\"has-medium-font-size\">Magnus-Hirschfeld-Gesellschaft. <em>Sexualreform und Sexualwissenschaft<\/em>. (o.&nbsp;D.). https:\/\/magnus-hirschfeld.de\/institut\/sexualreform\/sexualreform-und-sexualwissenschaft\/<\/p>\n\n\n\n<p class=\"has-medium-font-size\">Steiner, H. (1931). <em>Sexualnot und Sexualreform<\/em>.<\/p>\n\n\n\n<p><\/p>\n","protected":false},"excerpt":{"rendered":"<p>In der QWIEN-Bibliothek befindet sich der Bericht des vierten Kongresses f\u00fcr Sexualreform, der vom 16. bis zum 23. September 1930 in Wien abgehalten wurde. Der Kongress f\u00fcr Sexualreform wurde veranstaltet von der Weltliga f\u00fcr Sexualreform. Teilnehmer:innen des vierten Kongresses 1930 in Wien waren beispielsweise die offen lesbisch lebende Dr. Johanna Elberskirchen, die \u00fcber die &#8220;\u00dcberbewertung [&hellip;]<\/p>\n","protected":false},"author":4,"featured_media":9958,"comment_status":"closed","ping_status":"open","sticky":false,"template":"","format":"standard","meta":{"_acf_changed":false,"footnotes":""},"categories":[276],"tags":[],"class_list":["post-10972","post","type-post","status-publish","format-standard","has-post-thumbnail","hentry","category-webarchive","grve-entry-item","grve-blog-item"],"acf":[],"yoast_head":"<!-- This site is optimized with the Yoast SEO plugin v27.5 - https:\/\/yoast.com\/product\/yoast-seo-wordpress\/ -->\n<title>Aus unserer Bibliothek: Sexualnot und Sexualreform (1931) - Blog - Qwien - Zentrum f\u00fcr queere Geschichte<\/title>\n<meta name=\"robots\" content=\"index, follow, max-snippet:-1, max-image-preview:large, max-video-preview:-1\" \/>\n<link rel=\"canonical\" href=\"https:\/\/www.qwien.at\/en\/webarchive\/aus-unserer-bibliothek-sexualnot-und-sexualreform-1931\/\" \/>\n<meta property=\"og:locale\" content=\"en_US\" \/>\n<meta property=\"og:type\" content=\"article\" \/>\n<meta property=\"og:title\" content=\"Aus unserer Bibliothek: Sexualnot und Sexualreform (1931) - Blog - Qwien - Zentrum f\u00fcr queere Geschichte\" \/>\n<meta property=\"og:description\" content=\"In der QWIEN-Bibliothek befindet sich der Bericht des vierten Kongresses f\u00fcr Sexualreform, der vom 16. bis zum 23. September 1930 in Wien abgehalten wurde. Der Kongress f\u00fcr Sexualreform wurde veranstaltet von der Weltliga f\u00fcr Sexualreform. Teilnehmer:innen des vierten Kongresses 1930 in Wien waren beispielsweise die offen lesbisch lebende Dr. Johanna Elberskirchen, die \u00fcber die &#8220;\u00dcberbewertung [&hellip;]\" \/>\n<meta property=\"og:url\" content=\"https:\/\/www.qwien.at\/en\/webarchive\/aus-unserer-bibliothek-sexualnot-und-sexualreform-1931\/\" \/>\n<meta property=\"og:site_name\" content=\"Qwien - Zentrum f\u00fcr queere Geschichte\" \/>\n<meta property=\"article:published_time\" content=\"2025-07-15T19:37:16+00:00\" \/>\n<meta property=\"og:image\" content=\"https:\/\/www.qwien.at\/wp-content\/uploads\/2024\/07\/Sexualnot-und-Sexualreform-IV.-Kongress.jpg\" \/>\n\t<meta property=\"og:image:width\" content=\"1075\" \/>\n\t<meta property=\"og:image:height\" content=\"828\" \/>\n\t<meta property=\"og:image:type\" content=\"image\/jpeg\" \/>\n<meta name=\"author\" content=\"Andreas Brunner\" \/>\n<meta name=\"twitter:card\" content=\"summary_large_image\" \/>\n<meta name=\"twitter:label1\" content=\"Written by\" \/>\n\t<meta name=\"twitter:data1\" content=\"Andreas Brunner\" \/>\n\t<meta name=\"twitter:label2\" content=\"Est. reading time\" \/>\n\t<meta name=\"twitter:data2\" content=\"2 minutes\" \/>\n<script type=\"application\/ld+json\" class=\"yoast-schema-graph\">{\"@context\":\"https:\\\/\\\/schema.org\",\"@graph\":[{\"@type\":[\"Article\",\"BlogPosting\"],\"@id\":\"https:\\\/\\\/www.qwien.at\\\/en\\\/webarchive\\\/aus-unserer-bibliothek-sexualnot-und-sexualreform-1931\\\/#article\",\"isPartOf\":{\"@id\":\"https:\\\/\\\/www.qwien.at\\\/en\\\/webarchive\\\/aus-unserer-bibliothek-sexualnot-und-sexualreform-1931\\\/\"},\"author\":{\"name\":\"Andreas Brunner\",\"@id\":\"https:\\\/\\\/www.qwien.at\\\/en\\\/#\\\/schema\\\/person\\\/d3fe9114b43d8e5a558a6d20ca3e2920\"},\"headline\":\"Aus unserer Bibliothek: Sexualnot und Sexualreform (1931)\",\"datePublished\":\"2025-07-15T19:37:16+00:00\",\"mainEntityOfPage\":{\"@id\":\"https:\\\/\\\/www.qwien.at\\\/en\\\/webarchive\\\/aus-unserer-bibliothek-sexualnot-und-sexualreform-1931\\\/\"},\"wordCount\":343,\"publisher\":{\"@id\":\"https:\\\/\\\/www.qwien.at\\\/en\\\/#organization\"},\"image\":{\"@id\":\"https:\\\/\\\/www.qwien.at\\\/en\\\/webarchive\\\/aus-unserer-bibliothek-sexualnot-und-sexualreform-1931\\\/#primaryimage\"},\"thumbnailUrl\":\"https:\\\/\\\/www.qwien.at\\\/wp-content\\\/uploads\\\/2024\\\/07\\\/Sexualnot-und-Sexualreform.jpg\",\"articleSection\":[\"Webarchiv\"],\"inLanguage\":\"en-US\"},{\"@type\":\"WebPage\",\"@id\":\"https:\\\/\\\/www.qwien.at\\\/en\\\/webarchive\\\/aus-unserer-bibliothek-sexualnot-und-sexualreform-1931\\\/\",\"url\":\"https:\\\/\\\/www.qwien.at\\\/en\\\/webarchive\\\/aus-unserer-bibliothek-sexualnot-und-sexualreform-1931\\\/\",\"name\":\"Aus unserer Bibliothek: Sexualnot und Sexualreform (1931) - Blog - Qwien - Zentrum f\u00fcr queere Geschichte\",\"isPartOf\":{\"@id\":\"https:\\\/\\\/www.qwien.at\\\/en\\\/#website\"},\"primaryImageOfPage\":{\"@id\":\"https:\\\/\\\/www.qwien.at\\\/en\\\/webarchive\\\/aus-unserer-bibliothek-sexualnot-und-sexualreform-1931\\\/#primaryimage\"},\"image\":{\"@id\":\"https:\\\/\\\/www.qwien.at\\\/en\\\/webarchive\\\/aus-unserer-bibliothek-sexualnot-und-sexualreform-1931\\\/#primaryimage\"},\"thumbnailUrl\":\"https:\\\/\\\/www.qwien.at\\\/wp-content\\\/uploads\\\/2024\\\/07\\\/Sexualnot-und-Sexualreform.jpg\",\"datePublished\":\"2025-07-15T19:37:16+00:00\",\"breadcrumb\":{\"@id\":\"https:\\\/\\\/www.qwien.at\\\/en\\\/webarchive\\\/aus-unserer-bibliothek-sexualnot-und-sexualreform-1931\\\/#breadcrumb\"},\"inLanguage\":\"en-US\",\"potentialAction\":[{\"@type\":\"ReadAction\",\"target\":[\"https:\\\/\\\/www.qwien.at\\\/en\\\/webarchive\\\/aus-unserer-bibliothek-sexualnot-und-sexualreform-1931\\\/\"]}]},{\"@type\":\"ImageObject\",\"inLanguage\":\"en-US\",\"@id\":\"https:\\\/\\\/www.qwien.at\\\/en\\\/webarchive\\\/aus-unserer-bibliothek-sexualnot-und-sexualreform-1931\\\/#primaryimage\",\"url\":\"https:\\\/\\\/www.qwien.at\\\/wp-content\\\/uploads\\\/2024\\\/07\\\/Sexualnot-und-Sexualreform.jpg\",\"contentUrl\":\"https:\\\/\\\/www.qwien.at\\\/wp-content\\\/uploads\\\/2024\\\/07\\\/Sexualnot-und-Sexualreform.jpg\",\"width\":570,\"height\":823},{\"@type\":\"BreadcrumbList\",\"@id\":\"https:\\\/\\\/www.qwien.at\\\/en\\\/webarchive\\\/aus-unserer-bibliothek-sexualnot-und-sexualreform-1931\\\/#breadcrumb\",\"itemListElement\":[{\"@type\":\"ListItem\",\"position\":1,\"name\":\"Startseite\",\"item\":\"https:\\\/\\\/www.qwien.at\\\/en\\\/\"},{\"@type\":\"ListItem\",\"position\":2,\"name\":\"Aus unserer Bibliothek: Sexualnot und Sexualreform (1931)\"}]},{\"@type\":\"WebSite\",\"@id\":\"https:\\\/\\\/www.qwien.at\\\/en\\\/#website\",\"url\":\"https:\\\/\\\/www.qwien.at\\\/en\\\/\",\"name\":\"Qwien - Zentrum f\u00fcr queere Geschichte\",\"description\":\"\",\"publisher\":{\"@id\":\"https:\\\/\\\/www.qwien.at\\\/en\\\/#organization\"},\"potentialAction\":[{\"@type\":\"SearchAction\",\"target\":{\"@type\":\"EntryPoint\",\"urlTemplate\":\"https:\\\/\\\/www.qwien.at\\\/en\\\/?s={search_term_string}\"},\"query-input\":{\"@type\":\"PropertyValueSpecification\",\"valueRequired\":true,\"valueName\":\"search_term_string\"}}],\"inLanguage\":\"en-US\"},{\"@type\":\"Organization\",\"@id\":\"https:\\\/\\\/www.qwien.at\\\/en\\\/#organization\",\"name\":\"Qwien\",\"url\":\"https:\\\/\\\/www.qwien.at\\\/en\\\/\",\"logo\":{\"@type\":\"ImageObject\",\"inLanguage\":\"en-US\",\"@id\":\"https:\\\/\\\/www.qwien.at\\\/en\\\/#\\\/schema\\\/logo\\\/image\\\/\",\"url\":\"https:\\\/\\\/www.qwien.at\\\/wp-content\\\/uploads\\\/2025\\\/06\\\/seo-yoast-2.png\",\"contentUrl\":\"https:\\\/\\\/www.qwien.at\\\/wp-content\\\/uploads\\\/2025\\\/06\\\/seo-yoast-2.png\",\"width\":697,\"height\":697,\"caption\":\"Qwien\"},\"image\":{\"@id\":\"https:\\\/\\\/www.qwien.at\\\/en\\\/#\\\/schema\\\/logo\\\/image\\\/\"},\"sameAs\":[\"https:\\\/\\\/www.instagram.com\\\/qwien.zentrum\\\/\"]},{\"@type\":\"Person\",\"@id\":\"https:\\\/\\\/www.qwien.at\\\/en\\\/#\\\/schema\\\/person\\\/d3fe9114b43d8e5a558a6d20ca3e2920\",\"name\":\"Andreas Brunner\"}]}<\/script>\n<!-- \/ Yoast SEO plugin. -->","yoast_head_json":{"title":"Aus unserer Bibliothek: Sexualnot und Sexualreform (1931) - Blog - Qwien - Zentrum f\u00fcr queere Geschichte","robots":{"index":"index","follow":"follow","max-snippet":"max-snippet:-1","max-image-preview":"max-image-preview:large","max-video-preview":"max-video-preview:-1"},"canonical":"https:\/\/www.qwien.at\/en\/webarchive\/aus-unserer-bibliothek-sexualnot-und-sexualreform-1931\/","og_locale":"en_US","og_type":"article","og_title":"Aus unserer Bibliothek: Sexualnot und Sexualreform (1931) - Blog - Qwien - Zentrum f\u00fcr queere Geschichte","og_description":"In der QWIEN-Bibliothek befindet sich der Bericht des vierten Kongresses f\u00fcr Sexualreform, der vom 16. bis zum 23. September 1930 in Wien abgehalten wurde. Der Kongress f\u00fcr Sexualreform wurde veranstaltet von der Weltliga f\u00fcr Sexualreform. Teilnehmer:innen des vierten Kongresses 1930 in Wien waren beispielsweise die offen lesbisch lebende Dr. Johanna Elberskirchen, die \u00fcber die &#8220;\u00dcberbewertung [&hellip;]","og_url":"https:\/\/www.qwien.at\/en\/webarchive\/aus-unserer-bibliothek-sexualnot-und-sexualreform-1931\/","og_site_name":"Qwien - Zentrum f\u00fcr queere Geschichte","article_published_time":"2025-07-15T19:37:16+00:00","og_image":[{"width":1075,"height":828,"url":"https:\/\/www.qwien.at\/wp-content\/uploads\/2024\/07\/Sexualnot-und-Sexualreform-IV.-Kongress.jpg","type":"image\/jpeg"}],"author":"Andreas Brunner","twitter_card":"summary_large_image","twitter_misc":{"Written by":"Andreas Brunner","Est. reading time":"2 minutes"},"schema":{"@context":"https:\/\/schema.org","@graph":[{"@type":["Article","BlogPosting"],"@id":"https:\/\/www.qwien.at\/en\/webarchive\/aus-unserer-bibliothek-sexualnot-und-sexualreform-1931\/#article","isPartOf":{"@id":"https:\/\/www.qwien.at\/en\/webarchive\/aus-unserer-bibliothek-sexualnot-und-sexualreform-1931\/"},"author":{"name":"Andreas Brunner","@id":"https:\/\/www.qwien.at\/en\/#\/schema\/person\/d3fe9114b43d8e5a558a6d20ca3e2920"},"headline":"Aus unserer Bibliothek: Sexualnot und Sexualreform (1931)","datePublished":"2025-07-15T19:37:16+00:00","mainEntityOfPage":{"@id":"https:\/\/www.qwien.at\/en\/webarchive\/aus-unserer-bibliothek-sexualnot-und-sexualreform-1931\/"},"wordCount":343,"publisher":{"@id":"https:\/\/www.qwien.at\/en\/#organization"},"image":{"@id":"https:\/\/www.qwien.at\/en\/webarchive\/aus-unserer-bibliothek-sexualnot-und-sexualreform-1931\/#primaryimage"},"thumbnailUrl":"https:\/\/www.qwien.at\/wp-content\/uploads\/2024\/07\/Sexualnot-und-Sexualreform.jpg","articleSection":["Webarchiv"],"inLanguage":"en-US"},{"@type":"WebPage","@id":"https:\/\/www.qwien.at\/en\/webarchive\/aus-unserer-bibliothek-sexualnot-und-sexualreform-1931\/","url":"https:\/\/www.qwien.at\/en\/webarchive\/aus-unserer-bibliothek-sexualnot-und-sexualreform-1931\/","name":"Aus unserer Bibliothek: Sexualnot und Sexualreform (1931) - Blog - Qwien - Zentrum f\u00fcr queere Geschichte","isPartOf":{"@id":"https:\/\/www.qwien.at\/en\/#website"},"primaryImageOfPage":{"@id":"https:\/\/www.qwien.at\/en\/webarchive\/aus-unserer-bibliothek-sexualnot-und-sexualreform-1931\/#primaryimage"},"image":{"@id":"https:\/\/www.qwien.at\/en\/webarchive\/aus-unserer-bibliothek-sexualnot-und-sexualreform-1931\/#primaryimage"},"thumbnailUrl":"https:\/\/www.qwien.at\/wp-content\/uploads\/2024\/07\/Sexualnot-und-Sexualreform.jpg","datePublished":"2025-07-15T19:37:16+00:00","breadcrumb":{"@id":"https:\/\/www.qwien.at\/en\/webarchive\/aus-unserer-bibliothek-sexualnot-und-sexualreform-1931\/#breadcrumb"},"inLanguage":"en-US","potentialAction":[{"@type":"ReadAction","target":["https:\/\/www.qwien.at\/en\/webarchive\/aus-unserer-bibliothek-sexualnot-und-sexualreform-1931\/"]}]},{"@type":"ImageObject","inLanguage":"en-US","@id":"https:\/\/www.qwien.at\/en\/webarchive\/aus-unserer-bibliothek-sexualnot-und-sexualreform-1931\/#primaryimage","url":"https:\/\/www.qwien.at\/wp-content\/uploads\/2024\/07\/Sexualnot-und-Sexualreform.jpg","contentUrl":"https:\/\/www.qwien.at\/wp-content\/uploads\/2024\/07\/Sexualnot-und-Sexualreform.jpg","width":570,"height":823},{"@type":"BreadcrumbList","@id":"https:\/\/www.qwien.at\/en\/webarchive\/aus-unserer-bibliothek-sexualnot-und-sexualreform-1931\/#breadcrumb","itemListElement":[{"@type":"ListItem","position":1,"name":"Startseite","item":"https:\/\/www.qwien.at\/en\/"},{"@type":"ListItem","position":2,"name":"Aus unserer Bibliothek: Sexualnot und Sexualreform (1931)"}]},{"@type":"WebSite","@id":"https:\/\/www.qwien.at\/en\/#website","url":"https:\/\/www.qwien.at\/en\/","name":"Qwien - Zentrum f\u00fcr queere Geschichte","description":"","publisher":{"@id":"https:\/\/www.qwien.at\/en\/#organization"},"potentialAction":[{"@type":"SearchAction","target":{"@type":"EntryPoint","urlTemplate":"https:\/\/www.qwien.at\/en\/?s={search_term_string}"},"query-input":{"@type":"PropertyValueSpecification","valueRequired":true,"valueName":"search_term_string"}}],"inLanguage":"en-US"},{"@type":"Organization","@id":"https:\/\/www.qwien.at\/en\/#organization","name":"Qwien","url":"https:\/\/www.qwien.at\/en\/","logo":{"@type":"ImageObject","inLanguage":"en-US","@id":"https:\/\/www.qwien.at\/en\/#\/schema\/logo\/image\/","url":"https:\/\/www.qwien.at\/wp-content\/uploads\/2025\/06\/seo-yoast-2.png","contentUrl":"https:\/\/www.qwien.at\/wp-content\/uploads\/2025\/06\/seo-yoast-2.png","width":697,"height":697,"caption":"Qwien"},"image":{"@id":"https:\/\/www.qwien.at\/en\/#\/schema\/logo\/image\/"},"sameAs":["https:\/\/www.instagram.com\/qwien.zentrum\/"]},{"@type":"Person","@id":"https:\/\/www.qwien.at\/en\/#\/schema\/person\/d3fe9114b43d8e5a558a6d20ca3e2920","name":"Andreas Brunner"}]}},"_links":{"self":[{"href":"https:\/\/www.qwien.at\/en\/wp-json\/wp\/v2\/posts\/10972","targetHints":{"allow":["GET"]}}],"collection":[{"href":"https:\/\/www.qwien.at\/en\/wp-json\/wp\/v2\/posts"}],"about":[{"href":"https:\/\/www.qwien.at\/en\/wp-json\/wp\/v2\/types\/post"}],"author":[{"embeddable":true,"href":"https:\/\/www.qwien.at\/en\/wp-json\/wp\/v2\/users\/4"}],"replies":[{"embeddable":true,"href":"https:\/\/www.qwien.at\/en\/wp-json\/wp\/v2\/comments?post=10972"}],"version-history":[{"count":0,"href":"https:\/\/www.qwien.at\/en\/wp-json\/wp\/v2\/posts\/10972\/revisions"}],"wp:featuredmedia":[{"embeddable":true,"href":"https:\/\/www.qwien.at\/en\/wp-json\/wp\/v2\/media\/9958"}],"wp:attachment":[{"href":"https:\/\/www.qwien.at\/en\/wp-json\/wp\/v2\/media?parent=10972"}],"wp:term":[{"taxonomy":"category","embeddable":true,"href":"https:\/\/www.qwien.at\/en\/wp-json\/wp\/v2\/categories?post=10972"},{"taxonomy":"post_tag","embeddable":true,"href":"https:\/\/www.qwien.at\/en\/wp-json\/wp\/v2\/tags?post=10972"}],"curies":[{"name":"wp","href":"https:\/\/api.w.org\/{rel}","templated":true}]}}