{"id":10988,"date":"2025-07-15T21:37:15","date_gmt":"2025-07-15T19:37:15","guid":{"rendered":"https:\/\/www.qwien.at\/nicht-kategorisiert\/erfolgreiche-buchpraesentation-und-eroeffnung-des-denkmals-arcus\/"},"modified":"2025-07-15T21:37:15","modified_gmt":"2025-07-15T19:37:15","slug":"erfolgreiche-buchpraesentation-und-eroeffnung-des-denkmals-arcus","status":"publish","type":"post","link":"https:\/\/www.qwien.at\/en\/webarchive\/erfolgreiche-buchpraesentation-und-eroeffnung-des-denkmals-arcus\/","title":{"rendered":"Erfolgreiche Buchpr\u00e4sentation und Er\u00f6ffnung des Denkmals ARCUS"},"content":{"rendered":"<h3>Trotz des Regens fanden sich zahlreiche Menschen gestern am 5.6.2023 um 17 Uhr am Resselpark ein, um die Er\u00f6ffnung des Denkmals &#8220;ARCUS (Schatten eines Regenbogens)&#8221;, dass an die Frauen und M\u00e4nner erinnert, die in der NS-Zeit aufgrund ihrer Homosexualit\u00e4t verfolgt wurden. Ein wichtiger Meilenstein in der \u00f6sterreichischen Erinnerungskultur!<\/h3>\n<h3 class=\"x11i5rnm xat24cr x1mh8g0r x1vvkbs xtlvy1s x126k92a\"><\/h3>\n<div dir=\"auto\"><img loading=\"lazy\" decoding=\"async\" class=\"alignnone size-medium wp-image-6955\" src=\"https:\/\/www.qwien.at\/wp-content\/uploads\/2023\/06\/347418157_624697372920287_7017920477778232472_n-300x200.jpg\" alt=\"\" width=\"300\" height=\"200\" srcset=\"https:\/\/www.qwien.at\/wp-content\/uploads\/2023\/06\/347418157_624697372920287_7017920477778232472_n-300x200.jpg 300w, https:\/\/www.qwien.at\/wp-content\/uploads\/2023\/06\/347418157_624697372920287_7017920477778232472_n-1024x683.jpg 1024w, https:\/\/www.qwien.at\/wp-content\/uploads\/2023\/06\/347418157_624697372920287_7017920477778232472_n-768x512.jpg 768w, https:\/\/www.qwien.at\/wp-content\/uploads\/2023\/06\/347418157_624697372920287_7017920477778232472_n-1536x1024.jpg 1536w, https:\/\/www.qwien.at\/wp-content\/uploads\/2023\/06\/347418157_624697372920287_7017920477778232472_n-18x12.jpg 18w\" sizes=\"auto, (max-width: 300px) 100vw, 300px\" \/><img loading=\"lazy\" decoding=\"async\" class=\"alignnone size-medium wp-image-6956\" src=\"https:\/\/www.qwien.at\/wp-content\/uploads\/2023\/06\/347245991_259028753471767_3094970000198490124_n-200x300.jpg\" alt=\"\" width=\"200\" height=\"300\" srcset=\"https:\/\/www.qwien.at\/wp-content\/uploads\/2023\/06\/347245991_259028753471767_3094970000198490124_n-200x300.jpg 200w, https:\/\/www.qwien.at\/wp-content\/uploads\/2023\/06\/347245991_259028753471767_3094970000198490124_n-682x1024.jpg 682w, https:\/\/www.qwien.at\/wp-content\/uploads\/2023\/06\/347245991_259028753471767_3094970000198490124_n-768x1152.jpg 768w, https:\/\/www.qwien.at\/wp-content\/uploads\/2023\/06\/347245991_259028753471767_3094970000198490124_n-8x12.jpg 8w, https:\/\/www.qwien.at\/wp-content\/uploads\/2023\/06\/347245991_259028753471767_3094970000198490124_n.jpg 925w\" sizes=\"auto, (max-width: 200px) 100vw, 200px\" \/><img loading=\"lazy\" decoding=\"async\" class=\"size-medium wp-image-6954 alignnone\" src=\"https:\/\/www.qwien.at\/wp-content\/uploads\/2023\/06\/347395938_103621722761590_630793318855718304_n-300x200.jpg\" alt=\"\" width=\"300\" height=\"200\" srcset=\"https:\/\/www.qwien.at\/wp-content\/uploads\/2023\/06\/347395938_103621722761590_630793318855718304_n-300x200.jpg 300w, https:\/\/www.qwien.at\/wp-content\/uploads\/2023\/06\/347395938_103621722761590_630793318855718304_n-1024x683.jpg 1024w, https:\/\/www.qwien.at\/wp-content\/uploads\/2023\/06\/347395938_103621722761590_630793318855718304_n-768x512.jpg 768w, https:\/\/www.qwien.at\/wp-content\/uploads\/2023\/06\/347395938_103621722761590_630793318855718304_n-1536x1024.jpg 1536w, https:\/\/www.qwien.at\/wp-content\/uploads\/2023\/06\/347395938_103621722761590_630793318855718304_n-18x12.jpg 18w\" sizes=\"auto, (max-width: 300px) 100vw, 300px\" \/> <img loading=\"lazy\" decoding=\"async\" class=\"alignnone size-medium wp-image-6957\" src=\"https:\/\/www.qwien.at\/wp-content\/uploads\/2023\/06\/351795810_306453978376294_1778965321210880360_n-300x169.jpg\" alt=\"\" width=\"300\" height=\"169\" srcset=\"https:\/\/www.qwien.at\/wp-content\/uploads\/2023\/06\/351795810_306453978376294_1778965321210880360_n-300x169.jpg 300w, https:\/\/www.qwien.at\/wp-content\/uploads\/2023\/06\/351795810_306453978376294_1778965321210880360_n-1024x577.jpg 1024w, https:\/\/www.qwien.at\/wp-content\/uploads\/2023\/06\/351795810_306453978376294_1778965321210880360_n-768x432.jpg 768w, https:\/\/www.qwien.at\/wp-content\/uploads\/2023\/06\/351795810_306453978376294_1778965321210880360_n-1536x865.jpg 1536w, https:\/\/www.qwien.at\/wp-content\/uploads\/2023\/06\/351795810_306453978376294_1778965321210880360_n-18x10.jpg 18w\" sizes=\"auto, (max-width: 300px) 100vw, 300px\" \/><\/div>\n<div dir=\"auto\">\u00a9 PID\/Christian F\u00fcrthner\/Franz Gst\u00e4ttner<\/div>\n<hr \/>\n<h3 dir=\"auto\"><\/h3>\n<h3 dir=\"auto\"><\/h3>\n<h3 dir=\"auto\"><\/h3>\n<h3 dir=\"auto\"><\/h3>\n<h3 dir=\"auto\"><\/h3>\n<h3 dir=\"auto\">Um 19:30 Uhr startete die Buchpr\u00e4sentation des wissenschaftlichen Bandes &#8220;Homosexualit\u00e4t und Nationalsozialismus in Wien&#8221; herausgegeben von Andreas Brunner und Hannes Sulzenbacher. Im vollen Saal des Parlamentsgeb\u00e4ude des Palais Epstein, pr\u00e4sentierten die zwei Herausgeber das Buch, indem sich elf Beitr\u00e4ge von unterschiedlichen Autor*innen verschiedener Aspekte der Verfolgung queerer Menschen in der NS-Zeit sammeln.<\/h3>\n<h3 dir=\"auto\"><\/h3>\n<h3 dir=\"auto\">\u00a0<img loading=\"lazy\" decoding=\"async\" class=\"alignnone size-medium wp-image-6969\" src=\"https:\/\/www.qwien.at\/wp-content\/uploads\/2023\/06\/348945878_1678988422553953_7183512630750372448_n-256x300.jpg\" alt=\"\" width=\"256\" height=\"300\" srcset=\"https:\/\/www.qwien.at\/wp-content\/uploads\/2023\/06\/348945878_1678988422553953_7183512630750372448_n-256x300.jpg 256w, https:\/\/www.qwien.at\/wp-content\/uploads\/2023\/06\/348945878_1678988422553953_7183512630750372448_n-10x12.jpg 10w, https:\/\/www.qwien.at\/wp-content\/uploads\/2023\/06\/348945878_1678988422553953_7183512630750372448_n.jpg 640w\" sizes=\"auto, (max-width: 256px) 100vw, 256px\" \/><img loading=\"lazy\" decoding=\"async\" class=\"alignnone size-medium wp-image-6974\" src=\"https:\/\/www.qwien.at\/wp-content\/uploads\/2023\/06\/352225263_968423477831828_2150464161147559667_n-300x226.jpg\" alt=\"\" width=\"300\" height=\"226\" srcset=\"https:\/\/www.qwien.at\/wp-content\/uploads\/2023\/06\/352225263_968423477831828_2150464161147559667_n-300x226.jpg 300w, https:\/\/www.qwien.at\/wp-content\/uploads\/2023\/06\/352225263_968423477831828_2150464161147559667_n-1024x772.jpg 1024w, https:\/\/www.qwien.at\/wp-content\/uploads\/2023\/06\/352225263_968423477831828_2150464161147559667_n-768x579.jpg 768w, https:\/\/www.qwien.at\/wp-content\/uploads\/2023\/06\/352225263_968423477831828_2150464161147559667_n-16x12.jpg 16w, https:\/\/www.qwien.at\/wp-content\/uploads\/2023\/06\/352225263_968423477831828_2150464161147559667_n.jpg 1440w\" sizes=\"auto, (max-width: 300px) 100vw, 300px\" \/> <img loading=\"lazy\" decoding=\"async\" class=\"alignnone size-medium wp-image-6975\" src=\"https:\/\/www.qwien.at\/wp-content\/uploads\/2023\/06\/352304585_1433799434120047_2683995472272167952_n-300x225.jpg\" alt=\"\" width=\"300\" height=\"225\" srcset=\"https:\/\/www.qwien.at\/wp-content\/uploads\/2023\/06\/352304585_1433799434120047_2683995472272167952_n-300x225.jpg 300w, https:\/\/www.qwien.at\/wp-content\/uploads\/2023\/06\/352304585_1433799434120047_2683995472272167952_n-1024x768.jpg 1024w, https:\/\/www.qwien.at\/wp-content\/uploads\/2023\/06\/352304585_1433799434120047_2683995472272167952_n-768x576.jpg 768w, https:\/\/www.qwien.at\/wp-content\/uploads\/2023\/06\/352304585_1433799434120047_2683995472272167952_n-16x12.jpg 16w, https:\/\/www.qwien.at\/wp-content\/uploads\/2023\/06\/352304585_1433799434120047_2683995472272167952_n.jpg 1440w\" sizes=\"auto, (max-width: 300px) 100vw, 300px\" \/><\/h3>\n<h3 dir=\"auto\"><\/h3>\n<h3 dir=\"auto\">\u00a0Das Buch ist in der Buchhandlung L\u00f6wenherz erh\u00e4ltlich: <a href=\"https:\/\/www.loewenherz.at\/index_lw_nr.php?LWNR=22423\">Andreas Brunner \/ Hannes Sulzenbacher (Hg.): Homosexualit\u00e4t und Nationalsozialismus in Wien &#8211; Buchhandlung L\u00f6wenherz (loewenherz.at)<\/a><\/h3>\n","protected":false},"excerpt":{"rendered":"<p>Trotz des Regens fanden sich zahlreiche Menschen gestern am 5.6.2023 um 17 Uhr am Resselpark ein, um die Er\u00f6ffnung des Denkmals &#8220;ARCUS (Schatten eines Regenbogens)&#8221;, dass an die Frauen und M\u00e4nner erinnert, die in der NS-Zeit aufgrund ihrer Homosexualit\u00e4t verfolgt wurden. Ein wichtiger Meilenstein in der \u00f6sterreichischen Erinnerungskultur! \u00a9 PID\/Christian F\u00fcrthner\/Franz Gst\u00e4ttner Um 19:30 Uhr [&hellip;]<\/p>\n","protected":false},"author":4,"featured_media":9841,"comment_status":"closed","ping_status":"open","sticky":false,"template":"","format":"standard","meta":{"_acf_changed":false,"footnotes":""},"categories":[276],"tags":[],"class_list":["post-10988","post","type-post","status-publish","format-standard","has-post-thumbnail","hentry","category-webarchive","grve-entry-item","grve-blog-item"],"acf":[],"yoast_head":"<!-- This site is optimized with the Yoast SEO plugin v27.5 - https:\/\/yoast.com\/product\/yoast-seo-wordpress\/ -->\n<title>Erfolgreiche Buchpr\u00e4sentation und Er\u00f6ffnung des Denkmals ARCUS - Blog - Qwien - Zentrum f\u00fcr queere Geschichte<\/title>\n<meta name=\"robots\" content=\"index, follow, max-snippet:-1, max-image-preview:large, max-video-preview:-1\" \/>\n<link rel=\"canonical\" href=\"https:\/\/www.qwien.at\/en\/webarchive\/erfolgreiche-buchpraesentation-und-eroeffnung-des-denkmals-arcus\/\" \/>\n<meta property=\"og:locale\" content=\"en_US\" \/>\n<meta property=\"og:type\" content=\"article\" \/>\n<meta property=\"og:title\" content=\"Erfolgreiche Buchpr\u00e4sentation und Er\u00f6ffnung des Denkmals ARCUS - Blog - Qwien - Zentrum f\u00fcr queere Geschichte\" \/>\n<meta property=\"og:description\" content=\"Trotz des Regens fanden sich zahlreiche Menschen gestern am 5.6.2023 um 17 Uhr am Resselpark ein, um die Er\u00f6ffnung des Denkmals &#8220;ARCUS (Schatten eines Regenbogens)&#8221;, dass an die Frauen und M\u00e4nner erinnert, die in der NS-Zeit aufgrund ihrer Homosexualit\u00e4t verfolgt wurden. Ein wichtiger Meilenstein in der \u00f6sterreichischen Erinnerungskultur! \u00a9 PID\/Christian F\u00fcrthner\/Franz Gst\u00e4ttner Um 19:30 Uhr [&hellip;]\" \/>\n<meta property=\"og:url\" content=\"https:\/\/www.qwien.at\/en\/webarchive\/erfolgreiche-buchpraesentation-und-eroeffnung-des-denkmals-arcus\/\" \/>\n<meta property=\"og:site_name\" content=\"Qwien - Zentrum f\u00fcr queere Geschichte\" \/>\n<meta property=\"article:published_time\" content=\"2025-07-15T19:37:15+00:00\" \/>\n<meta property=\"og:image\" content=\"https:\/\/www.qwien.at\/wp-content\/uploads\/2023\/06\/347418157_624697372920287_7017920477778232472_n.jpg\" \/>\n\t<meta property=\"og:image:width\" content=\"2048\" \/>\n\t<meta property=\"og:image:height\" content=\"1365\" \/>\n\t<meta property=\"og:image:type\" content=\"image\/jpeg\" \/>\n<meta name=\"author\" content=\"Andreas Brunner\" \/>\n<meta name=\"twitter:card\" content=\"summary_large_image\" \/>\n<meta name=\"twitter:label1\" content=\"Written by\" \/>\n\t<meta name=\"twitter:data1\" content=\"Andreas Brunner\" \/>\n\t<meta name=\"twitter:label2\" content=\"Est. reading time\" \/>\n\t<meta name=\"twitter:data2\" content=\"1 minute\" \/>\n<script type=\"application\/ld+json\" class=\"yoast-schema-graph\">{\"@context\":\"https:\\\/\\\/schema.org\",\"@graph\":[{\"@type\":[\"Article\",\"BlogPosting\"],\"@id\":\"https:\\\/\\\/www.qwien.at\\\/en\\\/webarchive\\\/erfolgreiche-buchpraesentation-und-eroeffnung-des-denkmals-arcus\\\/#article\",\"isPartOf\":{\"@id\":\"https:\\\/\\\/www.qwien.at\\\/en\\\/webarchive\\\/erfolgreiche-buchpraesentation-und-eroeffnung-des-denkmals-arcus\\\/\"},\"author\":{\"name\":\"Andreas Brunner\",\"@id\":\"https:\\\/\\\/www.qwien.at\\\/en\\\/#\\\/schema\\\/person\\\/d3fe9114b43d8e5a558a6d20ca3e2920\"},\"headline\":\"Erfolgreiche Buchpr\u00e4sentation und Er\u00f6ffnung des Denkmals ARCUS\",\"datePublished\":\"2025-07-15T19:37:15+00:00\",\"mainEntityOfPage\":{\"@id\":\"https:\\\/\\\/www.qwien.at\\\/en\\\/webarchive\\\/erfolgreiche-buchpraesentation-und-eroeffnung-des-denkmals-arcus\\\/\"},\"wordCount\":149,\"publisher\":{\"@id\":\"https:\\\/\\\/www.qwien.at\\\/en\\\/#organization\"},\"image\":{\"@id\":\"https:\\\/\\\/www.qwien.at\\\/en\\\/webarchive\\\/erfolgreiche-buchpraesentation-und-eroeffnung-des-denkmals-arcus\\\/#primaryimage\"},\"thumbnailUrl\":\"https:\\\/\\\/www.qwien.at\\\/wp-content\\\/uploads\\\/2023\\\/06\\\/buchpraesentation.jpg\",\"articleSection\":[\"Webarchiv\"],\"inLanguage\":\"en-US\"},{\"@type\":\"WebPage\",\"@id\":\"https:\\\/\\\/www.qwien.at\\\/en\\\/webarchive\\\/erfolgreiche-buchpraesentation-und-eroeffnung-des-denkmals-arcus\\\/\",\"url\":\"https:\\\/\\\/www.qwien.at\\\/en\\\/webarchive\\\/erfolgreiche-buchpraesentation-und-eroeffnung-des-denkmals-arcus\\\/\",\"name\":\"Erfolgreiche Buchpr\u00e4sentation und Er\u00f6ffnung des Denkmals ARCUS - Blog - Qwien - Zentrum f\u00fcr queere Geschichte\",\"isPartOf\":{\"@id\":\"https:\\\/\\\/www.qwien.at\\\/en\\\/#website\"},\"primaryImageOfPage\":{\"@id\":\"https:\\\/\\\/www.qwien.at\\\/en\\\/webarchive\\\/erfolgreiche-buchpraesentation-und-eroeffnung-des-denkmals-arcus\\\/#primaryimage\"},\"image\":{\"@id\":\"https:\\\/\\\/www.qwien.at\\\/en\\\/webarchive\\\/erfolgreiche-buchpraesentation-und-eroeffnung-des-denkmals-arcus\\\/#primaryimage\"},\"thumbnailUrl\":\"https:\\\/\\\/www.qwien.at\\\/wp-content\\\/uploads\\\/2023\\\/06\\\/buchpraesentation.jpg\",\"datePublished\":\"2025-07-15T19:37:15+00:00\",\"breadcrumb\":{\"@id\":\"https:\\\/\\\/www.qwien.at\\\/en\\\/webarchive\\\/erfolgreiche-buchpraesentation-und-eroeffnung-des-denkmals-arcus\\\/#breadcrumb\"},\"inLanguage\":\"en-US\",\"potentialAction\":[{\"@type\":\"ReadAction\",\"target\":[\"https:\\\/\\\/www.qwien.at\\\/en\\\/webarchive\\\/erfolgreiche-buchpraesentation-und-eroeffnung-des-denkmals-arcus\\\/\"]}]},{\"@type\":\"ImageObject\",\"inLanguage\":\"en-US\",\"@id\":\"https:\\\/\\\/www.qwien.at\\\/en\\\/webarchive\\\/erfolgreiche-buchpraesentation-und-eroeffnung-des-denkmals-arcus\\\/#primaryimage\",\"url\":\"https:\\\/\\\/www.qwien.at\\\/wp-content\\\/uploads\\\/2023\\\/06\\\/buchpraesentation.jpg\",\"contentUrl\":\"https:\\\/\\\/www.qwien.at\\\/wp-content\\\/uploads\\\/2023\\\/06\\\/buchpraesentation.jpg\",\"width\":756,\"height\":568},{\"@type\":\"BreadcrumbList\",\"@id\":\"https:\\\/\\\/www.qwien.at\\\/en\\\/webarchive\\\/erfolgreiche-buchpraesentation-und-eroeffnung-des-denkmals-arcus\\\/#breadcrumb\",\"itemListElement\":[{\"@type\":\"ListItem\",\"position\":1,\"name\":\"Startseite\",\"item\":\"https:\\\/\\\/www.qwien.at\\\/en\\\/\"},{\"@type\":\"ListItem\",\"position\":2,\"name\":\"Erfolgreiche Buchpr\u00e4sentation und Er\u00f6ffnung des Denkmals ARCUS\"}]},{\"@type\":\"WebSite\",\"@id\":\"https:\\\/\\\/www.qwien.at\\\/en\\\/#website\",\"url\":\"https:\\\/\\\/www.qwien.at\\\/en\\\/\",\"name\":\"Qwien - Zentrum f\u00fcr queere Geschichte\",\"description\":\"\",\"publisher\":{\"@id\":\"https:\\\/\\\/www.qwien.at\\\/en\\\/#organization\"},\"potentialAction\":[{\"@type\":\"SearchAction\",\"target\":{\"@type\":\"EntryPoint\",\"urlTemplate\":\"https:\\\/\\\/www.qwien.at\\\/en\\\/?s={search_term_string}\"},\"query-input\":{\"@type\":\"PropertyValueSpecification\",\"valueRequired\":true,\"valueName\":\"search_term_string\"}}],\"inLanguage\":\"en-US\"},{\"@type\":\"Organization\",\"@id\":\"https:\\\/\\\/www.qwien.at\\\/en\\\/#organization\",\"name\":\"Qwien\",\"url\":\"https:\\\/\\\/www.qwien.at\\\/en\\\/\",\"logo\":{\"@type\":\"ImageObject\",\"inLanguage\":\"en-US\",\"@id\":\"https:\\\/\\\/www.qwien.at\\\/en\\\/#\\\/schema\\\/logo\\\/image\\\/\",\"url\":\"https:\\\/\\\/www.qwien.at\\\/wp-content\\\/uploads\\\/2025\\\/06\\\/seo-yoast-2.png\",\"contentUrl\":\"https:\\\/\\\/www.qwien.at\\\/wp-content\\\/uploads\\\/2025\\\/06\\\/seo-yoast-2.png\",\"width\":697,\"height\":697,\"caption\":\"Qwien\"},\"image\":{\"@id\":\"https:\\\/\\\/www.qwien.at\\\/en\\\/#\\\/schema\\\/logo\\\/image\\\/\"},\"sameAs\":[\"https:\\\/\\\/www.instagram.com\\\/qwien.zentrum\\\/\"]},{\"@type\":\"Person\",\"@id\":\"https:\\\/\\\/www.qwien.at\\\/en\\\/#\\\/schema\\\/person\\\/d3fe9114b43d8e5a558a6d20ca3e2920\",\"name\":\"Andreas Brunner\"}]}<\/script>\n<!-- \/ Yoast SEO plugin. -->","yoast_head_json":{"title":"Erfolgreiche Buchpr\u00e4sentation und Er\u00f6ffnung des Denkmals ARCUS - Blog - Qwien - Zentrum f\u00fcr queere Geschichte","robots":{"index":"index","follow":"follow","max-snippet":"max-snippet:-1","max-image-preview":"max-image-preview:large","max-video-preview":"max-video-preview:-1"},"canonical":"https:\/\/www.qwien.at\/en\/webarchive\/erfolgreiche-buchpraesentation-und-eroeffnung-des-denkmals-arcus\/","og_locale":"en_US","og_type":"article","og_title":"Erfolgreiche Buchpr\u00e4sentation und Er\u00f6ffnung des Denkmals ARCUS - Blog - Qwien - Zentrum f\u00fcr queere Geschichte","og_description":"Trotz des Regens fanden sich zahlreiche Menschen gestern am 5.6.2023 um 17 Uhr am Resselpark ein, um die Er\u00f6ffnung des Denkmals &#8220;ARCUS (Schatten eines Regenbogens)&#8221;, dass an die Frauen und M\u00e4nner erinnert, die in der NS-Zeit aufgrund ihrer Homosexualit\u00e4t verfolgt wurden. Ein wichtiger Meilenstein in der \u00f6sterreichischen Erinnerungskultur! \u00a9 PID\/Christian F\u00fcrthner\/Franz Gst\u00e4ttner Um 19:30 Uhr [&hellip;]","og_url":"https:\/\/www.qwien.at\/en\/webarchive\/erfolgreiche-buchpraesentation-und-eroeffnung-des-denkmals-arcus\/","og_site_name":"Qwien - Zentrum f\u00fcr queere Geschichte","article_published_time":"2025-07-15T19:37:15+00:00","og_image":[{"width":2048,"height":1365,"url":"https:\/\/www.qwien.at\/wp-content\/uploads\/2023\/06\/347418157_624697372920287_7017920477778232472_n.jpg","type":"image\/jpeg"}],"author":"Andreas Brunner","twitter_card":"summary_large_image","twitter_misc":{"Written by":"Andreas Brunner","Est. reading time":"1 minute"},"schema":{"@context":"https:\/\/schema.org","@graph":[{"@type":["Article","BlogPosting"],"@id":"https:\/\/www.qwien.at\/en\/webarchive\/erfolgreiche-buchpraesentation-und-eroeffnung-des-denkmals-arcus\/#article","isPartOf":{"@id":"https:\/\/www.qwien.at\/en\/webarchive\/erfolgreiche-buchpraesentation-und-eroeffnung-des-denkmals-arcus\/"},"author":{"name":"Andreas Brunner","@id":"https:\/\/www.qwien.at\/en\/#\/schema\/person\/d3fe9114b43d8e5a558a6d20ca3e2920"},"headline":"Erfolgreiche Buchpr\u00e4sentation und Er\u00f6ffnung des Denkmals ARCUS","datePublished":"2025-07-15T19:37:15+00:00","mainEntityOfPage":{"@id":"https:\/\/www.qwien.at\/en\/webarchive\/erfolgreiche-buchpraesentation-und-eroeffnung-des-denkmals-arcus\/"},"wordCount":149,"publisher":{"@id":"https:\/\/www.qwien.at\/en\/#organization"},"image":{"@id":"https:\/\/www.qwien.at\/en\/webarchive\/erfolgreiche-buchpraesentation-und-eroeffnung-des-denkmals-arcus\/#primaryimage"},"thumbnailUrl":"https:\/\/www.qwien.at\/wp-content\/uploads\/2023\/06\/buchpraesentation.jpg","articleSection":["Webarchiv"],"inLanguage":"en-US"},{"@type":"WebPage","@id":"https:\/\/www.qwien.at\/en\/webarchive\/erfolgreiche-buchpraesentation-und-eroeffnung-des-denkmals-arcus\/","url":"https:\/\/www.qwien.at\/en\/webarchive\/erfolgreiche-buchpraesentation-und-eroeffnung-des-denkmals-arcus\/","name":"Erfolgreiche Buchpr\u00e4sentation und Er\u00f6ffnung des Denkmals ARCUS - Blog - Qwien - Zentrum f\u00fcr queere Geschichte","isPartOf":{"@id":"https:\/\/www.qwien.at\/en\/#website"},"primaryImageOfPage":{"@id":"https:\/\/www.qwien.at\/en\/webarchive\/erfolgreiche-buchpraesentation-und-eroeffnung-des-denkmals-arcus\/#primaryimage"},"image":{"@id":"https:\/\/www.qwien.at\/en\/webarchive\/erfolgreiche-buchpraesentation-und-eroeffnung-des-denkmals-arcus\/#primaryimage"},"thumbnailUrl":"https:\/\/www.qwien.at\/wp-content\/uploads\/2023\/06\/buchpraesentation.jpg","datePublished":"2025-07-15T19:37:15+00:00","breadcrumb":{"@id":"https:\/\/www.qwien.at\/en\/webarchive\/erfolgreiche-buchpraesentation-und-eroeffnung-des-denkmals-arcus\/#breadcrumb"},"inLanguage":"en-US","potentialAction":[{"@type":"ReadAction","target":["https:\/\/www.qwien.at\/en\/webarchive\/erfolgreiche-buchpraesentation-und-eroeffnung-des-denkmals-arcus\/"]}]},{"@type":"ImageObject","inLanguage":"en-US","@id":"https:\/\/www.qwien.at\/en\/webarchive\/erfolgreiche-buchpraesentation-und-eroeffnung-des-denkmals-arcus\/#primaryimage","url":"https:\/\/www.qwien.at\/wp-content\/uploads\/2023\/06\/buchpraesentation.jpg","contentUrl":"https:\/\/www.qwien.at\/wp-content\/uploads\/2023\/06\/buchpraesentation.jpg","width":756,"height":568},{"@type":"BreadcrumbList","@id":"https:\/\/www.qwien.at\/en\/webarchive\/erfolgreiche-buchpraesentation-und-eroeffnung-des-denkmals-arcus\/#breadcrumb","itemListElement":[{"@type":"ListItem","position":1,"name":"Startseite","item":"https:\/\/www.qwien.at\/en\/"},{"@type":"ListItem","position":2,"name":"Erfolgreiche Buchpr\u00e4sentation und Er\u00f6ffnung des Denkmals ARCUS"}]},{"@type":"WebSite","@id":"https:\/\/www.qwien.at\/en\/#website","url":"https:\/\/www.qwien.at\/en\/","name":"Qwien - Zentrum f\u00fcr queere Geschichte","description":"","publisher":{"@id":"https:\/\/www.qwien.at\/en\/#organization"},"potentialAction":[{"@type":"SearchAction","target":{"@type":"EntryPoint","urlTemplate":"https:\/\/www.qwien.at\/en\/?s={search_term_string}"},"query-input":{"@type":"PropertyValueSpecification","valueRequired":true,"valueName":"search_term_string"}}],"inLanguage":"en-US"},{"@type":"Organization","@id":"https:\/\/www.qwien.at\/en\/#organization","name":"Qwien","url":"https:\/\/www.qwien.at\/en\/","logo":{"@type":"ImageObject","inLanguage":"en-US","@id":"https:\/\/www.qwien.at\/en\/#\/schema\/logo\/image\/","url":"https:\/\/www.qwien.at\/wp-content\/uploads\/2025\/06\/seo-yoast-2.png","contentUrl":"https:\/\/www.qwien.at\/wp-content\/uploads\/2025\/06\/seo-yoast-2.png","width":697,"height":697,"caption":"Qwien"},"image":{"@id":"https:\/\/www.qwien.at\/en\/#\/schema\/logo\/image\/"},"sameAs":["https:\/\/www.instagram.com\/qwien.zentrum\/"]},{"@type":"Person","@id":"https:\/\/www.qwien.at\/en\/#\/schema\/person\/d3fe9114b43d8e5a558a6d20ca3e2920","name":"Andreas Brunner"}]}},"_links":{"self":[{"href":"https:\/\/www.qwien.at\/en\/wp-json\/wp\/v2\/posts\/10988","targetHints":{"allow":["GET"]}}],"collection":[{"href":"https:\/\/www.qwien.at\/en\/wp-json\/wp\/v2\/posts"}],"about":[{"href":"https:\/\/www.qwien.at\/en\/wp-json\/wp\/v2\/types\/post"}],"author":[{"embeddable":true,"href":"https:\/\/www.qwien.at\/en\/wp-json\/wp\/v2\/users\/4"}],"replies":[{"embeddable":true,"href":"https:\/\/www.qwien.at\/en\/wp-json\/wp\/v2\/comments?post=10988"}],"version-history":[{"count":0,"href":"https:\/\/www.qwien.at\/en\/wp-json\/wp\/v2\/posts\/10988\/revisions"}],"wp:featuredmedia":[{"embeddable":true,"href":"https:\/\/www.qwien.at\/en\/wp-json\/wp\/v2\/media\/9841"}],"wp:attachment":[{"href":"https:\/\/www.qwien.at\/en\/wp-json\/wp\/v2\/media?parent=10988"}],"wp:term":[{"taxonomy":"category","embeddable":true,"href":"https:\/\/www.qwien.at\/en\/wp-json\/wp\/v2\/categories?post=10988"},{"taxonomy":"post_tag","embeddable":true,"href":"https:\/\/www.qwien.at\/en\/wp-json\/wp\/v2\/tags?post=10988"}],"curies":[{"name":"wp","href":"https:\/\/api.w.org\/{rel}","templated":true}]}}