{"id":11001,"date":"2025-07-15T21:37:14","date_gmt":"2025-07-15T19:37:14","guid":{"rendered":"https:\/\/www.qwien.at\/nicht-kategorisiert\/death-in-venice\/"},"modified":"2025-07-15T21:37:14","modified_gmt":"2025-07-15T19:37:14","slug":"death-in-venice","status":"publish","type":"post","link":"https:\/\/www.qwien.at\/en\/qwien\/death-in-venice\/","title":{"rendered":"Death in Venice"},"content":{"rendered":"<p><strong><em>Die letzte Oper des britischen Komponisten wird im Oktober in einer Produktion der Neuen Oper Wien im MuseumsQuartier gezeigt. <\/em><\/strong><\/p>\n<p>Drei Jahre vor Brittens Tod 1976 wurde seine Oper nach der gleichnamigen homoerotischen Novelle von Thomas Mann uraufgef\u00fchrt. Die Hauptrolle des Gustav von Aschenbach wurde von Brittens Lebensgef\u00e4hrten, dem Tenor Peter Pears, gesungen. Zwei Jahre davor hatte die Verfilmung des Stoffes durch Luchino Visconti Aufsehen erregt. Wurde bei Visconti aus dem Schriftsteller der Novelle ein Komponist, der nicht nur optisch sondern auch durch die Auswahl der Musik an Gustav Mahler erinnerte, portr\u00e4tierte Britten in seiner Oper wieder einen alternden Autor in einer Schaffenskrise, die dieser in Venedig zu \u00fcberwinden hofft.<\/p>\n<p>Schon bei der Ankunft beschleichen Gustav von Aschenbach Zweifel am guten Ausgang seiner Erholungsreise, wenn ihm bei der \u00dcberfahrt zum Lido der Gondoliere als unheimlicher F\u00e4hrmann entgegentritt, der ihn an Charon erinnert, der in der griechischen Mythologie mit seinem Boot den Fluss ins Totenreich \u00fcberquert. Es wird nicht die einzige Anspielung auf die griechische Mythologie bleiben, sp\u00e4ter wird Tadzio, der sch\u00f6ne und begehrte Knabe, dem er in seinem Hotel begegnete, im Traum als Athlet entgegentreten, der mit dem Gott Apollo k\u00e4mpft.<\/p>\n<div id=\"attachment_6156\" style=\"width: 610px\" class=\"wp-caption alignleft\"><img loading=\"lazy\" decoding=\"async\" aria-describedby=\"caption-attachment-6156\" class=\"wp-image-6156\" src=\"https:\/\/www.qwien.at\/wp-content\/uploads\/2021\/09\/Benjamin-Britten-and-Peter-Pears-travelling-photographer-unidentified_BrittenPearsArts.jpg\" alt=\"\" width=\"600\" height=\"193\" \/><p id=\"caption-attachment-6156\" class=\"wp-caption-text\">Peter Pears &amp; Benjamin Britten, Foto: BrittenPearsArts<\/p><\/div>\n<p>Schon bei Thomas Mann waren die Verweise auf mythologische Themen ein versteckter Verweis auf gleichgeschlechtliches Begehren. So auch bei Britten, der sich als konservativer Pazifist zeitlebens nie zu seiner Homosexualit\u00e4t \u00e4u\u00dferte, obwohl er seit 1937 mit dem Tenor Peter Pears zusammenlebte. Pears war f\u00fcr ihn auch mehr als ein Liebhaber, die beiden waren ein musikalisches Duo, der S\u00e4nger setzte praktisch alle gro\u00dfen Opernstoffe, aber auch Lieder und andere Vokalst\u00fccke, die ihm Britten auf den Leib, oder besser auf die Stimme schrieb, kongenial um. Musikalisch war Britten \u2013 und das machte ihn unter Verfechtern der Neuen Musik lange wenig beliebt \u2013 konservativ. Erst langsam setzte in den letzten Jahren eine Britten-Renaissance ein.<\/p>\n<p>In \u00d6sterreich l\u00e4utet die Neue Oper Wien diese Britten-Renaissance mit einer umjubelten Auff\u00fchrung des <em>Billy Budd<\/em> im Jahr 1996 ein. Seither wurde Britten auf den anderen gro\u00dfen Wiener B\u00fchnen gespielt, ob in der Staatsoper oder besonders verdienstvoll im Theater an der Wien, die im Oktober auch <a href=\"https:\/\/www.theater-wien.at\/de\/programm\/production\/1014\/Peter-Grimes\"><em>Peter Grimes<\/em><\/a> in einer Inszenierung von Christof Loy wieder aufnimmt. Bei <em>Death in Venice<\/em> wird in der Produktion der Neuen Oper Wien Christoph Zauner Regie f\u00fchren, der in Wien u.a. an der Volksoper oder der Kammeroper mit Inszenierungen von modernen Opern von Maurico Kagel oder Ernst Krenek Erfolge feierte. Die musikalische Leitung liegt in den bew\u00e4hrten H\u00e4nden von Walter Kob\u00e9ra.<\/p>\n<p><strong>Benjamin Britten: Death in Venice<\/strong><\/p>\n<p>Mit: Alexander Kaimbacher, Andreas Jankowitsch, Ray Chenez, Rafael Lesage, u.a., dem Wiener Kammerchor und dem Tonk\u00fcnstler-Orchester Nieder\u00f6sterreich<\/p>\n<p><strong>Vorstellungen am:<\/strong> 7., 9., 10. und 12. Oktober 2021<\/p>\n<p><strong>Ort:<\/strong> Halle E im MuseumsQuartier, Museumsplatz 1, 1070 Wien<\/p>\n<p><strong>Beginn:<\/strong> jeweils 19:00 Uhr<\/p>\n<p>Infos und Tickets: <a href=\"https:\/\/neueoperwien.at\/death-in-venice\/\">https:\/\/neueoperwien.at\/death-in-venice\/<\/a><\/p>\n<p>&nbsp;<\/p>\n<p>&nbsp;<\/p>\n","protected":false},"excerpt":{"rendered":"<p>Die letzte Oper des britischen Komponisten wird im Oktober in einer Produktion der Neuen Oper Wien im MuseumsQuartier gezeigt. Drei Jahre vor Brittens Tod 1976 wurde seine Oper nach der gleichnamigen homoerotischen Novelle von Thomas Mann uraufgef\u00fchrt. Die Hauptrolle des Gustav von Aschenbach wurde von Brittens Lebensgef\u00e4hrten, dem Tenor Peter Pears, gesungen. Zwei Jahre davor [&hellip;]<\/p>\n","protected":false},"author":4,"featured_media":9696,"comment_status":"closed","ping_status":"open","sticky":false,"template":"","format":"standard","meta":{"_acf_changed":false,"footnotes":""},"categories":[272,275,276],"tags":[],"class_list":["post-11001","post","type-post","status-publish","format-standard","has-post-thumbnail","hentry","category-qwien","category-qwien-tipp","category-webarchive","grve-entry-item","grve-blog-item"],"acf":[],"yoast_head":"<!-- This site is optimized with the Yoast SEO plugin v27.5 - https:\/\/yoast.com\/product\/yoast-seo-wordpress\/ -->\n<title>Death in Venice - Blog - Qwien - Zentrum f\u00fcr queere Geschichte<\/title>\n<meta name=\"robots\" content=\"index, follow, max-snippet:-1, max-image-preview:large, max-video-preview:-1\" \/>\n<link rel=\"canonical\" href=\"https:\/\/www.qwien.at\/en\/qwien\/death-in-venice\/\" \/>\n<meta property=\"og:locale\" content=\"en_US\" \/>\n<meta property=\"og:type\" content=\"article\" \/>\n<meta property=\"og:title\" content=\"Death in Venice - Blog - Qwien - Zentrum f\u00fcr queere Geschichte\" \/>\n<meta property=\"og:description\" content=\"Die letzte Oper des britischen Komponisten wird im Oktober in einer Produktion der Neuen Oper Wien im MuseumsQuartier gezeigt. Drei Jahre vor Brittens Tod 1976 wurde seine Oper nach der gleichnamigen homoerotischen Novelle von Thomas Mann uraufgef\u00fchrt. Die Hauptrolle des Gustav von Aschenbach wurde von Brittens Lebensgef\u00e4hrten, dem Tenor Peter Pears, gesungen. Zwei Jahre davor [&hellip;]\" \/>\n<meta property=\"og:url\" content=\"https:\/\/www.qwien.at\/en\/qwien\/death-in-venice\/\" \/>\n<meta property=\"og:site_name\" content=\"Qwien - Zentrum f\u00fcr queere Geschichte\" \/>\n<meta property=\"article:published_time\" content=\"2025-07-15T19:37:14+00:00\" \/>\n<meta property=\"og:image\" content=\"https:\/\/www.qwien.at\/wp-content\/uploads\/2021\/09\/Benjamin-Britten-and-Peter-Pears-travelling-photographer-unidentified_BrittenPearsArts.jpg\" \/>\n\t<meta property=\"og:image:width\" content=\"1180\" \/>\n\t<meta property=\"og:image:height\" content=\"380\" \/>\n\t<meta property=\"og:image:type\" content=\"image\/jpeg\" \/>\n<meta name=\"author\" content=\"Andreas Brunner\" \/>\n<meta name=\"twitter:card\" content=\"summary_large_image\" \/>\n<meta name=\"twitter:label1\" content=\"Written by\" \/>\n\t<meta name=\"twitter:data1\" content=\"Andreas Brunner\" \/>\n\t<meta name=\"twitter:label2\" content=\"Est. reading time\" \/>\n\t<meta name=\"twitter:data2\" content=\"2 minutes\" \/>\n<script type=\"application\/ld+json\" class=\"yoast-schema-graph\">{\"@context\":\"https:\\\/\\\/schema.org\",\"@graph\":[{\"@type\":[\"Article\",\"BlogPosting\"],\"@id\":\"https:\\\/\\\/www.qwien.at\\\/en\\\/qwien\\\/death-in-venice\\\/#article\",\"isPartOf\":{\"@id\":\"https:\\\/\\\/www.qwien.at\\\/en\\\/qwien\\\/death-in-venice\\\/\"},\"author\":{\"name\":\"Andreas Brunner\",\"@id\":\"https:\\\/\\\/www.qwien.at\\\/en\\\/#\\\/schema\\\/person\\\/d3fe9114b43d8e5a558a6d20ca3e2920\"},\"headline\":\"Death in Venice\",\"datePublished\":\"2025-07-15T19:37:14+00:00\",\"mainEntityOfPage\":{\"@id\":\"https:\\\/\\\/www.qwien.at\\\/en\\\/qwien\\\/death-in-venice\\\/\"},\"wordCount\":489,\"publisher\":{\"@id\":\"https:\\\/\\\/www.qwien.at\\\/en\\\/#organization\"},\"image\":{\"@id\":\"https:\\\/\\\/www.qwien.at\\\/en\\\/qwien\\\/death-in-venice\\\/#primaryimage\"},\"thumbnailUrl\":\"https:\\\/\\\/www.qwien.at\\\/wp-content\\\/uploads\\\/2021\\\/09\\\/2000x6001000_venice2.jpeg\",\"articleSection\":[\"Qwien\",\"Tipp\",\"Webarchiv\"],\"inLanguage\":\"en-US\"},{\"@type\":\"WebPage\",\"@id\":\"https:\\\/\\\/www.qwien.at\\\/en\\\/qwien\\\/death-in-venice\\\/\",\"url\":\"https:\\\/\\\/www.qwien.at\\\/en\\\/qwien\\\/death-in-venice\\\/\",\"name\":\"Death in Venice - Blog - Qwien - Zentrum f\u00fcr queere Geschichte\",\"isPartOf\":{\"@id\":\"https:\\\/\\\/www.qwien.at\\\/en\\\/#website\"},\"primaryImageOfPage\":{\"@id\":\"https:\\\/\\\/www.qwien.at\\\/en\\\/qwien\\\/death-in-venice\\\/#primaryimage\"},\"image\":{\"@id\":\"https:\\\/\\\/www.qwien.at\\\/en\\\/qwien\\\/death-in-venice\\\/#primaryimage\"},\"thumbnailUrl\":\"https:\\\/\\\/www.qwien.at\\\/wp-content\\\/uploads\\\/2021\\\/09\\\/2000x6001000_venice2.jpeg\",\"datePublished\":\"2025-07-15T19:37:14+00:00\",\"breadcrumb\":{\"@id\":\"https:\\\/\\\/www.qwien.at\\\/en\\\/qwien\\\/death-in-venice\\\/#breadcrumb\"},\"inLanguage\":\"en-US\",\"potentialAction\":[{\"@type\":\"ReadAction\",\"target\":[\"https:\\\/\\\/www.qwien.at\\\/en\\\/qwien\\\/death-in-venice\\\/\"]}]},{\"@type\":\"ImageObject\",\"inLanguage\":\"en-US\",\"@id\":\"https:\\\/\\\/www.qwien.at\\\/en\\\/qwien\\\/death-in-venice\\\/#primaryimage\",\"url\":\"https:\\\/\\\/www.qwien.at\\\/wp-content\\\/uploads\\\/2021\\\/09\\\/2000x6001000_venice2.jpeg\",\"contentUrl\":\"https:\\\/\\\/www.qwien.at\\\/wp-content\\\/uploads\\\/2021\\\/09\\\/2000x6001000_venice2.jpeg\",\"width\":1280,\"height\":640},{\"@type\":\"BreadcrumbList\",\"@id\":\"https:\\\/\\\/www.qwien.at\\\/en\\\/qwien\\\/death-in-venice\\\/#breadcrumb\",\"itemListElement\":[{\"@type\":\"ListItem\",\"position\":1,\"name\":\"Startseite\",\"item\":\"https:\\\/\\\/www.qwien.at\\\/en\\\/\"},{\"@type\":\"ListItem\",\"position\":2,\"name\":\"Death in Venice\"}]},{\"@type\":\"WebSite\",\"@id\":\"https:\\\/\\\/www.qwien.at\\\/en\\\/#website\",\"url\":\"https:\\\/\\\/www.qwien.at\\\/en\\\/\",\"name\":\"Qwien - Zentrum f\u00fcr queere Geschichte\",\"description\":\"\",\"publisher\":{\"@id\":\"https:\\\/\\\/www.qwien.at\\\/en\\\/#organization\"},\"potentialAction\":[{\"@type\":\"SearchAction\",\"target\":{\"@type\":\"EntryPoint\",\"urlTemplate\":\"https:\\\/\\\/www.qwien.at\\\/en\\\/?s={search_term_string}\"},\"query-input\":{\"@type\":\"PropertyValueSpecification\",\"valueRequired\":true,\"valueName\":\"search_term_string\"}}],\"inLanguage\":\"en-US\"},{\"@type\":\"Organization\",\"@id\":\"https:\\\/\\\/www.qwien.at\\\/en\\\/#organization\",\"name\":\"Qwien\",\"url\":\"https:\\\/\\\/www.qwien.at\\\/en\\\/\",\"logo\":{\"@type\":\"ImageObject\",\"inLanguage\":\"en-US\",\"@id\":\"https:\\\/\\\/www.qwien.at\\\/en\\\/#\\\/schema\\\/logo\\\/image\\\/\",\"url\":\"https:\\\/\\\/www.qwien.at\\\/wp-content\\\/uploads\\\/2025\\\/06\\\/seo-yoast-2.png\",\"contentUrl\":\"https:\\\/\\\/www.qwien.at\\\/wp-content\\\/uploads\\\/2025\\\/06\\\/seo-yoast-2.png\",\"width\":697,\"height\":697,\"caption\":\"Qwien\"},\"image\":{\"@id\":\"https:\\\/\\\/www.qwien.at\\\/en\\\/#\\\/schema\\\/logo\\\/image\\\/\"},\"sameAs\":[\"https:\\\/\\\/www.instagram.com\\\/qwien.zentrum\\\/\"]},{\"@type\":\"Person\",\"@id\":\"https:\\\/\\\/www.qwien.at\\\/en\\\/#\\\/schema\\\/person\\\/d3fe9114b43d8e5a558a6d20ca3e2920\",\"name\":\"Andreas Brunner\"}]}<\/script>\n<!-- \/ Yoast SEO plugin. -->","yoast_head_json":{"title":"Death in Venice - Blog - Qwien - Zentrum f\u00fcr queere Geschichte","robots":{"index":"index","follow":"follow","max-snippet":"max-snippet:-1","max-image-preview":"max-image-preview:large","max-video-preview":"max-video-preview:-1"},"canonical":"https:\/\/www.qwien.at\/en\/qwien\/death-in-venice\/","og_locale":"en_US","og_type":"article","og_title":"Death in Venice - Blog - Qwien - Zentrum f\u00fcr queere Geschichte","og_description":"Die letzte Oper des britischen Komponisten wird im Oktober in einer Produktion der Neuen Oper Wien im MuseumsQuartier gezeigt. Drei Jahre vor Brittens Tod 1976 wurde seine Oper nach der gleichnamigen homoerotischen Novelle von Thomas Mann uraufgef\u00fchrt. Die Hauptrolle des Gustav von Aschenbach wurde von Brittens Lebensgef\u00e4hrten, dem Tenor Peter Pears, gesungen. Zwei Jahre davor [&hellip;]","og_url":"https:\/\/www.qwien.at\/en\/qwien\/death-in-venice\/","og_site_name":"Qwien - Zentrum f\u00fcr queere Geschichte","article_published_time":"2025-07-15T19:37:14+00:00","og_image":[{"width":1180,"height":380,"url":"https:\/\/www.qwien.at\/wp-content\/uploads\/2021\/09\/Benjamin-Britten-and-Peter-Pears-travelling-photographer-unidentified_BrittenPearsArts.jpg","type":"image\/jpeg"}],"author":"Andreas Brunner","twitter_card":"summary_large_image","twitter_misc":{"Written by":"Andreas Brunner","Est. reading time":"2 minutes"},"schema":{"@context":"https:\/\/schema.org","@graph":[{"@type":["Article","BlogPosting"],"@id":"https:\/\/www.qwien.at\/en\/qwien\/death-in-venice\/#article","isPartOf":{"@id":"https:\/\/www.qwien.at\/en\/qwien\/death-in-venice\/"},"author":{"name":"Andreas Brunner","@id":"https:\/\/www.qwien.at\/en\/#\/schema\/person\/d3fe9114b43d8e5a558a6d20ca3e2920"},"headline":"Death in Venice","datePublished":"2025-07-15T19:37:14+00:00","mainEntityOfPage":{"@id":"https:\/\/www.qwien.at\/en\/qwien\/death-in-venice\/"},"wordCount":489,"publisher":{"@id":"https:\/\/www.qwien.at\/en\/#organization"},"image":{"@id":"https:\/\/www.qwien.at\/en\/qwien\/death-in-venice\/#primaryimage"},"thumbnailUrl":"https:\/\/www.qwien.at\/wp-content\/uploads\/2021\/09\/2000x6001000_venice2.jpeg","articleSection":["Qwien","Tipp","Webarchiv"],"inLanguage":"en-US"},{"@type":"WebPage","@id":"https:\/\/www.qwien.at\/en\/qwien\/death-in-venice\/","url":"https:\/\/www.qwien.at\/en\/qwien\/death-in-venice\/","name":"Death in Venice - Blog - Qwien - Zentrum f\u00fcr queere Geschichte","isPartOf":{"@id":"https:\/\/www.qwien.at\/en\/#website"},"primaryImageOfPage":{"@id":"https:\/\/www.qwien.at\/en\/qwien\/death-in-venice\/#primaryimage"},"image":{"@id":"https:\/\/www.qwien.at\/en\/qwien\/death-in-venice\/#primaryimage"},"thumbnailUrl":"https:\/\/www.qwien.at\/wp-content\/uploads\/2021\/09\/2000x6001000_venice2.jpeg","datePublished":"2025-07-15T19:37:14+00:00","breadcrumb":{"@id":"https:\/\/www.qwien.at\/en\/qwien\/death-in-venice\/#breadcrumb"},"inLanguage":"en-US","potentialAction":[{"@type":"ReadAction","target":["https:\/\/www.qwien.at\/en\/qwien\/death-in-venice\/"]}]},{"@type":"ImageObject","inLanguage":"en-US","@id":"https:\/\/www.qwien.at\/en\/qwien\/death-in-venice\/#primaryimage","url":"https:\/\/www.qwien.at\/wp-content\/uploads\/2021\/09\/2000x6001000_venice2.jpeg","contentUrl":"https:\/\/www.qwien.at\/wp-content\/uploads\/2021\/09\/2000x6001000_venice2.jpeg","width":1280,"height":640},{"@type":"BreadcrumbList","@id":"https:\/\/www.qwien.at\/en\/qwien\/death-in-venice\/#breadcrumb","itemListElement":[{"@type":"ListItem","position":1,"name":"Startseite","item":"https:\/\/www.qwien.at\/en\/"},{"@type":"ListItem","position":2,"name":"Death in Venice"}]},{"@type":"WebSite","@id":"https:\/\/www.qwien.at\/en\/#website","url":"https:\/\/www.qwien.at\/en\/","name":"Qwien - Zentrum f\u00fcr queere Geschichte","description":"","publisher":{"@id":"https:\/\/www.qwien.at\/en\/#organization"},"potentialAction":[{"@type":"SearchAction","target":{"@type":"EntryPoint","urlTemplate":"https:\/\/www.qwien.at\/en\/?s={search_term_string}"},"query-input":{"@type":"PropertyValueSpecification","valueRequired":true,"valueName":"search_term_string"}}],"inLanguage":"en-US"},{"@type":"Organization","@id":"https:\/\/www.qwien.at\/en\/#organization","name":"Qwien","url":"https:\/\/www.qwien.at\/en\/","logo":{"@type":"ImageObject","inLanguage":"en-US","@id":"https:\/\/www.qwien.at\/en\/#\/schema\/logo\/image\/","url":"https:\/\/www.qwien.at\/wp-content\/uploads\/2025\/06\/seo-yoast-2.png","contentUrl":"https:\/\/www.qwien.at\/wp-content\/uploads\/2025\/06\/seo-yoast-2.png","width":697,"height":697,"caption":"Qwien"},"image":{"@id":"https:\/\/www.qwien.at\/en\/#\/schema\/logo\/image\/"},"sameAs":["https:\/\/www.instagram.com\/qwien.zentrum\/"]},{"@type":"Person","@id":"https:\/\/www.qwien.at\/en\/#\/schema\/person\/d3fe9114b43d8e5a558a6d20ca3e2920","name":"Andreas Brunner"}]}},"_links":{"self":[{"href":"https:\/\/www.qwien.at\/en\/wp-json\/wp\/v2\/posts\/11001","targetHints":{"allow":["GET"]}}],"collection":[{"href":"https:\/\/www.qwien.at\/en\/wp-json\/wp\/v2\/posts"}],"about":[{"href":"https:\/\/www.qwien.at\/en\/wp-json\/wp\/v2\/types\/post"}],"author":[{"embeddable":true,"href":"https:\/\/www.qwien.at\/en\/wp-json\/wp\/v2\/users\/4"}],"replies":[{"embeddable":true,"href":"https:\/\/www.qwien.at\/en\/wp-json\/wp\/v2\/comments?post=11001"}],"version-history":[{"count":0,"href":"https:\/\/www.qwien.at\/en\/wp-json\/wp\/v2\/posts\/11001\/revisions"}],"wp:featuredmedia":[{"embeddable":true,"href":"https:\/\/www.qwien.at\/en\/wp-json\/wp\/v2\/media\/9696"}],"wp:attachment":[{"href":"https:\/\/www.qwien.at\/en\/wp-json\/wp\/v2\/media?parent=11001"}],"wp:term":[{"taxonomy":"category","embeddable":true,"href":"https:\/\/www.qwien.at\/en\/wp-json\/wp\/v2\/categories?post=11001"},{"taxonomy":"post_tag","embeddable":true,"href":"https:\/\/www.qwien.at\/en\/wp-json\/wp\/v2\/tags?post=11001"}],"curies":[{"name":"wp","href":"https:\/\/api.w.org\/{rel}","templated":true}]}}