{"id":11015,"date":"2025-07-15T21:37:14","date_gmt":"2025-07-15T19:37:14","guid":{"rendered":"https:\/\/www.qwien.at\/nicht-kategorisiert\/fundstueck-des-monats-2\/"},"modified":"2025-07-15T21:37:14","modified_gmt":"2025-07-15T19:37:14","slug":"fundstueck-des-monats-2","status":"publish","type":"post","link":"https:\/\/www.qwien.at\/en\/find-of-the-month\/fundstueck-des-monats-2\/","title":{"rendered":"Fundst\u00fcck des Monats (Juni 2021)"},"content":{"rendered":"<p align=\"left\"><em>Pr\u00e4sidentin und Pr\u00e4sident. Kampagne des \u00d6sterreichischen Lesben-, Schwulen und TransGender Forums anl\u00e4sslich der Pr\u00e4sidentschaftswahlen 1998. Aufkleber, Foto: Matthias Herrmann, Grafik: CID.<\/em><\/p>\n<p align=\"left\">Die Aufkleber, die das \u00d6LSF 1998 zur Pr\u00e4sidentschaftswahl produzieren lie\u00df, erregten Aufsehen und waren im Nu gut \u00fcber Wien verteilt. Heute nur mehr schwer verst\u00e4ndlich ist der Tabubruch, denn es bedeutete das Amt des Bundespr\u00e4sidenten mit Homosexualit\u00e4t in Verbindung zu bringen. Die nat\u00fcrliche Autorit\u00e4t der beiden Fotomodelle verhindert wohl einen gr\u00f6\u00dferen Skandal.<\/p>\n","protected":false},"excerpt":{"rendered":"<p>Pr\u00e4sidentin und Pr\u00e4sident. Kampagne des \u00d6sterreichischen Lesben-, Schwulen und TransGender Forums anl\u00e4sslich der Pr\u00e4sidentschaftswahlen 1998. Aufkleber, Foto: Matthias Herrmann, Grafik: CID. Die Aufkleber, die das \u00d6LSF 1998 zur Pr\u00e4sidentschaftswahl produzieren lie\u00df, erregten Aufsehen und waren im Nu gut \u00fcber Wien verteilt. Heute nur mehr schwer verst\u00e4ndlich ist der Tabubruch, denn es bedeutete das Amt des [&hellip;]<\/p>\n","protected":false},"author":4,"featured_media":9666,"comment_status":"closed","ping_status":"open","sticky":false,"template":"","format":"standard","meta":{"_acf_changed":false,"footnotes":""},"categories":[269,276],"tags":[],"class_list":["post-11015","post","type-post","status-publish","format-standard","has-post-thumbnail","hentry","category-find-of-the-month","category-webarchive","grve-entry-item","grve-blog-item"],"acf":[],"yoast_head":"<!-- This site is optimized with the Yoast SEO plugin v27.5 - https:\/\/yoast.com\/product\/yoast-seo-wordpress\/ -->\n<title>Fundst\u00fcck des Monats (Juni 2021) - Blog - Qwien - Zentrum f\u00fcr queere Geschichte<\/title>\n<meta name=\"robots\" content=\"index, follow, max-snippet:-1, max-image-preview:large, max-video-preview:-1\" \/>\n<link rel=\"canonical\" href=\"https:\/\/www.qwien.at\/en\/find-of-the-month\/fundstueck-des-monats-2\/\" \/>\n<meta property=\"og:locale\" content=\"en_US\" \/>\n<meta property=\"og:type\" content=\"article\" \/>\n<meta property=\"og:title\" content=\"Fundst\u00fcck des Monats (Juni 2021) - Blog - Qwien - Zentrum f\u00fcr queere Geschichte\" \/>\n<meta property=\"og:description\" content=\"Pr\u00e4sidentin und Pr\u00e4sident. Kampagne des \u00d6sterreichischen Lesben-, Schwulen und TransGender Forums anl\u00e4sslich der Pr\u00e4sidentschaftswahlen 1998. Aufkleber, Foto: Matthias Herrmann, Grafik: CID. Die Aufkleber, die das \u00d6LSF 1998 zur Pr\u00e4sidentschaftswahl produzieren lie\u00df, erregten Aufsehen und waren im Nu gut \u00fcber Wien verteilt. Heute nur mehr schwer verst\u00e4ndlich ist der Tabubruch, denn es bedeutete das Amt des [&hellip;]\" \/>\n<meta property=\"og:url\" content=\"https:\/\/www.qwien.at\/en\/find-of-the-month\/fundstueck-des-monats-2\/\" \/>\n<meta property=\"og:site_name\" content=\"Qwien - Zentrum f\u00fcr queere Geschichte\" \/>\n<meta property=\"article:published_time\" content=\"2025-07-15T19:37:14+00:00\" \/>\n<meta property=\"og:image\" content=\"https:\/\/www.qwien.at\/wp-content\/uploads\/2025\/06\/seo-yoast-1.png\" \/>\n\t<meta property=\"og:image:width\" content=\"1921\" \/>\n\t<meta property=\"og:image:height\" content=\"1081\" \/>\n\t<meta property=\"og:image:type\" content=\"image\/png\" \/>\n<meta name=\"author\" content=\"Andreas Brunner\" \/>\n<meta name=\"twitter:card\" content=\"summary_large_image\" \/>\n<meta name=\"twitter:label1\" content=\"Written by\" \/>\n\t<meta name=\"twitter:data1\" content=\"Andreas Brunner\" \/>\n<script type=\"application\/ld+json\" class=\"yoast-schema-graph\">{\"@context\":\"https:\\\/\\\/schema.org\",\"@graph\":[{\"@type\":[\"Article\",\"BlogPosting\"],\"@id\":\"https:\\\/\\\/www.qwien.at\\\/en\\\/find-of-the-month\\\/fundstueck-des-monats-2\\\/#article\",\"isPartOf\":{\"@id\":\"https:\\\/\\\/www.qwien.at\\\/en\\\/find-of-the-month\\\/fundstueck-des-monats-2\\\/\"},\"author\":{\"name\":\"Andreas Brunner\",\"@id\":\"https:\\\/\\\/www.qwien.at\\\/en\\\/#\\\/schema\\\/person\\\/d3fe9114b43d8e5a558a6d20ca3e2920\"},\"headline\":\"Fundst\u00fcck des Monats (Juni 2021)\",\"datePublished\":\"2025-07-15T19:37:14+00:00\",\"mainEntityOfPage\":{\"@id\":\"https:\\\/\\\/www.qwien.at\\\/en\\\/find-of-the-month\\\/fundstueck-des-monats-2\\\/\"},\"wordCount\":87,\"publisher\":{\"@id\":\"https:\\\/\\\/www.qwien.at\\\/en\\\/#organization\"},\"image\":{\"@id\":\"https:\\\/\\\/www.qwien.at\\\/en\\\/find-of-the-month\\\/fundstueck-des-monats-2\\\/#primaryimage\"},\"thumbnailUrl\":\"https:\\\/\\\/www.qwien.at\\\/wp-content\\\/uploads\\\/2021\\\/05\\\/QWIEN_OeLSF_PraesidentInnen_1998.jpg\",\"articleSection\":[\"Find of the month\",\"Webarchiv\"],\"inLanguage\":\"en-US\"},{\"@type\":\"WebPage\",\"@id\":\"https:\\\/\\\/www.qwien.at\\\/en\\\/find-of-the-month\\\/fundstueck-des-monats-2\\\/\",\"url\":\"https:\\\/\\\/www.qwien.at\\\/en\\\/find-of-the-month\\\/fundstueck-des-monats-2\\\/\",\"name\":\"Fundst\u00fcck des Monats (Juni 2021) - Blog - Qwien - Zentrum f\u00fcr queere Geschichte\",\"isPartOf\":{\"@id\":\"https:\\\/\\\/www.qwien.at\\\/en\\\/#website\"},\"primaryImageOfPage\":{\"@id\":\"https:\\\/\\\/www.qwien.at\\\/en\\\/find-of-the-month\\\/fundstueck-des-monats-2\\\/#primaryimage\"},\"image\":{\"@id\":\"https:\\\/\\\/www.qwien.at\\\/en\\\/find-of-the-month\\\/fundstueck-des-monats-2\\\/#primaryimage\"},\"thumbnailUrl\":\"https:\\\/\\\/www.qwien.at\\\/wp-content\\\/uploads\\\/2021\\\/05\\\/QWIEN_OeLSF_PraesidentInnen_1998.jpg\",\"datePublished\":\"2025-07-15T19:37:14+00:00\",\"breadcrumb\":{\"@id\":\"https:\\\/\\\/www.qwien.at\\\/en\\\/find-of-the-month\\\/fundstueck-des-monats-2\\\/#breadcrumb\"},\"inLanguage\":\"en-US\",\"potentialAction\":[{\"@type\":\"ReadAction\",\"target\":[\"https:\\\/\\\/www.qwien.at\\\/en\\\/find-of-the-month\\\/fundstueck-des-monats-2\\\/\"]}]},{\"@type\":\"ImageObject\",\"inLanguage\":\"en-US\",\"@id\":\"https:\\\/\\\/www.qwien.at\\\/en\\\/find-of-the-month\\\/fundstueck-des-monats-2\\\/#primaryimage\",\"url\":\"https:\\\/\\\/www.qwien.at\\\/wp-content\\\/uploads\\\/2021\\\/05\\\/QWIEN_OeLSF_PraesidentInnen_1998.jpg\",\"contentUrl\":\"https:\\\/\\\/www.qwien.at\\\/wp-content\\\/uploads\\\/2021\\\/05\\\/QWIEN_OeLSF_PraesidentInnen_1998.jpg\",\"width\":2412,\"height\":1711},{\"@type\":\"BreadcrumbList\",\"@id\":\"https:\\\/\\\/www.qwien.at\\\/en\\\/find-of-the-month\\\/fundstueck-des-monats-2\\\/#breadcrumb\",\"itemListElement\":[{\"@type\":\"ListItem\",\"position\":1,\"name\":\"Startseite\",\"item\":\"https:\\\/\\\/www.qwien.at\\\/en\\\/\"},{\"@type\":\"ListItem\",\"position\":2,\"name\":\"Fundst\u00fcck des Monats (Juni 2021)\"}]},{\"@type\":\"WebSite\",\"@id\":\"https:\\\/\\\/www.qwien.at\\\/en\\\/#website\",\"url\":\"https:\\\/\\\/www.qwien.at\\\/en\\\/\",\"name\":\"Qwien - Zentrum f\u00fcr queere Geschichte\",\"description\":\"\",\"publisher\":{\"@id\":\"https:\\\/\\\/www.qwien.at\\\/en\\\/#organization\"},\"potentialAction\":[{\"@type\":\"SearchAction\",\"target\":{\"@type\":\"EntryPoint\",\"urlTemplate\":\"https:\\\/\\\/www.qwien.at\\\/en\\\/?s={search_term_string}\"},\"query-input\":{\"@type\":\"PropertyValueSpecification\",\"valueRequired\":true,\"valueName\":\"search_term_string\"}}],\"inLanguage\":\"en-US\"},{\"@type\":\"Organization\",\"@id\":\"https:\\\/\\\/www.qwien.at\\\/en\\\/#organization\",\"name\":\"Qwien\",\"url\":\"https:\\\/\\\/www.qwien.at\\\/en\\\/\",\"logo\":{\"@type\":\"ImageObject\",\"inLanguage\":\"en-US\",\"@id\":\"https:\\\/\\\/www.qwien.at\\\/en\\\/#\\\/schema\\\/logo\\\/image\\\/\",\"url\":\"https:\\\/\\\/www.qwien.at\\\/wp-content\\\/uploads\\\/2025\\\/06\\\/seo-yoast-2.png\",\"contentUrl\":\"https:\\\/\\\/www.qwien.at\\\/wp-content\\\/uploads\\\/2025\\\/06\\\/seo-yoast-2.png\",\"width\":697,\"height\":697,\"caption\":\"Qwien\"},\"image\":{\"@id\":\"https:\\\/\\\/www.qwien.at\\\/en\\\/#\\\/schema\\\/logo\\\/image\\\/\"},\"sameAs\":[\"https:\\\/\\\/www.instagram.com\\\/qwien.zentrum\\\/\"]},{\"@type\":\"Person\",\"@id\":\"https:\\\/\\\/www.qwien.at\\\/en\\\/#\\\/schema\\\/person\\\/d3fe9114b43d8e5a558a6d20ca3e2920\",\"name\":\"Andreas Brunner\"}]}<\/script>\n<!-- \/ Yoast SEO plugin. -->","yoast_head_json":{"title":"Fundst\u00fcck des Monats (Juni 2021) - Blog - Qwien - Zentrum f\u00fcr queere Geschichte","robots":{"index":"index","follow":"follow","max-snippet":"max-snippet:-1","max-image-preview":"max-image-preview:large","max-video-preview":"max-video-preview:-1"},"canonical":"https:\/\/www.qwien.at\/en\/find-of-the-month\/fundstueck-des-monats-2\/","og_locale":"en_US","og_type":"article","og_title":"Fundst\u00fcck des Monats (Juni 2021) - Blog - Qwien - Zentrum f\u00fcr queere Geschichte","og_description":"Pr\u00e4sidentin und Pr\u00e4sident. Kampagne des \u00d6sterreichischen Lesben-, Schwulen und TransGender Forums anl\u00e4sslich der Pr\u00e4sidentschaftswahlen 1998. Aufkleber, Foto: Matthias Herrmann, Grafik: CID. Die Aufkleber, die das \u00d6LSF 1998 zur Pr\u00e4sidentschaftswahl produzieren lie\u00df, erregten Aufsehen und waren im Nu gut \u00fcber Wien verteilt. Heute nur mehr schwer verst\u00e4ndlich ist der Tabubruch, denn es bedeutete das Amt des [&hellip;]","og_url":"https:\/\/www.qwien.at\/en\/find-of-the-month\/fundstueck-des-monats-2\/","og_site_name":"Qwien - Zentrum f\u00fcr queere Geschichte","article_published_time":"2025-07-15T19:37:14+00:00","og_image":[{"width":1921,"height":1081,"url":"https:\/\/www.qwien.at\/wp-content\/uploads\/2025\/06\/seo-yoast-1.png","type":"image\/png"}],"author":"Andreas Brunner","twitter_card":"summary_large_image","twitter_misc":{"Written by":"Andreas Brunner"},"schema":{"@context":"https:\/\/schema.org","@graph":[{"@type":["Article","BlogPosting"],"@id":"https:\/\/www.qwien.at\/en\/find-of-the-month\/fundstueck-des-monats-2\/#article","isPartOf":{"@id":"https:\/\/www.qwien.at\/en\/find-of-the-month\/fundstueck-des-monats-2\/"},"author":{"name":"Andreas Brunner","@id":"https:\/\/www.qwien.at\/en\/#\/schema\/person\/d3fe9114b43d8e5a558a6d20ca3e2920"},"headline":"Fundst\u00fcck des Monats (Juni 2021)","datePublished":"2025-07-15T19:37:14+00:00","mainEntityOfPage":{"@id":"https:\/\/www.qwien.at\/en\/find-of-the-month\/fundstueck-des-monats-2\/"},"wordCount":87,"publisher":{"@id":"https:\/\/www.qwien.at\/en\/#organization"},"image":{"@id":"https:\/\/www.qwien.at\/en\/find-of-the-month\/fundstueck-des-monats-2\/#primaryimage"},"thumbnailUrl":"https:\/\/www.qwien.at\/wp-content\/uploads\/2021\/05\/QWIEN_OeLSF_PraesidentInnen_1998.jpg","articleSection":["Find of the month","Webarchiv"],"inLanguage":"en-US"},{"@type":"WebPage","@id":"https:\/\/www.qwien.at\/en\/find-of-the-month\/fundstueck-des-monats-2\/","url":"https:\/\/www.qwien.at\/en\/find-of-the-month\/fundstueck-des-monats-2\/","name":"Fundst\u00fcck des Monats (Juni 2021) - Blog - Qwien - Zentrum f\u00fcr queere Geschichte","isPartOf":{"@id":"https:\/\/www.qwien.at\/en\/#website"},"primaryImageOfPage":{"@id":"https:\/\/www.qwien.at\/en\/find-of-the-month\/fundstueck-des-monats-2\/#primaryimage"},"image":{"@id":"https:\/\/www.qwien.at\/en\/find-of-the-month\/fundstueck-des-monats-2\/#primaryimage"},"thumbnailUrl":"https:\/\/www.qwien.at\/wp-content\/uploads\/2021\/05\/QWIEN_OeLSF_PraesidentInnen_1998.jpg","datePublished":"2025-07-15T19:37:14+00:00","breadcrumb":{"@id":"https:\/\/www.qwien.at\/en\/find-of-the-month\/fundstueck-des-monats-2\/#breadcrumb"},"inLanguage":"en-US","potentialAction":[{"@type":"ReadAction","target":["https:\/\/www.qwien.at\/en\/find-of-the-month\/fundstueck-des-monats-2\/"]}]},{"@type":"ImageObject","inLanguage":"en-US","@id":"https:\/\/www.qwien.at\/en\/find-of-the-month\/fundstueck-des-monats-2\/#primaryimage","url":"https:\/\/www.qwien.at\/wp-content\/uploads\/2021\/05\/QWIEN_OeLSF_PraesidentInnen_1998.jpg","contentUrl":"https:\/\/www.qwien.at\/wp-content\/uploads\/2021\/05\/QWIEN_OeLSF_PraesidentInnen_1998.jpg","width":2412,"height":1711},{"@type":"BreadcrumbList","@id":"https:\/\/www.qwien.at\/en\/find-of-the-month\/fundstueck-des-monats-2\/#breadcrumb","itemListElement":[{"@type":"ListItem","position":1,"name":"Startseite","item":"https:\/\/www.qwien.at\/en\/"},{"@type":"ListItem","position":2,"name":"Fundst\u00fcck des Monats (Juni 2021)"}]},{"@type":"WebSite","@id":"https:\/\/www.qwien.at\/en\/#website","url":"https:\/\/www.qwien.at\/en\/","name":"Qwien - Zentrum f\u00fcr queere Geschichte","description":"","publisher":{"@id":"https:\/\/www.qwien.at\/en\/#organization"},"potentialAction":[{"@type":"SearchAction","target":{"@type":"EntryPoint","urlTemplate":"https:\/\/www.qwien.at\/en\/?s={search_term_string}"},"query-input":{"@type":"PropertyValueSpecification","valueRequired":true,"valueName":"search_term_string"}}],"inLanguage":"en-US"},{"@type":"Organization","@id":"https:\/\/www.qwien.at\/en\/#organization","name":"Qwien","url":"https:\/\/www.qwien.at\/en\/","logo":{"@type":"ImageObject","inLanguage":"en-US","@id":"https:\/\/www.qwien.at\/en\/#\/schema\/logo\/image\/","url":"https:\/\/www.qwien.at\/wp-content\/uploads\/2025\/06\/seo-yoast-2.png","contentUrl":"https:\/\/www.qwien.at\/wp-content\/uploads\/2025\/06\/seo-yoast-2.png","width":697,"height":697,"caption":"Qwien"},"image":{"@id":"https:\/\/www.qwien.at\/en\/#\/schema\/logo\/image\/"},"sameAs":["https:\/\/www.instagram.com\/qwien.zentrum\/"]},{"@type":"Person","@id":"https:\/\/www.qwien.at\/en\/#\/schema\/person\/d3fe9114b43d8e5a558a6d20ca3e2920","name":"Andreas Brunner"}]}},"_links":{"self":[{"href":"https:\/\/www.qwien.at\/en\/wp-json\/wp\/v2\/posts\/11015","targetHints":{"allow":["GET"]}}],"collection":[{"href":"https:\/\/www.qwien.at\/en\/wp-json\/wp\/v2\/posts"}],"about":[{"href":"https:\/\/www.qwien.at\/en\/wp-json\/wp\/v2\/types\/post"}],"author":[{"embeddable":true,"href":"https:\/\/www.qwien.at\/en\/wp-json\/wp\/v2\/users\/4"}],"replies":[{"embeddable":true,"href":"https:\/\/www.qwien.at\/en\/wp-json\/wp\/v2\/comments?post=11015"}],"version-history":[{"count":0,"href":"https:\/\/www.qwien.at\/en\/wp-json\/wp\/v2\/posts\/11015\/revisions"}],"wp:featuredmedia":[{"embeddable":true,"href":"https:\/\/www.qwien.at\/en\/wp-json\/wp\/v2\/media\/9666"}],"wp:attachment":[{"href":"https:\/\/www.qwien.at\/en\/wp-json\/wp\/v2\/media?parent=11015"}],"wp:term":[{"taxonomy":"category","embeddable":true,"href":"https:\/\/www.qwien.at\/en\/wp-json\/wp\/v2\/categories?post=11015"},{"taxonomy":"post_tag","embeddable":true,"href":"https:\/\/www.qwien.at\/en\/wp-json\/wp\/v2\/tags?post=11015"}],"curies":[{"name":"wp","href":"https:\/\/api.w.org\/{rel}","templated":true}]}}