{"id":11017,"date":"2025-07-15T21:37:14","date_gmt":"2025-07-15T19:37:14","guid":{"rendered":"https:\/\/www.qwien.at\/nicht-kategorisiert\/fundstueck-des-monats-juli-2021\/"},"modified":"2025-07-15T21:37:14","modified_gmt":"2025-07-15T19:37:14","slug":"fundstueck-des-monats-juli-2021","status":"publish","type":"post","link":"https:\/\/www.qwien.at\/en\/find-of-the-month\/fundstueck-des-monats-juli-2021\/","title":{"rendered":"Fundst\u00fcck des Monats (Juli 2021)"},"content":{"rendered":"<h2>Das Messbuch aus dem Nachlass von Raoul Aslan und Tonio Riedl.<\/h2>\n<p>Tiefe Gl\u00e4ubigkeit und offen gelebte Homosexualit\u00e4t waren f\u00fcr den Burgschauspieler Raoul Aslan kein Widerspruch. Nachdem der in Thessaloniki geborene Raoul Maria Aslan 1920 ans Wiener Burgtheater engagiert worden war, stieg er rasch zu einem der Publikumslieblinge des Hauses am Ring auf. Sein gutes Aussehen, seine markante Stimme und seine gro\u00dfe Wandlungsf\u00e4higkeit machten ihn auch in der NS-Zeit zu einer St\u00fctze des Hauses. Weil er seine Homosexualit\u00e4t gegen\u00fcber den nationalsozialistischen Machthabern nicht verbarg, wurde er auch immer wieder der \u201e\u00f6sterreichische Gustaf Gr\u00fcndgens\u201c genannt, den Klaus Mann in seinem Roman \u201eMephisto\u201c als r\u00fccksichtslosen Karrieristen darstellt. Im Gegensatz zu Gr\u00fcndgens hielt Aslan eine gewisse Distanz zu den NS-Machthabern und galt so in der Nachkriegszeit als nicht belastet. Er wurde sogar von den Alliierten zum ersten Burgtheaterdirektor der Nachkriegszeit ernannt. Als er 1958 starb, trauerte die Kulturnation, die gerade dabei war ihre Identit\u00e4t zu finden, um einen \u201egro\u00dfen Menschendarsteller\u201c.<\/p>\n<p>Seit 1932 f\u00fchrte er mit dem um 20 Jahre j\u00fcngeren Burgtheaterschauspieler Tonio Riedl eine Beziehung, die er selbst in der NS-Zeit nicht versteckte. Zeitlebens hatte der streng gl\u00e4ubige Aslan eine innige Beziehung zu Engeln, die sich nicht nur in einer umfangreichen Sammlung an Barockengeln zeigte, auch der Kosename f\u00fcr seinen Geliebten Tonio war \u201emein geliebtes Engerl\u201c. Dieses geliebte Engerl widmete 1938 seinem \u201einnigst geliebten Raoul\u201c ein Messbuch, das deutliche Spuren regelm\u00e4\u00dfigen Gebrauchs zeigt. Neben einer Reihe von Postkarten, Andachtsbildern oder Parten lag in diesem Messbuch auch ein r\u00fchrender Liebesbrief Tonios an Raoul bei, in dem Tonio inst\u00e4ndig dessen baldige Genesung herbeisehnte. 1953 widmete Aslan sein Gebetbuch in zittriger Handschrift an Tonio zur\u00fcck.\u00a0Tonio Riedl starb im Jahr 1995 und ist gemeinsam mit Raoul Aslan auf dem Grinzinger Friedhof in Wien begraben.<\/p>\n<p><img loading=\"lazy\" decoding=\"async\" src=\"https:\/\/www.qwien.at\/wp-content\/uploads\/2021\/07\/Aslan_03_Web-1024x767.jpg\" sizes=\"auto, (max-width: 1024px) 100vw, 1024px\" srcset=\"https:\/\/www.qwien.at\/wp-content\/uploads\/2021\/07\/Aslan_03_Web-1024x767.jpg 1024w, https:\/\/www.qwien.at\/wp-content\/uploads\/2021\/07\/Aslan_03_Web-300x225.jpg 300w, https:\/\/www.qwien.at\/wp-content\/uploads\/2021\/07\/Aslan_03_Web-768x575.jpg 768w, https:\/\/www.qwien.at\/wp-content\/uploads\/2021\/07\/Aslan_03_Web-1536x1150.jpg 1536w, https:\/\/www.qwien.at\/wp-content\/uploads\/2021\/07\/Aslan_03_Web-2048x1533.jpg 2048w, https:\/\/www.qwien.at\/wp-content\/uploads\/2021\/07\/Aslan_03_Web-16x12.jpg 16w\" alt=\"\" width=\"1024\" height=\"767\" \/><\/p>\n<figure><img loading=\"lazy\" decoding=\"async\" src=\"https:\/\/www.qwien.at\/wp-content\/uploads\/2021\/07\/Aslan_02-768x1024.jpg\" sizes=\"auto, (max-width: 768px) 100vw, 768px\" srcset=\"https:\/\/www.qwien.at\/wp-content\/uploads\/2021\/07\/Aslan_02-768x1024.jpg 768w, https:\/\/www.qwien.at\/wp-content\/uploads\/2021\/07\/Aslan_02-225x300.jpg 225w, https:\/\/www.qwien.at\/wp-content\/uploads\/2021\/07\/Aslan_02-1152x1536.jpg 1152w, https:\/\/www.qwien.at\/wp-content\/uploads\/2021\/07\/Aslan_02-1536x2048.jpg 1536w, https:\/\/www.qwien.at\/wp-content\/uploads\/2021\/07\/Aslan_02-9x12.jpg 9w, https:\/\/www.qwien.at\/wp-content\/uploads\/2021\/07\/Aslan_02-scaled.jpg 1920w\" alt=\"\" width=\"768\" height=\"1024\" \/><figcaption><\/figcaption><\/figure>\n","protected":false},"excerpt":{"rendered":"<p>Das Messbuch aus dem Nachlass von Raoul Aslan und Tonio Riedl. Tiefe Gl\u00e4ubigkeit und offen gelebte Homosexualit\u00e4t waren f\u00fcr den Burgschauspieler Raoul Aslan kein Widerspruch. Nachdem der in Thessaloniki geborene Raoul Maria Aslan 1920 ans Wiener Burgtheater engagiert worden war, stieg er rasch zu einem der Publikumslieblinge des Hauses am Ring auf. Sein gutes Aussehen, [&hellip;]<\/p>\n","protected":false},"author":4,"featured_media":9671,"comment_status":"closed","ping_status":"open","sticky":false,"template":"","format":"standard","meta":{"_acf_changed":false,"footnotes":""},"categories":[269,276],"tags":[],"class_list":["post-11017","post","type-post","status-publish","format-standard","has-post-thumbnail","hentry","category-find-of-the-month","category-webarchive","grve-entry-item","grve-blog-item"],"acf":[],"yoast_head":"<!-- This site is optimized with the Yoast SEO plugin v27.5 - https:\/\/yoast.com\/product\/yoast-seo-wordpress\/ -->\n<title>Fundst\u00fcck des Monats (Juli 2021) - Blog - Qwien - Zentrum f\u00fcr queere Geschichte<\/title>\n<meta name=\"robots\" content=\"index, follow, max-snippet:-1, max-image-preview:large, max-video-preview:-1\" \/>\n<link rel=\"canonical\" href=\"https:\/\/www.qwien.at\/en\/find-of-the-month\/fundstueck-des-monats-juli-2021\/\" \/>\n<meta property=\"og:locale\" content=\"en_US\" \/>\n<meta property=\"og:type\" content=\"article\" \/>\n<meta property=\"og:title\" content=\"Fundst\u00fcck des Monats (Juli 2021) - Blog - Qwien - Zentrum f\u00fcr queere Geschichte\" \/>\n<meta property=\"og:description\" content=\"Das Messbuch aus dem Nachlass von Raoul Aslan und Tonio Riedl. Tiefe Gl\u00e4ubigkeit und offen gelebte Homosexualit\u00e4t waren f\u00fcr den Burgschauspieler Raoul Aslan kein Widerspruch. Nachdem der in Thessaloniki geborene Raoul Maria Aslan 1920 ans Wiener Burgtheater engagiert worden war, stieg er rasch zu einem der Publikumslieblinge des Hauses am Ring auf. Sein gutes Aussehen, [&hellip;]\" \/>\n<meta property=\"og:url\" content=\"https:\/\/www.qwien.at\/en\/find-of-the-month\/fundstueck-des-monats-juli-2021\/\" \/>\n<meta property=\"og:site_name\" content=\"Qwien - Zentrum f\u00fcr queere Geschichte\" \/>\n<meta property=\"article:published_time\" content=\"2025-07-15T19:37:14+00:00\" \/>\n<meta property=\"og:image\" content=\"https:\/\/www.qwien.at\/wp-content\/uploads\/2021\/07\/Aslan_03_Web-1024x767.jpg\" \/>\n<meta name=\"author\" content=\"Andreas Brunner\" \/>\n<meta name=\"twitter:card\" content=\"summary_large_image\" \/>\n<meta name=\"twitter:label1\" content=\"Written by\" \/>\n\t<meta name=\"twitter:data1\" content=\"Andreas Brunner\" \/>\n\t<meta name=\"twitter:label2\" content=\"Est. reading time\" \/>\n\t<meta name=\"twitter:data2\" content=\"2 minutes\" \/>\n<script type=\"application\/ld+json\" class=\"yoast-schema-graph\">{\"@context\":\"https:\\\/\\\/schema.org\",\"@graph\":[{\"@type\":[\"Article\",\"BlogPosting\"],\"@id\":\"https:\\\/\\\/www.qwien.at\\\/en\\\/find-of-the-month\\\/fundstueck-des-monats-juli-2021\\\/#article\",\"isPartOf\":{\"@id\":\"https:\\\/\\\/www.qwien.at\\\/en\\\/find-of-the-month\\\/fundstueck-des-monats-juli-2021\\\/\"},\"author\":{\"name\":\"Andreas Brunner\",\"@id\":\"https:\\\/\\\/www.qwien.at\\\/en\\\/#\\\/schema\\\/person\\\/d3fe9114b43d8e5a558a6d20ca3e2920\"},\"headline\":\"Fundst\u00fcck des Monats (Juli 2021)\",\"datePublished\":\"2025-07-15T19:37:14+00:00\",\"mainEntityOfPage\":{\"@id\":\"https:\\\/\\\/www.qwien.at\\\/en\\\/find-of-the-month\\\/fundstueck-des-monats-juli-2021\\\/\"},\"wordCount\":306,\"publisher\":{\"@id\":\"https:\\\/\\\/www.qwien.at\\\/en\\\/#organization\"},\"image\":{\"@id\":\"https:\\\/\\\/www.qwien.at\\\/en\\\/find-of-the-month\\\/fundstueck-des-monats-juli-2021\\\/#primaryimage\"},\"thumbnailUrl\":\"https:\\\/\\\/www.qwien.at\\\/wp-content\\\/uploads\\\/2021\\\/07\\\/Aslan_01_Web-scaled.jpg\",\"articleSection\":[\"Find of the month\",\"Webarchiv\"],\"inLanguage\":\"en-US\"},{\"@type\":\"WebPage\",\"@id\":\"https:\\\/\\\/www.qwien.at\\\/en\\\/find-of-the-month\\\/fundstueck-des-monats-juli-2021\\\/\",\"url\":\"https:\\\/\\\/www.qwien.at\\\/en\\\/find-of-the-month\\\/fundstueck-des-monats-juli-2021\\\/\",\"name\":\"Fundst\u00fcck des Monats (Juli 2021) - Blog - Qwien - Zentrum f\u00fcr queere Geschichte\",\"isPartOf\":{\"@id\":\"https:\\\/\\\/www.qwien.at\\\/en\\\/#website\"},\"primaryImageOfPage\":{\"@id\":\"https:\\\/\\\/www.qwien.at\\\/en\\\/find-of-the-month\\\/fundstueck-des-monats-juli-2021\\\/#primaryimage\"},\"image\":{\"@id\":\"https:\\\/\\\/www.qwien.at\\\/en\\\/find-of-the-month\\\/fundstueck-des-monats-juli-2021\\\/#primaryimage\"},\"thumbnailUrl\":\"https:\\\/\\\/www.qwien.at\\\/wp-content\\\/uploads\\\/2021\\\/07\\\/Aslan_01_Web-scaled.jpg\",\"datePublished\":\"2025-07-15T19:37:14+00:00\",\"breadcrumb\":{\"@id\":\"https:\\\/\\\/www.qwien.at\\\/en\\\/find-of-the-month\\\/fundstueck-des-monats-juli-2021\\\/#breadcrumb\"},\"inLanguage\":\"en-US\",\"potentialAction\":[{\"@type\":\"ReadAction\",\"target\":[\"https:\\\/\\\/www.qwien.at\\\/en\\\/find-of-the-month\\\/fundstueck-des-monats-juli-2021\\\/\"]}]},{\"@type\":\"ImageObject\",\"inLanguage\":\"en-US\",\"@id\":\"https:\\\/\\\/www.qwien.at\\\/en\\\/find-of-the-month\\\/fundstueck-des-monats-juli-2021\\\/#primaryimage\",\"url\":\"https:\\\/\\\/www.qwien.at\\\/wp-content\\\/uploads\\\/2021\\\/07\\\/Aslan_01_Web-scaled.jpg\",\"contentUrl\":\"https:\\\/\\\/www.qwien.at\\\/wp-content\\\/uploads\\\/2021\\\/07\\\/Aslan_01_Web-scaled.jpg\",\"width\":2560,\"height\":2209},{\"@type\":\"BreadcrumbList\",\"@id\":\"https:\\\/\\\/www.qwien.at\\\/en\\\/find-of-the-month\\\/fundstueck-des-monats-juli-2021\\\/#breadcrumb\",\"itemListElement\":[{\"@type\":\"ListItem\",\"position\":1,\"name\":\"Startseite\",\"item\":\"https:\\\/\\\/www.qwien.at\\\/en\\\/\"},{\"@type\":\"ListItem\",\"position\":2,\"name\":\"Fundst\u00fcck des Monats (Juli 2021)\"}]},{\"@type\":\"WebSite\",\"@id\":\"https:\\\/\\\/www.qwien.at\\\/en\\\/#website\",\"url\":\"https:\\\/\\\/www.qwien.at\\\/en\\\/\",\"name\":\"Qwien - Zentrum f\u00fcr queere Geschichte\",\"description\":\"\",\"publisher\":{\"@id\":\"https:\\\/\\\/www.qwien.at\\\/en\\\/#organization\"},\"potentialAction\":[{\"@type\":\"SearchAction\",\"target\":{\"@type\":\"EntryPoint\",\"urlTemplate\":\"https:\\\/\\\/www.qwien.at\\\/en\\\/?s={search_term_string}\"},\"query-input\":{\"@type\":\"PropertyValueSpecification\",\"valueRequired\":true,\"valueName\":\"search_term_string\"}}],\"inLanguage\":\"en-US\"},{\"@type\":\"Organization\",\"@id\":\"https:\\\/\\\/www.qwien.at\\\/en\\\/#organization\",\"name\":\"Qwien\",\"url\":\"https:\\\/\\\/www.qwien.at\\\/en\\\/\",\"logo\":{\"@type\":\"ImageObject\",\"inLanguage\":\"en-US\",\"@id\":\"https:\\\/\\\/www.qwien.at\\\/en\\\/#\\\/schema\\\/logo\\\/image\\\/\",\"url\":\"https:\\\/\\\/www.qwien.at\\\/wp-content\\\/uploads\\\/2025\\\/06\\\/seo-yoast-2.png\",\"contentUrl\":\"https:\\\/\\\/www.qwien.at\\\/wp-content\\\/uploads\\\/2025\\\/06\\\/seo-yoast-2.png\",\"width\":697,\"height\":697,\"caption\":\"Qwien\"},\"image\":{\"@id\":\"https:\\\/\\\/www.qwien.at\\\/en\\\/#\\\/schema\\\/logo\\\/image\\\/\"},\"sameAs\":[\"https:\\\/\\\/www.instagram.com\\\/qwien.zentrum\\\/\"]},{\"@type\":\"Person\",\"@id\":\"https:\\\/\\\/www.qwien.at\\\/en\\\/#\\\/schema\\\/person\\\/d3fe9114b43d8e5a558a6d20ca3e2920\",\"name\":\"Andreas Brunner\"}]}<\/script>\n<!-- \/ Yoast SEO plugin. -->","yoast_head_json":{"title":"Fundst\u00fcck des Monats (Juli 2021) - Blog - Qwien - Zentrum f\u00fcr queere Geschichte","robots":{"index":"index","follow":"follow","max-snippet":"max-snippet:-1","max-image-preview":"max-image-preview:large","max-video-preview":"max-video-preview:-1"},"canonical":"https:\/\/www.qwien.at\/en\/find-of-the-month\/fundstueck-des-monats-juli-2021\/","og_locale":"en_US","og_type":"article","og_title":"Fundst\u00fcck des Monats (Juli 2021) - Blog - Qwien - Zentrum f\u00fcr queere Geschichte","og_description":"Das Messbuch aus dem Nachlass von Raoul Aslan und Tonio Riedl. Tiefe Gl\u00e4ubigkeit und offen gelebte Homosexualit\u00e4t waren f\u00fcr den Burgschauspieler Raoul Aslan kein Widerspruch. Nachdem der in Thessaloniki geborene Raoul Maria Aslan 1920 ans Wiener Burgtheater engagiert worden war, stieg er rasch zu einem der Publikumslieblinge des Hauses am Ring auf. Sein gutes Aussehen, [&hellip;]","og_url":"https:\/\/www.qwien.at\/en\/find-of-the-month\/fundstueck-des-monats-juli-2021\/","og_site_name":"Qwien - Zentrum f\u00fcr queere Geschichte","article_published_time":"2025-07-15T19:37:14+00:00","og_image":[{"url":"https:\/\/www.qwien.at\/wp-content\/uploads\/2021\/07\/Aslan_03_Web-1024x767.jpg","type":"","width":"","height":""}],"author":"Andreas Brunner","twitter_card":"summary_large_image","twitter_misc":{"Written by":"Andreas Brunner","Est. reading time":"2 minutes"},"schema":{"@context":"https:\/\/schema.org","@graph":[{"@type":["Article","BlogPosting"],"@id":"https:\/\/www.qwien.at\/en\/find-of-the-month\/fundstueck-des-monats-juli-2021\/#article","isPartOf":{"@id":"https:\/\/www.qwien.at\/en\/find-of-the-month\/fundstueck-des-monats-juli-2021\/"},"author":{"name":"Andreas Brunner","@id":"https:\/\/www.qwien.at\/en\/#\/schema\/person\/d3fe9114b43d8e5a558a6d20ca3e2920"},"headline":"Fundst\u00fcck des Monats (Juli 2021)","datePublished":"2025-07-15T19:37:14+00:00","mainEntityOfPage":{"@id":"https:\/\/www.qwien.at\/en\/find-of-the-month\/fundstueck-des-monats-juli-2021\/"},"wordCount":306,"publisher":{"@id":"https:\/\/www.qwien.at\/en\/#organization"},"image":{"@id":"https:\/\/www.qwien.at\/en\/find-of-the-month\/fundstueck-des-monats-juli-2021\/#primaryimage"},"thumbnailUrl":"https:\/\/www.qwien.at\/wp-content\/uploads\/2021\/07\/Aslan_01_Web-scaled.jpg","articleSection":["Find of the month","Webarchiv"],"inLanguage":"en-US"},{"@type":"WebPage","@id":"https:\/\/www.qwien.at\/en\/find-of-the-month\/fundstueck-des-monats-juli-2021\/","url":"https:\/\/www.qwien.at\/en\/find-of-the-month\/fundstueck-des-monats-juli-2021\/","name":"Fundst\u00fcck des Monats (Juli 2021) - Blog - Qwien - Zentrum f\u00fcr queere Geschichte","isPartOf":{"@id":"https:\/\/www.qwien.at\/en\/#website"},"primaryImageOfPage":{"@id":"https:\/\/www.qwien.at\/en\/find-of-the-month\/fundstueck-des-monats-juli-2021\/#primaryimage"},"image":{"@id":"https:\/\/www.qwien.at\/en\/find-of-the-month\/fundstueck-des-monats-juli-2021\/#primaryimage"},"thumbnailUrl":"https:\/\/www.qwien.at\/wp-content\/uploads\/2021\/07\/Aslan_01_Web-scaled.jpg","datePublished":"2025-07-15T19:37:14+00:00","breadcrumb":{"@id":"https:\/\/www.qwien.at\/en\/find-of-the-month\/fundstueck-des-monats-juli-2021\/#breadcrumb"},"inLanguage":"en-US","potentialAction":[{"@type":"ReadAction","target":["https:\/\/www.qwien.at\/en\/find-of-the-month\/fundstueck-des-monats-juli-2021\/"]}]},{"@type":"ImageObject","inLanguage":"en-US","@id":"https:\/\/www.qwien.at\/en\/find-of-the-month\/fundstueck-des-monats-juli-2021\/#primaryimage","url":"https:\/\/www.qwien.at\/wp-content\/uploads\/2021\/07\/Aslan_01_Web-scaled.jpg","contentUrl":"https:\/\/www.qwien.at\/wp-content\/uploads\/2021\/07\/Aslan_01_Web-scaled.jpg","width":2560,"height":2209},{"@type":"BreadcrumbList","@id":"https:\/\/www.qwien.at\/en\/find-of-the-month\/fundstueck-des-monats-juli-2021\/#breadcrumb","itemListElement":[{"@type":"ListItem","position":1,"name":"Startseite","item":"https:\/\/www.qwien.at\/en\/"},{"@type":"ListItem","position":2,"name":"Fundst\u00fcck des Monats (Juli 2021)"}]},{"@type":"WebSite","@id":"https:\/\/www.qwien.at\/en\/#website","url":"https:\/\/www.qwien.at\/en\/","name":"Qwien - Zentrum f\u00fcr queere Geschichte","description":"","publisher":{"@id":"https:\/\/www.qwien.at\/en\/#organization"},"potentialAction":[{"@type":"SearchAction","target":{"@type":"EntryPoint","urlTemplate":"https:\/\/www.qwien.at\/en\/?s={search_term_string}"},"query-input":{"@type":"PropertyValueSpecification","valueRequired":true,"valueName":"search_term_string"}}],"inLanguage":"en-US"},{"@type":"Organization","@id":"https:\/\/www.qwien.at\/en\/#organization","name":"Qwien","url":"https:\/\/www.qwien.at\/en\/","logo":{"@type":"ImageObject","inLanguage":"en-US","@id":"https:\/\/www.qwien.at\/en\/#\/schema\/logo\/image\/","url":"https:\/\/www.qwien.at\/wp-content\/uploads\/2025\/06\/seo-yoast-2.png","contentUrl":"https:\/\/www.qwien.at\/wp-content\/uploads\/2025\/06\/seo-yoast-2.png","width":697,"height":697,"caption":"Qwien"},"image":{"@id":"https:\/\/www.qwien.at\/en\/#\/schema\/logo\/image\/"},"sameAs":["https:\/\/www.instagram.com\/qwien.zentrum\/"]},{"@type":"Person","@id":"https:\/\/www.qwien.at\/en\/#\/schema\/person\/d3fe9114b43d8e5a558a6d20ca3e2920","name":"Andreas Brunner"}]}},"_links":{"self":[{"href":"https:\/\/www.qwien.at\/en\/wp-json\/wp\/v2\/posts\/11017","targetHints":{"allow":["GET"]}}],"collection":[{"href":"https:\/\/www.qwien.at\/en\/wp-json\/wp\/v2\/posts"}],"about":[{"href":"https:\/\/www.qwien.at\/en\/wp-json\/wp\/v2\/types\/post"}],"author":[{"embeddable":true,"href":"https:\/\/www.qwien.at\/en\/wp-json\/wp\/v2\/users\/4"}],"replies":[{"embeddable":true,"href":"https:\/\/www.qwien.at\/en\/wp-json\/wp\/v2\/comments?post=11017"}],"version-history":[{"count":0,"href":"https:\/\/www.qwien.at\/en\/wp-json\/wp\/v2\/posts\/11017\/revisions"}],"wp:featuredmedia":[{"embeddable":true,"href":"https:\/\/www.qwien.at\/en\/wp-json\/wp\/v2\/media\/9671"}],"wp:attachment":[{"href":"https:\/\/www.qwien.at\/en\/wp-json\/wp\/v2\/media?parent=11017"}],"wp:term":[{"taxonomy":"category","embeddable":true,"href":"https:\/\/www.qwien.at\/en\/wp-json\/wp\/v2\/categories?post=11017"},{"taxonomy":"post_tag","embeddable":true,"href":"https:\/\/www.qwien.at\/en\/wp-json\/wp\/v2\/tags?post=11017"}],"curies":[{"name":"wp","href":"https:\/\/api.w.org\/{rel}","templated":true}]}}