{"id":11021,"date":"2025-07-15T21:37:13","date_gmt":"2025-07-15T19:37:13","guid":{"rendered":"https:\/\/www.qwien.at\/nicht-kategorisiert\/festakt-10-jahre-qwien\/"},"modified":"2025-07-15T21:37:13","modified_gmt":"2025-07-15T19:37:13","slug":"festakt-10-jahre-qwien","status":"publish","type":"post","link":"https:\/\/www.qwien.at\/en\/qwien\/festakt-10-jahre-qwien\/","title":{"rendered":"Festakt Zehn Jahre QWIEN (2009-2019)"},"content":{"rendered":"<p>&nbsp;<\/p>\n<p><img loading=\"lazy\" decoding=\"async\" class=\"wp-image-4684 size-full aligncenter\" src=\"http:\/\/qwien.at\/wp-content\/uploads\/2019\/05\/2013_Parade.jpg\" alt=\"\" width=\"900\" height=\"600\" srcset=\"https:\/\/www.qwien.at\/wp-content\/uploads\/2019\/05\/2013_Parade.jpg 900w, https:\/\/www.qwien.at\/wp-content\/uploads\/2019\/05\/2013_Parade-300x200.jpg 300w, https:\/\/www.qwien.at\/wp-content\/uploads\/2019\/05\/2013_Parade-768x512.jpg 768w\" sizes=\"auto, (max-width: 900px) 100vw, 900px\" \/><\/p>\n<p>Der <strong>Queer History Day (QHD) 2019<\/strong> steht einerseits im Fokus von Europride und 50 Jahre Stonewall, andererseits feiern wir den 10. Geburtstag von QWIEN \u2013 Zentrum f\u00fcr queere Geschichte.<\/p>\n<p>Kulturstadtr\u00e4tin Mag.a Veronica Kaup-Hasler und Gemeinder\u00e4tin Martina Hanke, BA (in Vertretung von Stadtrat Mag. J\u00fcrgen Czernohorszky) werden den Festakt er\u00f6ffnen, o. Univ.-Prof Dr. Wolfgang Schmale wird den Festvortrag halten.<\/p>\n<p>Die Vortr\u00e4ge zum QHD finden am <strong>31. Mai von 12.00 bis 16.00 Uhr<\/strong> in Zusammenarbeit mit dem Institut f\u00fcr Geschichte der Universit\u00e4t Wien in der <strong>Sky Lounge der Universit\u00e4t Wien am Oskar-Morgenstern-Platz 1,<\/strong> 1090 Wien statt. Bei pr\u00e4chtigem Ausblick aus dem 11. Stock ist der QHD f\u00fcr alle Interessierten bei freiem Eintritt zug\u00e4nglich.<\/p>\n<p><strong>Moderation: Johanna Taufner<\/strong>, M.A., MSc<\/p>\n<p><img loading=\"lazy\" decoding=\"async\" class=\"wp-image-4687 size-medium aligncenter\" src=\"http:\/\/qwien.at\/wp-content\/uploads\/2019\/05\/logo_png-300x132.png\" alt=\"Logo QWIEN\" width=\"300\" height=\"132\" \/><\/p>\n<p><strong>Programm:<\/strong><\/p>\n<p>12.00 Uhr: Einlass<\/p>\n<p>12.15-12.30 Uhr: Begr\u00fc\u00dfung durch Stadtr\u00e4tin Mag.a <strong>Veronica Kaup-Hasler<\/strong> (MA 7) und Gemeinder\u00e4tin <strong>Martina Hanke<\/strong>, BA, in Vertretung von SR Mag. J\u00fcrgen Czernohorszky (MA 13)<\/p>\n<div id=\"attachment_4691\" style=\"width: 310px\" class=\"wp-caption alignright\"><img loading=\"lazy\" decoding=\"async\" aria-describedby=\"caption-attachment-4691\" class=\"wp-image-4691 size-full\" src=\"http:\/\/qwien.at\/wp-content\/uploads\/2019\/05\/Wolfgang-Schmale-e1557222212398.png\" alt=\"o. Univ.-Prof. Dr. Wolfgang Schmale, Foto: Thomas Seifert, WZ\" width=\"300\" height=\"300\" srcset=\"https:\/\/www.qwien.at\/wp-content\/uploads\/2019\/05\/Wolfgang-Schmale-e1557222212398.png 300w, https:\/\/www.qwien.at\/wp-content\/uploads\/2019\/05\/Wolfgang-Schmale-e1557222212398-150x150.png 150w, https:\/\/www.qwien.at\/wp-content\/uploads\/2019\/05\/Wolfgang-Schmale-e1557222212398-100x100.png 100w\" sizes=\"auto, (max-width: 300px) 100vw, 300px\" \/><p id=\"caption-attachment-4691\" class=\"wp-caption-text\">o. Univ.-Prof. Dr. Wolfgang Schmale, Foto: Thomas Seifert, WZ<\/p><\/div>\n<p>12.30-13.00 Uhr: <strong>Festvortrag zum 10-j\u00e4hrigen Bestehen von QWIEN<\/strong> von o. Univ.-Prof. Dr. <strong>Wolfgang Schmale<\/strong> (Institut f\u00fcr Geschichte der Universit\u00e4t Wien): <strong>Die Entwicklung der Menschenrechte in Bezug auf die sexuelle Orientierung<\/strong>. Ab wann spielte die sexuelle Orientierung von Menschen im Zusammenhang von Menschenrechten eine Rolle? Bei der Suche nach einer Antwort ist dabei zu unterscheiden zwischen gesellschaftlichen Debatten und Anspr\u00fcchen, einerseits, und gerichtsfesten Normierungen, andererseits, wie sie in Verfassungen, Gesetzen mit Verfassungsrang und verbindlichen Rechteerkl\u00e4rungen aufzufinden sind. Gesetzliche Normierungen sollten idealerweise den Stand gesellschaftlicher Debatten und Entwicklungen widerspiegeln, sie tun es aber h\u00e4ufig nicht, aufgrund ideologischer Konflikte oder widerstreitender politisch-sozialer Interessen. Menschen- und Grundrechte sind davon nicht ausgenommen. Im Vortrag soll ausgehend von dieser Grundfrage die Entwicklung der Menschenrechte in Bezug auf die sexuelle Orientierung in den Blick genommen werden, wobei am Anfang eine kurze \u201eR\u00fcckbesinnung\u201c auf 1789 steht. Genauer untersucht wird EU-Recht, das freilich im Zusammenhang globaler Entwicklungen steht.<\/p>\n<p>Zum Nachlesen gibt es d<span style=\"display: inline !important; float: none; background-color: transparent; color: #333333; font-family: Georgia,'Times New Roman','Bitstream Charter',Times,serif; font-size: 16px; font-style: normal; font-variant: normal; font-weight: 400; letter-spacing: normal; line-height: 24px; orphans: 2; text-align: left; text-decoration: none; text-indent: 0px; text-transform: none; -webkit-text-stroke-width: 0px; white-space: normal; word-spacing: 0px; word-wrap: break-word;\">en Festvortrag<\/span> auf dem <a href=\"https:\/\/wolfgangschmale.eu\/menschenrechte-und-sexuelle-orientierung\/\">Menschenrechts-Blog<\/a> von Wolfgang Schmale.<\/p>\n<p><span style=\"display: inline !important; float: none; background-color: transparent; color: #333333; cursor: text; font-family: Georgia,'Times New Roman','Bitstream Charter',Times,serif; font-size: 16px; font-style: normal; font-variant: normal; font-weight: 400; letter-spacing: normal; orphans: 2; text-align: left; text-decoration: none; text-indent: 0px; text-transform: none; -webkit-text-stroke-width: 0px; white-space: normal; word-spacing: 0px;\">Im Anschluss bitten wir zu einem <\/span><strong>Umtrunk<\/strong><span style=\"display: inline !important; float: none; background-color: transparent; color: #333333; cursor: text; font-family: Georgia,'Times New Roman','Bitstream Charter',Times,serif; font-size: 16px; font-style: normal; font-variant: normal; font-weight: 400; letter-spacing: normal; orphans: 2; text-align: left; text-decoration: none; text-indent: 0px; text-transform: none; -webkit-text-stroke-width: 0px; white-space: normal; word-spacing: 0px;\">.<\/span><\/p>\n<p><img loading=\"lazy\" decoding=\"async\" class=\" wp-image-4689 alignleft\" src=\"http:\/\/qwien.at\/wp-content\/uploads\/2019\/05\/OeZG-680x1024-199x300.jpg\" alt=\"\" width=\"199\" height=\"300\" srcset=\"https:\/\/www.qwien.at\/wp-content\/uploads\/2019\/05\/OeZG-680x1024-199x300.jpg 199w, https:\/\/www.qwien.at\/wp-content\/uploads\/2019\/05\/OeZG-680x1024.jpg 300w\" sizes=\"auto, (max-width: 199px) 100vw, 199px\" \/>13.15-14.00 Uhr: Mag.a. <strong>Elisa Heinrich<\/strong> und Mag. <strong>Johann Kirchknopf<\/strong> (Institut f\u00fcr Geschichte der Universit\u00e4t Wien): <strong>Homosexualit\u00e4ten revisited<\/strong>. Pr\u00e4sentation des aktuellen Bandes der OeZG \u2013 \u00d6sterreichische Zeitschrift f\u00fcr Geschichtswissenschaften. Seit beinahe drei\u00dfig Jahren z\u00e4hlt die \u00d6sterreichische Zeitschrift f\u00fcr Geschichtswissenschaften (OeZG) zu den renommierten Fachzeitschriften f\u00fcr Historiker*innen. 1998 erschien erstmals ein Schwerpunktheft zum Thema \u201eHomosexualit\u00e4ten\u201c (Jahrgang 9, Heft 3, 1998). Nicht nur die gesellschaftlichen Rahmenbedingungen, sondern auch die historische Homosexualit\u00e4tenforschung haben sich seither stark gewandelt. Vor diesem Hintergrund entstand unter dem Titel \u201eHomosexualit\u00e4ten revisited\u201c erneut ein Schwerpunktheft der OeZG, das diese vielf\u00e4ltigen Ver\u00e4nderungen aufgreift und Einblick in aktuelle Forschungen gibt. In unserer Pr\u00e4sentation wollen wir die ver\u00e4nderte Forschungslandschaft und ihre Rahmenbedingungen im Spiegel der beiden Hefte thematisieren.<\/p>\n<p>14.00-14.45 Uhr: Dr. Peter F. N. <strong>H\u00f6rz<\/strong> (Kulturanthropologe, Universit\u00e4ten Esslingen und Graz): <strong>Frivole Proteste. Christopher Street Day und Gay Pride-Events zwischen Party und Politik<\/strong>. Mit einigem Recht l\u00e4sst sich die Geschichte der Gay Pride-Festivals \u2013 im Deutschen ist meist vom Christopher Street Day (CSD) die Rede \u2013 als die Geschichte eines Erfolges erz\u00e4hlen, der seinesgleichen sucht. Denn unter Bezugnahme auf die Stonewall Riots von 1969 begehen heute vielerorts auf der Welt Millionen Menschen einen Tag, an dem die LGBTQ*-\u201eCommunity\u201c \u00f6ffentliche R\u00e4ume in Besitz nimmt und sich sichtbar macht. Fokussiert man den deutschsprachigen Raum, so kann konstatiert werden, dass das, was Ende der 1970er Jahre mit bescheidenen Umz\u00fcgen und Feiern begonnen hatte, in j\u00fcngerer Vergangenheit einen Prozess der \u201eEventisierung\u201c und ein \u00fcberaus dynamisches Wachstum erlebte. Sieht man genauer hin, so wird deutlich, dass die Veranstaltungen nie unumstritten waren: Kritisiert wurden und werden schrille und \u201eobsz\u00f6ne\u201c Auftritte, die den politischen Charakter der Veranstaltung st\u00f6rten und falsche Bilder der LGBTQ*-Bev\u00f6lkerung zu produzieren h\u00e4lfen. Bem\u00e4ngelt wurde und wird eine fortschreitende Entpolitisierung und \u201eVerspassung\u201c der Veranstaltungen. Kritisiert wurde und wird \u2013 besonders seit Judith Butlers spektakul\u00e4rem Auftritt auf dem Berliner CSD von 2010 \u2013 die Exklusion von Minderheiten und ein Verlust solidarisch-politischen Bewusstseins der Demonstrierenden, die heute haupts\u00e4chlich k\u00e4men um (sich selbst) zu feiern. Aufbauend auf beobachtender Teilnahme und auf Gespr\u00e4chen mit Teilnehmenden und Kritiker*innen von Prides\/CSDs in\/aus \u00d6sterreich und Deutschland und auf der Auswertung der Ergebnisse von dieser Thematik gewidmeten Lehrveranstaltungen aus den Jahren 2014\u20132019 verhandelt der Vortrag die Frage nach der politischen Dimension von Gay Pride-Festivals aus kulturanthropologischer Perspektive.<\/p>\n<div id=\"attachment_4690\" style=\"width: 281px\" class=\"wp-caption alignright\"><img loading=\"lazy\" decoding=\"async\" aria-describedby=\"caption-attachment-4690\" class=\"size-medium wp-image-4690\" src=\"http:\/\/qwien.at\/wp-content\/uploads\/2019\/05\/Liga-1952-926x1024-271x300.jpg\" alt=\"Leserbrief an die \u00d6sterreichische Liga f\u00fcr Menschenrechte, mit Bearbeitungsvermerken zur Ver\u00f6ffentlichung in der Zeitschrift Das Menschenrecht, Archiv der \u00d6LfM\" width=\"271\" height=\"300\" \/><p id=\"caption-attachment-4690\" class=\"wp-caption-text\">Leserbrief an die \u00d6sterreichische Liga f\u00fcr Menschenrechte, mit Bearbeitungsvermerken zur Ver\u00f6ffentlichung in der Zeitschrift Das Menschenrecht, Archiv der \u00d6LfM<\/p><\/div>\n<p>15.00-15.15 Uhr: <strong>Kurzpr\u00e4sentation I<\/strong> \u2013 Mag. Thomas <strong>Tretzm\u00fcller<\/strong> \u2013 (Projektmitarbeiter, Zentrum QWIEN und \u00d6sterreichische Liga f\u00fcr Menschenrechte): <strong>Das Archiv der \u00d6sterreichischen Liga f\u00fcr Menschenrechte als Quelle f\u00fcr die politische Geschichte und die Geschichte der Zivilgesellschaft in der 2. Republik<\/strong>. Ab Herbst 2019 wird das im Zentrum QWIEN als Dauerleihgabe aufbewahrte Archiv der \u00d6sterreichischen Liga f\u00fcr Menschenrechte f\u00fcr die Forschung zug\u00e4nglich sein. Alleine das von Erich K\u00f6rner, dem Generalsekret\u00e4r der Liga von 1964 bis 1984, akribisch organisierte Material aus der Zeit von 1945 bis 1984 umfasst mehr als 150 Kartons. Ein kurzer Bericht zur momentan stattfindenden Inventarisierung pr\u00e4sentiert die inhaltlichen Schwerpunkte des Bestandes, die Recherchem\u00f6glichkeiten in der Archivdatenbank und gibt Hinweise auf zentrale T\u00e4tigkeitsbereiche, Personenkreise, nationale wie internationale Kontakte und Kooperationen, die das Archiv f\u00fcr verschiedene Fragestellungen interessant machen. Durch das fr\u00fche Eintreten der Liga f\u00fcr die Entkriminalisierung und Enttabuisierung von Homosexualit\u00e4t ist ihr Archiv auch eine wichtige Quelle zur Geschichte der Schwulen und Lesben in \u00d6sterreich. Leserbrief an die \u00d6sterreichische Liga f\u00fcr Menschenrechte, mit Bearbeitungsvermerken zur Ver\u00f6ffentlichung in der Zeitschrift Das Menschenrecht, Archiv der \u00d6LfM<\/p>\n<p>15.15-15.30 Uhr: <strong>Kurzpr\u00e4sentation II<\/strong> \u2013 Mag. Andreas <strong>Brunner<\/strong> und Mag. Hannes<strong> Sulzenbacher<\/strong> \u2013 (Leitung Zentrum QWIEN): <strong>Zehn Jahre QWIEN. Projekte und Ausblick<\/strong>. Zum 10. Jahrestag seiner Gr\u00fcndung setzt QWIEN mit seiner Umbenennung ein Zeichen \u2013 aus dem \u201eZentrum f\u00fcr schwul\/lesbische Kultur und Geschichte\u201c wurde zu Jahresbeginn das \u201eZentrum f\u00fcr queere Geschichte\u201c. Der neue Untertitel bedeutet dabei einerseits eine Erweiterung, andererseits aber auch eine Einengung des T\u00e4tigkeitsprofils von QWIEN. Zum 10. Jahrestag erfolgte die Umbenennung von QWIEN in Zentrum f\u00fcr queere Geschichte Verstand sich QWIEN in den Gr\u00fcndungsjahren auch als Kulturveranstalter*in, die von Lesungen, Vortr\u00e4gen, Diskussionsveranstaltungen bis zu Filmpr\u00e4sentationen ein breites Kulturprogramm zu pr\u00e4sentieren versuchte, erfolgte in den letzten Jahren eine zunehmende Konzentration auf Kernaufgaben, denen sich QWIEN heute widmet.<\/p>\n<p style=\"text-align: left;\">Gef\u00f6rdert von:<\/p>\n<p><a href=\"https:\/\/www.facebook.com\/wiener.antidiskriminierungsstelle\/\"><img loading=\"lazy\" decoding=\"async\" class=\"wp-image-4688 size-medium alignleft\" src=\"http:\/\/qwien.at\/wp-content\/uploads\/2019\/05\/WASt-Logo-300x72.jpg\" alt=\"Logo WASt\" width=\"300\" height=\"72\" \/><\/a><\/p>\n<p>&nbsp;<\/p>\n<p>&nbsp;<\/p>\n<p>&nbsp;<\/p>\n<p>F\u00fcr das leibliche Wohl sorgt:<\/p>\n<p><a href=\"http:\/\/fab.wine\/wp\/\"><img loading=\"lazy\" decoding=\"async\" class=\"alignnone size-medium wp-image-4798\" src=\"https:\/\/www.qwien.at\/wp-content\/uploads\/2019\/05\/HAUPTLOGO_ROSA_HAUPT_SCHWARZ-300x282.png\" alt=\"\" width=\"300\" height=\"282\" srcset=\"https:\/\/www.qwien.at\/wp-content\/uploads\/2019\/05\/HAUPTLOGO_ROSA_HAUPT_SCHWARZ-300x282.png 300w, https:\/\/www.qwien.at\/wp-content\/uploads\/2019\/05\/HAUPTLOGO_ROSA_HAUPT_SCHWARZ-768x722.png 768w, https:\/\/www.qwien.at\/wp-content\/uploads\/2019\/05\/HAUPTLOGO_ROSA_HAUPT_SCHWARZ.png 1002w\" sizes=\"auto, (max-width: 300px) 100vw, 300px\" \/><\/a><\/p>\n<p>&nbsp;<\/p>\n","protected":false},"excerpt":{"rendered":"<p>&nbsp; Der Queer History Day (QHD) 2019 steht einerseits im Fokus von Europride und 50 Jahre Stonewall, andererseits feiern wir den 10. Geburtstag von QWIEN \u2013 Zentrum f\u00fcr queere Geschichte. Kulturstadtr\u00e4tin Mag.a Veronica Kaup-Hasler und Gemeinder\u00e4tin Martina Hanke, BA (in Vertretung von Stadtrat Mag. J\u00fcrgen Czernohorszky) werden den Festakt er\u00f6ffnen, o. Univ.-Prof Dr. Wolfgang Schmale [&hellip;]<\/p>\n","protected":false},"author":4,"featured_media":0,"comment_status":"closed","ping_status":"open","sticky":false,"template":"","format":"standard","meta":{"_acf_changed":false,"footnotes":""},"categories":[272,276],"tags":[],"class_list":["post-11021","post","type-post","status-publish","format-standard","hentry","category-qwien","category-webarchive","grve-entry-item","grve-blog-item"],"acf":[],"yoast_head":"<!-- This site is optimized with the Yoast SEO plugin v27.5 - https:\/\/yoast.com\/product\/yoast-seo-wordpress\/ -->\n<title>Festakt Zehn Jahre QWIEN (2009-2019) - Blog - Qwien - Zentrum f\u00fcr queere Geschichte<\/title>\n<meta name=\"robots\" content=\"index, follow, max-snippet:-1, max-image-preview:large, max-video-preview:-1\" \/>\n<link rel=\"canonical\" href=\"https:\/\/www.qwien.at\/en\/qwien\/festakt-10-jahre-qwien\/\" \/>\n<meta property=\"og:locale\" content=\"en_US\" \/>\n<meta property=\"og:type\" content=\"article\" \/>\n<meta property=\"og:title\" content=\"Festakt Zehn Jahre QWIEN (2009-2019) - Blog - Qwien - Zentrum f\u00fcr queere Geschichte\" \/>\n<meta property=\"og:description\" content=\"&nbsp; Der Queer History Day (QHD) 2019 steht einerseits im Fokus von Europride und 50 Jahre Stonewall, andererseits feiern wir den 10. Geburtstag von QWIEN \u2013 Zentrum f\u00fcr queere Geschichte. Kulturstadtr\u00e4tin Mag.a Veronica Kaup-Hasler und Gemeinder\u00e4tin Martina Hanke, BA (in Vertretung von Stadtrat Mag. J\u00fcrgen Czernohorszky) werden den Festakt er\u00f6ffnen, o. Univ.-Prof Dr. Wolfgang Schmale [&hellip;]\" \/>\n<meta property=\"og:url\" content=\"https:\/\/www.qwien.at\/en\/qwien\/festakt-10-jahre-qwien\/\" \/>\n<meta property=\"og:site_name\" content=\"Qwien - Zentrum f\u00fcr queere Geschichte\" \/>\n<meta property=\"article:published_time\" content=\"2025-07-15T19:37:13+00:00\" \/>\n<meta property=\"og:image\" content=\"https:\/\/www.qwien.at\/wp-content\/uploads\/2019\/05\/2013_Parade.jpg\" \/>\n\t<meta property=\"og:image:width\" content=\"900\" \/>\n\t<meta property=\"og:image:height\" content=\"600\" \/>\n\t<meta property=\"og:image:type\" content=\"image\/jpeg\" \/>\n<meta name=\"author\" content=\"Andreas Brunner\" \/>\n<meta name=\"twitter:card\" content=\"summary_large_image\" \/>\n<meta name=\"twitter:label1\" content=\"Written by\" \/>\n\t<meta name=\"twitter:data1\" content=\"Andreas Brunner\" \/>\n\t<meta name=\"twitter:label2\" content=\"Est. reading time\" \/>\n\t<meta name=\"twitter:data2\" content=\"5 minutes\" \/>\n<script type=\"application\/ld+json\" class=\"yoast-schema-graph\">{\"@context\":\"https:\\\/\\\/schema.org\",\"@graph\":[{\"@type\":[\"Article\",\"BlogPosting\"],\"@id\":\"https:\\\/\\\/www.qwien.at\\\/en\\\/qwien\\\/festakt-10-jahre-qwien\\\/#article\",\"isPartOf\":{\"@id\":\"https:\\\/\\\/www.qwien.at\\\/en\\\/qwien\\\/festakt-10-jahre-qwien\\\/\"},\"author\":{\"name\":\"Andreas Brunner\",\"@id\":\"https:\\\/\\\/www.qwien.at\\\/en\\\/#\\\/schema\\\/person\\\/d3fe9114b43d8e5a558a6d20ca3e2920\"},\"headline\":\"Festakt Zehn Jahre QWIEN (2009-2019)\",\"datePublished\":\"2025-07-15T19:37:13+00:00\",\"mainEntityOfPage\":{\"@id\":\"https:\\\/\\\/www.qwien.at\\\/en\\\/qwien\\\/festakt-10-jahre-qwien\\\/\"},\"wordCount\":1100,\"publisher\":{\"@id\":\"https:\\\/\\\/www.qwien.at\\\/en\\\/#organization\"},\"image\":{\"@id\":\"https:\\\/\\\/www.qwien.at\\\/en\\\/qwien\\\/festakt-10-jahre-qwien\\\/#primaryimage\"},\"thumbnailUrl\":\"http:\\\/\\\/qwien.at\\\/wp-content\\\/uploads\\\/2019\\\/05\\\/2013_Parade.jpg\",\"articleSection\":[\"Qwien\",\"Webarchiv\"],\"inLanguage\":\"en-US\"},{\"@type\":\"WebPage\",\"@id\":\"https:\\\/\\\/www.qwien.at\\\/en\\\/qwien\\\/festakt-10-jahre-qwien\\\/\",\"url\":\"https:\\\/\\\/www.qwien.at\\\/en\\\/qwien\\\/festakt-10-jahre-qwien\\\/\",\"name\":\"Festakt Zehn Jahre QWIEN (2009-2019) - Blog - Qwien - Zentrum f\u00fcr queere Geschichte\",\"isPartOf\":{\"@id\":\"https:\\\/\\\/www.qwien.at\\\/en\\\/#website\"},\"primaryImageOfPage\":{\"@id\":\"https:\\\/\\\/www.qwien.at\\\/en\\\/qwien\\\/festakt-10-jahre-qwien\\\/#primaryimage\"},\"image\":{\"@id\":\"https:\\\/\\\/www.qwien.at\\\/en\\\/qwien\\\/festakt-10-jahre-qwien\\\/#primaryimage\"},\"thumbnailUrl\":\"http:\\\/\\\/qwien.at\\\/wp-content\\\/uploads\\\/2019\\\/05\\\/2013_Parade.jpg\",\"datePublished\":\"2025-07-15T19:37:13+00:00\",\"breadcrumb\":{\"@id\":\"https:\\\/\\\/www.qwien.at\\\/en\\\/qwien\\\/festakt-10-jahre-qwien\\\/#breadcrumb\"},\"inLanguage\":\"en-US\",\"potentialAction\":[{\"@type\":\"ReadAction\",\"target\":[\"https:\\\/\\\/www.qwien.at\\\/en\\\/qwien\\\/festakt-10-jahre-qwien\\\/\"]}]},{\"@type\":\"ImageObject\",\"inLanguage\":\"en-US\",\"@id\":\"https:\\\/\\\/www.qwien.at\\\/en\\\/qwien\\\/festakt-10-jahre-qwien\\\/#primaryimage\",\"url\":\"http:\\\/\\\/qwien.at\\\/wp-content\\\/uploads\\\/2019\\\/05\\\/2013_Parade.jpg\",\"contentUrl\":\"http:\\\/\\\/qwien.at\\\/wp-content\\\/uploads\\\/2019\\\/05\\\/2013_Parade.jpg\"},{\"@type\":\"BreadcrumbList\",\"@id\":\"https:\\\/\\\/www.qwien.at\\\/en\\\/qwien\\\/festakt-10-jahre-qwien\\\/#breadcrumb\",\"itemListElement\":[{\"@type\":\"ListItem\",\"position\":1,\"name\":\"Startseite\",\"item\":\"https:\\\/\\\/www.qwien.at\\\/en\\\/\"},{\"@type\":\"ListItem\",\"position\":2,\"name\":\"Festakt Zehn Jahre QWIEN (2009-2019)\"}]},{\"@type\":\"WebSite\",\"@id\":\"https:\\\/\\\/www.qwien.at\\\/en\\\/#website\",\"url\":\"https:\\\/\\\/www.qwien.at\\\/en\\\/\",\"name\":\"Qwien - Zentrum f\u00fcr queere Geschichte\",\"description\":\"\",\"publisher\":{\"@id\":\"https:\\\/\\\/www.qwien.at\\\/en\\\/#organization\"},\"potentialAction\":[{\"@type\":\"SearchAction\",\"target\":{\"@type\":\"EntryPoint\",\"urlTemplate\":\"https:\\\/\\\/www.qwien.at\\\/en\\\/?s={search_term_string}\"},\"query-input\":{\"@type\":\"PropertyValueSpecification\",\"valueRequired\":true,\"valueName\":\"search_term_string\"}}],\"inLanguage\":\"en-US\"},{\"@type\":\"Organization\",\"@id\":\"https:\\\/\\\/www.qwien.at\\\/en\\\/#organization\",\"name\":\"Qwien\",\"url\":\"https:\\\/\\\/www.qwien.at\\\/en\\\/\",\"logo\":{\"@type\":\"ImageObject\",\"inLanguage\":\"en-US\",\"@id\":\"https:\\\/\\\/www.qwien.at\\\/en\\\/#\\\/schema\\\/logo\\\/image\\\/\",\"url\":\"https:\\\/\\\/www.qwien.at\\\/wp-content\\\/uploads\\\/2025\\\/06\\\/seo-yoast-2.png\",\"contentUrl\":\"https:\\\/\\\/www.qwien.at\\\/wp-content\\\/uploads\\\/2025\\\/06\\\/seo-yoast-2.png\",\"width\":697,\"height\":697,\"caption\":\"Qwien\"},\"image\":{\"@id\":\"https:\\\/\\\/www.qwien.at\\\/en\\\/#\\\/schema\\\/logo\\\/image\\\/\"},\"sameAs\":[\"https:\\\/\\\/www.instagram.com\\\/qwien.zentrum\\\/\"]},{\"@type\":\"Person\",\"@id\":\"https:\\\/\\\/www.qwien.at\\\/en\\\/#\\\/schema\\\/person\\\/d3fe9114b43d8e5a558a6d20ca3e2920\",\"name\":\"Andreas Brunner\"}]}<\/script>\n<!-- \/ Yoast SEO plugin. -->","yoast_head_json":{"title":"Festakt Zehn Jahre QWIEN (2009-2019) - Blog - Qwien - Zentrum f\u00fcr queere Geschichte","robots":{"index":"index","follow":"follow","max-snippet":"max-snippet:-1","max-image-preview":"max-image-preview:large","max-video-preview":"max-video-preview:-1"},"canonical":"https:\/\/www.qwien.at\/en\/qwien\/festakt-10-jahre-qwien\/","og_locale":"en_US","og_type":"article","og_title":"Festakt Zehn Jahre QWIEN (2009-2019) - Blog - Qwien - Zentrum f\u00fcr queere Geschichte","og_description":"&nbsp; Der Queer History Day (QHD) 2019 steht einerseits im Fokus von Europride und 50 Jahre Stonewall, andererseits feiern wir den 10. Geburtstag von QWIEN \u2013 Zentrum f\u00fcr queere Geschichte. Kulturstadtr\u00e4tin Mag.a Veronica Kaup-Hasler und Gemeinder\u00e4tin Martina Hanke, BA (in Vertretung von Stadtrat Mag. J\u00fcrgen Czernohorszky) werden den Festakt er\u00f6ffnen, o. Univ.-Prof Dr. Wolfgang Schmale [&hellip;]","og_url":"https:\/\/www.qwien.at\/en\/qwien\/festakt-10-jahre-qwien\/","og_site_name":"Qwien - Zentrum f\u00fcr queere Geschichte","article_published_time":"2025-07-15T19:37:13+00:00","og_image":[{"width":900,"height":600,"url":"https:\/\/www.qwien.at\/wp-content\/uploads\/2019\/05\/2013_Parade.jpg","type":"image\/jpeg"}],"author":"Andreas Brunner","twitter_card":"summary_large_image","twitter_misc":{"Written by":"Andreas Brunner","Est. reading time":"5 minutes"},"schema":{"@context":"https:\/\/schema.org","@graph":[{"@type":["Article","BlogPosting"],"@id":"https:\/\/www.qwien.at\/en\/qwien\/festakt-10-jahre-qwien\/#article","isPartOf":{"@id":"https:\/\/www.qwien.at\/en\/qwien\/festakt-10-jahre-qwien\/"},"author":{"name":"Andreas Brunner","@id":"https:\/\/www.qwien.at\/en\/#\/schema\/person\/d3fe9114b43d8e5a558a6d20ca3e2920"},"headline":"Festakt Zehn Jahre QWIEN (2009-2019)","datePublished":"2025-07-15T19:37:13+00:00","mainEntityOfPage":{"@id":"https:\/\/www.qwien.at\/en\/qwien\/festakt-10-jahre-qwien\/"},"wordCount":1100,"publisher":{"@id":"https:\/\/www.qwien.at\/en\/#organization"},"image":{"@id":"https:\/\/www.qwien.at\/en\/qwien\/festakt-10-jahre-qwien\/#primaryimage"},"thumbnailUrl":"http:\/\/qwien.at\/wp-content\/uploads\/2019\/05\/2013_Parade.jpg","articleSection":["Qwien","Webarchiv"],"inLanguage":"en-US"},{"@type":"WebPage","@id":"https:\/\/www.qwien.at\/en\/qwien\/festakt-10-jahre-qwien\/","url":"https:\/\/www.qwien.at\/en\/qwien\/festakt-10-jahre-qwien\/","name":"Festakt Zehn Jahre QWIEN (2009-2019) - Blog - Qwien - Zentrum f\u00fcr queere Geschichte","isPartOf":{"@id":"https:\/\/www.qwien.at\/en\/#website"},"primaryImageOfPage":{"@id":"https:\/\/www.qwien.at\/en\/qwien\/festakt-10-jahre-qwien\/#primaryimage"},"image":{"@id":"https:\/\/www.qwien.at\/en\/qwien\/festakt-10-jahre-qwien\/#primaryimage"},"thumbnailUrl":"http:\/\/qwien.at\/wp-content\/uploads\/2019\/05\/2013_Parade.jpg","datePublished":"2025-07-15T19:37:13+00:00","breadcrumb":{"@id":"https:\/\/www.qwien.at\/en\/qwien\/festakt-10-jahre-qwien\/#breadcrumb"},"inLanguage":"en-US","potentialAction":[{"@type":"ReadAction","target":["https:\/\/www.qwien.at\/en\/qwien\/festakt-10-jahre-qwien\/"]}]},{"@type":"ImageObject","inLanguage":"en-US","@id":"https:\/\/www.qwien.at\/en\/qwien\/festakt-10-jahre-qwien\/#primaryimage","url":"http:\/\/qwien.at\/wp-content\/uploads\/2019\/05\/2013_Parade.jpg","contentUrl":"http:\/\/qwien.at\/wp-content\/uploads\/2019\/05\/2013_Parade.jpg"},{"@type":"BreadcrumbList","@id":"https:\/\/www.qwien.at\/en\/qwien\/festakt-10-jahre-qwien\/#breadcrumb","itemListElement":[{"@type":"ListItem","position":1,"name":"Startseite","item":"https:\/\/www.qwien.at\/en\/"},{"@type":"ListItem","position":2,"name":"Festakt Zehn Jahre QWIEN (2009-2019)"}]},{"@type":"WebSite","@id":"https:\/\/www.qwien.at\/en\/#website","url":"https:\/\/www.qwien.at\/en\/","name":"Qwien - Zentrum f\u00fcr queere Geschichte","description":"","publisher":{"@id":"https:\/\/www.qwien.at\/en\/#organization"},"potentialAction":[{"@type":"SearchAction","target":{"@type":"EntryPoint","urlTemplate":"https:\/\/www.qwien.at\/en\/?s={search_term_string}"},"query-input":{"@type":"PropertyValueSpecification","valueRequired":true,"valueName":"search_term_string"}}],"inLanguage":"en-US"},{"@type":"Organization","@id":"https:\/\/www.qwien.at\/en\/#organization","name":"Qwien","url":"https:\/\/www.qwien.at\/en\/","logo":{"@type":"ImageObject","inLanguage":"en-US","@id":"https:\/\/www.qwien.at\/en\/#\/schema\/logo\/image\/","url":"https:\/\/www.qwien.at\/wp-content\/uploads\/2025\/06\/seo-yoast-2.png","contentUrl":"https:\/\/www.qwien.at\/wp-content\/uploads\/2025\/06\/seo-yoast-2.png","width":697,"height":697,"caption":"Qwien"},"image":{"@id":"https:\/\/www.qwien.at\/en\/#\/schema\/logo\/image\/"},"sameAs":["https:\/\/www.instagram.com\/qwien.zentrum\/"]},{"@type":"Person","@id":"https:\/\/www.qwien.at\/en\/#\/schema\/person\/d3fe9114b43d8e5a558a6d20ca3e2920","name":"Andreas Brunner"}]}},"_links":{"self":[{"href":"https:\/\/www.qwien.at\/en\/wp-json\/wp\/v2\/posts\/11021","targetHints":{"allow":["GET"]}}],"collection":[{"href":"https:\/\/www.qwien.at\/en\/wp-json\/wp\/v2\/posts"}],"about":[{"href":"https:\/\/www.qwien.at\/en\/wp-json\/wp\/v2\/types\/post"}],"author":[{"embeddable":true,"href":"https:\/\/www.qwien.at\/en\/wp-json\/wp\/v2\/users\/4"}],"replies":[{"embeddable":true,"href":"https:\/\/www.qwien.at\/en\/wp-json\/wp\/v2\/comments?post=11021"}],"version-history":[{"count":0,"href":"https:\/\/www.qwien.at\/en\/wp-json\/wp\/v2\/posts\/11021\/revisions"}],"wp:attachment":[{"href":"https:\/\/www.qwien.at\/en\/wp-json\/wp\/v2\/media?parent=11021"}],"wp:term":[{"taxonomy":"category","embeddable":true,"href":"https:\/\/www.qwien.at\/en\/wp-json\/wp\/v2\/categories?post=11021"},{"taxonomy":"post_tag","embeddable":true,"href":"https:\/\/www.qwien.at\/en\/wp-json\/wp\/v2\/tags?post=11021"}],"curies":[{"name":"wp","href":"https:\/\/api.w.org\/{rel}","templated":true}]}}