{"id":11028,"date":"2025-07-15T21:37:13","date_gmt":"2025-07-15T19:37:13","guid":{"rendered":"https:\/\/www.qwien.at\/nicht-kategorisiert\/menschen-ohne-geschichte-sind-staub\/"},"modified":"2025-07-15T21:37:13","modified_gmt":"2025-07-15T19:37:13","slug":"menschen-ohne-geschichte-sind-staub","status":"publish","type":"post","link":"https:\/\/www.qwien.at\/en\/qwien-books\/menschen-ohne-geschichte-sind-staub\/","title":{"rendered":"Menschen ohne Geschichte sind Staub"},"content":{"rendered":"<p><em><strong>Queeres Verlangen und Holocaust.<\/strong><\/em><\/p>\n<p>Anna H\u00e1jkov\u00e1, Historikerin an der University of Warwick, erz\u00e4hlt in ihrem Buch anhand der Geschichten von vier jungen Leuten von queerem Verlangen, sexueller Gewalt, selbstgew\u00e4hlten Familien und homophober Ausradierung aus der Geschichte. Ob es um queere T\u00f6ne geht, die mehrfach in Anne Franks Tagebuch auftauchen, oder ihre Begegnung mit der ersten lesbischen Holocaust\u00fcberlebenden, die Zeugnis ablegte &#8211; Anna H\u00e1jkov\u00e1 beschreitet historisches Neuland, deckt verdr\u00e4ngte und vergessene queere Geschichten im Holocaust auf &#8211; spannend und r\u00fchrend zugleich.<br \/>\nModeration: Andreas Brunner (Zentrum QWIEN)<\/p>\n<p>Mittwoch, 23. M\u00e4rz 2022, 19.30 &#8211; 21.00 Uhr<\/p>\n<p>Buchhandlung L\u00f6wenherz, Berggasse 8, 1090 Wien<\/p>\n<p>Eintritt frei!<\/p>\n","protected":false},"excerpt":{"rendered":"<p>Queeres Verlangen und Holocaust. Anna H\u00e1jkov\u00e1, Historikerin an der University of Warwick, erz\u00e4hlt in ihrem Buch anhand der Geschichten von vier jungen Leuten von queerem Verlangen, sexueller Gewalt, selbstgew\u00e4hlten Familien und homophober Ausradierung aus der Geschichte. Ob es um queere T\u00f6ne geht, die mehrfach in Anne Franks Tagebuch auftauchen, oder ihre Begegnung mit der ersten [&hellip;]<\/p>\n","protected":false},"author":4,"featured_media":9753,"comment_status":"closed","ping_status":"open","sticky":false,"template":"","format":"standard","meta":{"_acf_changed":false,"footnotes":""},"categories":[267,271],"tags":[374,375,376],"class_list":["post-11028","post","type-post","status-publish","format-standard","has-post-thumbnail","hentry","category-qwien-books","category-literature-archive","tag-anne-frank","tag-holocaust","tag-quuere-geschichte","grve-entry-item","grve-blog-item"],"acf":[],"yoast_head":"<!-- This site is optimized with the Yoast SEO plugin v27.5 - https:\/\/yoast.com\/product\/yoast-seo-wordpress\/ -->\n<title>Menschen ohne Geschichte sind Staub - Blog - Qwien - Zentrum f\u00fcr queere Geschichte<\/title>\n<meta name=\"robots\" content=\"index, follow, max-snippet:-1, max-image-preview:large, max-video-preview:-1\" \/>\n<link rel=\"canonical\" href=\"https:\/\/www.qwien.at\/en\/qwien-books\/menschen-ohne-geschichte-sind-staub\/\" \/>\n<meta property=\"og:locale\" content=\"en_US\" \/>\n<meta property=\"og:type\" content=\"article\" \/>\n<meta property=\"og:title\" content=\"Menschen ohne Geschichte sind Staub - Blog - Qwien - Zentrum f\u00fcr queere Geschichte\" \/>\n<meta property=\"og:description\" content=\"Queeres Verlangen und Holocaust. Anna H\u00e1jkov\u00e1, Historikerin an der University of Warwick, erz\u00e4hlt in ihrem Buch anhand der Geschichten von vier jungen Leuten von queerem Verlangen, sexueller Gewalt, selbstgew\u00e4hlten Familien und homophober Ausradierung aus der Geschichte. Ob es um queere T\u00f6ne geht, die mehrfach in Anne Franks Tagebuch auftauchen, oder ihre Begegnung mit der ersten [&hellip;]\" \/>\n<meta property=\"og:url\" content=\"https:\/\/www.qwien.at\/en\/qwien-books\/menschen-ohne-geschichte-sind-staub\/\" \/>\n<meta property=\"og:site_name\" content=\"Qwien - Zentrum f\u00fcr queere Geschichte\" \/>\n<meta property=\"article:published_time\" content=\"2025-07-15T19:37:13+00:00\" \/>\n<meta property=\"og:image\" content=\"https:\/\/www.qwien.at\/wp-content\/uploads\/2025\/06\/seo-yoast-1.png\" \/>\n\t<meta property=\"og:image:width\" content=\"1921\" \/>\n\t<meta property=\"og:image:height\" content=\"1081\" \/>\n\t<meta property=\"og:image:type\" content=\"image\/png\" \/>\n<meta name=\"author\" content=\"Andreas Brunner\" \/>\n<meta name=\"twitter:card\" content=\"summary_large_image\" \/>\n<meta name=\"twitter:label1\" content=\"Written by\" \/>\n\t<meta name=\"twitter:data1\" content=\"Andreas Brunner\" \/>\n\t<meta name=\"twitter:label2\" content=\"Est. reading time\" \/>\n\t<meta name=\"twitter:data2\" content=\"1 minute\" \/>\n<script type=\"application\/ld+json\" class=\"yoast-schema-graph\">{\"@context\":\"https:\\\/\\\/schema.org\",\"@graph\":[{\"@type\":[\"Article\",\"BlogPosting\"],\"@id\":\"https:\\\/\\\/www.qwien.at\\\/en\\\/qwien-books\\\/menschen-ohne-geschichte-sind-staub\\\/#article\",\"isPartOf\":{\"@id\":\"https:\\\/\\\/www.qwien.at\\\/en\\\/qwien-books\\\/menschen-ohne-geschichte-sind-staub\\\/\"},\"author\":{\"name\":\"Andreas Brunner\",\"@id\":\"https:\\\/\\\/www.qwien.at\\\/en\\\/#\\\/schema\\\/person\\\/d3fe9114b43d8e5a558a6d20ca3e2920\"},\"headline\":\"Menschen ohne Geschichte sind Staub\",\"datePublished\":\"2025-07-15T19:37:13+00:00\",\"mainEntityOfPage\":{\"@id\":\"https:\\\/\\\/www.qwien.at\\\/en\\\/qwien-books\\\/menschen-ohne-geschichte-sind-staub\\\/\"},\"wordCount\":110,\"publisher\":{\"@id\":\"https:\\\/\\\/www.qwien.at\\\/en\\\/#organization\"},\"image\":{\"@id\":\"https:\\\/\\\/www.qwien.at\\\/en\\\/qwien-books\\\/menschen-ohne-geschichte-sind-staub\\\/#primaryimage\"},\"thumbnailUrl\":\"https:\\\/\\\/www.qwien.at\\\/wp-content\\\/uploads\\\/2022\\\/03\\\/Anna-und-Buch-scaled.jpg\",\"keywords\":[\"Anne Frank\",\"Holocaust\",\"quuere Geschichte\"],\"articleSection\":[\"Books\",\"Literature archive\"],\"inLanguage\":\"en-US\"},{\"@type\":\"WebPage\",\"@id\":\"https:\\\/\\\/www.qwien.at\\\/en\\\/qwien-books\\\/menschen-ohne-geschichte-sind-staub\\\/\",\"url\":\"https:\\\/\\\/www.qwien.at\\\/en\\\/qwien-books\\\/menschen-ohne-geschichte-sind-staub\\\/\",\"name\":\"Menschen ohne Geschichte sind Staub - Blog - Qwien - Zentrum f\u00fcr queere Geschichte\",\"isPartOf\":{\"@id\":\"https:\\\/\\\/www.qwien.at\\\/en\\\/#website\"},\"primaryImageOfPage\":{\"@id\":\"https:\\\/\\\/www.qwien.at\\\/en\\\/qwien-books\\\/menschen-ohne-geschichte-sind-staub\\\/#primaryimage\"},\"image\":{\"@id\":\"https:\\\/\\\/www.qwien.at\\\/en\\\/qwien-books\\\/menschen-ohne-geschichte-sind-staub\\\/#primaryimage\"},\"thumbnailUrl\":\"https:\\\/\\\/www.qwien.at\\\/wp-content\\\/uploads\\\/2022\\\/03\\\/Anna-und-Buch-scaled.jpg\",\"datePublished\":\"2025-07-15T19:37:13+00:00\",\"breadcrumb\":{\"@id\":\"https:\\\/\\\/www.qwien.at\\\/en\\\/qwien-books\\\/menschen-ohne-geschichte-sind-staub\\\/#breadcrumb\"},\"inLanguage\":\"en-US\",\"potentialAction\":[{\"@type\":\"ReadAction\",\"target\":[\"https:\\\/\\\/www.qwien.at\\\/en\\\/qwien-books\\\/menschen-ohne-geschichte-sind-staub\\\/\"]}]},{\"@type\":\"ImageObject\",\"inLanguage\":\"en-US\",\"@id\":\"https:\\\/\\\/www.qwien.at\\\/en\\\/qwien-books\\\/menschen-ohne-geschichte-sind-staub\\\/#primaryimage\",\"url\":\"https:\\\/\\\/www.qwien.at\\\/wp-content\\\/uploads\\\/2022\\\/03\\\/Anna-und-Buch-scaled.jpg\",\"contentUrl\":\"https:\\\/\\\/www.qwien.at\\\/wp-content\\\/uploads\\\/2022\\\/03\\\/Anna-und-Buch-scaled.jpg\",\"width\":2560,\"height\":1707},{\"@type\":\"BreadcrumbList\",\"@id\":\"https:\\\/\\\/www.qwien.at\\\/en\\\/qwien-books\\\/menschen-ohne-geschichte-sind-staub\\\/#breadcrumb\",\"itemListElement\":[{\"@type\":\"ListItem\",\"position\":1,\"name\":\"Startseite\",\"item\":\"https:\\\/\\\/www.qwien.at\\\/en\\\/\"},{\"@type\":\"ListItem\",\"position\":2,\"name\":\"Menschen ohne Geschichte sind Staub\"}]},{\"@type\":\"WebSite\",\"@id\":\"https:\\\/\\\/www.qwien.at\\\/en\\\/#website\",\"url\":\"https:\\\/\\\/www.qwien.at\\\/en\\\/\",\"name\":\"Qwien - Zentrum f\u00fcr queere Geschichte\",\"description\":\"\",\"publisher\":{\"@id\":\"https:\\\/\\\/www.qwien.at\\\/en\\\/#organization\"},\"potentialAction\":[{\"@type\":\"SearchAction\",\"target\":{\"@type\":\"EntryPoint\",\"urlTemplate\":\"https:\\\/\\\/www.qwien.at\\\/en\\\/?s={search_term_string}\"},\"query-input\":{\"@type\":\"PropertyValueSpecification\",\"valueRequired\":true,\"valueName\":\"search_term_string\"}}],\"inLanguage\":\"en-US\"},{\"@type\":\"Organization\",\"@id\":\"https:\\\/\\\/www.qwien.at\\\/en\\\/#organization\",\"name\":\"Qwien\",\"url\":\"https:\\\/\\\/www.qwien.at\\\/en\\\/\",\"logo\":{\"@type\":\"ImageObject\",\"inLanguage\":\"en-US\",\"@id\":\"https:\\\/\\\/www.qwien.at\\\/en\\\/#\\\/schema\\\/logo\\\/image\\\/\",\"url\":\"https:\\\/\\\/www.qwien.at\\\/wp-content\\\/uploads\\\/2025\\\/06\\\/seo-yoast-2.png\",\"contentUrl\":\"https:\\\/\\\/www.qwien.at\\\/wp-content\\\/uploads\\\/2025\\\/06\\\/seo-yoast-2.png\",\"width\":697,\"height\":697,\"caption\":\"Qwien\"},\"image\":{\"@id\":\"https:\\\/\\\/www.qwien.at\\\/en\\\/#\\\/schema\\\/logo\\\/image\\\/\"},\"sameAs\":[\"https:\\\/\\\/www.instagram.com\\\/qwien.zentrum\\\/\"]},{\"@type\":\"Person\",\"@id\":\"https:\\\/\\\/www.qwien.at\\\/en\\\/#\\\/schema\\\/person\\\/d3fe9114b43d8e5a558a6d20ca3e2920\",\"name\":\"Andreas Brunner\"}]}<\/script>\n<!-- \/ Yoast SEO plugin. -->","yoast_head_json":{"title":"Menschen ohne Geschichte sind Staub - Blog - Qwien - Zentrum f\u00fcr queere Geschichte","robots":{"index":"index","follow":"follow","max-snippet":"max-snippet:-1","max-image-preview":"max-image-preview:large","max-video-preview":"max-video-preview:-1"},"canonical":"https:\/\/www.qwien.at\/en\/qwien-books\/menschen-ohne-geschichte-sind-staub\/","og_locale":"en_US","og_type":"article","og_title":"Menschen ohne Geschichte sind Staub - Blog - Qwien - Zentrum f\u00fcr queere Geschichte","og_description":"Queeres Verlangen und Holocaust. Anna H\u00e1jkov\u00e1, Historikerin an der University of Warwick, erz\u00e4hlt in ihrem Buch anhand der Geschichten von vier jungen Leuten von queerem Verlangen, sexueller Gewalt, selbstgew\u00e4hlten Familien und homophober Ausradierung aus der Geschichte. Ob es um queere T\u00f6ne geht, die mehrfach in Anne Franks Tagebuch auftauchen, oder ihre Begegnung mit der ersten [&hellip;]","og_url":"https:\/\/www.qwien.at\/en\/qwien-books\/menschen-ohne-geschichte-sind-staub\/","og_site_name":"Qwien - Zentrum f\u00fcr queere Geschichte","article_published_time":"2025-07-15T19:37:13+00:00","og_image":[{"width":1921,"height":1081,"url":"https:\/\/www.qwien.at\/wp-content\/uploads\/2025\/06\/seo-yoast-1.png","type":"image\/png"}],"author":"Andreas Brunner","twitter_card":"summary_large_image","twitter_misc":{"Written by":"Andreas Brunner","Est. reading time":"1 minute"},"schema":{"@context":"https:\/\/schema.org","@graph":[{"@type":["Article","BlogPosting"],"@id":"https:\/\/www.qwien.at\/en\/qwien-books\/menschen-ohne-geschichte-sind-staub\/#article","isPartOf":{"@id":"https:\/\/www.qwien.at\/en\/qwien-books\/menschen-ohne-geschichte-sind-staub\/"},"author":{"name":"Andreas Brunner","@id":"https:\/\/www.qwien.at\/en\/#\/schema\/person\/d3fe9114b43d8e5a558a6d20ca3e2920"},"headline":"Menschen ohne Geschichte sind Staub","datePublished":"2025-07-15T19:37:13+00:00","mainEntityOfPage":{"@id":"https:\/\/www.qwien.at\/en\/qwien-books\/menschen-ohne-geschichte-sind-staub\/"},"wordCount":110,"publisher":{"@id":"https:\/\/www.qwien.at\/en\/#organization"},"image":{"@id":"https:\/\/www.qwien.at\/en\/qwien-books\/menschen-ohne-geschichte-sind-staub\/#primaryimage"},"thumbnailUrl":"https:\/\/www.qwien.at\/wp-content\/uploads\/2022\/03\/Anna-und-Buch-scaled.jpg","keywords":["Anne Frank","Holocaust","quuere Geschichte"],"articleSection":["Books","Literature archive"],"inLanguage":"en-US"},{"@type":"WebPage","@id":"https:\/\/www.qwien.at\/en\/qwien-books\/menschen-ohne-geschichte-sind-staub\/","url":"https:\/\/www.qwien.at\/en\/qwien-books\/menschen-ohne-geschichte-sind-staub\/","name":"Menschen ohne Geschichte sind Staub - Blog - Qwien - Zentrum f\u00fcr queere Geschichte","isPartOf":{"@id":"https:\/\/www.qwien.at\/en\/#website"},"primaryImageOfPage":{"@id":"https:\/\/www.qwien.at\/en\/qwien-books\/menschen-ohne-geschichte-sind-staub\/#primaryimage"},"image":{"@id":"https:\/\/www.qwien.at\/en\/qwien-books\/menschen-ohne-geschichte-sind-staub\/#primaryimage"},"thumbnailUrl":"https:\/\/www.qwien.at\/wp-content\/uploads\/2022\/03\/Anna-und-Buch-scaled.jpg","datePublished":"2025-07-15T19:37:13+00:00","breadcrumb":{"@id":"https:\/\/www.qwien.at\/en\/qwien-books\/menschen-ohne-geschichte-sind-staub\/#breadcrumb"},"inLanguage":"en-US","potentialAction":[{"@type":"ReadAction","target":["https:\/\/www.qwien.at\/en\/qwien-books\/menschen-ohne-geschichte-sind-staub\/"]}]},{"@type":"ImageObject","inLanguage":"en-US","@id":"https:\/\/www.qwien.at\/en\/qwien-books\/menschen-ohne-geschichte-sind-staub\/#primaryimage","url":"https:\/\/www.qwien.at\/wp-content\/uploads\/2022\/03\/Anna-und-Buch-scaled.jpg","contentUrl":"https:\/\/www.qwien.at\/wp-content\/uploads\/2022\/03\/Anna-und-Buch-scaled.jpg","width":2560,"height":1707},{"@type":"BreadcrumbList","@id":"https:\/\/www.qwien.at\/en\/qwien-books\/menschen-ohne-geschichte-sind-staub\/#breadcrumb","itemListElement":[{"@type":"ListItem","position":1,"name":"Startseite","item":"https:\/\/www.qwien.at\/en\/"},{"@type":"ListItem","position":2,"name":"Menschen ohne Geschichte sind Staub"}]},{"@type":"WebSite","@id":"https:\/\/www.qwien.at\/en\/#website","url":"https:\/\/www.qwien.at\/en\/","name":"Qwien - Zentrum f\u00fcr queere Geschichte","description":"","publisher":{"@id":"https:\/\/www.qwien.at\/en\/#organization"},"potentialAction":[{"@type":"SearchAction","target":{"@type":"EntryPoint","urlTemplate":"https:\/\/www.qwien.at\/en\/?s={search_term_string}"},"query-input":{"@type":"PropertyValueSpecification","valueRequired":true,"valueName":"search_term_string"}}],"inLanguage":"en-US"},{"@type":"Organization","@id":"https:\/\/www.qwien.at\/en\/#organization","name":"Qwien","url":"https:\/\/www.qwien.at\/en\/","logo":{"@type":"ImageObject","inLanguage":"en-US","@id":"https:\/\/www.qwien.at\/en\/#\/schema\/logo\/image\/","url":"https:\/\/www.qwien.at\/wp-content\/uploads\/2025\/06\/seo-yoast-2.png","contentUrl":"https:\/\/www.qwien.at\/wp-content\/uploads\/2025\/06\/seo-yoast-2.png","width":697,"height":697,"caption":"Qwien"},"image":{"@id":"https:\/\/www.qwien.at\/en\/#\/schema\/logo\/image\/"},"sameAs":["https:\/\/www.instagram.com\/qwien.zentrum\/"]},{"@type":"Person","@id":"https:\/\/www.qwien.at\/en\/#\/schema\/person\/d3fe9114b43d8e5a558a6d20ca3e2920","name":"Andreas Brunner"}]}},"_links":{"self":[{"href":"https:\/\/www.qwien.at\/en\/wp-json\/wp\/v2\/posts\/11028","targetHints":{"allow":["GET"]}}],"collection":[{"href":"https:\/\/www.qwien.at\/en\/wp-json\/wp\/v2\/posts"}],"about":[{"href":"https:\/\/www.qwien.at\/en\/wp-json\/wp\/v2\/types\/post"}],"author":[{"embeddable":true,"href":"https:\/\/www.qwien.at\/en\/wp-json\/wp\/v2\/users\/4"}],"replies":[{"embeddable":true,"href":"https:\/\/www.qwien.at\/en\/wp-json\/wp\/v2\/comments?post=11028"}],"version-history":[{"count":0,"href":"https:\/\/www.qwien.at\/en\/wp-json\/wp\/v2\/posts\/11028\/revisions"}],"wp:featuredmedia":[{"embeddable":true,"href":"https:\/\/www.qwien.at\/en\/wp-json\/wp\/v2\/media\/9753"}],"wp:attachment":[{"href":"https:\/\/www.qwien.at\/en\/wp-json\/wp\/v2\/media?parent=11028"}],"wp:term":[{"taxonomy":"category","embeddable":true,"href":"https:\/\/www.qwien.at\/en\/wp-json\/wp\/v2\/categories?post=11028"},{"taxonomy":"post_tag","embeddable":true,"href":"https:\/\/www.qwien.at\/en\/wp-json\/wp\/v2\/tags?post=11028"}],"curies":[{"name":"wp","href":"https:\/\/api.w.org\/{rel}","templated":true}]}}