{"id":11034,"date":"2025-07-15T21:37:13","date_gmt":"2025-07-15T19:37:13","guid":{"rendered":"https:\/\/www.qwien.at\/nicht-kategorisiert\/max-kuebeck-50-jahre-kunst\/"},"modified":"2025-07-15T21:37:13","modified_gmt":"2025-07-15T19:37:13","slug":"max-kuebeck-50-jahre-kunst","status":"publish","type":"post","link":"https:\/\/www.qwien.at\/en\/qwien\/max-kuebeck-50-jahre-kunst\/","title":{"rendered":"Max K\u00fcbeck &#8211; 50 Jahre Kunst"},"content":{"rendered":"<p>\u201eZu Malen habe ich begonnen, weil ich reiche Freunde hatte und Geschenke machen musste\u201c, flunkert Max K\u00fcbeck mit f\u00fcr ihn typischem Understatement in einem Gespr\u00e4ch mit Marlene Streeruwitz, das auch auf <a href=\"https:\/\/www.youtube.com\/watch?v=lcBEoVwsHRQ\">Youtube<\/a> zu finden ist. Eigentlich ist er Restaurator, der auch zu malen Begonnen hat, weil er \u201eeinen Platz in der Welt suchte\u201c. Einen Platz als schwuler Mann. So waren seine fr\u00fchen Werke auch gegenst\u00e4ndlich, oft M\u00e4nnerakte in erotischen Posen. Er wollte sein schwules Leben darstellen. Zu schwul f\u00fcr Galerien \u2013 damals.<\/p>\n<p><img loading=\"lazy\" decoding=\"async\" class=\"alignleft size-medium wp-image-6567\" src=\"https:\/\/www.qwien.at\/wp-content\/uploads\/2022\/04\/E3A0005-300x200.jpg\" alt=\"\" width=\"300\" height=\"200\" srcset=\"https:\/\/www.qwien.at\/wp-content\/uploads\/2022\/04\/E3A0005-300x200.jpg 300w, https:\/\/www.qwien.at\/wp-content\/uploads\/2022\/04\/E3A0005-768x512.jpg 768w, https:\/\/www.qwien.at\/wp-content\/uploads\/2022\/04\/E3A0005-18x12.jpg 18w, https:\/\/www.qwien.at\/wp-content\/uploads\/2022\/04\/E3A0005.jpg 1024w\" sizes=\"auto, (max-width: 300px) 100vw, 300px\" \/>Er k\u00e4mpfte wie viele andere gegen die L\u00fcge an, gegen das Verleugnen der eigenen Identit\u00e4t und Sexualit\u00e4t. Obwohl auch sein Vater schwul war, wie er in seinem lesenswerten autobiografischen Roman <a href=\"https:\/\/www.qwien.at\/qwien\/die-blaue-brosche\/\">\u201eDie blaue Brosche\u201c<\/a> erz\u00e4hlt, leugnete sich die Familie, vor allem seine Mutter, die Realit\u00e4t anzuerkennen. Lange war er sich selbst gar nicht der L\u00fcgen bewusst, weil er Teil eines Systems war, das schwer aufzubrechen war.<\/p>\n<p>Max K\u00fcbeck war 22 Jahre alt als das sogenannte Totalverbot f\u00fcr homosexuelle Handlungen aufgehoben wurde, langsam entwickelte sich erst in den 1970er-Jahren ein schwules Selbstbewusstsein. Als Aids ab Mitte der 1980er-Jahre in die schwule Lebensrealit\u00e4t einbrach, war zuerst die Verunsicherung gro\u00df. Doch wandelte sie sich rasch in Wut gegen Vorurteile und Zuschreibungen, vor allem aus konservativen Kreisen (aber nicht nur von dort), dass Aids eine \u201eschwulen-Pest\u201c sei, eine \u201eStrafe Gottes\u201c. Aids hat seine Generation schwuler M\u00e4nner politisch gemacht, weil sich niemand um die Kranken, um sterbende Freund k\u00fcmmerte.<img loading=\"lazy\" decoding=\"async\" class=\"alignright size-medium wp-image-6568\" src=\"https:\/\/www.qwien.at\/wp-content\/uploads\/2022\/04\/E3A0044-300x216.jpg\" alt=\"\" width=\"300\" height=\"216\" srcset=\"https:\/\/www.qwien.at\/wp-content\/uploads\/2022\/04\/E3A0044-300x216.jpg 300w, https:\/\/www.qwien.at\/wp-content\/uploads\/2022\/04\/E3A0044-768x552.jpg 768w, https:\/\/www.qwien.at\/wp-content\/uploads\/2022\/04\/E3A0044-18x12.jpg 18w, https:\/\/www.qwien.at\/wp-content\/uploads\/2022\/04\/E3A0044.jpg 1024w\" sizes=\"auto, (max-width: 300px) 100vw, 300px\" \/><\/p>\n<p>K\u00fcnstlerisch entwickelte sich Max K\u00fcbeck auch weiter und wandte sich der Abstraktion zu. Als Restaurator f\u00fcr alte Meister und gotische Madonnen war es f\u00fcr ihn ein weiter Schritt, den pers\u00f6nlichen Ausdruck von realistischen Darstellungen zu einer intuitiven Komposition aus Farben und Formen zu wandeln. Er mache heute nur noch Punkterl, stundenlang, erz\u00e4hlt er. Da k\u00f6nnte er genauso gut Rosenkranzbeten, wenn er noch beten w\u00fcrde. In diesem meditativen Schaffensprozess erarbeitet er Texturen, die auch viel mit seiner T\u00e4tigkeit des Restaurierens zu tun hat. Max K\u00fcbeck gibt keine Interpretation zu diesen Formen, denn man m\u00fcsse Kunst nicht immer verstehen.<\/p>\n<p><em><strong>Nun sind Werke von Max K\u00fcbeck aus 50 Jahren f\u00fcr kurze Zeit in der Galerie Mario Soldo zu sehen. Die Er\u00f6ffnung findet Samstag, den 9. April, ab 14.00 Uhr in der Galerie Mario Soldo, Mittersteig 1, 1040 Wien statt. Ge\u00f6ffnet bis 19. April, t\u00e4glich au\u00dfer Sonntag &amp; Montag 14.00 bis 19.00 Uhr.<\/strong><\/em><\/p>\n","protected":false},"excerpt":{"rendered":"<p>\u201eZu Malen habe ich begonnen, weil ich reiche Freunde hatte und Geschenke machen musste\u201c, flunkert Max K\u00fcbeck mit f\u00fcr ihn typischem Understatement in einem Gespr\u00e4ch mit Marlene Streeruwitz, das auch auf Youtube zu finden ist. Eigentlich ist er Restaurator, der auch zu malen Begonnen hat, weil er \u201eeinen Platz in der Welt suchte\u201c. Einen Platz [&hellip;]<\/p>\n","protected":false},"author":4,"featured_media":9757,"comment_status":"closed","ping_status":"open","sticky":false,"template":"","format":"standard","meta":{"_acf_changed":false,"footnotes":""},"categories":[272,275,276],"tags":[379,327,380],"class_list":["post-11034","post","type-post","status-publish","format-standard","has-post-thumbnail","hentry","category-qwien","category-qwien-tipp","category-webarchive","tag-galerie-mario-soldo","tag-kunst","tag-max-kuebeck","grve-entry-item","grve-blog-item"],"acf":[],"yoast_head":"<!-- This site is optimized with the Yoast SEO plugin v27.5 - https:\/\/yoast.com\/product\/yoast-seo-wordpress\/ -->\n<title>Max K\u00fcbeck - 50 Jahre Kunst - Blog - Qwien - Zentrum f\u00fcr queere Geschichte<\/title>\n<meta name=\"robots\" content=\"index, follow, max-snippet:-1, max-image-preview:large, max-video-preview:-1\" \/>\n<link rel=\"canonical\" href=\"https:\/\/www.qwien.at\/en\/qwien\/max-kuebeck-50-jahre-kunst\/\" \/>\n<meta property=\"og:locale\" content=\"en_US\" \/>\n<meta property=\"og:type\" content=\"article\" \/>\n<meta property=\"og:title\" content=\"Max K\u00fcbeck - 50 Jahre Kunst - Blog - Qwien - Zentrum f\u00fcr queere Geschichte\" \/>\n<meta property=\"og:description\" content=\"\u201eZu Malen habe ich begonnen, weil ich reiche Freunde hatte und Geschenke machen musste\u201c, flunkert Max K\u00fcbeck mit f\u00fcr ihn typischem Understatement in einem Gespr\u00e4ch mit Marlene Streeruwitz, das auch auf Youtube zu finden ist. Eigentlich ist er Restaurator, der auch zu malen Begonnen hat, weil er \u201eeinen Platz in der Welt suchte\u201c. Einen Platz [&hellip;]\" \/>\n<meta property=\"og:url\" content=\"https:\/\/www.qwien.at\/en\/qwien\/max-kuebeck-50-jahre-kunst\/\" \/>\n<meta property=\"og:site_name\" content=\"Qwien - Zentrum f\u00fcr queere Geschichte\" \/>\n<meta property=\"article:published_time\" content=\"2025-07-15T19:37:13+00:00\" \/>\n<meta property=\"og:image\" content=\"https:\/\/www.qwien.at\/wp-content\/uploads\/2022\/04\/E3A0005.jpg\" \/>\n\t<meta property=\"og:image:width\" content=\"1024\" \/>\n\t<meta property=\"og:image:height\" content=\"682\" \/>\n\t<meta property=\"og:image:type\" content=\"image\/jpeg\" \/>\n<meta name=\"author\" content=\"Andreas Brunner\" \/>\n<meta name=\"twitter:card\" content=\"summary_large_image\" \/>\n<meta name=\"twitter:label1\" content=\"Written by\" \/>\n\t<meta name=\"twitter:data1\" content=\"Andreas Brunner\" \/>\n\t<meta name=\"twitter:label2\" content=\"Est. reading time\" \/>\n\t<meta name=\"twitter:data2\" content=\"2 minutes\" \/>\n<script type=\"application\/ld+json\" class=\"yoast-schema-graph\">{\"@context\":\"https:\\\/\\\/schema.org\",\"@graph\":[{\"@type\":[\"Article\",\"BlogPosting\"],\"@id\":\"https:\\\/\\\/www.qwien.at\\\/en\\\/qwien\\\/max-kuebeck-50-jahre-kunst\\\/#article\",\"isPartOf\":{\"@id\":\"https:\\\/\\\/www.qwien.at\\\/en\\\/qwien\\\/max-kuebeck-50-jahre-kunst\\\/\"},\"author\":{\"name\":\"Andreas Brunner\",\"@id\":\"https:\\\/\\\/www.qwien.at\\\/en\\\/#\\\/schema\\\/person\\\/d3fe9114b43d8e5a558a6d20ca3e2920\"},\"headline\":\"Max K\u00fcbeck &#8211; 50 Jahre Kunst\",\"datePublished\":\"2025-07-15T19:37:13+00:00\",\"mainEntityOfPage\":{\"@id\":\"https:\\\/\\\/www.qwien.at\\\/en\\\/qwien\\\/max-kuebeck-50-jahre-kunst\\\/\"},\"wordCount\":416,\"publisher\":{\"@id\":\"https:\\\/\\\/www.qwien.at\\\/en\\\/#organization\"},\"image\":{\"@id\":\"https:\\\/\\\/www.qwien.at\\\/en\\\/qwien\\\/max-kuebeck-50-jahre-kunst\\\/#primaryimage\"},\"thumbnailUrl\":\"https:\\\/\\\/www.qwien.at\\\/wp-content\\\/uploads\\\/2022\\\/04\\\/20220102_141049.jpg\",\"keywords\":[\"Galerie Mario Soldo\",\"Kunst\",\"Max K\u00fcbeck\"],\"articleSection\":[\"Qwien\",\"Tipp\",\"Webarchiv\"],\"inLanguage\":\"en-US\"},{\"@type\":\"WebPage\",\"@id\":\"https:\\\/\\\/www.qwien.at\\\/en\\\/qwien\\\/max-kuebeck-50-jahre-kunst\\\/\",\"url\":\"https:\\\/\\\/www.qwien.at\\\/en\\\/qwien\\\/max-kuebeck-50-jahre-kunst\\\/\",\"name\":\"Max K\u00fcbeck - 50 Jahre Kunst - Blog - Qwien - Zentrum f\u00fcr queere Geschichte\",\"isPartOf\":{\"@id\":\"https:\\\/\\\/www.qwien.at\\\/en\\\/#website\"},\"primaryImageOfPage\":{\"@id\":\"https:\\\/\\\/www.qwien.at\\\/en\\\/qwien\\\/max-kuebeck-50-jahre-kunst\\\/#primaryimage\"},\"image\":{\"@id\":\"https:\\\/\\\/www.qwien.at\\\/en\\\/qwien\\\/max-kuebeck-50-jahre-kunst\\\/#primaryimage\"},\"thumbnailUrl\":\"https:\\\/\\\/www.qwien.at\\\/wp-content\\\/uploads\\\/2022\\\/04\\\/20220102_141049.jpg\",\"datePublished\":\"2025-07-15T19:37:13+00:00\",\"breadcrumb\":{\"@id\":\"https:\\\/\\\/www.qwien.at\\\/en\\\/qwien\\\/max-kuebeck-50-jahre-kunst\\\/#breadcrumb\"},\"inLanguage\":\"en-US\",\"potentialAction\":[{\"@type\":\"ReadAction\",\"target\":[\"https:\\\/\\\/www.qwien.at\\\/en\\\/qwien\\\/max-kuebeck-50-jahre-kunst\\\/\"]}]},{\"@type\":\"ImageObject\",\"inLanguage\":\"en-US\",\"@id\":\"https:\\\/\\\/www.qwien.at\\\/en\\\/qwien\\\/max-kuebeck-50-jahre-kunst\\\/#primaryimage\",\"url\":\"https:\\\/\\\/www.qwien.at\\\/wp-content\\\/uploads\\\/2022\\\/04\\\/20220102_141049.jpg\",\"contentUrl\":\"https:\\\/\\\/www.qwien.at\\\/wp-content\\\/uploads\\\/2022\\\/04\\\/20220102_141049.jpg\",\"width\":1024,\"height\":768},{\"@type\":\"BreadcrumbList\",\"@id\":\"https:\\\/\\\/www.qwien.at\\\/en\\\/qwien\\\/max-kuebeck-50-jahre-kunst\\\/#breadcrumb\",\"itemListElement\":[{\"@type\":\"ListItem\",\"position\":1,\"name\":\"Startseite\",\"item\":\"https:\\\/\\\/www.qwien.at\\\/en\\\/\"},{\"@type\":\"ListItem\",\"position\":2,\"name\":\"Max K\u00fcbeck &#8211; 50 Jahre Kunst\"}]},{\"@type\":\"WebSite\",\"@id\":\"https:\\\/\\\/www.qwien.at\\\/en\\\/#website\",\"url\":\"https:\\\/\\\/www.qwien.at\\\/en\\\/\",\"name\":\"Qwien - Zentrum f\u00fcr queere Geschichte\",\"description\":\"\",\"publisher\":{\"@id\":\"https:\\\/\\\/www.qwien.at\\\/en\\\/#organization\"},\"potentialAction\":[{\"@type\":\"SearchAction\",\"target\":{\"@type\":\"EntryPoint\",\"urlTemplate\":\"https:\\\/\\\/www.qwien.at\\\/en\\\/?s={search_term_string}\"},\"query-input\":{\"@type\":\"PropertyValueSpecification\",\"valueRequired\":true,\"valueName\":\"search_term_string\"}}],\"inLanguage\":\"en-US\"},{\"@type\":\"Organization\",\"@id\":\"https:\\\/\\\/www.qwien.at\\\/en\\\/#organization\",\"name\":\"Qwien\",\"url\":\"https:\\\/\\\/www.qwien.at\\\/en\\\/\",\"logo\":{\"@type\":\"ImageObject\",\"inLanguage\":\"en-US\",\"@id\":\"https:\\\/\\\/www.qwien.at\\\/en\\\/#\\\/schema\\\/logo\\\/image\\\/\",\"url\":\"https:\\\/\\\/www.qwien.at\\\/wp-content\\\/uploads\\\/2025\\\/06\\\/seo-yoast-2.png\",\"contentUrl\":\"https:\\\/\\\/www.qwien.at\\\/wp-content\\\/uploads\\\/2025\\\/06\\\/seo-yoast-2.png\",\"width\":697,\"height\":697,\"caption\":\"Qwien\"},\"image\":{\"@id\":\"https:\\\/\\\/www.qwien.at\\\/en\\\/#\\\/schema\\\/logo\\\/image\\\/\"},\"sameAs\":[\"https:\\\/\\\/www.instagram.com\\\/qwien.zentrum\\\/\"]},{\"@type\":\"Person\",\"@id\":\"https:\\\/\\\/www.qwien.at\\\/en\\\/#\\\/schema\\\/person\\\/d3fe9114b43d8e5a558a6d20ca3e2920\",\"name\":\"Andreas Brunner\"}]}<\/script>\n<!-- \/ Yoast SEO plugin. -->","yoast_head_json":{"title":"Max K\u00fcbeck - 50 Jahre Kunst - Blog - Qwien - Zentrum f\u00fcr queere Geschichte","robots":{"index":"index","follow":"follow","max-snippet":"max-snippet:-1","max-image-preview":"max-image-preview:large","max-video-preview":"max-video-preview:-1"},"canonical":"https:\/\/www.qwien.at\/en\/qwien\/max-kuebeck-50-jahre-kunst\/","og_locale":"en_US","og_type":"article","og_title":"Max K\u00fcbeck - 50 Jahre Kunst - Blog - Qwien - Zentrum f\u00fcr queere Geschichte","og_description":"\u201eZu Malen habe ich begonnen, weil ich reiche Freunde hatte und Geschenke machen musste\u201c, flunkert Max K\u00fcbeck mit f\u00fcr ihn typischem Understatement in einem Gespr\u00e4ch mit Marlene Streeruwitz, das auch auf Youtube zu finden ist. Eigentlich ist er Restaurator, der auch zu malen Begonnen hat, weil er \u201eeinen Platz in der Welt suchte\u201c. Einen Platz [&hellip;]","og_url":"https:\/\/www.qwien.at\/en\/qwien\/max-kuebeck-50-jahre-kunst\/","og_site_name":"Qwien - Zentrum f\u00fcr queere Geschichte","article_published_time":"2025-07-15T19:37:13+00:00","og_image":[{"width":1024,"height":682,"url":"https:\/\/www.qwien.at\/wp-content\/uploads\/2022\/04\/E3A0005.jpg","type":"image\/jpeg"}],"author":"Andreas Brunner","twitter_card":"summary_large_image","twitter_misc":{"Written by":"Andreas Brunner","Est. reading time":"2 minutes"},"schema":{"@context":"https:\/\/schema.org","@graph":[{"@type":["Article","BlogPosting"],"@id":"https:\/\/www.qwien.at\/en\/qwien\/max-kuebeck-50-jahre-kunst\/#article","isPartOf":{"@id":"https:\/\/www.qwien.at\/en\/qwien\/max-kuebeck-50-jahre-kunst\/"},"author":{"name":"Andreas Brunner","@id":"https:\/\/www.qwien.at\/en\/#\/schema\/person\/d3fe9114b43d8e5a558a6d20ca3e2920"},"headline":"Max K\u00fcbeck &#8211; 50 Jahre Kunst","datePublished":"2025-07-15T19:37:13+00:00","mainEntityOfPage":{"@id":"https:\/\/www.qwien.at\/en\/qwien\/max-kuebeck-50-jahre-kunst\/"},"wordCount":416,"publisher":{"@id":"https:\/\/www.qwien.at\/en\/#organization"},"image":{"@id":"https:\/\/www.qwien.at\/en\/qwien\/max-kuebeck-50-jahre-kunst\/#primaryimage"},"thumbnailUrl":"https:\/\/www.qwien.at\/wp-content\/uploads\/2022\/04\/20220102_141049.jpg","keywords":["Galerie Mario Soldo","Kunst","Max K\u00fcbeck"],"articleSection":["Qwien","Tipp","Webarchiv"],"inLanguage":"en-US"},{"@type":"WebPage","@id":"https:\/\/www.qwien.at\/en\/qwien\/max-kuebeck-50-jahre-kunst\/","url":"https:\/\/www.qwien.at\/en\/qwien\/max-kuebeck-50-jahre-kunst\/","name":"Max K\u00fcbeck - 50 Jahre Kunst - Blog - Qwien - Zentrum f\u00fcr queere Geschichte","isPartOf":{"@id":"https:\/\/www.qwien.at\/en\/#website"},"primaryImageOfPage":{"@id":"https:\/\/www.qwien.at\/en\/qwien\/max-kuebeck-50-jahre-kunst\/#primaryimage"},"image":{"@id":"https:\/\/www.qwien.at\/en\/qwien\/max-kuebeck-50-jahre-kunst\/#primaryimage"},"thumbnailUrl":"https:\/\/www.qwien.at\/wp-content\/uploads\/2022\/04\/20220102_141049.jpg","datePublished":"2025-07-15T19:37:13+00:00","breadcrumb":{"@id":"https:\/\/www.qwien.at\/en\/qwien\/max-kuebeck-50-jahre-kunst\/#breadcrumb"},"inLanguage":"en-US","potentialAction":[{"@type":"ReadAction","target":["https:\/\/www.qwien.at\/en\/qwien\/max-kuebeck-50-jahre-kunst\/"]}]},{"@type":"ImageObject","inLanguage":"en-US","@id":"https:\/\/www.qwien.at\/en\/qwien\/max-kuebeck-50-jahre-kunst\/#primaryimage","url":"https:\/\/www.qwien.at\/wp-content\/uploads\/2022\/04\/20220102_141049.jpg","contentUrl":"https:\/\/www.qwien.at\/wp-content\/uploads\/2022\/04\/20220102_141049.jpg","width":1024,"height":768},{"@type":"BreadcrumbList","@id":"https:\/\/www.qwien.at\/en\/qwien\/max-kuebeck-50-jahre-kunst\/#breadcrumb","itemListElement":[{"@type":"ListItem","position":1,"name":"Startseite","item":"https:\/\/www.qwien.at\/en\/"},{"@type":"ListItem","position":2,"name":"Max K\u00fcbeck &#8211; 50 Jahre Kunst"}]},{"@type":"WebSite","@id":"https:\/\/www.qwien.at\/en\/#website","url":"https:\/\/www.qwien.at\/en\/","name":"Qwien - Zentrum f\u00fcr queere Geschichte","description":"","publisher":{"@id":"https:\/\/www.qwien.at\/en\/#organization"},"potentialAction":[{"@type":"SearchAction","target":{"@type":"EntryPoint","urlTemplate":"https:\/\/www.qwien.at\/en\/?s={search_term_string}"},"query-input":{"@type":"PropertyValueSpecification","valueRequired":true,"valueName":"search_term_string"}}],"inLanguage":"en-US"},{"@type":"Organization","@id":"https:\/\/www.qwien.at\/en\/#organization","name":"Qwien","url":"https:\/\/www.qwien.at\/en\/","logo":{"@type":"ImageObject","inLanguage":"en-US","@id":"https:\/\/www.qwien.at\/en\/#\/schema\/logo\/image\/","url":"https:\/\/www.qwien.at\/wp-content\/uploads\/2025\/06\/seo-yoast-2.png","contentUrl":"https:\/\/www.qwien.at\/wp-content\/uploads\/2025\/06\/seo-yoast-2.png","width":697,"height":697,"caption":"Qwien"},"image":{"@id":"https:\/\/www.qwien.at\/en\/#\/schema\/logo\/image\/"},"sameAs":["https:\/\/www.instagram.com\/qwien.zentrum\/"]},{"@type":"Person","@id":"https:\/\/www.qwien.at\/en\/#\/schema\/person\/d3fe9114b43d8e5a558a6d20ca3e2920","name":"Andreas Brunner"}]}},"_links":{"self":[{"href":"https:\/\/www.qwien.at\/en\/wp-json\/wp\/v2\/posts\/11034","targetHints":{"allow":["GET"]}}],"collection":[{"href":"https:\/\/www.qwien.at\/en\/wp-json\/wp\/v2\/posts"}],"about":[{"href":"https:\/\/www.qwien.at\/en\/wp-json\/wp\/v2\/types\/post"}],"author":[{"embeddable":true,"href":"https:\/\/www.qwien.at\/en\/wp-json\/wp\/v2\/users\/4"}],"replies":[{"embeddable":true,"href":"https:\/\/www.qwien.at\/en\/wp-json\/wp\/v2\/comments?post=11034"}],"version-history":[{"count":0,"href":"https:\/\/www.qwien.at\/en\/wp-json\/wp\/v2\/posts\/11034\/revisions"}],"wp:featuredmedia":[{"embeddable":true,"href":"https:\/\/www.qwien.at\/en\/wp-json\/wp\/v2\/media\/9757"}],"wp:attachment":[{"href":"https:\/\/www.qwien.at\/en\/wp-json\/wp\/v2\/media?parent=11034"}],"wp:term":[{"taxonomy":"category","embeddable":true,"href":"https:\/\/www.qwien.at\/en\/wp-json\/wp\/v2\/categories?post=11034"},{"taxonomy":"post_tag","embeddable":true,"href":"https:\/\/www.qwien.at\/en\/wp-json\/wp\/v2\/tags?post=11034"}],"curies":[{"name":"wp","href":"https:\/\/api.w.org\/{rel}","templated":true}]}}