{"id":11048,"date":"2025-07-15T21:37:12","date_gmt":"2025-07-15T19:37:12","guid":{"rendered":"https:\/\/www.qwien.at\/nicht-kategorisiert\/hilma-af-klint-verkannte-pionierin-qwien-leibetseder-kunst\/"},"modified":"2025-07-15T21:37:12","modified_gmt":"2025-07-15T19:37:12","slug":"hilma-af-klint-verkannte-pionierin-qwien-leibetseder-kunst","status":"publish","type":"post","link":"https:\/\/www.qwien.at\/en\/qwien-books\/hilma-af-klint-verkannte-pionierin-qwien-leibetseder-kunst\/","title":{"rendered":"Hilma af Klint: Verkannte Pionierin"},"content":{"rendered":"<p><strong><em>2018 <\/em><em>stellt<\/em><em> das <\/em><\/strong><em><strong>Guggenheim Museum in New York Werke der weitgehend unbekannten K\u00fcnstlerin Hilma af Klint aus. Die Ausstellung ist ein \u00fcberraschender Erfolg und f\u00fchrt zur Wiederentdeckung der schwedischen Malerin, die ihrer Zeit voraus war. Julia Voss arbeitete in jahrelanger Forschung das Leben und Werk af Klints auf und ver\u00f6ffentlichte die erste Biografie \u00fcber eine Frau, \u00fcber die noch viel geschrieben werden wird.\u00a0 <\/strong><\/em><em><strong>Von Lena Leibetseder.<\/strong><\/em><em>\u00a0<\/em><\/p>\n<p><!--more--><\/p>\n<p>Hilma af Klint wird im Oktober 1852 in Solna in einer Kaserne geboren. Der Vater ist Offizier der schwedischen Marine, die Mutter stammt aus einer wohlhabenden, finnischen Familie. Die Eltern sind liberal eingestellt und erm\u00f6glichen ihren Kindern deshalb und aufgrund ihrer guten finanziellen Situation den Besuch einer M\u00e4dchenschule sowie sp\u00e4ter weiterf\u00fchrende Ausbildungen. Die Schule und vor allem die Dominanz der religi\u00f6sen Erziehung empfindet af Klint jedoch als restriktiv und einschr\u00e4nkend, und sie schreibt sp\u00e4ter \u00fcber ihre Schulzeit, dass sie ihr Kummer bereitet habe.<\/p>\n<p>Schon fr\u00fch zeigt sich af Klints k\u00fcnstlerisches Potenzial und ihr kreativer Geist. Mit nur 17 Jahren verkehrt sie als Prot\u00e9g\u00e9e der Fotografin Bertha Valerius in schwedischen K\u00fcnstler_innenkreisen und nimmt auch w\u00e4hrend dieser Zeit zum ersten Mal an S\u00e9ancen Teil, die ihr den Eintritt weisen in eine spirituelle Welt und determinierend f\u00fcr af Klints sp\u00e4teres k\u00fcnstlerisches Schaffen und ihr Kunstverst\u00e4ndnis werden. Dieses Kunstverst\u00e4ndnis teil sie mit einem kleinen, aufstrebenden Kreis, der jedoch in Schweden stark in der Minderheit bleibt. Denn die Auffassung, dass K\u00fcnstler_innen besondere F\u00e4higkeiten haben, um Signale aus anderen Welten zu empfangen sowie die Vision einer Zukunft, in der sich die Frau als tonangebend in der Kunstszene erweist, findet den Ma\u00dfst\u00e4ben der Zeit entsprechend wenig breitenwirksamen Anklang.<\/p>\n<div id=\"attachment_5533\" style=\"width: 210px\" class=\"wp-caption alignleft\"><img loading=\"lazy\" decoding=\"async\" aria-describedby=\"caption-attachment-5533\" class=\"wp-image-5533 size-medium\" src=\"https:\/\/www.qwien.at\/wp-content\/uploads\/2020\/09\/Hilma-af-Klint_portrait-200x300.jpg\" alt=\"\" width=\"200\" height=\"300\" srcset=\"https:\/\/www.qwien.at\/wp-content\/uploads\/2020\/09\/Hilma-af-Klint_portrait-200x300.jpg 200w, https:\/\/www.qwien.at\/wp-content\/uploads\/2020\/09\/Hilma-af-Klint_portrait.jpg 533w\" sizes=\"auto, (max-width: 200px) 100vw, 200px\" \/><p id=\"caption-attachment-5533\" class=\"wp-caption-text\">Hilma af Klint in ihrem Studio<\/p><\/div>\n<p>Hilma af Klint beginnt 1882 ihr Studium an der K\u00f6niglichen Akademie der freien K\u00fcnste, wo sie bereits das Ungleichgewicht zugunsten M\u00e4nnern in der Kunstszene erf\u00e4hrt, das sp\u00e4ter ihre eigene Karriere bestimmen wird. Alle Lehrenden sind M\u00e4nner, zudem werden M\u00e4nner und Frauen getrennt unterrichtet. Und dennoch ist der blo\u00dfe Umstand, dass af Klint als Frau an der Universit\u00e4t studieren darf h\u00f6chst fortschrittlich, im Rest Europas bleibt der Zugang zu h\u00f6herer k\u00fcnstlerischer Ausbildung vorerst M\u00e4nnern vorbehalten.<\/p>\n<p>W\u00e4hrend des Studiums findet af Klint in ihrer Studienkollegin Anna Maria Cassel eine lebenslange Freundin. Die Beiden teilen das Interesse f\u00fcr Mystik und dringen zusammen weiter in spirituelle Kreise vor. Af Klint besch\u00e4ftigt sich mit freien Geschlechtsvorstellungen und der Idee, dass M\u00e4nnlichkeit und Weiblichkeit keine streng voneinander getrennten Konstrukte bilden. Viele ihrer Glaubenss\u00e4tze und \u00dcberzeugungen findet die K\u00fcnstlerin in der Theosophie, einer mystisch-religi\u00f6sen Lehre, wieder. Sie wird Teil von \u201eDe Fem\u201c, zu Deutsch \u201eDie F\u00fcnf\u201c, einer Gruppe von Frauen, die sich unregelm\u00e4\u00dfig, aber \u00fcber einen langen Zeitraum hinweg immer wieder treffen, um gemeinsam an S\u00e9ancen teilzunehmen und w\u00e4hrend dieser Sitzungen Kunst zu schaffen. Af Klint hat Visionen, betrachtet sich selbst als Medium und beschreibt, wie Stimmen mit ihr Kontakt aufnehmen, und ihr auftragen, sie solle zeichnen.<\/p>\n<p>Unter den Eindr\u00fccken der S\u00e9ancen und ihrer tiefergehenden Besch\u00e4ftigung mit okkulten Wissenschaften malt af Klint 1906 ihre erste Serie, \u201eUrchaos\u201c. Es sind abstrakte Gem\u00e4lde, in ihrer Art die ersten weltweit.<\/p>\n<div id=\"attachment_5543\" style=\"width: 227px\" class=\"wp-caption alignright\"><img loading=\"lazy\" decoding=\"async\" aria-describedby=\"caption-attachment-5543\" class=\"wp-image-5543 size-medium\" src=\"https:\/\/www.qwien.at\/wp-content\/uploads\/2020\/09\/433px-Hilma_af_Klint_1906-07_Primordial_Chaos_-_No_16-217x300.jpg\" alt=\"\" width=\"217\" height=\"300\" srcset=\"https:\/\/www.qwien.at\/wp-content\/uploads\/2020\/09\/433px-Hilma_af_Klint_1906-07_Primordial_Chaos_-_No_16-217x300.jpg 217w, https:\/\/www.qwien.at\/wp-content\/uploads\/2020\/09\/433px-Hilma_af_Klint_1906-07_Primordial_Chaos_-_No_16.jpg 433w\" sizes=\"auto, (max-width: 217px) 100vw, 217px\" \/><p id=\"caption-attachment-5543\" class=\"wp-caption-text\">Hilma af Klint: Urchaos, Nr. 16, Gruppe I<\/p><\/div>\n<blockquote><p><em>\u201eDen Gem\u00e4lden fehlt jeder Ma\u00dfstab, mit dessen Hilfe sich bestimmen lie\u00dfe, welche Dimensionen die Formen haben k\u00f6nnten, die sich auf den Leinw\u00e4nden zeigen. In einem Moment f\u00fchlt man sich, als ob man \u00fcber den Rand einer \u00fcbergro\u00dfen Petrischale blicken w\u00fcrde. Im n\u00e4chsten Moment k\u00f6nnte man schon mitten in der Milchstra\u00dfe stehen und hinein ins All gucken, zu Planeten, Kometen oder Sternen. Wie ein Gulliver im Zeitraffer schrumpft der Betrachter. Eine Sekunde in Liliput und die Welt wird zur Miniatur. Die zweite Sekunde schon wieder in Brobdingnag, alles wird riesenhaft gro\u00df.\u201c<\/em><\/p>\n<p>Julia Voss, S. 239<\/p><\/blockquote>\n<p style=\"text-align: left;\">Gro\u00dfen Einfluss auf ihr Kunstschaffen haben auch af Klints Beziehungen, besonders jene zu ihrer langj\u00e4hrigen Studienfreundin Anna Cassel, aber auch zu Sigrid Lanc\u00e9n, die af Klint ungew\u00f6hnlich detailliert in ihren Notizb\u00fcchern festh\u00e4lt. Lanc\u00e9n bewegt sich in den spirituellen Kreisen um die K\u00fcnstlerin und hilft als Krankengymnastikern bei der Pflege von af Klints Mutter, bevor sie und af Klint zusammenfinden. Die k\u00f6rperliche N\u00e4he zu Lanc\u00e9n und ihre gemeinsamen sexuellen Erfahrungen halten beide Frauen als h\u00f6chst spirituell fest. Sie f\u00fchlen sich, als w\u00fcrde ihre k\u00f6rperliche Intimit\u00e4t sie n\u00e4herbringen zu den Antworten auf die spirituellen Fragen, die sie sich stellen. Liebe wird f\u00fcr Hilma af Klint ein zentraler Weg zur Erkenntnis und deshalb von gro\u00dfer Bedeutung f\u00fcr ihr Schaffen.<\/p>\n<div id=\"attachment_5537\" style=\"width: 310px\" class=\"wp-caption alignright\"><img loading=\"lazy\" decoding=\"async\" aria-describedby=\"caption-attachment-5537\" class=\"wp-image-5537 size-medium\" src=\"https:\/\/www.qwien.at\/wp-content\/uploads\/2020\/09\/781px-Hilma_af_Klint_-_Group_VI_Evolution_No._13_13949-300x230.jpg\" alt=\"\" width=\"300\" height=\"230\" srcset=\"https:\/\/www.qwien.at\/wp-content\/uploads\/2020\/09\/781px-Hilma_af_Klint_-_Group_VI_Evolution_No._13_13949-300x230.jpg 300w, https:\/\/www.qwien.at\/wp-content\/uploads\/2020\/09\/781px-Hilma_af_Klint_-_Group_VI_Evolution_No._13_13949-768x590.jpg 768w, https:\/\/www.qwien.at\/wp-content\/uploads\/2020\/09\/781px-Hilma_af_Klint_-_Group_VI_Evolution_No._13_13949.jpg 781w\" sizes=\"auto, (max-width: 300px) 100vw, 300px\" \/><p id=\"caption-attachment-5537\" class=\"wp-caption-text\">Hilma af Klint: Evolution, Nr. 13, Gruppe VI<\/p><\/div>\n<p>Fast in Eile und getrieben von einer unbestimmten Macht malt af Klint kurz nach der Vollendung von \u201eUrchaos\u201c die Serie \u201eEros\u201c. Doch diese neue Art von Kunst, die sie so eifrig schafft, trifft auf wenig wohlwollende Reaktionen, af Klint wird in Kunstkreisen nicht ernst genommen. Generell entspricht die K\u00fcnstlerin nicht den Konventionen ihrer Zeit. Die schwedische Kunstwelt spiegelt die patriarchalen Strukturen, die sich durch das 20. Jahrhundert ziehen, wider. Dass af Klint als esoterische, lesbische Frau mit abstrakter Kunst nicht die gro\u00dfen Erfolge feiert wie Wassily Kandinsky nur wenige Jahre sp\u00e4ter, verwundert sie selbst nicht. Sie setzt ihre Misserfolge in der Kunstszene nicht mit ihrem eigenen K\u00f6nnen in Verbindung, sondern erkennt klar, dass ihr die Strukturen und Normen ihrer Zeit den Erfolg verwehren.<\/p>\n<p>Deswegen tr\u00e4gt Hilma af Klint 1932 &#8220;+x&#8221; in ihr Notizbuch ein und erkl\u00e4rt darunter: \u201eAlle Arbeiten, die nach meinem Tod ge\u00f6ffnet werden sollen, tragen das obenstehende Zeichen.\u201c In erstaunlicher Klarheit erkennt sie, dass ihre Kunst erst in der Zukunft verstanden werden wird und sie ihrer Zeit voraus ist. Sie verf\u00fcgt so, dass ihr Oeuvre zu ihren Lebzeiten nicht mehr ausgestellt wird. Als sie 1944 stirbt, werden ihre Werke auf dem Dachboden ihres Neffen in Stockholm in Kisten gelagert, die erst 1966 wieder ge\u00f6ffnet werden.<\/p>\n<blockquote><p><em>\u201eHilma af Klint hat nie damit gerechnet, von der Kunstwelt im engeren Sinne verstanden zu werden. Sie wollte weder in der Akademie ausstellen noch in der Galerie, sie w\u00fcnscht sich keine Sammler oder K\u00e4ufer. Sie will ein Publikum, das sucht, Frauen, M\u00e4nner oder Kinder, denen die Bilder einen Weg weisen k\u00f6nnen, zu einer Alternative, einem Ausweg aus dem Materialismus. [\u2026] Die Augen will sie daf\u00fcr \u00f6ffnen, dass alles auch ganz anders sein k\u00f6nnte und die Welt gr\u00f6\u00dfer ist, als das, was man sieht, wandlungsf\u00e4hig und ver\u00e4nderbar.\u201c\u00a0 <\/em><\/p>\n<p>Julia Voss, S. 394<\/p><\/blockquote>\n<p>Mit Akribie und Feinf\u00fchligkeit portraitiert Julia Voss die ungew\u00f6hnliche K\u00fcnstlerin Hilma af Klint. Sie r\u00e4umt mit Vorurteilen auf und stellt af Klint als Pionierin der abstrakten Kunst an einen zentralen Ankerpunkt der Kunstgeschichte. Respektvoll arbeitet die Autorin die Beziehung zwischen af Klints Kunst und ihren spirituellen Erfahrungen auf und wird dabei zwar oft etwas zu detailverliebt, was dem Lesefluss jedoch keinen Abbruch tut. Voss portraitiert dabei nicht nur die K\u00fcnstlerin, sondern eine ganze Epoche und arbeitet an af Klint die patriarchalen Strukturen der Kunstszene auf. Die Waage zwischen Frauen und M\u00e4nnern in der Kunstgeschichte ist im Ungleichgewicht, und die Wiederentdeckung von Hilma af Klint, deren Motor zu einem gro\u00dfen St\u00fcck die Biografie von Julia Voss ist, kann sie vielleicht ein St\u00fcck weiter ins Gleichgewicht r\u00fccken.<\/p>\n<hr \/>\n<p>Julia Voss: &#8220;Die Menschheit in Erstaunen versetzten.&#8221; Hilma af Klint. Biographie, Fischer: Frankfurt am Main 2020, erh\u00e4ltlich bei <strong><span style=\"color: #000000;\"><a style=\"color: #000000;\" href=\"https:\/\/www.loewenherz.at\/index_lw_nr.php?LWNR=19228\" target=\"_blank\" rel=\"noopener noreferrer\">L\u00f6wenherz.<\/a><\/span><\/strong><\/p>\n","protected":false},"excerpt":{"rendered":"<p>2018 stellt das Guggenheim Museum in New York Werke der weitgehend unbekannten K\u00fcnstlerin Hilma af Klint aus. Die Ausstellung ist ein \u00fcberraschender Erfolg und f\u00fchrt zur Wiederentdeckung der schwedischen Malerin, die ihrer Zeit voraus war. Julia Voss arbeitete in jahrelanger Forschung das Leben und Werk af Klints auf und ver\u00f6ffentlichte die erste Biografie \u00fcber eine [&hellip;]<\/p>\n","protected":false},"author":4,"featured_media":9605,"comment_status":"closed","ping_status":"open","sticky":false,"template":"","format":"standard","meta":{"_acf_changed":false,"footnotes":""},"categories":[267,271,272],"tags":[395,396,397,327,304],"class_list":["post-11048","post","type-post","status-publish","format-standard","has-post-thumbnail","hentry","category-qwien-books","category-literature-archive","category-qwien","tag-abstrakt","tag-biographie","tag-hilma-af-klint","tag-kunst","tag-rezension","grve-entry-item","grve-blog-item"],"acf":[],"yoast_head":"<!-- This site is optimized with the Yoast SEO plugin v27.5 - https:\/\/yoast.com\/product\/yoast-seo-wordpress\/ -->\n<title>Hilma af Klint: Verkannte Pionierin - Blog - Qwien - Zentrum f\u00fcr queere Geschichte<\/title>\n<meta name=\"robots\" content=\"index, follow, max-snippet:-1, max-image-preview:large, max-video-preview:-1\" \/>\n<link rel=\"canonical\" href=\"https:\/\/www.qwien.at\/en\/qwien-books\/hilma-af-klint-verkannte-pionierin-qwien-leibetseder-kunst\/\" \/>\n<meta property=\"og:locale\" content=\"en_US\" \/>\n<meta property=\"og:type\" content=\"article\" \/>\n<meta property=\"og:title\" content=\"Hilma af Klint: Verkannte Pionierin - Blog - Qwien - Zentrum f\u00fcr queere Geschichte\" \/>\n<meta property=\"og:description\" content=\"2018 stellt das Guggenheim Museum in New York Werke der weitgehend unbekannten K\u00fcnstlerin Hilma af Klint aus. Die Ausstellung ist ein \u00fcberraschender Erfolg und f\u00fchrt zur Wiederentdeckung der schwedischen Malerin, die ihrer Zeit voraus war. Julia Voss arbeitete in jahrelanger Forschung das Leben und Werk af Klints auf und ver\u00f6ffentlichte die erste Biografie \u00fcber eine [&hellip;]\" \/>\n<meta property=\"og:url\" content=\"https:\/\/www.qwien.at\/en\/qwien-books\/hilma-af-klint-verkannte-pionierin-qwien-leibetseder-kunst\/\" \/>\n<meta property=\"og:site_name\" content=\"Qwien - Zentrum f\u00fcr queere Geschichte\" \/>\n<meta property=\"article:published_time\" content=\"2025-07-15T19:37:12+00:00\" \/>\n<meta property=\"og:image\" content=\"http:\/\/www.qwien.at\/wp-content\/uploads\/2020\/09\/Hilma-af-Klint_portrait-200x300.jpg\" \/>\n<meta name=\"author\" content=\"Andreas Brunner\" \/>\n<meta name=\"twitter:card\" content=\"summary_large_image\" \/>\n<meta name=\"twitter:label1\" content=\"Written by\" \/>\n\t<meta name=\"twitter:data1\" content=\"Andreas Brunner\" \/>\n\t<meta name=\"twitter:label2\" content=\"Est. reading time\" \/>\n\t<meta name=\"twitter:data2\" content=\"6 minutes\" \/>\n<script type=\"application\/ld+json\" class=\"yoast-schema-graph\">{\"@context\":\"https:\\\/\\\/schema.org\",\"@graph\":[{\"@type\":[\"Article\",\"BlogPosting\"],\"@id\":\"https:\\\/\\\/www.qwien.at\\\/en\\\/qwien-books\\\/hilma-af-klint-verkannte-pionierin-qwien-leibetseder-kunst\\\/#article\",\"isPartOf\":{\"@id\":\"https:\\\/\\\/www.qwien.at\\\/en\\\/qwien-books\\\/hilma-af-klint-verkannte-pionierin-qwien-leibetseder-kunst\\\/\"},\"author\":{\"name\":\"Andreas Brunner\",\"@id\":\"https:\\\/\\\/www.qwien.at\\\/en\\\/#\\\/schema\\\/person\\\/d3fe9114b43d8e5a558a6d20ca3e2920\"},\"headline\":\"Hilma af Klint: Verkannte Pionierin\",\"datePublished\":\"2025-07-15T19:37:12+00:00\",\"mainEntityOfPage\":{\"@id\":\"https:\\\/\\\/www.qwien.at\\\/en\\\/qwien-books\\\/hilma-af-klint-verkannte-pionierin-qwien-leibetseder-kunst\\\/\"},\"wordCount\":1298,\"publisher\":{\"@id\":\"https:\\\/\\\/www.qwien.at\\\/en\\\/#organization\"},\"image\":{\"@id\":\"https:\\\/\\\/www.qwien.at\\\/en\\\/qwien-books\\\/hilma-af-klint-verkannte-pionierin-qwien-leibetseder-kunst\\\/#primaryimage\"},\"thumbnailUrl\":\"https:\\\/\\\/www.qwien.at\\\/wp-content\\\/uploads\\\/2020\\\/09\\\/hilma_0002.jpg\",\"keywords\":[\"abstrakt\",\"Biographie\",\"Hilma af Klint\",\"Kunst\",\"Rezension\"],\"articleSection\":[\"Books\",\"Literature archive\",\"Qwien\"],\"inLanguage\":\"en-US\"},{\"@type\":\"WebPage\",\"@id\":\"https:\\\/\\\/www.qwien.at\\\/en\\\/qwien-books\\\/hilma-af-klint-verkannte-pionierin-qwien-leibetseder-kunst\\\/\",\"url\":\"https:\\\/\\\/www.qwien.at\\\/en\\\/qwien-books\\\/hilma-af-klint-verkannte-pionierin-qwien-leibetseder-kunst\\\/\",\"name\":\"Hilma af Klint: Verkannte Pionierin - Blog - Qwien - Zentrum f\u00fcr queere Geschichte\",\"isPartOf\":{\"@id\":\"https:\\\/\\\/www.qwien.at\\\/en\\\/#website\"},\"primaryImageOfPage\":{\"@id\":\"https:\\\/\\\/www.qwien.at\\\/en\\\/qwien-books\\\/hilma-af-klint-verkannte-pionierin-qwien-leibetseder-kunst\\\/#primaryimage\"},\"image\":{\"@id\":\"https:\\\/\\\/www.qwien.at\\\/en\\\/qwien-books\\\/hilma-af-klint-verkannte-pionierin-qwien-leibetseder-kunst\\\/#primaryimage\"},\"thumbnailUrl\":\"https:\\\/\\\/www.qwien.at\\\/wp-content\\\/uploads\\\/2020\\\/09\\\/hilma_0002.jpg\",\"datePublished\":\"2025-07-15T19:37:12+00:00\",\"breadcrumb\":{\"@id\":\"https:\\\/\\\/www.qwien.at\\\/en\\\/qwien-books\\\/hilma-af-klint-verkannte-pionierin-qwien-leibetseder-kunst\\\/#breadcrumb\"},\"inLanguage\":\"en-US\",\"potentialAction\":[{\"@type\":\"ReadAction\",\"target\":[\"https:\\\/\\\/www.qwien.at\\\/en\\\/qwien-books\\\/hilma-af-klint-verkannte-pionierin-qwien-leibetseder-kunst\\\/\"]}]},{\"@type\":\"ImageObject\",\"inLanguage\":\"en-US\",\"@id\":\"https:\\\/\\\/www.qwien.at\\\/en\\\/qwien-books\\\/hilma-af-klint-verkannte-pionierin-qwien-leibetseder-kunst\\\/#primaryimage\",\"url\":\"https:\\\/\\\/www.qwien.at\\\/wp-content\\\/uploads\\\/2020\\\/09\\\/hilma_0002.jpg\",\"contentUrl\":\"https:\\\/\\\/www.qwien.at\\\/wp-content\\\/uploads\\\/2020\\\/09\\\/hilma_0002.jpg\",\"width\":1589,\"height\":1173},{\"@type\":\"BreadcrumbList\",\"@id\":\"https:\\\/\\\/www.qwien.at\\\/en\\\/qwien-books\\\/hilma-af-klint-verkannte-pionierin-qwien-leibetseder-kunst\\\/#breadcrumb\",\"itemListElement\":[{\"@type\":\"ListItem\",\"position\":1,\"name\":\"Startseite\",\"item\":\"https:\\\/\\\/www.qwien.at\\\/en\\\/\"},{\"@type\":\"ListItem\",\"position\":2,\"name\":\"Hilma af Klint: Verkannte Pionierin\"}]},{\"@type\":\"WebSite\",\"@id\":\"https:\\\/\\\/www.qwien.at\\\/en\\\/#website\",\"url\":\"https:\\\/\\\/www.qwien.at\\\/en\\\/\",\"name\":\"Qwien - Zentrum f\u00fcr queere Geschichte\",\"description\":\"\",\"publisher\":{\"@id\":\"https:\\\/\\\/www.qwien.at\\\/en\\\/#organization\"},\"potentialAction\":[{\"@type\":\"SearchAction\",\"target\":{\"@type\":\"EntryPoint\",\"urlTemplate\":\"https:\\\/\\\/www.qwien.at\\\/en\\\/?s={search_term_string}\"},\"query-input\":{\"@type\":\"PropertyValueSpecification\",\"valueRequired\":true,\"valueName\":\"search_term_string\"}}],\"inLanguage\":\"en-US\"},{\"@type\":\"Organization\",\"@id\":\"https:\\\/\\\/www.qwien.at\\\/en\\\/#organization\",\"name\":\"Qwien\",\"url\":\"https:\\\/\\\/www.qwien.at\\\/en\\\/\",\"logo\":{\"@type\":\"ImageObject\",\"inLanguage\":\"en-US\",\"@id\":\"https:\\\/\\\/www.qwien.at\\\/en\\\/#\\\/schema\\\/logo\\\/image\\\/\",\"url\":\"https:\\\/\\\/www.qwien.at\\\/wp-content\\\/uploads\\\/2025\\\/06\\\/seo-yoast-2.png\",\"contentUrl\":\"https:\\\/\\\/www.qwien.at\\\/wp-content\\\/uploads\\\/2025\\\/06\\\/seo-yoast-2.png\",\"width\":697,\"height\":697,\"caption\":\"Qwien\"},\"image\":{\"@id\":\"https:\\\/\\\/www.qwien.at\\\/en\\\/#\\\/schema\\\/logo\\\/image\\\/\"},\"sameAs\":[\"https:\\\/\\\/www.instagram.com\\\/qwien.zentrum\\\/\"]},{\"@type\":\"Person\",\"@id\":\"https:\\\/\\\/www.qwien.at\\\/en\\\/#\\\/schema\\\/person\\\/d3fe9114b43d8e5a558a6d20ca3e2920\",\"name\":\"Andreas Brunner\"}]}<\/script>\n<!-- \/ Yoast SEO plugin. -->","yoast_head_json":{"title":"Hilma af Klint: Verkannte Pionierin - Blog - Qwien - Zentrum f\u00fcr queere Geschichte","robots":{"index":"index","follow":"follow","max-snippet":"max-snippet:-1","max-image-preview":"max-image-preview:large","max-video-preview":"max-video-preview:-1"},"canonical":"https:\/\/www.qwien.at\/en\/qwien-books\/hilma-af-klint-verkannte-pionierin-qwien-leibetseder-kunst\/","og_locale":"en_US","og_type":"article","og_title":"Hilma af Klint: Verkannte Pionierin - Blog - Qwien - Zentrum f\u00fcr queere Geschichte","og_description":"2018 stellt das Guggenheim Museum in New York Werke der weitgehend unbekannten K\u00fcnstlerin Hilma af Klint aus. Die Ausstellung ist ein \u00fcberraschender Erfolg und f\u00fchrt zur Wiederentdeckung der schwedischen Malerin, die ihrer Zeit voraus war. Julia Voss arbeitete in jahrelanger Forschung das Leben und Werk af Klints auf und ver\u00f6ffentlichte die erste Biografie \u00fcber eine [&hellip;]","og_url":"https:\/\/www.qwien.at\/en\/qwien-books\/hilma-af-klint-verkannte-pionierin-qwien-leibetseder-kunst\/","og_site_name":"Qwien - Zentrum f\u00fcr queere Geschichte","article_published_time":"2025-07-15T19:37:12+00:00","og_image":[{"url":"http:\/\/www.qwien.at\/wp-content\/uploads\/2020\/09\/Hilma-af-Klint_portrait-200x300.jpg","type":"","width":"","height":""}],"author":"Andreas Brunner","twitter_card":"summary_large_image","twitter_misc":{"Written by":"Andreas Brunner","Est. reading time":"6 minutes"},"schema":{"@context":"https:\/\/schema.org","@graph":[{"@type":["Article","BlogPosting"],"@id":"https:\/\/www.qwien.at\/en\/qwien-books\/hilma-af-klint-verkannte-pionierin-qwien-leibetseder-kunst\/#article","isPartOf":{"@id":"https:\/\/www.qwien.at\/en\/qwien-books\/hilma-af-klint-verkannte-pionierin-qwien-leibetseder-kunst\/"},"author":{"name":"Andreas Brunner","@id":"https:\/\/www.qwien.at\/en\/#\/schema\/person\/d3fe9114b43d8e5a558a6d20ca3e2920"},"headline":"Hilma af Klint: Verkannte Pionierin","datePublished":"2025-07-15T19:37:12+00:00","mainEntityOfPage":{"@id":"https:\/\/www.qwien.at\/en\/qwien-books\/hilma-af-klint-verkannte-pionierin-qwien-leibetseder-kunst\/"},"wordCount":1298,"publisher":{"@id":"https:\/\/www.qwien.at\/en\/#organization"},"image":{"@id":"https:\/\/www.qwien.at\/en\/qwien-books\/hilma-af-klint-verkannte-pionierin-qwien-leibetseder-kunst\/#primaryimage"},"thumbnailUrl":"https:\/\/www.qwien.at\/wp-content\/uploads\/2020\/09\/hilma_0002.jpg","keywords":["abstrakt","Biographie","Hilma af Klint","Kunst","Rezension"],"articleSection":["Books","Literature archive","Qwien"],"inLanguage":"en-US"},{"@type":"WebPage","@id":"https:\/\/www.qwien.at\/en\/qwien-books\/hilma-af-klint-verkannte-pionierin-qwien-leibetseder-kunst\/","url":"https:\/\/www.qwien.at\/en\/qwien-books\/hilma-af-klint-verkannte-pionierin-qwien-leibetseder-kunst\/","name":"Hilma af Klint: Verkannte Pionierin - Blog - Qwien - Zentrum f\u00fcr queere Geschichte","isPartOf":{"@id":"https:\/\/www.qwien.at\/en\/#website"},"primaryImageOfPage":{"@id":"https:\/\/www.qwien.at\/en\/qwien-books\/hilma-af-klint-verkannte-pionierin-qwien-leibetseder-kunst\/#primaryimage"},"image":{"@id":"https:\/\/www.qwien.at\/en\/qwien-books\/hilma-af-klint-verkannte-pionierin-qwien-leibetseder-kunst\/#primaryimage"},"thumbnailUrl":"https:\/\/www.qwien.at\/wp-content\/uploads\/2020\/09\/hilma_0002.jpg","datePublished":"2025-07-15T19:37:12+00:00","breadcrumb":{"@id":"https:\/\/www.qwien.at\/en\/qwien-books\/hilma-af-klint-verkannte-pionierin-qwien-leibetseder-kunst\/#breadcrumb"},"inLanguage":"en-US","potentialAction":[{"@type":"ReadAction","target":["https:\/\/www.qwien.at\/en\/qwien-books\/hilma-af-klint-verkannte-pionierin-qwien-leibetseder-kunst\/"]}]},{"@type":"ImageObject","inLanguage":"en-US","@id":"https:\/\/www.qwien.at\/en\/qwien-books\/hilma-af-klint-verkannte-pionierin-qwien-leibetseder-kunst\/#primaryimage","url":"https:\/\/www.qwien.at\/wp-content\/uploads\/2020\/09\/hilma_0002.jpg","contentUrl":"https:\/\/www.qwien.at\/wp-content\/uploads\/2020\/09\/hilma_0002.jpg","width":1589,"height":1173},{"@type":"BreadcrumbList","@id":"https:\/\/www.qwien.at\/en\/qwien-books\/hilma-af-klint-verkannte-pionierin-qwien-leibetseder-kunst\/#breadcrumb","itemListElement":[{"@type":"ListItem","position":1,"name":"Startseite","item":"https:\/\/www.qwien.at\/en\/"},{"@type":"ListItem","position":2,"name":"Hilma af Klint: Verkannte Pionierin"}]},{"@type":"WebSite","@id":"https:\/\/www.qwien.at\/en\/#website","url":"https:\/\/www.qwien.at\/en\/","name":"Qwien - Zentrum f\u00fcr queere Geschichte","description":"","publisher":{"@id":"https:\/\/www.qwien.at\/en\/#organization"},"potentialAction":[{"@type":"SearchAction","target":{"@type":"EntryPoint","urlTemplate":"https:\/\/www.qwien.at\/en\/?s={search_term_string}"},"query-input":{"@type":"PropertyValueSpecification","valueRequired":true,"valueName":"search_term_string"}}],"inLanguage":"en-US"},{"@type":"Organization","@id":"https:\/\/www.qwien.at\/en\/#organization","name":"Qwien","url":"https:\/\/www.qwien.at\/en\/","logo":{"@type":"ImageObject","inLanguage":"en-US","@id":"https:\/\/www.qwien.at\/en\/#\/schema\/logo\/image\/","url":"https:\/\/www.qwien.at\/wp-content\/uploads\/2025\/06\/seo-yoast-2.png","contentUrl":"https:\/\/www.qwien.at\/wp-content\/uploads\/2025\/06\/seo-yoast-2.png","width":697,"height":697,"caption":"Qwien"},"image":{"@id":"https:\/\/www.qwien.at\/en\/#\/schema\/logo\/image\/"},"sameAs":["https:\/\/www.instagram.com\/qwien.zentrum\/"]},{"@type":"Person","@id":"https:\/\/www.qwien.at\/en\/#\/schema\/person\/d3fe9114b43d8e5a558a6d20ca3e2920","name":"Andreas Brunner"}]}},"_links":{"self":[{"href":"https:\/\/www.qwien.at\/en\/wp-json\/wp\/v2\/posts\/11048","targetHints":{"allow":["GET"]}}],"collection":[{"href":"https:\/\/www.qwien.at\/en\/wp-json\/wp\/v2\/posts"}],"about":[{"href":"https:\/\/www.qwien.at\/en\/wp-json\/wp\/v2\/types\/post"}],"author":[{"embeddable":true,"href":"https:\/\/www.qwien.at\/en\/wp-json\/wp\/v2\/users\/4"}],"replies":[{"embeddable":true,"href":"https:\/\/www.qwien.at\/en\/wp-json\/wp\/v2\/comments?post=11048"}],"version-history":[{"count":0,"href":"https:\/\/www.qwien.at\/en\/wp-json\/wp\/v2\/posts\/11048\/revisions"}],"wp:featuredmedia":[{"embeddable":true,"href":"https:\/\/www.qwien.at\/en\/wp-json\/wp\/v2\/media\/9605"}],"wp:attachment":[{"href":"https:\/\/www.qwien.at\/en\/wp-json\/wp\/v2\/media?parent=11048"}],"wp:term":[{"taxonomy":"category","embeddable":true,"href":"https:\/\/www.qwien.at\/en\/wp-json\/wp\/v2\/categories?post=11048"},{"taxonomy":"post_tag","embeddable":true,"href":"https:\/\/www.qwien.at\/en\/wp-json\/wp\/v2\/tags?post=11048"}],"curies":[{"name":"wp","href":"https:\/\/api.w.org\/{rel}","templated":true}]}}