{"id":11049,"date":"2025-07-15T21:37:12","date_gmt":"2025-07-15T19:37:12","guid":{"rendered":"https:\/\/www.qwien.at\/nicht-kategorisiert\/historikerinnen-tagung-in-wien\/"},"modified":"2025-07-15T21:37:12","modified_gmt":"2025-07-15T19:37:12","slug":"historikerinnen-tagung-in-wien","status":"publish","type":"post","link":"https:\/\/www.qwien.at\/en\/qwien\/historikerinnen-tagung-in-wien\/","title":{"rendered":"Historiker*innen-Tagung in Wien"},"content":{"rendered":"<p>Am 3. November findet die allj\u00e4hrliche Tagung des Fachverbands Homosexualit\u00e4t und Geschichte in Wien statt.<\/p>\n<p>Der seit 1992 bestehende Fachverband von Historiker*innen und an der Geschichte der Homosexualit\u00e4ten Interessierten tagt nach 2012 zum zweiten Mal in Wien. Abermals wird QWIEN die Tagung organisieren und damit den Erfahrungsaustausch und die Vernetzung von Forscher*innen unterst\u00fctzen. Ein wichtiger Aspekt dieses der queeren Geschichte gewidmeten Tages ist es, die Bandbreite der Themen vorzustellen, die in der aktuellen Forschung diskutiert werden. So spannt sich der Bogen von der fr\u00fchen Neuzeit bis zur Auseinandersetzung mit HIV\/Aids in der unmittelbaren Vergangenheit. Daneben werden Forschungsprojekte in Deutschland und \u00d6sterreich vorgestellt, darunter auch zwei die von QWIEN initiiert und durchgef\u00fchrt wurden bzw. werden. Die Tagung findet am Samstag, dem 3. November zwischen 9.00 \u2013 17.00 Uhr im Aids Hilfe Haus, Tagungszentrum, 5. Stock, Mariahilfer G\u00fcrtel 4, 1060 Wien, statt. Wir danken der Aidshilfe Wien f\u00fcr die \u00dcberlassung der R\u00e4ume. Um Anmeldung wird gebeten: andreas.brunner@qwien.at<\/p>\n<p>Das vorl\u00e4ufige Programm in einer ersten \u00dcbersicht (das Programm wird laufend erg\u00e4nzt):<\/p>\n<p>9.00 Uhr: Registrierung im Aidshilfe Haus<br \/>\n9.25 Uhr: Begr\u00fc\u00dfung<br \/>\n9.30 Uhr: Kevin-Niklas Breu (Oldenburg) \u201eACT(ING) UP\u201c gegen den \u201eAIDS-Staat\u201c? Die Anti-AIDS-Bewegungen, transnationale Basisdemokratie und das Erbe von 1968 in Westeuropa in den 1980er und 1990er Jahren 1981 riefen die Centers for Disease Control aufgrund t\u00f6dlich verlaufender Krankheitsbilder bei zuvor gesunden, homosexuellen M\u00e4nnern in US-Gro\u00dfst\u00e4dten eine Epidemie aus, die alsbald unter der Bezeichnung HIV\/AIDS bekannt wurde. Von 1987 bis 1993 gr\u00fcndeten angesichts der zunehmenden Kriminalisierung von HIV-positiven Menschen AktivistInnen weltweit lokale Protestgruppen nach dem Vorbild von ACT UP\/ New York. Sowohl ihre Rechtfertigungsmuster als ihre Organisations- und Protestformen \u2013 Basisdemokratie, ziviler Ungehorsam, direkte Aktion \u2013 deuten auf eine Traditionslinie zur Studentenbewegung, die der oftmals ge\u00e4u\u00dferten These von der Ent-Politisierung der sozialen Bewegungen seit 1968 L\u00fcgen straft. In meinem Vortrag werde ich erste Ans\u00e4tze pr\u00e4sentieren, mit denen der Anti-AIDS-Aktivismus in den USA und Westeuropa in den 1980er und 1990er Jahre als internationale linke Graswurzelbewegung untersucht werden kann. 10.15 Uhr: Florian Wieser (M\u00fcnchen) \u201eund ich wei\u00df, dass sie alle Sodomiten sind\u201c. Diskurse von Macht, M\u00e4nnlichkeit und Homosexualit\u00e4ten in Darstellungen des fr\u00fchkolonialen Neuspanien Der Vortrag besch\u00e4ftigt sich mit den verschiedenen schriftlichen Quellen, die zu Homosexualit\u00e4ten in Mexiko f\u00fcr die Zeit vor der spanischen Eroberung 1521 zur Verf\u00fcgung stehen. Dabei geht es vor allem um die zahlreichen Widerspr\u00fcche, die sich aus diesen Quellen ergeben; teilweise wird von allgegenw\u00e4rtiger \u201eSodomie\u201c berichtet, dann wieder von einem System der Bestrafung und Verfolgung wie in Europa. Ziel ist es dabei nicht, aus den Quellen eine scheinbare Wahrheit \u00fcber die \u201ewirklichen\u201c Zust\u00e4nde unter den Nahua (\u201eAzteken\u201c) abzuleiten. Stattdessen soll anhand der Art und Weise, wie die Quellen \u00fcber Homosexualit\u00e4ten sprechen, aufgezeigt werden, welche kulturelle Macht und Bedeutung diese in der spanischsprachigen Welt der fr\u00fchen Neuzeit besa\u00dfen und wie mit der Idee der \u201eSodomie\u201c verschiedenste politische Agenden verfolgt werden konnten. Pause 11.30 Uhr: Dr. Christian-Alexander W\u00e4ldner (Ronnenberg) Frauen-Geschichte(n) zwischen Emanzipation und R\u00fcckschritt: Die Auswirkungen staatlicher Repressionen w\u00e4hrend der deutschen und \u00f6sterreichischen Nachkriegszeit aufgrund \u00a7\u00a7 175 StGB (BRD), 151 StGB (DDR) und 129Ib \u00d6StGB.    Die Verfolgung von Frauen nach \u00a7 129Ib \u00d6StGB war auch in der Zeit nach dem II. Weltkrieg in Wien Alltag, eine Z\u00e4sur war die Stunde Null im April\/Mai 1945 daher f\u00fcr frauenliebende und frauenbegehrende Frauen nicht. Dieses zeigen die ersten Sichtungen von Strafakten, die noch vorhanden sind. Dass es in der Deutschen Demokratischen Republik nach 1945 eine vergleichende Strafbarkeit f\u00fcr Frauen gab, ist allenfalls einen Fachpublikum bekannt \u2013 dass es aber auch in Westdeutschland F\u00e4lle gab, in denen Frauen nach dem eigentlich nur auf die m\u00e4nnliche Sexualit\u00e4t ausgelegt \u00a7 175 StGB vorkam, und dieses nicht gerade nur punktuell, zeigen die aktuellen Forschungsergebnisse. Ein erster Versuch der Kontextualisierung soll auf dieser Tagung die Parallelen und Unterschiede aufzeigen. 12.15 Uhr: Hannes Sulzenbacher (QWIEN) Zum Abschluss des Projekts der \u201eNamentlichen Erfassung aller homosexuellen und Transgender-Opfer des Nationalsozialismus in Wien\u201c 12.30 Uhr \u2013 14.30 Uhr Mittagspause 14.30 Uhr: Ben Miller (Berlin) Wozu sind wir da? Harry Hay, die Homosexuellenfrage und das Erbe des Marxismus 15.15 Uhr: Karl-Heinz Steinle (Berlin) Quellen zu LSBTTIQ in T\u00fcbingen, Projekt mit dem Stadtarchiv T\u00fcbingen Quellen zu Lesben, Schwulen, Bisexuellen, Transgender, Trans- und Intersexuellen und Queers befinden sich in allen Best\u00e4nden, sind dort aber in der Regel nicht als solche gekennzeichnet. \u00dcber Recherchen in staatlichen, kirchlichen und st\u00e4dtischen Archiven, in \u00f6ffentlichen und privaten (Kunst-)Sammlungen und Bildarchiven in T\u00fcbingen und anderswo sollen Best\u00e4nde zu Repressionen und Verfolgung, zu Freundschaften, Beziehungsmodellen und der Schaffung eigener Lebenswelten sowie zum Kampf um gleiche Rechte und Teilhabe von LSBTTIQ in T\u00fcbingen und Umgebung erfasst werden. Ziele des Projektes sind die Aufarbeitung entsprechender Best\u00e4nde unter Beteiligung der jeweiligen Sammlungsleitungen, die Erstellung eines Findbuches sowie die Zug\u00e4nglichmachung dieser Best\u00e4nde f\u00fcr die weitere Forschung.  16.00 Uhr: Dr. Christopher Treiblmayr (QWIEN) Von Homoerotik zu Homophobie. Dekonstruktion stereotyper Sexualit\u00e4ts- und M\u00e4nnlichkeitsbilder des \u201eOrients\u201c Der Vortrag stellt ein bei QWIEN im Herbst 2018 gestartetes Forschungsprojekt vor, dass sich der Frage nach \u201eorientalischen\u201c Bildern von Sexualit\u00e4t und M\u00e4nnlichkeit im deutschsprachigen Raum seit 1850 widmet. Ausgehend von Edward Saids Feststellung \u00fcber die Funktion des \u201eOrients\u201c als Gegenfolie bzw. zentrales Element in der Konstruktion und Eigendefinition \u201ewestlicher Kultur(en)\u201c untersucht das Projektteam anhand einer breiten Quellenbasis Stereotypisierungen bis zur Gegenwart. 17.00 Uhr Ende]]<\/p>\n","protected":false},"excerpt":{"rendered":"<p>Am 3. November findet die allj\u00e4hrliche Tagung des Fachverbands Homosexualit\u00e4t und Geschichte in Wien statt. Der seit 1992 bestehende Fachverband von Historiker*innen und an der Geschichte der Homosexualit\u00e4ten Interessierten tagt nach 2012 zum zweiten Mal in Wien. Abermals wird QWIEN die Tagung organisieren und damit den Erfahrungsaustausch und die Vernetzung von Forscher*innen unterst\u00fctzen. Ein wichtiger [&hellip;]<\/p>\n","protected":false},"author":4,"featured_media":0,"comment_status":"closed","ping_status":"open","sticky":false,"template":"","format":"standard","meta":{"_acf_changed":false,"footnotes":""},"categories":[272,274,276],"tags":[],"class_list":["post-11049","post","type-post","status-publish","format-standard","hentry","category-qwien","category-qwien-studies","category-webarchive","grve-entry-item","grve-blog-item"],"acf":[],"yoast_head":"<!-- This site is optimized with the Yoast SEO plugin v27.5 - https:\/\/yoast.com\/product\/yoast-seo-wordpress\/ -->\n<title>Historiker*innen-Tagung in Wien - Blog - Qwien - Zentrum f\u00fcr queere Geschichte<\/title>\n<meta name=\"robots\" content=\"index, follow, max-snippet:-1, max-image-preview:large, max-video-preview:-1\" \/>\n<link rel=\"canonical\" href=\"https:\/\/www.qwien.at\/en\/qwien\/historikerinnen-tagung-in-wien\/\" \/>\n<meta property=\"og:locale\" content=\"en_US\" \/>\n<meta property=\"og:type\" content=\"article\" \/>\n<meta property=\"og:title\" content=\"Historiker*innen-Tagung in Wien - Blog - Qwien - Zentrum f\u00fcr queere Geschichte\" \/>\n<meta property=\"og:description\" content=\"Am 3. November findet die allj\u00e4hrliche Tagung des Fachverbands Homosexualit\u00e4t und Geschichte in Wien statt. Der seit 1992 bestehende Fachverband von Historiker*innen und an der Geschichte der Homosexualit\u00e4ten Interessierten tagt nach 2012 zum zweiten Mal in Wien. Abermals wird QWIEN die Tagung organisieren und damit den Erfahrungsaustausch und die Vernetzung von Forscher*innen unterst\u00fctzen. Ein wichtiger [&hellip;]\" \/>\n<meta property=\"og:url\" content=\"https:\/\/www.qwien.at\/en\/qwien\/historikerinnen-tagung-in-wien\/\" \/>\n<meta property=\"og:site_name\" content=\"Qwien - Zentrum f\u00fcr queere Geschichte\" \/>\n<meta property=\"article:published_time\" content=\"2025-07-15T19:37:12+00:00\" \/>\n<meta property=\"og:image\" content=\"https:\/\/www.qwien.at\/wp-content\/uploads\/2025\/06\/seo-yoast-1.png\" \/>\n\t<meta property=\"og:image:width\" content=\"1921\" \/>\n\t<meta property=\"og:image:height\" content=\"1081\" \/>\n\t<meta property=\"og:image:type\" content=\"image\/png\" \/>\n<meta name=\"author\" content=\"Andreas Brunner\" \/>\n<meta name=\"twitter:card\" content=\"summary_large_image\" \/>\n<meta name=\"twitter:label1\" content=\"Written by\" \/>\n\t<meta name=\"twitter:data1\" content=\"Andreas Brunner\" \/>\n\t<meta name=\"twitter:label2\" content=\"Est. reading time\" \/>\n\t<meta name=\"twitter:data2\" content=\"4 minutes\" \/>\n<script type=\"application\/ld+json\" class=\"yoast-schema-graph\">{\"@context\":\"https:\\\/\\\/schema.org\",\"@graph\":[{\"@type\":[\"Article\",\"BlogPosting\"],\"@id\":\"https:\\\/\\\/www.qwien.at\\\/en\\\/qwien\\\/historikerinnen-tagung-in-wien\\\/#article\",\"isPartOf\":{\"@id\":\"https:\\\/\\\/www.qwien.at\\\/en\\\/qwien\\\/historikerinnen-tagung-in-wien\\\/\"},\"author\":{\"name\":\"Andreas Brunner\",\"@id\":\"https:\\\/\\\/www.qwien.at\\\/en\\\/#\\\/schema\\\/person\\\/d3fe9114b43d8e5a558a6d20ca3e2920\"},\"headline\":\"Historiker*innen-Tagung in Wien\",\"datePublished\":\"2025-07-15T19:37:12+00:00\",\"mainEntityOfPage\":{\"@id\":\"https:\\\/\\\/www.qwien.at\\\/en\\\/qwien\\\/historikerinnen-tagung-in-wien\\\/\"},\"wordCount\":891,\"publisher\":{\"@id\":\"https:\\\/\\\/www.qwien.at\\\/en\\\/#organization\"},\"articleSection\":[\"Qwien\",\"Studies\",\"Webarchiv\"],\"inLanguage\":\"en-US\"},{\"@type\":\"WebPage\",\"@id\":\"https:\\\/\\\/www.qwien.at\\\/en\\\/qwien\\\/historikerinnen-tagung-in-wien\\\/\",\"url\":\"https:\\\/\\\/www.qwien.at\\\/en\\\/qwien\\\/historikerinnen-tagung-in-wien\\\/\",\"name\":\"Historiker*innen-Tagung in Wien - Blog - Qwien - Zentrum f\u00fcr queere Geschichte\",\"isPartOf\":{\"@id\":\"https:\\\/\\\/www.qwien.at\\\/en\\\/#website\"},\"datePublished\":\"2025-07-15T19:37:12+00:00\",\"breadcrumb\":{\"@id\":\"https:\\\/\\\/www.qwien.at\\\/en\\\/qwien\\\/historikerinnen-tagung-in-wien\\\/#breadcrumb\"},\"inLanguage\":\"en-US\",\"potentialAction\":[{\"@type\":\"ReadAction\",\"target\":[\"https:\\\/\\\/www.qwien.at\\\/en\\\/qwien\\\/historikerinnen-tagung-in-wien\\\/\"]}]},{\"@type\":\"BreadcrumbList\",\"@id\":\"https:\\\/\\\/www.qwien.at\\\/en\\\/qwien\\\/historikerinnen-tagung-in-wien\\\/#breadcrumb\",\"itemListElement\":[{\"@type\":\"ListItem\",\"position\":1,\"name\":\"Startseite\",\"item\":\"https:\\\/\\\/www.qwien.at\\\/en\\\/\"},{\"@type\":\"ListItem\",\"position\":2,\"name\":\"Historiker*innen-Tagung in Wien\"}]},{\"@type\":\"WebSite\",\"@id\":\"https:\\\/\\\/www.qwien.at\\\/en\\\/#website\",\"url\":\"https:\\\/\\\/www.qwien.at\\\/en\\\/\",\"name\":\"Qwien - Zentrum f\u00fcr queere Geschichte\",\"description\":\"\",\"publisher\":{\"@id\":\"https:\\\/\\\/www.qwien.at\\\/en\\\/#organization\"},\"potentialAction\":[{\"@type\":\"SearchAction\",\"target\":{\"@type\":\"EntryPoint\",\"urlTemplate\":\"https:\\\/\\\/www.qwien.at\\\/en\\\/?s={search_term_string}\"},\"query-input\":{\"@type\":\"PropertyValueSpecification\",\"valueRequired\":true,\"valueName\":\"search_term_string\"}}],\"inLanguage\":\"en-US\"},{\"@type\":\"Organization\",\"@id\":\"https:\\\/\\\/www.qwien.at\\\/en\\\/#organization\",\"name\":\"Qwien\",\"url\":\"https:\\\/\\\/www.qwien.at\\\/en\\\/\",\"logo\":{\"@type\":\"ImageObject\",\"inLanguage\":\"en-US\",\"@id\":\"https:\\\/\\\/www.qwien.at\\\/en\\\/#\\\/schema\\\/logo\\\/image\\\/\",\"url\":\"https:\\\/\\\/www.qwien.at\\\/wp-content\\\/uploads\\\/2025\\\/06\\\/seo-yoast-2.png\",\"contentUrl\":\"https:\\\/\\\/www.qwien.at\\\/wp-content\\\/uploads\\\/2025\\\/06\\\/seo-yoast-2.png\",\"width\":697,\"height\":697,\"caption\":\"Qwien\"},\"image\":{\"@id\":\"https:\\\/\\\/www.qwien.at\\\/en\\\/#\\\/schema\\\/logo\\\/image\\\/\"},\"sameAs\":[\"https:\\\/\\\/www.instagram.com\\\/qwien.zentrum\\\/\"]},{\"@type\":\"Person\",\"@id\":\"https:\\\/\\\/www.qwien.at\\\/en\\\/#\\\/schema\\\/person\\\/d3fe9114b43d8e5a558a6d20ca3e2920\",\"name\":\"Andreas Brunner\"}]}<\/script>\n<!-- \/ Yoast SEO plugin. -->","yoast_head_json":{"title":"Historiker*innen-Tagung in Wien - Blog - Qwien - Zentrum f\u00fcr queere Geschichte","robots":{"index":"index","follow":"follow","max-snippet":"max-snippet:-1","max-image-preview":"max-image-preview:large","max-video-preview":"max-video-preview:-1"},"canonical":"https:\/\/www.qwien.at\/en\/qwien\/historikerinnen-tagung-in-wien\/","og_locale":"en_US","og_type":"article","og_title":"Historiker*innen-Tagung in Wien - Blog - Qwien - Zentrum f\u00fcr queere Geschichte","og_description":"Am 3. November findet die allj\u00e4hrliche Tagung des Fachverbands Homosexualit\u00e4t und Geschichte in Wien statt. Der seit 1992 bestehende Fachverband von Historiker*innen und an der Geschichte der Homosexualit\u00e4ten Interessierten tagt nach 2012 zum zweiten Mal in Wien. Abermals wird QWIEN die Tagung organisieren und damit den Erfahrungsaustausch und die Vernetzung von Forscher*innen unterst\u00fctzen. Ein wichtiger [&hellip;]","og_url":"https:\/\/www.qwien.at\/en\/qwien\/historikerinnen-tagung-in-wien\/","og_site_name":"Qwien - Zentrum f\u00fcr queere Geschichte","article_published_time":"2025-07-15T19:37:12+00:00","og_image":[{"width":1921,"height":1081,"url":"https:\/\/www.qwien.at\/wp-content\/uploads\/2025\/06\/seo-yoast-1.png","type":"image\/png"}],"author":"Andreas Brunner","twitter_card":"summary_large_image","twitter_misc":{"Written by":"Andreas Brunner","Est. reading time":"4 minutes"},"schema":{"@context":"https:\/\/schema.org","@graph":[{"@type":["Article","BlogPosting"],"@id":"https:\/\/www.qwien.at\/en\/qwien\/historikerinnen-tagung-in-wien\/#article","isPartOf":{"@id":"https:\/\/www.qwien.at\/en\/qwien\/historikerinnen-tagung-in-wien\/"},"author":{"name":"Andreas Brunner","@id":"https:\/\/www.qwien.at\/en\/#\/schema\/person\/d3fe9114b43d8e5a558a6d20ca3e2920"},"headline":"Historiker*innen-Tagung in Wien","datePublished":"2025-07-15T19:37:12+00:00","mainEntityOfPage":{"@id":"https:\/\/www.qwien.at\/en\/qwien\/historikerinnen-tagung-in-wien\/"},"wordCount":891,"publisher":{"@id":"https:\/\/www.qwien.at\/en\/#organization"},"articleSection":["Qwien","Studies","Webarchiv"],"inLanguage":"en-US"},{"@type":"WebPage","@id":"https:\/\/www.qwien.at\/en\/qwien\/historikerinnen-tagung-in-wien\/","url":"https:\/\/www.qwien.at\/en\/qwien\/historikerinnen-tagung-in-wien\/","name":"Historiker*innen-Tagung in Wien - Blog - Qwien - Zentrum f\u00fcr queere Geschichte","isPartOf":{"@id":"https:\/\/www.qwien.at\/en\/#website"},"datePublished":"2025-07-15T19:37:12+00:00","breadcrumb":{"@id":"https:\/\/www.qwien.at\/en\/qwien\/historikerinnen-tagung-in-wien\/#breadcrumb"},"inLanguage":"en-US","potentialAction":[{"@type":"ReadAction","target":["https:\/\/www.qwien.at\/en\/qwien\/historikerinnen-tagung-in-wien\/"]}]},{"@type":"BreadcrumbList","@id":"https:\/\/www.qwien.at\/en\/qwien\/historikerinnen-tagung-in-wien\/#breadcrumb","itemListElement":[{"@type":"ListItem","position":1,"name":"Startseite","item":"https:\/\/www.qwien.at\/en\/"},{"@type":"ListItem","position":2,"name":"Historiker*innen-Tagung in Wien"}]},{"@type":"WebSite","@id":"https:\/\/www.qwien.at\/en\/#website","url":"https:\/\/www.qwien.at\/en\/","name":"Qwien - Zentrum f\u00fcr queere Geschichte","description":"","publisher":{"@id":"https:\/\/www.qwien.at\/en\/#organization"},"potentialAction":[{"@type":"SearchAction","target":{"@type":"EntryPoint","urlTemplate":"https:\/\/www.qwien.at\/en\/?s={search_term_string}"},"query-input":{"@type":"PropertyValueSpecification","valueRequired":true,"valueName":"search_term_string"}}],"inLanguage":"en-US"},{"@type":"Organization","@id":"https:\/\/www.qwien.at\/en\/#organization","name":"Qwien","url":"https:\/\/www.qwien.at\/en\/","logo":{"@type":"ImageObject","inLanguage":"en-US","@id":"https:\/\/www.qwien.at\/en\/#\/schema\/logo\/image\/","url":"https:\/\/www.qwien.at\/wp-content\/uploads\/2025\/06\/seo-yoast-2.png","contentUrl":"https:\/\/www.qwien.at\/wp-content\/uploads\/2025\/06\/seo-yoast-2.png","width":697,"height":697,"caption":"Qwien"},"image":{"@id":"https:\/\/www.qwien.at\/en\/#\/schema\/logo\/image\/"},"sameAs":["https:\/\/www.instagram.com\/qwien.zentrum\/"]},{"@type":"Person","@id":"https:\/\/www.qwien.at\/en\/#\/schema\/person\/d3fe9114b43d8e5a558a6d20ca3e2920","name":"Andreas Brunner"}]}},"_links":{"self":[{"href":"https:\/\/www.qwien.at\/en\/wp-json\/wp\/v2\/posts\/11049","targetHints":{"allow":["GET"]}}],"collection":[{"href":"https:\/\/www.qwien.at\/en\/wp-json\/wp\/v2\/posts"}],"about":[{"href":"https:\/\/www.qwien.at\/en\/wp-json\/wp\/v2\/types\/post"}],"author":[{"embeddable":true,"href":"https:\/\/www.qwien.at\/en\/wp-json\/wp\/v2\/users\/4"}],"replies":[{"embeddable":true,"href":"https:\/\/www.qwien.at\/en\/wp-json\/wp\/v2\/comments?post=11049"}],"version-history":[{"count":0,"href":"https:\/\/www.qwien.at\/en\/wp-json\/wp\/v2\/posts\/11049\/revisions"}],"wp:attachment":[{"href":"https:\/\/www.qwien.at\/en\/wp-json\/wp\/v2\/media?parent=11049"}],"wp:term":[{"taxonomy":"category","embeddable":true,"href":"https:\/\/www.qwien.at\/en\/wp-json\/wp\/v2\/categories?post=11049"},{"taxonomy":"post_tag","embeddable":true,"href":"https:\/\/www.qwien.at\/en\/wp-json\/wp\/v2\/tags?post=11049"}],"curies":[{"name":"wp","href":"https:\/\/api.w.org\/{rel}","templated":true}]}}