{"id":11050,"date":"2025-07-15T21:37:12","date_gmt":"2025-07-15T19:37:12","guid":{"rendered":"https:\/\/www.qwien.at\/nicht-kategorisiert\/der-unbekannte-auden\/"},"modified":"2025-07-15T21:37:12","modified_gmt":"2025-07-15T19:37:12","slug":"der-unbekannte-auden","status":"publish","type":"post","link":"https:\/\/www.qwien.at\/en\/qwien-books\/der-unbekannte-auden\/","title":{"rendered":"Der unbekannte Auden"},"content":{"rendered":"<p><strong>Pr\u00e4sentation eines Beitrags \u00fcber den britisch-amerikanischen Dichter Wystan Hugh Auden und dessen schwules Leben in Wien und Kirchstetten in der Buchhandlung L\u00f6wenherz.<\/strong><\/p>\n<p>Obwohl W. H. Auden einer der bedeutendsten englischsprachigen Lyriker des 20. Jahrhunderts war, u. a.&nbsp; f\u00fcr den Nobelpreis nominiert, ist er heute fast vergessen. Bis vor kurzem war auf den deutschen Buchmarkt keine einzige seiner zahlreichen Publikationen lieferbar. Umso verdienstvoller ist die Neu\u00fcbersetzung eines sp\u00e4ten Gedichtzyklus von Auden, der nun in der Literaturedition Nieder\u00f6sterreich erschienen ist. <em>Thanksgiving f\u00fcr eine Habitat<\/em> nannte Auden einen aus zw\u00f6lf Langgedichten bestehenden Zyklus, der sich den R\u00e4umen seines Hauses in Kirchstetten widmet. Auden hatte das alte Bauernhaus in Nieder\u00f6sterreich Ende der 1950er-Jahre gekauft, weil er als Musikliebhaber in der N\u00e4he eines gro\u00dfen Opernhauses leben wollte. Gemeinsam mit seinem Lebensgef\u00e4hrten Chester Kallman lebte er in Kirchstetten eine f\u00fcr seine Zeit erstaunlich offene schwule Beziehung und schrieb mit ihm dort auch an zwei Libretti f\u00fcr den &#8211; ebenfalls offen schwul lebenden &#8211; deutschen Komponisten Hans Werner Henze: der Oper <em>Elegie f\u00fcr junge Liebende<\/em> (1961), letztes Jahr im Theater an der Wien zu sehen, und der Oper <em>Die Bassardien<\/em> (1966), die erst heuer bei den Salzburger Festspielen mit gro\u00dfem Erfolg wieder aufgef\u00fchrt wurde.<\/p>\n<div id=\"attachment_4009\" style=\"width: 310px\" class=\"wp-caption alignright\"><a href=\"https:\/\/www.qwien.at\/wp-content\/uploads\/2018\/08\/Auden-Gedenktafel-300x188.jpg\"><img loading=\"lazy\" decoding=\"async\" aria-describedby=\"caption-attachment-4009\" class=\"size-medium wp-image-4009\" src=\"https:\/\/www.qwien.at\/wp-content\/uploads\/2018\/08\/Auden-Gedenktafel-300x188.jpg\" alt=\"\" width=\"300\" height=\"188\"><\/a><p id=\"caption-attachment-4009\" class=\"wp-caption-text\">Gedenktafel an Audens Sterbehaus in der Wiener Walfischgasse; Foto Helmut M\u00f6rwald<\/p><\/div>\n<p>Audens Haus ist heute ein liebevoll gestaltetes kleines Museum, das an den auch in Kirchstetten begrabenen Dichter erinnert. (Siehe den <a href=\"http:\/\/www.qwien.at\/?p=3599\">QWIEN-Bericht<\/a> \u00fcber die Er\u00f6ffnung 2015) Neben dem Gedichtzyklus bringt die aktuelle Publikation auch einige Aufs\u00e4tze und Beitr\u00e4ge zu Auden in Kirchstetten und f\u00fchrt in seine von Zeitgenossen oft als konservativ kritisierte Gedankenwelt ein. Im Zentrum des Abends in der Buchhandlung L\u00f6wenherz steht aber ein Aufsatz \u00fcber &#8220;Audens offenes Geheimnis&#8221; von Andreas Brunner, der sich seit seiner Jugend immer wieder mit Auden besch\u00e4ftigt hat. Wie lebte ein schwules Paar in den 1960er-Jahren in einer kleinen, l\u00e4ndlichen Gemeinde wie Kirchstetten? Was hatte es mit dem Stricher Hugerl auf sich, den Auden in posthum ver\u00f6ffentlichten Gedichten besang? In welchen Szenelokalen hatten die beiden M\u00e4nner verkehrt, wenn sie in Wien waren? Und wa<a href=\"https:\/\/www.qwien.at\/wp-content\/uploads\/2018\/08\/Auden-214x300.jpg\"><img loading=\"lazy\" decoding=\"async\" class=\"alignleft size-medium wp-image-4007\" src=\"https:\/\/www.qwien.at\/wp-content\/uploads\/2018\/08\/Auden-214x300.jpg\" alt=\"\" width=\"214\" height=\"300\" srcset=\"https:\/\/www.qwien.at\/wp-content\/uploads\/2018\/08\/Auden-214x300.jpg 214w, https:\/\/www.qwien.at\/wp-content\/uploads\/2018\/08\/Auden.jpg 400w\" sizes=\"auto, (max-width: 214px) 100vw, 214px\" \/><\/a>rum widmete Auden in seinem Gedichtzyklus <em>Thanksgiving f\u00fcr ein Habitat<\/em> seinem Partner das Wohnzimmer und seinem schwulen Freund Christopher Isherwood ausgerechnet das Klo?<br \/>\nDiese und sich vielleicht auch im Publikum stellende Fragen werden der Herausgeber Helmut Neundlinger und Andreas Brunner versuchen zu beantworten. <span style=\"color: #800000;\">Am 1. Oktober ab 19.30 Uhr in der Buchhandlung L\u00f6wenherz, Berggasse 8 (Eingang Wasagasse), 1090 Wien.<\/span><br \/>\n<strong>Helmut Neundlinger (Hg.): Thanksgiving f\u00fcr ein Habitat. \u00dcbersetzt von Uljana Wolft, mit Fotografien von Carmen Osowski. St. P\u00f6lten: Literaturedition Nieder\u00f6sterreich 2018<\/strong> (erh\u00e4ltlich bei <a href=\"https:\/\/www.loewenherz.at\/index_lw_nr.php?LWNR=16825\">L\u00f6wenherz<\/a>)<\/p>\n","protected":false},"excerpt":{"rendered":"<p>Pr\u00e4sentation eines Beitrags \u00fcber den britisch-amerikanischen Dichter Wystan Hugh Auden und dessen schwules Leben in Wien und Kirchstetten in der Buchhandlung L\u00f6wenherz. Obwohl W. H. Auden einer der bedeutendsten englischsprachigen Lyriker des 20. Jahrhunderts war, u. a.&nbsp; f\u00fcr den Nobelpreis nominiert, ist er heute fast vergessen. Bis vor kurzem war auf den deutschen Buchmarkt keine [&hellip;]<\/p>\n","protected":false},"author":4,"featured_media":9472,"comment_status":"closed","ping_status":"open","sticky":false,"template":"","format":"standard","meta":{"_acf_changed":false,"footnotes":""},"categories":[267,271],"tags":[],"class_list":["post-11050","post","type-post","status-publish","format-standard","has-post-thumbnail","hentry","category-qwien-books","category-literature-archive","grve-entry-item","grve-blog-item"],"acf":[],"yoast_head":"<!-- This site is optimized with the Yoast SEO plugin v27.5 - https:\/\/yoast.com\/product\/yoast-seo-wordpress\/ -->\n<title>Der unbekannte Auden - Blog - Qwien - Zentrum f\u00fcr queere Geschichte<\/title>\n<meta name=\"robots\" content=\"index, follow, max-snippet:-1, max-image-preview:large, max-video-preview:-1\" \/>\n<link rel=\"canonical\" href=\"https:\/\/www.qwien.at\/en\/qwien-books\/der-unbekannte-auden\/\" \/>\n<meta property=\"og:locale\" content=\"en_US\" \/>\n<meta property=\"og:type\" content=\"article\" \/>\n<meta property=\"og:title\" content=\"Der unbekannte Auden - Blog - Qwien - Zentrum f\u00fcr queere Geschichte\" \/>\n<meta property=\"og:description\" content=\"Pr\u00e4sentation eines Beitrags \u00fcber den britisch-amerikanischen Dichter Wystan Hugh Auden und dessen schwules Leben in Wien und Kirchstetten in der Buchhandlung L\u00f6wenherz. Obwohl W. H. Auden einer der bedeutendsten englischsprachigen Lyriker des 20. Jahrhunderts war, u. a.&nbsp; f\u00fcr den Nobelpreis nominiert, ist er heute fast vergessen. Bis vor kurzem war auf den deutschen Buchmarkt keine [&hellip;]\" \/>\n<meta property=\"og:url\" content=\"https:\/\/www.qwien.at\/en\/qwien-books\/der-unbekannte-auden\/\" \/>\n<meta property=\"og:site_name\" content=\"Qwien - Zentrum f\u00fcr queere Geschichte\" \/>\n<meta property=\"article:published_time\" content=\"2025-07-15T19:37:12+00:00\" \/>\n<meta property=\"og:image\" content=\"https:\/\/www.qwien.at\/wp-content\/uploads\/2018\/08\/Auden-Gedenktafel-e1556363004452.jpg\" \/>\n\t<meta property=\"og:image:width\" content=\"752\" \/>\n\t<meta property=\"og:image:height\" content=\"470\" \/>\n\t<meta property=\"og:image:type\" content=\"image\/jpeg\" \/>\n<meta name=\"author\" content=\"Andreas Brunner\" \/>\n<meta name=\"twitter:card\" content=\"summary_large_image\" \/>\n<meta name=\"twitter:label1\" content=\"Written by\" \/>\n\t<meta name=\"twitter:data1\" content=\"Andreas Brunner\" \/>\n\t<meta name=\"twitter:label2\" content=\"Est. reading time\" \/>\n\t<meta name=\"twitter:data2\" content=\"2 minutes\" \/>\n<script type=\"application\/ld+json\" class=\"yoast-schema-graph\">{\"@context\":\"https:\\\/\\\/schema.org\",\"@graph\":[{\"@type\":[\"Article\",\"BlogPosting\"],\"@id\":\"https:\\\/\\\/www.qwien.at\\\/en\\\/qwien-books\\\/der-unbekannte-auden\\\/#article\",\"isPartOf\":{\"@id\":\"https:\\\/\\\/www.qwien.at\\\/en\\\/qwien-books\\\/der-unbekannte-auden\\\/\"},\"author\":{\"name\":\"Andreas Brunner\",\"@id\":\"https:\\\/\\\/www.qwien.at\\\/en\\\/#\\\/schema\\\/person\\\/d3fe9114b43d8e5a558a6d20ca3e2920\"},\"headline\":\"Der unbekannte Auden\",\"datePublished\":\"2025-07-15T19:37:12+00:00\",\"mainEntityOfPage\":{\"@id\":\"https:\\\/\\\/www.qwien.at\\\/en\\\/qwien-books\\\/der-unbekannte-auden\\\/\"},\"wordCount\":457,\"publisher\":{\"@id\":\"https:\\\/\\\/www.qwien.at\\\/en\\\/#organization\"},\"image\":{\"@id\":\"https:\\\/\\\/www.qwien.at\\\/en\\\/qwien-books\\\/der-unbekannte-auden\\\/#primaryimage\"},\"thumbnailUrl\":\"https:\\\/\\\/www.qwien.at\\\/wp-content\\\/uploads\\\/2018\\\/08\\\/Auden-Gedenktafel-e1556363004452.jpg\",\"articleSection\":[\"Books\",\"Literature archive\"],\"inLanguage\":\"en-US\"},{\"@type\":\"WebPage\",\"@id\":\"https:\\\/\\\/www.qwien.at\\\/en\\\/qwien-books\\\/der-unbekannte-auden\\\/\",\"url\":\"https:\\\/\\\/www.qwien.at\\\/en\\\/qwien-books\\\/der-unbekannte-auden\\\/\",\"name\":\"Der unbekannte Auden - Blog - Qwien - Zentrum f\u00fcr queere Geschichte\",\"isPartOf\":{\"@id\":\"https:\\\/\\\/www.qwien.at\\\/en\\\/#website\"},\"primaryImageOfPage\":{\"@id\":\"https:\\\/\\\/www.qwien.at\\\/en\\\/qwien-books\\\/der-unbekannte-auden\\\/#primaryimage\"},\"image\":{\"@id\":\"https:\\\/\\\/www.qwien.at\\\/en\\\/qwien-books\\\/der-unbekannte-auden\\\/#primaryimage\"},\"thumbnailUrl\":\"https:\\\/\\\/www.qwien.at\\\/wp-content\\\/uploads\\\/2018\\\/08\\\/Auden-Gedenktafel-e1556363004452.jpg\",\"datePublished\":\"2025-07-15T19:37:12+00:00\",\"breadcrumb\":{\"@id\":\"https:\\\/\\\/www.qwien.at\\\/en\\\/qwien-books\\\/der-unbekannte-auden\\\/#breadcrumb\"},\"inLanguage\":\"en-US\",\"potentialAction\":[{\"@type\":\"ReadAction\",\"target\":[\"https:\\\/\\\/www.qwien.at\\\/en\\\/qwien-books\\\/der-unbekannte-auden\\\/\"]}]},{\"@type\":\"ImageObject\",\"inLanguage\":\"en-US\",\"@id\":\"https:\\\/\\\/www.qwien.at\\\/en\\\/qwien-books\\\/der-unbekannte-auden\\\/#primaryimage\",\"url\":\"https:\\\/\\\/www.qwien.at\\\/wp-content\\\/uploads\\\/2018\\\/08\\\/Auden-Gedenktafel-e1556363004452.jpg\",\"contentUrl\":\"https:\\\/\\\/www.qwien.at\\\/wp-content\\\/uploads\\\/2018\\\/08\\\/Auden-Gedenktafel-e1556363004452.jpg\",\"width\":752,\"height\":470,\"caption\":\"\"},{\"@type\":\"BreadcrumbList\",\"@id\":\"https:\\\/\\\/www.qwien.at\\\/en\\\/qwien-books\\\/der-unbekannte-auden\\\/#breadcrumb\",\"itemListElement\":[{\"@type\":\"ListItem\",\"position\":1,\"name\":\"Startseite\",\"item\":\"https:\\\/\\\/www.qwien.at\\\/en\\\/\"},{\"@type\":\"ListItem\",\"position\":2,\"name\":\"Der unbekannte Auden\"}]},{\"@type\":\"WebSite\",\"@id\":\"https:\\\/\\\/www.qwien.at\\\/en\\\/#website\",\"url\":\"https:\\\/\\\/www.qwien.at\\\/en\\\/\",\"name\":\"Qwien - Zentrum f\u00fcr queere Geschichte\",\"description\":\"\",\"publisher\":{\"@id\":\"https:\\\/\\\/www.qwien.at\\\/en\\\/#organization\"},\"potentialAction\":[{\"@type\":\"SearchAction\",\"target\":{\"@type\":\"EntryPoint\",\"urlTemplate\":\"https:\\\/\\\/www.qwien.at\\\/en\\\/?s={search_term_string}\"},\"query-input\":{\"@type\":\"PropertyValueSpecification\",\"valueRequired\":true,\"valueName\":\"search_term_string\"}}],\"inLanguage\":\"en-US\"},{\"@type\":\"Organization\",\"@id\":\"https:\\\/\\\/www.qwien.at\\\/en\\\/#organization\",\"name\":\"Qwien\",\"url\":\"https:\\\/\\\/www.qwien.at\\\/en\\\/\",\"logo\":{\"@type\":\"ImageObject\",\"inLanguage\":\"en-US\",\"@id\":\"https:\\\/\\\/www.qwien.at\\\/en\\\/#\\\/schema\\\/logo\\\/image\\\/\",\"url\":\"https:\\\/\\\/www.qwien.at\\\/wp-content\\\/uploads\\\/2025\\\/06\\\/seo-yoast-2.png\",\"contentUrl\":\"https:\\\/\\\/www.qwien.at\\\/wp-content\\\/uploads\\\/2025\\\/06\\\/seo-yoast-2.png\",\"width\":697,\"height\":697,\"caption\":\"Qwien\"},\"image\":{\"@id\":\"https:\\\/\\\/www.qwien.at\\\/en\\\/#\\\/schema\\\/logo\\\/image\\\/\"},\"sameAs\":[\"https:\\\/\\\/www.instagram.com\\\/qwien.zentrum\\\/\"]},{\"@type\":\"Person\",\"@id\":\"https:\\\/\\\/www.qwien.at\\\/en\\\/#\\\/schema\\\/person\\\/d3fe9114b43d8e5a558a6d20ca3e2920\",\"name\":\"Andreas Brunner\"}]}<\/script>\n<!-- \/ Yoast SEO plugin. -->","yoast_head_json":{"title":"Der unbekannte Auden - Blog - Qwien - Zentrum f\u00fcr queere Geschichte","robots":{"index":"index","follow":"follow","max-snippet":"max-snippet:-1","max-image-preview":"max-image-preview:large","max-video-preview":"max-video-preview:-1"},"canonical":"https:\/\/www.qwien.at\/en\/qwien-books\/der-unbekannte-auden\/","og_locale":"en_US","og_type":"article","og_title":"Der unbekannte Auden - Blog - Qwien - Zentrum f\u00fcr queere Geschichte","og_description":"Pr\u00e4sentation eines Beitrags \u00fcber den britisch-amerikanischen Dichter Wystan Hugh Auden und dessen schwules Leben in Wien und Kirchstetten in der Buchhandlung L\u00f6wenherz. Obwohl W. H. Auden einer der bedeutendsten englischsprachigen Lyriker des 20. Jahrhunderts war, u. a.&nbsp; f\u00fcr den Nobelpreis nominiert, ist er heute fast vergessen. Bis vor kurzem war auf den deutschen Buchmarkt keine [&hellip;]","og_url":"https:\/\/www.qwien.at\/en\/qwien-books\/der-unbekannte-auden\/","og_site_name":"Qwien - Zentrum f\u00fcr queere Geschichte","article_published_time":"2025-07-15T19:37:12+00:00","og_image":[{"width":752,"height":470,"url":"https:\/\/www.qwien.at\/wp-content\/uploads\/2018\/08\/Auden-Gedenktafel-e1556363004452.jpg","type":"image\/jpeg"}],"author":"Andreas Brunner","twitter_card":"summary_large_image","twitter_misc":{"Written by":"Andreas Brunner","Est. reading time":"2 minutes"},"schema":{"@context":"https:\/\/schema.org","@graph":[{"@type":["Article","BlogPosting"],"@id":"https:\/\/www.qwien.at\/en\/qwien-books\/der-unbekannte-auden\/#article","isPartOf":{"@id":"https:\/\/www.qwien.at\/en\/qwien-books\/der-unbekannte-auden\/"},"author":{"name":"Andreas Brunner","@id":"https:\/\/www.qwien.at\/en\/#\/schema\/person\/d3fe9114b43d8e5a558a6d20ca3e2920"},"headline":"Der unbekannte Auden","datePublished":"2025-07-15T19:37:12+00:00","mainEntityOfPage":{"@id":"https:\/\/www.qwien.at\/en\/qwien-books\/der-unbekannte-auden\/"},"wordCount":457,"publisher":{"@id":"https:\/\/www.qwien.at\/en\/#organization"},"image":{"@id":"https:\/\/www.qwien.at\/en\/qwien-books\/der-unbekannte-auden\/#primaryimage"},"thumbnailUrl":"https:\/\/www.qwien.at\/wp-content\/uploads\/2018\/08\/Auden-Gedenktafel-e1556363004452.jpg","articleSection":["Books","Literature archive"],"inLanguage":"en-US"},{"@type":"WebPage","@id":"https:\/\/www.qwien.at\/en\/qwien-books\/der-unbekannte-auden\/","url":"https:\/\/www.qwien.at\/en\/qwien-books\/der-unbekannte-auden\/","name":"Der unbekannte Auden - Blog - Qwien - Zentrum f\u00fcr queere Geschichte","isPartOf":{"@id":"https:\/\/www.qwien.at\/en\/#website"},"primaryImageOfPage":{"@id":"https:\/\/www.qwien.at\/en\/qwien-books\/der-unbekannte-auden\/#primaryimage"},"image":{"@id":"https:\/\/www.qwien.at\/en\/qwien-books\/der-unbekannte-auden\/#primaryimage"},"thumbnailUrl":"https:\/\/www.qwien.at\/wp-content\/uploads\/2018\/08\/Auden-Gedenktafel-e1556363004452.jpg","datePublished":"2025-07-15T19:37:12+00:00","breadcrumb":{"@id":"https:\/\/www.qwien.at\/en\/qwien-books\/der-unbekannte-auden\/#breadcrumb"},"inLanguage":"en-US","potentialAction":[{"@type":"ReadAction","target":["https:\/\/www.qwien.at\/en\/qwien-books\/der-unbekannte-auden\/"]}]},{"@type":"ImageObject","inLanguage":"en-US","@id":"https:\/\/www.qwien.at\/en\/qwien-books\/der-unbekannte-auden\/#primaryimage","url":"https:\/\/www.qwien.at\/wp-content\/uploads\/2018\/08\/Auden-Gedenktafel-e1556363004452.jpg","contentUrl":"https:\/\/www.qwien.at\/wp-content\/uploads\/2018\/08\/Auden-Gedenktafel-e1556363004452.jpg","width":752,"height":470,"caption":""},{"@type":"BreadcrumbList","@id":"https:\/\/www.qwien.at\/en\/qwien-books\/der-unbekannte-auden\/#breadcrumb","itemListElement":[{"@type":"ListItem","position":1,"name":"Startseite","item":"https:\/\/www.qwien.at\/en\/"},{"@type":"ListItem","position":2,"name":"Der unbekannte Auden"}]},{"@type":"WebSite","@id":"https:\/\/www.qwien.at\/en\/#website","url":"https:\/\/www.qwien.at\/en\/","name":"Qwien - Zentrum f\u00fcr queere Geschichte","description":"","publisher":{"@id":"https:\/\/www.qwien.at\/en\/#organization"},"potentialAction":[{"@type":"SearchAction","target":{"@type":"EntryPoint","urlTemplate":"https:\/\/www.qwien.at\/en\/?s={search_term_string}"},"query-input":{"@type":"PropertyValueSpecification","valueRequired":true,"valueName":"search_term_string"}}],"inLanguage":"en-US"},{"@type":"Organization","@id":"https:\/\/www.qwien.at\/en\/#organization","name":"Qwien","url":"https:\/\/www.qwien.at\/en\/","logo":{"@type":"ImageObject","inLanguage":"en-US","@id":"https:\/\/www.qwien.at\/en\/#\/schema\/logo\/image\/","url":"https:\/\/www.qwien.at\/wp-content\/uploads\/2025\/06\/seo-yoast-2.png","contentUrl":"https:\/\/www.qwien.at\/wp-content\/uploads\/2025\/06\/seo-yoast-2.png","width":697,"height":697,"caption":"Qwien"},"image":{"@id":"https:\/\/www.qwien.at\/en\/#\/schema\/logo\/image\/"},"sameAs":["https:\/\/www.instagram.com\/qwien.zentrum\/"]},{"@type":"Person","@id":"https:\/\/www.qwien.at\/en\/#\/schema\/person\/d3fe9114b43d8e5a558a6d20ca3e2920","name":"Andreas Brunner"}]}},"_links":{"self":[{"href":"https:\/\/www.qwien.at\/en\/wp-json\/wp\/v2\/posts\/11050","targetHints":{"allow":["GET"]}}],"collection":[{"href":"https:\/\/www.qwien.at\/en\/wp-json\/wp\/v2\/posts"}],"about":[{"href":"https:\/\/www.qwien.at\/en\/wp-json\/wp\/v2\/types\/post"}],"author":[{"embeddable":true,"href":"https:\/\/www.qwien.at\/en\/wp-json\/wp\/v2\/users\/4"}],"replies":[{"embeddable":true,"href":"https:\/\/www.qwien.at\/en\/wp-json\/wp\/v2\/comments?post=11050"}],"version-history":[{"count":0,"href":"https:\/\/www.qwien.at\/en\/wp-json\/wp\/v2\/posts\/11050\/revisions"}],"wp:featuredmedia":[{"embeddable":true,"href":"https:\/\/www.qwien.at\/en\/wp-json\/wp\/v2\/media\/9472"}],"wp:attachment":[{"href":"https:\/\/www.qwien.at\/en\/wp-json\/wp\/v2\/media?parent=11050"}],"wp:term":[{"taxonomy":"category","embeddable":true,"href":"https:\/\/www.qwien.at\/en\/wp-json\/wp\/v2\/categories?post=11050"},{"taxonomy":"post_tag","embeddable":true,"href":"https:\/\/www.qwien.at\/en\/wp-json\/wp\/v2\/tags?post=11050"}],"curies":[{"name":"wp","href":"https:\/\/api.w.org\/{rel}","templated":true}]}}