{"id":11051,"date":"2025-07-15T21:37:12","date_gmt":"2025-07-15T19:37:12","guid":{"rendered":"https:\/\/www.qwien.at\/nicht-kategorisiert\/erinnerungsorte-wahrnehmen\/"},"modified":"2025-07-15T21:37:12","modified_gmt":"2025-07-15T19:37:12","slug":"erinnerungsorte-wahrnehmen","status":"publish","type":"post","link":"https:\/\/www.qwien.at\/en\/qwien-books\/erinnerungsorte-wahrnehmen\/","title":{"rendered":"Erinnerungsorte wahrnehmen"},"content":{"rendered":"<p>Zum Berliner Denkmal f\u00fcr die im Nationalsozialismus verfolgten Homosexuellen erschien eine Studie, die nicht nur die Entstehungsgeschichte des Erinnerungszeichens breit darstellt sondern auch dessen Wirkung auf unterschiedliche Besucher_innen-Gruppen untersucht. QWIEN-Mitarbeiterin Johanna Taufner hat sie gelesen.<\/p>\n<p>Am 27. Mai 2008 wurde das Denkmal f\u00fcr die im Nationalsozialismus verfolgten Homosexuellen im Berliner Tierpark er\u00f6ffnet. Entworfen vom K\u00fcnstler_innenduo Ingar Dragset und Michael Elmgreen nimmt die hellgraue, leicht gekippte Stele Bezug auf das gegen\u00fcberliegende Mahnmal f\u00fcr die ermordeten Juden Europas. Nach seinem zehnj\u00e4hrigen Bestehen ist das Denkmal ein fixer Bestandteil der Berliner Erinnerungslandschaft geworden. Der Neuerschienene Sammelband von Anika Oettler setzt sich nun erstmals mit Fragen \u00fcber die gesellschaftliche Wahrnehmung dieses Gedenkortes auseinander. Wie wirkt das Erinnerungszeichen auf das urbane Umfeld? Ist das Denkmal ein Stein des Ansto\u00dfes? Welche Reaktionen l\u00f6st es bei Besucher_innen und Passant_innen aus?<\/span> <\/span><\/span><\/p>\n<p><a href=\"https:\/\/www.qwien.at\/wp-content\/uploads\/2018\/10\/Oettler-TranscriptKlein.jpg\"><img loading=\"lazy\" decoding=\"async\" class=\"alignleft size-medium wp-image-4029\" src=\"https:\/\/www.qwien.at\/wp-content\/uploads\/2018\/10\/Oettler-TranscriptKlein.jpg\" alt=\"\" width=\"197\" height=\"300\"><\/a>Besonders spannend ist hierbei der Beitrag von Miriam Bach, Maria Hartmann und Annika Sterr, die das Spektrum an Aussagen, die sich auf verschiedene Aspekte (Form, Inhalt, Materialit\u00e4t) beziehen, aufbereiten und analysieren. In dieser heterogenen Sammlung befinden sich auf der einen Seite positive Reaktionen: \u2018It shows something that we might have seen in the past as not welcome and it [is] kind of opening us up, so, accepting everybody.\u2018 Auf der anderen Seite sammeln sich Unverst\u00e4ndnis und Ablehnung: \u2018It is really disappointing and really not what I expected.\u2019 <\/span>Insbesondere das Video der sich k\u00fcssenden gleichgeschlechtlichen Paare l\u00f6st bei Passant_innen &nbsp;Irritationen aus. Dar\u00fcber hinaus wird durch die Analyse deutlich, dass es f\u00fcr Besucher_innen, die sich noch nicht mit dem Thema der NS-Strafverfolgung auseinandergesetzt haben, schwierig ist, den Inhalt des Denkmales zu erfassen. Je mehr Vorwissen Personen zu diesem Thema und zu diesem Ort haben, desto intensiver kann er wiederum auf das Individuum wirken. Die von Anika Oettler herausgegebene Publikation stellt einen interessanten Beitrag zur Diskussion um das Berliner Denkmal dar. Das Buch ist allen Leser_innen zu empfehlen, die sich intensiver mit diesem Ort insbesondere seiner Wirkungsgeschichte auseinandersetzen wollen. Es kann aber auch Initiator_innen zuk\u00fcnftiger Gedenkzeichen als grundlegende Diskussionsbasis dienen, welche Fragen bei der Planung eines solchen zu beachten sind.<\/p>\n<p>Ankn\u00fcpfend an die Diskussion zum Berliner Denkmal bleibt noch anzumerken, dass Wien noch immer auf ein entsprechendes Erinnerungszeichen f\u00fcr die NS-Verfolgung von Homosexualit\u00e4t in \u00d6sterreich wartet. Hoffentlich kann bald auch hierzulande \u00fcber die gesellschaftliche Wahrnehmung eines entsprechenden Mahnmales geforscht werden. <\/span><br \/>\nAnika Oettler (Hg.in): Das Berliner Denkmal f\u00fcr die im Nationalsozialismus verfolgten Homosexuellen. Entstehung, Verortung, Wirkung. Bielefeld: Transcript Verlag 2017, bei <a href=\"https:\/\/www.loewenherz.at\/index_lw_nr.php?LWNR=15856\">L\u00f6wenherz <\/a>erh\u00e4ltlich.<\/p>\n","protected":false},"excerpt":{"rendered":"<p>Zum Berliner Denkmal f\u00fcr die im Nationalsozialismus verfolgten Homosexuellen erschien eine Studie, die nicht nur die Entstehungsgeschichte des Erinnerungszeichens breit darstellt sondern auch dessen Wirkung auf unterschiedliche Besucher_innen-Gruppen untersucht. QWIEN-Mitarbeiterin Johanna Taufner hat sie gelesen. Am 27. Mai 2008 wurde das Denkmal f\u00fcr die im Nationalsozialismus verfolgten Homosexuellen im Berliner Tierpark er\u00f6ffnet. Entworfen vom K\u00fcnstler_innenduo [&hellip;]<\/p>\n","protected":false},"author":4,"featured_media":9491,"comment_status":"closed","ping_status":"open","sticky":false,"template":"","format":"standard","meta":{"_acf_changed":false,"footnotes":""},"categories":[267,271],"tags":[],"class_list":["post-11051","post","type-post","status-publish","format-standard","has-post-thumbnail","hentry","category-qwien-books","category-literature-archive","grve-entry-item","grve-blog-item"],"acf":[],"yoast_head":"<!-- This site is optimized with the Yoast SEO plugin v27.5 - https:\/\/yoast.com\/product\/yoast-seo-wordpress\/ -->\n<title>Erinnerungsorte wahrnehmen - Blog - Qwien - Zentrum f\u00fcr queere Geschichte<\/title>\n<meta name=\"robots\" content=\"index, follow, max-snippet:-1, max-image-preview:large, max-video-preview:-1\" \/>\n<link rel=\"canonical\" href=\"https:\/\/www.qwien.at\/en\/qwien-books\/erinnerungsorte-wahrnehmen\/\" \/>\n<meta property=\"og:locale\" content=\"en_US\" \/>\n<meta property=\"og:type\" content=\"article\" \/>\n<meta property=\"og:title\" content=\"Erinnerungsorte wahrnehmen - Blog - Qwien - Zentrum f\u00fcr queere Geschichte\" \/>\n<meta property=\"og:description\" content=\"Zum Berliner Denkmal f\u00fcr die im Nationalsozialismus verfolgten Homosexuellen erschien eine Studie, die nicht nur die Entstehungsgeschichte des Erinnerungszeichens breit darstellt sondern auch dessen Wirkung auf unterschiedliche Besucher_innen-Gruppen untersucht. QWIEN-Mitarbeiterin Johanna Taufner hat sie gelesen. Am 27. Mai 2008 wurde das Denkmal f\u00fcr die im Nationalsozialismus verfolgten Homosexuellen im Berliner Tierpark er\u00f6ffnet. Entworfen vom K\u00fcnstler_innenduo [&hellip;]\" \/>\n<meta property=\"og:url\" content=\"https:\/\/www.qwien.at\/en\/qwien-books\/erinnerungsorte-wahrnehmen\/\" \/>\n<meta property=\"og:site_name\" content=\"Qwien - Zentrum f\u00fcr queere Geschichte\" \/>\n<meta property=\"article:published_time\" content=\"2025-07-15T19:37:12+00:00\" \/>\n<meta property=\"og:image\" content=\"https:\/\/www.qwien.at\/wp-content\/uploads\/2018\/10\/Oettler-TranscriptKlein.jpg\" \/>\n\t<meta property=\"og:image:width\" content=\"1147\" \/>\n\t<meta property=\"og:image:height\" content=\"1743\" \/>\n\t<meta property=\"og:image:type\" content=\"image\/jpeg\" \/>\n<meta name=\"author\" content=\"Andreas Brunner\" \/>\n<meta name=\"twitter:card\" content=\"summary_large_image\" \/>\n<meta name=\"twitter:label1\" content=\"Written by\" \/>\n\t<meta name=\"twitter:data1\" content=\"Andreas Brunner\" \/>\n\t<meta name=\"twitter:label2\" content=\"Est. reading time\" \/>\n\t<meta name=\"twitter:data2\" content=\"2 minutes\" \/>\n<script type=\"application\/ld+json\" class=\"yoast-schema-graph\">{\"@context\":\"https:\\\/\\\/schema.org\",\"@graph\":[{\"@type\":[\"Article\",\"BlogPosting\"],\"@id\":\"https:\\\/\\\/www.qwien.at\\\/en\\\/qwien-books\\\/erinnerungsorte-wahrnehmen\\\/#article\",\"isPartOf\":{\"@id\":\"https:\\\/\\\/www.qwien.at\\\/en\\\/qwien-books\\\/erinnerungsorte-wahrnehmen\\\/\"},\"author\":{\"name\":\"Andreas Brunner\",\"@id\":\"https:\\\/\\\/www.qwien.at\\\/en\\\/#\\\/schema\\\/person\\\/d3fe9114b43d8e5a558a6d20ca3e2920\"},\"headline\":\"Erinnerungsorte wahrnehmen\",\"datePublished\":\"2025-07-15T19:37:12+00:00\",\"mainEntityOfPage\":{\"@id\":\"https:\\\/\\\/www.qwien.at\\\/en\\\/qwien-books\\\/erinnerungsorte-wahrnehmen\\\/\"},\"wordCount\":433,\"publisher\":{\"@id\":\"https:\\\/\\\/www.qwien.at\\\/en\\\/#organization\"},\"image\":{\"@id\":\"https:\\\/\\\/www.qwien.at\\\/en\\\/qwien-books\\\/erinnerungsorte-wahrnehmen\\\/#primaryimage\"},\"thumbnailUrl\":\"https:\\\/\\\/www.qwien.at\\\/wp-content\\\/uploads\\\/2019\\\/04\\\/oettler-transcript.jpg\",\"articleSection\":[\"Books\",\"Literature archive\"],\"inLanguage\":\"en-US\"},{\"@type\":\"WebPage\",\"@id\":\"https:\\\/\\\/www.qwien.at\\\/en\\\/qwien-books\\\/erinnerungsorte-wahrnehmen\\\/\",\"url\":\"https:\\\/\\\/www.qwien.at\\\/en\\\/qwien-books\\\/erinnerungsorte-wahrnehmen\\\/\",\"name\":\"Erinnerungsorte wahrnehmen - Blog - Qwien - Zentrum f\u00fcr queere Geschichte\",\"isPartOf\":{\"@id\":\"https:\\\/\\\/www.qwien.at\\\/en\\\/#website\"},\"primaryImageOfPage\":{\"@id\":\"https:\\\/\\\/www.qwien.at\\\/en\\\/qwien-books\\\/erinnerungsorte-wahrnehmen\\\/#primaryimage\"},\"image\":{\"@id\":\"https:\\\/\\\/www.qwien.at\\\/en\\\/qwien-books\\\/erinnerungsorte-wahrnehmen\\\/#primaryimage\"},\"thumbnailUrl\":\"https:\\\/\\\/www.qwien.at\\\/wp-content\\\/uploads\\\/2019\\\/04\\\/oettler-transcript.jpg\",\"datePublished\":\"2025-07-15T19:37:12+00:00\",\"breadcrumb\":{\"@id\":\"https:\\\/\\\/www.qwien.at\\\/en\\\/qwien-books\\\/erinnerungsorte-wahrnehmen\\\/#breadcrumb\"},\"inLanguage\":\"en-US\",\"potentialAction\":[{\"@type\":\"ReadAction\",\"target\":[\"https:\\\/\\\/www.qwien.at\\\/en\\\/qwien-books\\\/erinnerungsorte-wahrnehmen\\\/\"]}]},{\"@type\":\"ImageObject\",\"inLanguage\":\"en-US\",\"@id\":\"https:\\\/\\\/www.qwien.at\\\/en\\\/qwien-books\\\/erinnerungsorte-wahrnehmen\\\/#primaryimage\",\"url\":\"https:\\\/\\\/www.qwien.at\\\/wp-content\\\/uploads\\\/2019\\\/04\\\/oettler-transcript.jpg\",\"contentUrl\":\"https:\\\/\\\/www.qwien.at\\\/wp-content\\\/uploads\\\/2019\\\/04\\\/oettler-transcript.jpg\",\"width\":900,\"height\":600},{\"@type\":\"BreadcrumbList\",\"@id\":\"https:\\\/\\\/www.qwien.at\\\/en\\\/qwien-books\\\/erinnerungsorte-wahrnehmen\\\/#breadcrumb\",\"itemListElement\":[{\"@type\":\"ListItem\",\"position\":1,\"name\":\"Startseite\",\"item\":\"https:\\\/\\\/www.qwien.at\\\/en\\\/\"},{\"@type\":\"ListItem\",\"position\":2,\"name\":\"Erinnerungsorte wahrnehmen\"}]},{\"@type\":\"WebSite\",\"@id\":\"https:\\\/\\\/www.qwien.at\\\/en\\\/#website\",\"url\":\"https:\\\/\\\/www.qwien.at\\\/en\\\/\",\"name\":\"Qwien - Zentrum f\u00fcr queere Geschichte\",\"description\":\"\",\"publisher\":{\"@id\":\"https:\\\/\\\/www.qwien.at\\\/en\\\/#organization\"},\"potentialAction\":[{\"@type\":\"SearchAction\",\"target\":{\"@type\":\"EntryPoint\",\"urlTemplate\":\"https:\\\/\\\/www.qwien.at\\\/en\\\/?s={search_term_string}\"},\"query-input\":{\"@type\":\"PropertyValueSpecification\",\"valueRequired\":true,\"valueName\":\"search_term_string\"}}],\"inLanguage\":\"en-US\"},{\"@type\":\"Organization\",\"@id\":\"https:\\\/\\\/www.qwien.at\\\/en\\\/#organization\",\"name\":\"Qwien\",\"url\":\"https:\\\/\\\/www.qwien.at\\\/en\\\/\",\"logo\":{\"@type\":\"ImageObject\",\"inLanguage\":\"en-US\",\"@id\":\"https:\\\/\\\/www.qwien.at\\\/en\\\/#\\\/schema\\\/logo\\\/image\\\/\",\"url\":\"https:\\\/\\\/www.qwien.at\\\/wp-content\\\/uploads\\\/2025\\\/06\\\/seo-yoast-2.png\",\"contentUrl\":\"https:\\\/\\\/www.qwien.at\\\/wp-content\\\/uploads\\\/2025\\\/06\\\/seo-yoast-2.png\",\"width\":697,\"height\":697,\"caption\":\"Qwien\"},\"image\":{\"@id\":\"https:\\\/\\\/www.qwien.at\\\/en\\\/#\\\/schema\\\/logo\\\/image\\\/\"},\"sameAs\":[\"https:\\\/\\\/www.instagram.com\\\/qwien.zentrum\\\/\"]},{\"@type\":\"Person\",\"@id\":\"https:\\\/\\\/www.qwien.at\\\/en\\\/#\\\/schema\\\/person\\\/d3fe9114b43d8e5a558a6d20ca3e2920\",\"name\":\"Andreas Brunner\"}]}<\/script>\n<!-- \/ Yoast SEO plugin. -->","yoast_head_json":{"title":"Erinnerungsorte wahrnehmen - Blog - Qwien - Zentrum f\u00fcr queere Geschichte","robots":{"index":"index","follow":"follow","max-snippet":"max-snippet:-1","max-image-preview":"max-image-preview:large","max-video-preview":"max-video-preview:-1"},"canonical":"https:\/\/www.qwien.at\/en\/qwien-books\/erinnerungsorte-wahrnehmen\/","og_locale":"en_US","og_type":"article","og_title":"Erinnerungsorte wahrnehmen - Blog - Qwien - Zentrum f\u00fcr queere Geschichte","og_description":"Zum Berliner Denkmal f\u00fcr die im Nationalsozialismus verfolgten Homosexuellen erschien eine Studie, die nicht nur die Entstehungsgeschichte des Erinnerungszeichens breit darstellt sondern auch dessen Wirkung auf unterschiedliche Besucher_innen-Gruppen untersucht. QWIEN-Mitarbeiterin Johanna Taufner hat sie gelesen. Am 27. Mai 2008 wurde das Denkmal f\u00fcr die im Nationalsozialismus verfolgten Homosexuellen im Berliner Tierpark er\u00f6ffnet. Entworfen vom K\u00fcnstler_innenduo [&hellip;]","og_url":"https:\/\/www.qwien.at\/en\/qwien-books\/erinnerungsorte-wahrnehmen\/","og_site_name":"Qwien - Zentrum f\u00fcr queere Geschichte","article_published_time":"2025-07-15T19:37:12+00:00","og_image":[{"width":1147,"height":1743,"url":"https:\/\/www.qwien.at\/wp-content\/uploads\/2018\/10\/Oettler-TranscriptKlein.jpg","type":"image\/jpeg"}],"author":"Andreas Brunner","twitter_card":"summary_large_image","twitter_misc":{"Written by":"Andreas Brunner","Est. reading time":"2 minutes"},"schema":{"@context":"https:\/\/schema.org","@graph":[{"@type":["Article","BlogPosting"],"@id":"https:\/\/www.qwien.at\/en\/qwien-books\/erinnerungsorte-wahrnehmen\/#article","isPartOf":{"@id":"https:\/\/www.qwien.at\/en\/qwien-books\/erinnerungsorte-wahrnehmen\/"},"author":{"name":"Andreas Brunner","@id":"https:\/\/www.qwien.at\/en\/#\/schema\/person\/d3fe9114b43d8e5a558a6d20ca3e2920"},"headline":"Erinnerungsorte wahrnehmen","datePublished":"2025-07-15T19:37:12+00:00","mainEntityOfPage":{"@id":"https:\/\/www.qwien.at\/en\/qwien-books\/erinnerungsorte-wahrnehmen\/"},"wordCount":433,"publisher":{"@id":"https:\/\/www.qwien.at\/en\/#organization"},"image":{"@id":"https:\/\/www.qwien.at\/en\/qwien-books\/erinnerungsorte-wahrnehmen\/#primaryimage"},"thumbnailUrl":"https:\/\/www.qwien.at\/wp-content\/uploads\/2019\/04\/oettler-transcript.jpg","articleSection":["Books","Literature archive"],"inLanguage":"en-US"},{"@type":"WebPage","@id":"https:\/\/www.qwien.at\/en\/qwien-books\/erinnerungsorte-wahrnehmen\/","url":"https:\/\/www.qwien.at\/en\/qwien-books\/erinnerungsorte-wahrnehmen\/","name":"Erinnerungsorte wahrnehmen - Blog - Qwien - Zentrum f\u00fcr queere Geschichte","isPartOf":{"@id":"https:\/\/www.qwien.at\/en\/#website"},"primaryImageOfPage":{"@id":"https:\/\/www.qwien.at\/en\/qwien-books\/erinnerungsorte-wahrnehmen\/#primaryimage"},"image":{"@id":"https:\/\/www.qwien.at\/en\/qwien-books\/erinnerungsorte-wahrnehmen\/#primaryimage"},"thumbnailUrl":"https:\/\/www.qwien.at\/wp-content\/uploads\/2019\/04\/oettler-transcript.jpg","datePublished":"2025-07-15T19:37:12+00:00","breadcrumb":{"@id":"https:\/\/www.qwien.at\/en\/qwien-books\/erinnerungsorte-wahrnehmen\/#breadcrumb"},"inLanguage":"en-US","potentialAction":[{"@type":"ReadAction","target":["https:\/\/www.qwien.at\/en\/qwien-books\/erinnerungsorte-wahrnehmen\/"]}]},{"@type":"ImageObject","inLanguage":"en-US","@id":"https:\/\/www.qwien.at\/en\/qwien-books\/erinnerungsorte-wahrnehmen\/#primaryimage","url":"https:\/\/www.qwien.at\/wp-content\/uploads\/2019\/04\/oettler-transcript.jpg","contentUrl":"https:\/\/www.qwien.at\/wp-content\/uploads\/2019\/04\/oettler-transcript.jpg","width":900,"height":600},{"@type":"BreadcrumbList","@id":"https:\/\/www.qwien.at\/en\/qwien-books\/erinnerungsorte-wahrnehmen\/#breadcrumb","itemListElement":[{"@type":"ListItem","position":1,"name":"Startseite","item":"https:\/\/www.qwien.at\/en\/"},{"@type":"ListItem","position":2,"name":"Erinnerungsorte wahrnehmen"}]},{"@type":"WebSite","@id":"https:\/\/www.qwien.at\/en\/#website","url":"https:\/\/www.qwien.at\/en\/","name":"Qwien - Zentrum f\u00fcr queere Geschichte","description":"","publisher":{"@id":"https:\/\/www.qwien.at\/en\/#organization"},"potentialAction":[{"@type":"SearchAction","target":{"@type":"EntryPoint","urlTemplate":"https:\/\/www.qwien.at\/en\/?s={search_term_string}"},"query-input":{"@type":"PropertyValueSpecification","valueRequired":true,"valueName":"search_term_string"}}],"inLanguage":"en-US"},{"@type":"Organization","@id":"https:\/\/www.qwien.at\/en\/#organization","name":"Qwien","url":"https:\/\/www.qwien.at\/en\/","logo":{"@type":"ImageObject","inLanguage":"en-US","@id":"https:\/\/www.qwien.at\/en\/#\/schema\/logo\/image\/","url":"https:\/\/www.qwien.at\/wp-content\/uploads\/2025\/06\/seo-yoast-2.png","contentUrl":"https:\/\/www.qwien.at\/wp-content\/uploads\/2025\/06\/seo-yoast-2.png","width":697,"height":697,"caption":"Qwien"},"image":{"@id":"https:\/\/www.qwien.at\/en\/#\/schema\/logo\/image\/"},"sameAs":["https:\/\/www.instagram.com\/qwien.zentrum\/"]},{"@type":"Person","@id":"https:\/\/www.qwien.at\/en\/#\/schema\/person\/d3fe9114b43d8e5a558a6d20ca3e2920","name":"Andreas Brunner"}]}},"_links":{"self":[{"href":"https:\/\/www.qwien.at\/en\/wp-json\/wp\/v2\/posts\/11051","targetHints":{"allow":["GET"]}}],"collection":[{"href":"https:\/\/www.qwien.at\/en\/wp-json\/wp\/v2\/posts"}],"about":[{"href":"https:\/\/www.qwien.at\/en\/wp-json\/wp\/v2\/types\/post"}],"author":[{"embeddable":true,"href":"https:\/\/www.qwien.at\/en\/wp-json\/wp\/v2\/users\/4"}],"replies":[{"embeddable":true,"href":"https:\/\/www.qwien.at\/en\/wp-json\/wp\/v2\/comments?post=11051"}],"version-history":[{"count":0,"href":"https:\/\/www.qwien.at\/en\/wp-json\/wp\/v2\/posts\/11051\/revisions"}],"wp:featuredmedia":[{"embeddable":true,"href":"https:\/\/www.qwien.at\/en\/wp-json\/wp\/v2\/media\/9491"}],"wp:attachment":[{"href":"https:\/\/www.qwien.at\/en\/wp-json\/wp\/v2\/media?parent=11051"}],"wp:term":[{"taxonomy":"category","embeddable":true,"href":"https:\/\/www.qwien.at\/en\/wp-json\/wp\/v2\/categories?post=11051"},{"taxonomy":"post_tag","embeddable":true,"href":"https:\/\/www.qwien.at\/en\/wp-json\/wp\/v2\/tags?post=11051"}],"curies":[{"name":"wp","href":"https:\/\/api.w.org\/{rel}","templated":true}]}}