{"id":11056,"date":"2025-07-15T21:37:12","date_gmt":"2025-07-15T19:37:12","guid":{"rendered":"https:\/\/www.qwien.at\/nicht-kategorisiert\/oesterreichisches-filmwunder\/"},"modified":"2025-07-15T21:37:12","modified_gmt":"2025-07-15T19:37:12","slug":"oesterreichisches-filmwunder","status":"publish","type":"post","link":"https:\/\/www.qwien.at\/en\/qwien-tipp\/oesterreichisches-filmwunder\/","title":{"rendered":"\u00d6sterreichisches Filmwunder"},"content":{"rendered":"<p><em><strong>Am 13. September 2019 startet ein beachtlicher Film in den \u00f6sterreichischen Kinos &#8211; NEVRLAND von Gregor Schmidinger.<\/strong><\/em><\/p>\n<p>Jakob, ein in sich gekehrter, stiller 17-J\u00e4hriger, der mit einer Angstst\u00f6rung k\u00e4mpft, lebt in einem reinen M\u00e4nnerhaushalt, mit seinem frustrierten, sich vor dem Fernseher verbarrikadierenden Vater (gro\u00dfartig gespielt von Josef Hader) und seinem dahinsiechenden Gro\u00dfvater, um den er sich zu k\u00fcmmern versucht. Eine in grau-braunen, beigen Farben gehaltene Welt, die einen Kontrasts zur blutigen und bl\u00e4ulich kalten Welt des Schlachthofs bildet, in dem Jakob arbeitet. Es wird nie wirklich hell in diesem Film, nachts treibt sich Jakob auf schwulen Cam-Sex-Seiten herum, unsicher, ob er mit den sich dort anbietenden M\u00e4nnern Kontakt aufnehmen soll. Schlie\u00dflich findet er in dem 26-j\u00e4hrigen K\u00fcnstler Kristian eine Bezugsperson, den er nach dem Tod des Gro\u00dfvaters, eine f\u00fcr Jakob traumatische Erfahrung, auch in der realen Welt trifft.<\/p>\n<p><img loading=\"lazy\" decoding=\"async\" class=\"alignleft size-medium wp-image-5365\" src=\"https:\/\/www.qwien.at\/wp-content\/uploads\/2019\/09\/nevrland_plakat-427x600-214x300.jpg\" alt=\"\" width=\"214\" height=\"300\" srcset=\"https:\/\/www.qwien.at\/wp-content\/uploads\/2019\/09\/nevrland_plakat-427x600-214x300.jpg 214w, https:\/\/www.qwien.at\/wp-content\/uploads\/2019\/09\/nevrland_plakat-427x600.jpg 427w\" sizes=\"auto, (max-width: 214px) 100vw, 214px\" \/>Regisseur Schmidinger, der seinen Film mit dem Etikette &#8220;post gay&#8221; versieht, gelang mit seinem ersten Langfilm ein erstaunliches Deb\u00fct. Nicht mehr das Schwulsein ist das Problem des Protagonisten, dieses scheint in dieser &#8220;nach-schwulen&#8221; Welt selbstverst\u00e4ndlich bis gleichg\u00fcltig, sondern die psychische Zerr\u00fcttung, die Angstst\u00f6rungen Jakobs, f\u00fcr die im Film aber keine Erkl\u00e4rungen gesucht werden, stehen im Zentrum. Mit einer eigenwilligen aber kraftvollen Bildsprache zieht Regisseur Schmidinger seine Zuseher*innen immer tiefer in Jakobs Welt, in einen lustbetonten Taumel, der in einer fast 15-min\u00fctigen, aus Traum- und Trugbilder mit d\u00fcsteren Flashlights von Techno Clubbings gemischten Montage, endet.<\/p>\n<p>Das Ende bleibt offen, der Film entzieht sich weitgehend einer eindeutigen Interpretation. Was von NEVRLAND bleibt? Ein eindrucksvolles Filmerlebnis, bemerkenswerte schauspielerische Leistungen, allen voran Simon Fr\u00fchwirth als Jakob, und ein auch auf der Tonebene fein austariertes Kammerspiel. Pr\u00e4dikat sehenswert!<\/p>\n<p>Der inzwischen vielfach preisgekr\u00f6nte auf zahlreichen internationalen Festival umjubelte Film, l\u00e4uft ab 13. September in \u00f6sterreichischen Kinos. Hier der Trailer zu <a href=\"https:\/\/www.youtube.com\/watch?v=VCkp6l02w9Y\">NEVRLAND<\/a><\/p>\n<p>&nbsp;<\/p>\n<p>&nbsp;<\/p>\n","protected":false},"excerpt":{"rendered":"<p>Am 13. September 2019 startet ein beachtlicher Film in den \u00f6sterreichischen Kinos &#8211; NEVRLAND von Gregor Schmidinger. Jakob, ein in sich gekehrter, stiller 17-J\u00e4hriger, der mit einer Angstst\u00f6rung k\u00e4mpft, lebt in einem reinen M\u00e4nnerhaushalt, mit seinem frustrierten, sich vor dem Fernseher verbarrikadierenden Vater (gro\u00dfartig gespielt von Josef Hader) und seinem dahinsiechenden Gro\u00dfvater, um den er [&hellip;]<\/p>\n","protected":false},"author":4,"featured_media":9573,"comment_status":"closed","ping_status":"open","sticky":false,"template":"","format":"standard","meta":{"_acf_changed":false,"footnotes":""},"categories":[275,276],"tags":[403,404,357,372,405],"class_list":["post-11056","post","type-post","status-publish","format-standard","has-post-thumbnail","hentry","category-qwien-tipp","category-webarchive","tag-cam-chat","tag-clubbing","tag-film","tag-queer","tag-techno","grve-entry-item","grve-blog-item"],"acf":[],"yoast_head":"<!-- This site is optimized with the Yoast SEO plugin v27.5 - https:\/\/yoast.com\/product\/yoast-seo-wordpress\/ -->\n<title>\u00d6sterreichisches Filmwunder - Blog - Qwien - Zentrum f\u00fcr queere Geschichte<\/title>\n<meta name=\"robots\" content=\"index, follow, max-snippet:-1, max-image-preview:large, max-video-preview:-1\" \/>\n<link rel=\"canonical\" href=\"https:\/\/www.qwien.at\/en\/qwien-tipp\/oesterreichisches-filmwunder\/\" \/>\n<meta property=\"og:locale\" content=\"en_US\" \/>\n<meta property=\"og:type\" content=\"article\" \/>\n<meta property=\"og:title\" content=\"\u00d6sterreichisches Filmwunder - Blog - Qwien - Zentrum f\u00fcr queere Geschichte\" \/>\n<meta property=\"og:description\" content=\"Am 13. September 2019 startet ein beachtlicher Film in den \u00f6sterreichischen Kinos &#8211; NEVRLAND von Gregor Schmidinger. Jakob, ein in sich gekehrter, stiller 17-J\u00e4hriger, der mit einer Angstst\u00f6rung k\u00e4mpft, lebt in einem reinen M\u00e4nnerhaushalt, mit seinem frustrierten, sich vor dem Fernseher verbarrikadierenden Vater (gro\u00dfartig gespielt von Josef Hader) und seinem dahinsiechenden Gro\u00dfvater, um den er [&hellip;]\" \/>\n<meta property=\"og:url\" content=\"https:\/\/www.qwien.at\/en\/qwien-tipp\/oesterreichisches-filmwunder\/\" \/>\n<meta property=\"og:site_name\" content=\"Qwien - Zentrum f\u00fcr queere Geschichte\" \/>\n<meta property=\"article:published_time\" content=\"2025-07-15T19:37:12+00:00\" \/>\n<meta property=\"og:image\" content=\"http:\/\/www.qwien.at\/wp-content\/uploads\/2019\/09\/nevrland_plakat-427x600-214x300.jpg\" \/>\n<meta name=\"author\" content=\"Andreas Brunner\" \/>\n<meta name=\"twitter:card\" content=\"summary_large_image\" \/>\n<meta name=\"twitter:label1\" content=\"Written by\" \/>\n\t<meta name=\"twitter:data1\" content=\"Andreas Brunner\" \/>\n\t<meta name=\"twitter:label2\" content=\"Est. reading time\" \/>\n\t<meta name=\"twitter:data2\" content=\"2 minutes\" \/>\n<script type=\"application\/ld+json\" class=\"yoast-schema-graph\">{\"@context\":\"https:\\\/\\\/schema.org\",\"@graph\":[{\"@type\":[\"Article\",\"BlogPosting\"],\"@id\":\"https:\\\/\\\/www.qwien.at\\\/en\\\/qwien-tipp\\\/oesterreichisches-filmwunder\\\/#article\",\"isPartOf\":{\"@id\":\"https:\\\/\\\/www.qwien.at\\\/en\\\/qwien-tipp\\\/oesterreichisches-filmwunder\\\/\"},\"author\":{\"name\":\"Andreas Brunner\",\"@id\":\"https:\\\/\\\/www.qwien.at\\\/en\\\/#\\\/schema\\\/person\\\/d3fe9114b43d8e5a558a6d20ca3e2920\"},\"headline\":\"\u00d6sterreichisches Filmwunder\",\"datePublished\":\"2025-07-15T19:37:12+00:00\",\"mainEntityOfPage\":{\"@id\":\"https:\\\/\\\/www.qwien.at\\\/en\\\/qwien-tipp\\\/oesterreichisches-filmwunder\\\/\"},\"wordCount\":322,\"publisher\":{\"@id\":\"https:\\\/\\\/www.qwien.at\\\/en\\\/#organization\"},\"image\":{\"@id\":\"https:\\\/\\\/www.qwien.at\\\/en\\\/qwien-tipp\\\/oesterreichisches-filmwunder\\\/#primaryimage\"},\"thumbnailUrl\":\"https:\\\/\\\/www.qwien.at\\\/wp-content\\\/uploads\\\/2019\\\/09\\\/nevrland_plakat-427x600.jpg\",\"keywords\":[\"Cam Chat\",\"Clubbing\",\"Film\",\"queer\",\"Techno\"],\"articleSection\":[\"Tipp\",\"Webarchiv\"],\"inLanguage\":\"en-US\"},{\"@type\":\"WebPage\",\"@id\":\"https:\\\/\\\/www.qwien.at\\\/en\\\/qwien-tipp\\\/oesterreichisches-filmwunder\\\/\",\"url\":\"https:\\\/\\\/www.qwien.at\\\/en\\\/qwien-tipp\\\/oesterreichisches-filmwunder\\\/\",\"name\":\"\u00d6sterreichisches Filmwunder - Blog - Qwien - Zentrum f\u00fcr queere Geschichte\",\"isPartOf\":{\"@id\":\"https:\\\/\\\/www.qwien.at\\\/en\\\/#website\"},\"primaryImageOfPage\":{\"@id\":\"https:\\\/\\\/www.qwien.at\\\/en\\\/qwien-tipp\\\/oesterreichisches-filmwunder\\\/#primaryimage\"},\"image\":{\"@id\":\"https:\\\/\\\/www.qwien.at\\\/en\\\/qwien-tipp\\\/oesterreichisches-filmwunder\\\/#primaryimage\"},\"thumbnailUrl\":\"https:\\\/\\\/www.qwien.at\\\/wp-content\\\/uploads\\\/2019\\\/09\\\/nevrland_plakat-427x600.jpg\",\"datePublished\":\"2025-07-15T19:37:12+00:00\",\"breadcrumb\":{\"@id\":\"https:\\\/\\\/www.qwien.at\\\/en\\\/qwien-tipp\\\/oesterreichisches-filmwunder\\\/#breadcrumb\"},\"inLanguage\":\"en-US\",\"potentialAction\":[{\"@type\":\"ReadAction\",\"target\":[\"https:\\\/\\\/www.qwien.at\\\/en\\\/qwien-tipp\\\/oesterreichisches-filmwunder\\\/\"]}]},{\"@type\":\"ImageObject\",\"inLanguage\":\"en-US\",\"@id\":\"https:\\\/\\\/www.qwien.at\\\/en\\\/qwien-tipp\\\/oesterreichisches-filmwunder\\\/#primaryimage\",\"url\":\"https:\\\/\\\/www.qwien.at\\\/wp-content\\\/uploads\\\/2019\\\/09\\\/nevrland_plakat-427x600.jpg\",\"contentUrl\":\"https:\\\/\\\/www.qwien.at\\\/wp-content\\\/uploads\\\/2019\\\/09\\\/nevrland_plakat-427x600.jpg\",\"width\":427,\"height\":600},{\"@type\":\"BreadcrumbList\",\"@id\":\"https:\\\/\\\/www.qwien.at\\\/en\\\/qwien-tipp\\\/oesterreichisches-filmwunder\\\/#breadcrumb\",\"itemListElement\":[{\"@type\":\"ListItem\",\"position\":1,\"name\":\"Startseite\",\"item\":\"https:\\\/\\\/www.qwien.at\\\/en\\\/\"},{\"@type\":\"ListItem\",\"position\":2,\"name\":\"\u00d6sterreichisches Filmwunder\"}]},{\"@type\":\"WebSite\",\"@id\":\"https:\\\/\\\/www.qwien.at\\\/en\\\/#website\",\"url\":\"https:\\\/\\\/www.qwien.at\\\/en\\\/\",\"name\":\"Qwien - Zentrum f\u00fcr queere Geschichte\",\"description\":\"\",\"publisher\":{\"@id\":\"https:\\\/\\\/www.qwien.at\\\/en\\\/#organization\"},\"potentialAction\":[{\"@type\":\"SearchAction\",\"target\":{\"@type\":\"EntryPoint\",\"urlTemplate\":\"https:\\\/\\\/www.qwien.at\\\/en\\\/?s={search_term_string}\"},\"query-input\":{\"@type\":\"PropertyValueSpecification\",\"valueRequired\":true,\"valueName\":\"search_term_string\"}}],\"inLanguage\":\"en-US\"},{\"@type\":\"Organization\",\"@id\":\"https:\\\/\\\/www.qwien.at\\\/en\\\/#organization\",\"name\":\"Qwien\",\"url\":\"https:\\\/\\\/www.qwien.at\\\/en\\\/\",\"logo\":{\"@type\":\"ImageObject\",\"inLanguage\":\"en-US\",\"@id\":\"https:\\\/\\\/www.qwien.at\\\/en\\\/#\\\/schema\\\/logo\\\/image\\\/\",\"url\":\"https:\\\/\\\/www.qwien.at\\\/wp-content\\\/uploads\\\/2025\\\/06\\\/seo-yoast-2.png\",\"contentUrl\":\"https:\\\/\\\/www.qwien.at\\\/wp-content\\\/uploads\\\/2025\\\/06\\\/seo-yoast-2.png\",\"width\":697,\"height\":697,\"caption\":\"Qwien\"},\"image\":{\"@id\":\"https:\\\/\\\/www.qwien.at\\\/en\\\/#\\\/schema\\\/logo\\\/image\\\/\"},\"sameAs\":[\"https:\\\/\\\/www.instagram.com\\\/qwien.zentrum\\\/\"]},{\"@type\":\"Person\",\"@id\":\"https:\\\/\\\/www.qwien.at\\\/en\\\/#\\\/schema\\\/person\\\/d3fe9114b43d8e5a558a6d20ca3e2920\",\"name\":\"Andreas Brunner\"}]}<\/script>\n<!-- \/ Yoast SEO plugin. -->","yoast_head_json":{"title":"\u00d6sterreichisches Filmwunder - Blog - Qwien - Zentrum f\u00fcr queere Geschichte","robots":{"index":"index","follow":"follow","max-snippet":"max-snippet:-1","max-image-preview":"max-image-preview:large","max-video-preview":"max-video-preview:-1"},"canonical":"https:\/\/www.qwien.at\/en\/qwien-tipp\/oesterreichisches-filmwunder\/","og_locale":"en_US","og_type":"article","og_title":"\u00d6sterreichisches Filmwunder - Blog - Qwien - Zentrum f\u00fcr queere Geschichte","og_description":"Am 13. September 2019 startet ein beachtlicher Film in den \u00f6sterreichischen Kinos &#8211; NEVRLAND von Gregor Schmidinger. Jakob, ein in sich gekehrter, stiller 17-J\u00e4hriger, der mit einer Angstst\u00f6rung k\u00e4mpft, lebt in einem reinen M\u00e4nnerhaushalt, mit seinem frustrierten, sich vor dem Fernseher verbarrikadierenden Vater (gro\u00dfartig gespielt von Josef Hader) und seinem dahinsiechenden Gro\u00dfvater, um den er [&hellip;]","og_url":"https:\/\/www.qwien.at\/en\/qwien-tipp\/oesterreichisches-filmwunder\/","og_site_name":"Qwien - Zentrum f\u00fcr queere Geschichte","article_published_time":"2025-07-15T19:37:12+00:00","og_image":[{"url":"http:\/\/www.qwien.at\/wp-content\/uploads\/2019\/09\/nevrland_plakat-427x600-214x300.jpg","type":"","width":"","height":""}],"author":"Andreas Brunner","twitter_card":"summary_large_image","twitter_misc":{"Written by":"Andreas Brunner","Est. reading time":"2 minutes"},"schema":{"@context":"https:\/\/schema.org","@graph":[{"@type":["Article","BlogPosting"],"@id":"https:\/\/www.qwien.at\/en\/qwien-tipp\/oesterreichisches-filmwunder\/#article","isPartOf":{"@id":"https:\/\/www.qwien.at\/en\/qwien-tipp\/oesterreichisches-filmwunder\/"},"author":{"name":"Andreas Brunner","@id":"https:\/\/www.qwien.at\/en\/#\/schema\/person\/d3fe9114b43d8e5a558a6d20ca3e2920"},"headline":"\u00d6sterreichisches Filmwunder","datePublished":"2025-07-15T19:37:12+00:00","mainEntityOfPage":{"@id":"https:\/\/www.qwien.at\/en\/qwien-tipp\/oesterreichisches-filmwunder\/"},"wordCount":322,"publisher":{"@id":"https:\/\/www.qwien.at\/en\/#organization"},"image":{"@id":"https:\/\/www.qwien.at\/en\/qwien-tipp\/oesterreichisches-filmwunder\/#primaryimage"},"thumbnailUrl":"https:\/\/www.qwien.at\/wp-content\/uploads\/2019\/09\/nevrland_plakat-427x600.jpg","keywords":["Cam Chat","Clubbing","Film","queer","Techno"],"articleSection":["Tipp","Webarchiv"],"inLanguage":"en-US"},{"@type":"WebPage","@id":"https:\/\/www.qwien.at\/en\/qwien-tipp\/oesterreichisches-filmwunder\/","url":"https:\/\/www.qwien.at\/en\/qwien-tipp\/oesterreichisches-filmwunder\/","name":"\u00d6sterreichisches Filmwunder - Blog - Qwien - Zentrum f\u00fcr queere Geschichte","isPartOf":{"@id":"https:\/\/www.qwien.at\/en\/#website"},"primaryImageOfPage":{"@id":"https:\/\/www.qwien.at\/en\/qwien-tipp\/oesterreichisches-filmwunder\/#primaryimage"},"image":{"@id":"https:\/\/www.qwien.at\/en\/qwien-tipp\/oesterreichisches-filmwunder\/#primaryimage"},"thumbnailUrl":"https:\/\/www.qwien.at\/wp-content\/uploads\/2019\/09\/nevrland_plakat-427x600.jpg","datePublished":"2025-07-15T19:37:12+00:00","breadcrumb":{"@id":"https:\/\/www.qwien.at\/en\/qwien-tipp\/oesterreichisches-filmwunder\/#breadcrumb"},"inLanguage":"en-US","potentialAction":[{"@type":"ReadAction","target":["https:\/\/www.qwien.at\/en\/qwien-tipp\/oesterreichisches-filmwunder\/"]}]},{"@type":"ImageObject","inLanguage":"en-US","@id":"https:\/\/www.qwien.at\/en\/qwien-tipp\/oesterreichisches-filmwunder\/#primaryimage","url":"https:\/\/www.qwien.at\/wp-content\/uploads\/2019\/09\/nevrland_plakat-427x600.jpg","contentUrl":"https:\/\/www.qwien.at\/wp-content\/uploads\/2019\/09\/nevrland_plakat-427x600.jpg","width":427,"height":600},{"@type":"BreadcrumbList","@id":"https:\/\/www.qwien.at\/en\/qwien-tipp\/oesterreichisches-filmwunder\/#breadcrumb","itemListElement":[{"@type":"ListItem","position":1,"name":"Startseite","item":"https:\/\/www.qwien.at\/en\/"},{"@type":"ListItem","position":2,"name":"\u00d6sterreichisches Filmwunder"}]},{"@type":"WebSite","@id":"https:\/\/www.qwien.at\/en\/#website","url":"https:\/\/www.qwien.at\/en\/","name":"Qwien - Zentrum f\u00fcr queere Geschichte","description":"","publisher":{"@id":"https:\/\/www.qwien.at\/en\/#organization"},"potentialAction":[{"@type":"SearchAction","target":{"@type":"EntryPoint","urlTemplate":"https:\/\/www.qwien.at\/en\/?s={search_term_string}"},"query-input":{"@type":"PropertyValueSpecification","valueRequired":true,"valueName":"search_term_string"}}],"inLanguage":"en-US"},{"@type":"Organization","@id":"https:\/\/www.qwien.at\/en\/#organization","name":"Qwien","url":"https:\/\/www.qwien.at\/en\/","logo":{"@type":"ImageObject","inLanguage":"en-US","@id":"https:\/\/www.qwien.at\/en\/#\/schema\/logo\/image\/","url":"https:\/\/www.qwien.at\/wp-content\/uploads\/2025\/06\/seo-yoast-2.png","contentUrl":"https:\/\/www.qwien.at\/wp-content\/uploads\/2025\/06\/seo-yoast-2.png","width":697,"height":697,"caption":"Qwien"},"image":{"@id":"https:\/\/www.qwien.at\/en\/#\/schema\/logo\/image\/"},"sameAs":["https:\/\/www.instagram.com\/qwien.zentrum\/"]},{"@type":"Person","@id":"https:\/\/www.qwien.at\/en\/#\/schema\/person\/d3fe9114b43d8e5a558a6d20ca3e2920","name":"Andreas Brunner"}]}},"_links":{"self":[{"href":"https:\/\/www.qwien.at\/en\/wp-json\/wp\/v2\/posts\/11056","targetHints":{"allow":["GET"]}}],"collection":[{"href":"https:\/\/www.qwien.at\/en\/wp-json\/wp\/v2\/posts"}],"about":[{"href":"https:\/\/www.qwien.at\/en\/wp-json\/wp\/v2\/types\/post"}],"author":[{"embeddable":true,"href":"https:\/\/www.qwien.at\/en\/wp-json\/wp\/v2\/users\/4"}],"replies":[{"embeddable":true,"href":"https:\/\/www.qwien.at\/en\/wp-json\/wp\/v2\/comments?post=11056"}],"version-history":[{"count":0,"href":"https:\/\/www.qwien.at\/en\/wp-json\/wp\/v2\/posts\/11056\/revisions"}],"wp:featuredmedia":[{"embeddable":true,"href":"https:\/\/www.qwien.at\/en\/wp-json\/wp\/v2\/media\/9573"}],"wp:attachment":[{"href":"https:\/\/www.qwien.at\/en\/wp-json\/wp\/v2\/media?parent=11056"}],"wp:term":[{"taxonomy":"category","embeddable":true,"href":"https:\/\/www.qwien.at\/en\/wp-json\/wp\/v2\/categories?post=11056"},{"taxonomy":"post_tag","embeddable":true,"href":"https:\/\/www.qwien.at\/en\/wp-json\/wp\/v2\/tags?post=11056"}],"curies":[{"name":"wp","href":"https:\/\/api.w.org\/{rel}","templated":true}]}}