{"id":11057,"date":"2025-07-15T21:37:12","date_gmt":"2025-07-15T19:37:12","guid":{"rendered":"https:\/\/www.qwien.at\/nicht-kategorisiert\/qwien-tipps-fuer-september\/"},"modified":"2025-07-15T21:37:12","modified_gmt":"2025-07-15T19:37:12","slug":"qwien-tipps-fuer-september","status":"publish","type":"post","link":"https:\/\/www.qwien.at\/en\/qwien-tipp\/qwien-tipps-fuer-september\/","title":{"rendered":"QWIEN-Tipps f\u00fcr September"},"content":{"rendered":"<p><img loading=\"lazy\" decoding=\"async\" class=\"alignleft size-medium wp-image-5374\" src=\"https:\/\/www.qwien.at\/wp-content\/uploads\/2019\/09\/Nevrland-300x169.jpg\" alt=\"\" width=\"300\" height=\"169\" srcset=\"https:\/\/www.qwien.at\/wp-content\/uploads\/2019\/09\/Nevrland-300x169.jpg 300w, https:\/\/www.qwien.at\/wp-content\/uploads\/2019\/09\/Nevrland-768x432.jpg 768w, https:\/\/www.qwien.at\/wp-content\/uploads\/2019\/09\/Nevrland-1024x576.jpg 1024w, https:\/\/www.qwien.at\/wp-content\/uploads\/2019\/09\/Nevrland.jpg 1280w\" sizes=\"auto, (max-width: 300px) 100vw, 300px\" \/>Ab 13. September l\u00e4uft <strong>NEVRLAND<\/strong>, der erste Spielfilm von Regisseur Gregor Schmidinger, in \u00f6sterreichischen Kinos an. QWIEN hat ihn schon gesehen und vergibt das Pr\u00e4dikat Sehenswert.<br \/>\n<a href=\"http:\/\/www.qwien.at\/2019\/09\/06\/oesterreichisches-filmwunder\/\">http:\/\/www.qwien.at\/2019\/09\/06\/oesterreichisches-filmwunder\/<\/a><\/p>\n<p>&nbsp;<\/p>\n<p>&nbsp;<\/p>\n<p>&nbsp;<\/p>\n<p><strong>17. September, 19.00 Uhr<\/strong><br \/>\nDer <strong>Liga-Salon <\/strong>im Presseclub Concordia<br \/>\nBankgasse 8, 1010 Wien<br \/>\nUnter dem Titel \u201cGeschichte schreibt sich nicht von selbst\u2026\u201c wird das bei QWIEN als Dauerleihgabe neu aufgestellte Archiv der \u00d6sterreichischen Liga f\u00fcr Menschenrechte als Quelle f\u00fcr die zeitgeschichtliche Forschung vorgestellt.<br \/>\n<a href=\"http:\/\/www.liga.or.at\/news\/einladung-zum-liga-salon\/\">www.liga.or.at\/news\/einladung-zum-liga-salon\/<\/a><\/p>\n<p><strong>24. September, 9.30-18.00 Uhr<\/strong><br \/>\nSymposium <strong>\u201eHuman Rights and LGBTIQ\u201d<\/strong><br \/>\nKleiner Festsaal der Universit\u00e4t Wien<br \/>\nUniversit\u00e4tsring 1, 1010 Wien<br \/>\nLGBTIQ Rechte als Menschenrechte. In der vom Ludwig Boltzmann Institut f\u00fcr Menschenrechte veranstalteten Tagung sprechen internationale Expert*innen zu alten Erfolgen aber auch offenen Fragen in Bezug auf Menschenrechte f\u00fcr LGBTIQ Personen.<br \/>\n<a href=\"http:\/\/www.qwien.at\/2019\/09\/06\/somewhere-beyond-the-rainbow\/\">http:\/\/www.qwien.at\/2019\/09\/06\/somewhere-beyond-the-rainbow\/<\/a><\/p>\n<p><img loading=\"lazy\" decoding=\"async\" class=\"alignleft size-medium wp-image-5375\" src=\"https:\/\/www.qwien.at\/wp-content\/uploads\/2019\/09\/angels_01-1-265x300.jpg\" alt=\"\" width=\"265\" height=\"300\" srcset=\"https:\/\/www.qwien.at\/wp-content\/uploads\/2019\/09\/angels_01-1-265x300.jpg 265w, https:\/\/www.qwien.at\/wp-content\/uploads\/2019\/09\/angels_01-1-768x870.jpg 768w, https:\/\/www.qwien.at\/wp-content\/uploads\/2019\/09\/angels_01-1-904x1024.jpg 904w, https:\/\/www.qwien.at\/wp-content\/uploads\/2019\/09\/angels_01-1.jpg 1328w\" sizes=\"auto, (max-width: 265px) 100vw, 265px\" \/><strong>26., 28. &amp; 29. September und 1. Oktober, jeweils 19.30 Uhr<\/strong><br \/>\n<strong>Angels in America<\/strong><br \/>\nOpera in two parts von Peter E\u00f6tv\u00f6s, nach Tony Kushner<br \/>\nNeue Oper Wien im Museumsquartier, Halle E<br \/>\nMuseumsplatz 1, 1070 Wien<br \/>\nDie Neue Oper Wien startet mit einer sehens- und h\u00f6renswerten Oper des ungarischen Komponisten Peter E\u00f6tv\u00f6s in die Saison. Auf zwei Stunden Spielzeit komprimierten E\u00f6tv\u00f6s und sein Librettist Mari Mezel das 7-St\u00fcndige Monumentaldrama von Tony Kushner, in dessen Zentrum die Aids-Krise steht, das aber auch die politische Geschichte der USA aufrollt und die Verlogenheit der konservativen Eliten offenlegt. \u00d6sterreichische Erstauff\u00fchrung!<br \/>\n<a href=\"https:\/\/neueoperwien.at\/node\/169\/programm\/theaterzettel\/deutsch\">https:\/\/neueoperwien.at\/node\/169\/programm\/theaterzettel\/deutsch<\/a><\/p>\n<p>&nbsp;<\/p>\n","protected":false},"excerpt":{"rendered":"<p>Ab 13. September l\u00e4uft NEVRLAND, der erste Spielfilm von Regisseur Gregor Schmidinger, in \u00f6sterreichischen Kinos an. QWIEN hat ihn schon gesehen und vergibt das Pr\u00e4dikat Sehenswert. http:\/\/www.qwien.at\/2019\/09\/06\/oesterreichisches-filmwunder\/ &nbsp; &nbsp; &nbsp; 17. September, 19.00 Uhr Der Liga-Salon im Presseclub Concordia Bankgasse 8, 1010 Wien Unter dem Titel \u201cGeschichte schreibt sich nicht von selbst\u2026\u201c wird das bei [&hellip;]<\/p>\n","protected":false},"author":4,"featured_media":0,"comment_status":"closed","ping_status":"open","sticky":false,"template":"","format":"standard","meta":{"_acf_changed":false,"footnotes":""},"categories":[275,276],"tags":[282,357,406,384,387],"class_list":["post-11057","post","type-post","status-publish","format-standard","hentry","category-qwien-tipp","category-webarchive","tag-aids","tag-film","tag-kushner","tag-menschenrechte","tag-oper","grve-entry-item","grve-blog-item"],"acf":[],"yoast_head":"<!-- This site is optimized with the Yoast SEO plugin v27.5 - https:\/\/yoast.com\/product\/yoast-seo-wordpress\/ -->\n<title>QWIEN-Tipps f\u00fcr September - Blog - Qwien - Zentrum f\u00fcr queere Geschichte<\/title>\n<meta name=\"robots\" content=\"index, follow, max-snippet:-1, max-image-preview:large, max-video-preview:-1\" \/>\n<link rel=\"canonical\" href=\"https:\/\/www.qwien.at\/en\/qwien-tipp\/qwien-tipps-fuer-september\/\" \/>\n<meta property=\"og:locale\" content=\"en_US\" \/>\n<meta property=\"og:type\" content=\"article\" \/>\n<meta property=\"og:title\" content=\"QWIEN-Tipps f\u00fcr September - Blog - Qwien - Zentrum f\u00fcr queere Geschichte\" \/>\n<meta property=\"og:description\" content=\"Ab 13. September l\u00e4uft NEVRLAND, der erste Spielfilm von Regisseur Gregor Schmidinger, in \u00f6sterreichischen Kinos an. QWIEN hat ihn schon gesehen und vergibt das Pr\u00e4dikat Sehenswert. http:\/\/www.qwien.at\/2019\/09\/06\/oesterreichisches-filmwunder\/ &nbsp; &nbsp; &nbsp; 17. September, 19.00 Uhr Der Liga-Salon im Presseclub Concordia Bankgasse 8, 1010 Wien Unter dem Titel \u201cGeschichte schreibt sich nicht von selbst\u2026\u201c wird das bei [&hellip;]\" \/>\n<meta property=\"og:url\" content=\"https:\/\/www.qwien.at\/en\/qwien-tipp\/qwien-tipps-fuer-september\/\" \/>\n<meta property=\"og:site_name\" content=\"Qwien - Zentrum f\u00fcr queere Geschichte\" \/>\n<meta property=\"article:published_time\" content=\"2025-07-15T19:37:12+00:00\" \/>\n<meta property=\"og:image\" content=\"http:\/\/www.qwien.at\/wp-content\/uploads\/2019\/09\/Nevrland-300x169.jpg\" \/>\n<meta name=\"author\" content=\"Andreas Brunner\" \/>\n<meta name=\"twitter:card\" content=\"summary_large_image\" \/>\n<meta name=\"twitter:label1\" content=\"Written by\" \/>\n\t<meta name=\"twitter:data1\" content=\"Andreas Brunner\" \/>\n\t<meta name=\"twitter:label2\" content=\"Est. reading time\" \/>\n\t<meta name=\"twitter:data2\" content=\"1 minute\" \/>\n<script type=\"application\/ld+json\" class=\"yoast-schema-graph\">{\"@context\":\"https:\\\/\\\/schema.org\",\"@graph\":[{\"@type\":[\"Article\",\"BlogPosting\"],\"@id\":\"https:\\\/\\\/www.qwien.at\\\/en\\\/qwien-tipp\\\/qwien-tipps-fuer-september\\\/#article\",\"isPartOf\":{\"@id\":\"https:\\\/\\\/www.qwien.at\\\/en\\\/qwien-tipp\\\/qwien-tipps-fuer-september\\\/\"},\"author\":{\"name\":\"Andreas Brunner\",\"@id\":\"https:\\\/\\\/www.qwien.at\\\/en\\\/#\\\/schema\\\/person\\\/d3fe9114b43d8e5a558a6d20ca3e2920\"},\"headline\":\"QWIEN-Tipps f\u00fcr September\",\"datePublished\":\"2025-07-15T19:37:12+00:00\",\"mainEntityOfPage\":{\"@id\":\"https:\\\/\\\/www.qwien.at\\\/en\\\/qwien-tipp\\\/qwien-tipps-fuer-september\\\/\"},\"wordCount\":247,\"publisher\":{\"@id\":\"https:\\\/\\\/www.qwien.at\\\/en\\\/#organization\"},\"image\":{\"@id\":\"https:\\\/\\\/www.qwien.at\\\/en\\\/qwien-tipp\\\/qwien-tipps-fuer-september\\\/#primaryimage\"},\"thumbnailUrl\":\"https:\\\/\\\/www.qwien.at\\\/wp-content\\\/uploads\\\/2019\\\/09\\\/Nevrland-300x169.jpg\",\"keywords\":[\"Aids\",\"Film\",\"Kushner\",\"Menschenrechte\",\"Oper\"],\"articleSection\":[\"Tipp\",\"Webarchiv\"],\"inLanguage\":\"en-US\"},{\"@type\":\"WebPage\",\"@id\":\"https:\\\/\\\/www.qwien.at\\\/en\\\/qwien-tipp\\\/qwien-tipps-fuer-september\\\/\",\"url\":\"https:\\\/\\\/www.qwien.at\\\/en\\\/qwien-tipp\\\/qwien-tipps-fuer-september\\\/\",\"name\":\"QWIEN-Tipps f\u00fcr September - Blog - Qwien - Zentrum f\u00fcr queere Geschichte\",\"isPartOf\":{\"@id\":\"https:\\\/\\\/www.qwien.at\\\/en\\\/#website\"},\"primaryImageOfPage\":{\"@id\":\"https:\\\/\\\/www.qwien.at\\\/en\\\/qwien-tipp\\\/qwien-tipps-fuer-september\\\/#primaryimage\"},\"image\":{\"@id\":\"https:\\\/\\\/www.qwien.at\\\/en\\\/qwien-tipp\\\/qwien-tipps-fuer-september\\\/#primaryimage\"},\"thumbnailUrl\":\"https:\\\/\\\/www.qwien.at\\\/wp-content\\\/uploads\\\/2019\\\/09\\\/Nevrland-300x169.jpg\",\"datePublished\":\"2025-07-15T19:37:12+00:00\",\"breadcrumb\":{\"@id\":\"https:\\\/\\\/www.qwien.at\\\/en\\\/qwien-tipp\\\/qwien-tipps-fuer-september\\\/#breadcrumb\"},\"inLanguage\":\"en-US\",\"potentialAction\":[{\"@type\":\"ReadAction\",\"target\":[\"https:\\\/\\\/www.qwien.at\\\/en\\\/qwien-tipp\\\/qwien-tipps-fuer-september\\\/\"]}]},{\"@type\":\"ImageObject\",\"inLanguage\":\"en-US\",\"@id\":\"https:\\\/\\\/www.qwien.at\\\/en\\\/qwien-tipp\\\/qwien-tipps-fuer-september\\\/#primaryimage\",\"url\":\"https:\\\/\\\/www.qwien.at\\\/wp-content\\\/uploads\\\/2019\\\/09\\\/Nevrland-300x169.jpg\",\"contentUrl\":\"https:\\\/\\\/www.qwien.at\\\/wp-content\\\/uploads\\\/2019\\\/09\\\/Nevrland-300x169.jpg\"},{\"@type\":\"BreadcrumbList\",\"@id\":\"https:\\\/\\\/www.qwien.at\\\/en\\\/qwien-tipp\\\/qwien-tipps-fuer-september\\\/#breadcrumb\",\"itemListElement\":[{\"@type\":\"ListItem\",\"position\":1,\"name\":\"Startseite\",\"item\":\"https:\\\/\\\/www.qwien.at\\\/en\\\/\"},{\"@type\":\"ListItem\",\"position\":2,\"name\":\"QWIEN-Tipps f\u00fcr September\"}]},{\"@type\":\"WebSite\",\"@id\":\"https:\\\/\\\/www.qwien.at\\\/en\\\/#website\",\"url\":\"https:\\\/\\\/www.qwien.at\\\/en\\\/\",\"name\":\"Qwien - Zentrum f\u00fcr queere Geschichte\",\"description\":\"\",\"publisher\":{\"@id\":\"https:\\\/\\\/www.qwien.at\\\/en\\\/#organization\"},\"potentialAction\":[{\"@type\":\"SearchAction\",\"target\":{\"@type\":\"EntryPoint\",\"urlTemplate\":\"https:\\\/\\\/www.qwien.at\\\/en\\\/?s={search_term_string}\"},\"query-input\":{\"@type\":\"PropertyValueSpecification\",\"valueRequired\":true,\"valueName\":\"search_term_string\"}}],\"inLanguage\":\"en-US\"},{\"@type\":\"Organization\",\"@id\":\"https:\\\/\\\/www.qwien.at\\\/en\\\/#organization\",\"name\":\"Qwien\",\"url\":\"https:\\\/\\\/www.qwien.at\\\/en\\\/\",\"logo\":{\"@type\":\"ImageObject\",\"inLanguage\":\"en-US\",\"@id\":\"https:\\\/\\\/www.qwien.at\\\/en\\\/#\\\/schema\\\/logo\\\/image\\\/\",\"url\":\"https:\\\/\\\/www.qwien.at\\\/wp-content\\\/uploads\\\/2025\\\/06\\\/seo-yoast-2.png\",\"contentUrl\":\"https:\\\/\\\/www.qwien.at\\\/wp-content\\\/uploads\\\/2025\\\/06\\\/seo-yoast-2.png\",\"width\":697,\"height\":697,\"caption\":\"Qwien\"},\"image\":{\"@id\":\"https:\\\/\\\/www.qwien.at\\\/en\\\/#\\\/schema\\\/logo\\\/image\\\/\"},\"sameAs\":[\"https:\\\/\\\/www.instagram.com\\\/qwien.zentrum\\\/\"]},{\"@type\":\"Person\",\"@id\":\"https:\\\/\\\/www.qwien.at\\\/en\\\/#\\\/schema\\\/person\\\/d3fe9114b43d8e5a558a6d20ca3e2920\",\"name\":\"Andreas Brunner\"}]}<\/script>\n<!-- \/ Yoast SEO plugin. -->","yoast_head_json":{"title":"QWIEN-Tipps f\u00fcr September - Blog - Qwien - Zentrum f\u00fcr queere Geschichte","robots":{"index":"index","follow":"follow","max-snippet":"max-snippet:-1","max-image-preview":"max-image-preview:large","max-video-preview":"max-video-preview:-1"},"canonical":"https:\/\/www.qwien.at\/en\/qwien-tipp\/qwien-tipps-fuer-september\/","og_locale":"en_US","og_type":"article","og_title":"QWIEN-Tipps f\u00fcr September - Blog - Qwien - Zentrum f\u00fcr queere Geschichte","og_description":"Ab 13. September l\u00e4uft NEVRLAND, der erste Spielfilm von Regisseur Gregor Schmidinger, in \u00f6sterreichischen Kinos an. QWIEN hat ihn schon gesehen und vergibt das Pr\u00e4dikat Sehenswert. http:\/\/www.qwien.at\/2019\/09\/06\/oesterreichisches-filmwunder\/ &nbsp; &nbsp; &nbsp; 17. September, 19.00 Uhr Der Liga-Salon im Presseclub Concordia Bankgasse 8, 1010 Wien Unter dem Titel \u201cGeschichte schreibt sich nicht von selbst\u2026\u201c wird das bei [&hellip;]","og_url":"https:\/\/www.qwien.at\/en\/qwien-tipp\/qwien-tipps-fuer-september\/","og_site_name":"Qwien - Zentrum f\u00fcr queere Geschichte","article_published_time":"2025-07-15T19:37:12+00:00","og_image":[{"url":"http:\/\/www.qwien.at\/wp-content\/uploads\/2019\/09\/Nevrland-300x169.jpg","type":"","width":"","height":""}],"author":"Andreas Brunner","twitter_card":"summary_large_image","twitter_misc":{"Written by":"Andreas Brunner","Est. reading time":"1 minute"},"schema":{"@context":"https:\/\/schema.org","@graph":[{"@type":["Article","BlogPosting"],"@id":"https:\/\/www.qwien.at\/en\/qwien-tipp\/qwien-tipps-fuer-september\/#article","isPartOf":{"@id":"https:\/\/www.qwien.at\/en\/qwien-tipp\/qwien-tipps-fuer-september\/"},"author":{"name":"Andreas Brunner","@id":"https:\/\/www.qwien.at\/en\/#\/schema\/person\/d3fe9114b43d8e5a558a6d20ca3e2920"},"headline":"QWIEN-Tipps f\u00fcr September","datePublished":"2025-07-15T19:37:12+00:00","mainEntityOfPage":{"@id":"https:\/\/www.qwien.at\/en\/qwien-tipp\/qwien-tipps-fuer-september\/"},"wordCount":247,"publisher":{"@id":"https:\/\/www.qwien.at\/en\/#organization"},"image":{"@id":"https:\/\/www.qwien.at\/en\/qwien-tipp\/qwien-tipps-fuer-september\/#primaryimage"},"thumbnailUrl":"https:\/\/www.qwien.at\/wp-content\/uploads\/2019\/09\/Nevrland-300x169.jpg","keywords":["Aids","Film","Kushner","Menschenrechte","Oper"],"articleSection":["Tipp","Webarchiv"],"inLanguage":"en-US"},{"@type":"WebPage","@id":"https:\/\/www.qwien.at\/en\/qwien-tipp\/qwien-tipps-fuer-september\/","url":"https:\/\/www.qwien.at\/en\/qwien-tipp\/qwien-tipps-fuer-september\/","name":"QWIEN-Tipps f\u00fcr September - Blog - Qwien - Zentrum f\u00fcr queere Geschichte","isPartOf":{"@id":"https:\/\/www.qwien.at\/en\/#website"},"primaryImageOfPage":{"@id":"https:\/\/www.qwien.at\/en\/qwien-tipp\/qwien-tipps-fuer-september\/#primaryimage"},"image":{"@id":"https:\/\/www.qwien.at\/en\/qwien-tipp\/qwien-tipps-fuer-september\/#primaryimage"},"thumbnailUrl":"https:\/\/www.qwien.at\/wp-content\/uploads\/2019\/09\/Nevrland-300x169.jpg","datePublished":"2025-07-15T19:37:12+00:00","breadcrumb":{"@id":"https:\/\/www.qwien.at\/en\/qwien-tipp\/qwien-tipps-fuer-september\/#breadcrumb"},"inLanguage":"en-US","potentialAction":[{"@type":"ReadAction","target":["https:\/\/www.qwien.at\/en\/qwien-tipp\/qwien-tipps-fuer-september\/"]}]},{"@type":"ImageObject","inLanguage":"en-US","@id":"https:\/\/www.qwien.at\/en\/qwien-tipp\/qwien-tipps-fuer-september\/#primaryimage","url":"https:\/\/www.qwien.at\/wp-content\/uploads\/2019\/09\/Nevrland-300x169.jpg","contentUrl":"https:\/\/www.qwien.at\/wp-content\/uploads\/2019\/09\/Nevrland-300x169.jpg"},{"@type":"BreadcrumbList","@id":"https:\/\/www.qwien.at\/en\/qwien-tipp\/qwien-tipps-fuer-september\/#breadcrumb","itemListElement":[{"@type":"ListItem","position":1,"name":"Startseite","item":"https:\/\/www.qwien.at\/en\/"},{"@type":"ListItem","position":2,"name":"QWIEN-Tipps f\u00fcr September"}]},{"@type":"WebSite","@id":"https:\/\/www.qwien.at\/en\/#website","url":"https:\/\/www.qwien.at\/en\/","name":"Qwien - Zentrum f\u00fcr queere Geschichte","description":"","publisher":{"@id":"https:\/\/www.qwien.at\/en\/#organization"},"potentialAction":[{"@type":"SearchAction","target":{"@type":"EntryPoint","urlTemplate":"https:\/\/www.qwien.at\/en\/?s={search_term_string}"},"query-input":{"@type":"PropertyValueSpecification","valueRequired":true,"valueName":"search_term_string"}}],"inLanguage":"en-US"},{"@type":"Organization","@id":"https:\/\/www.qwien.at\/en\/#organization","name":"Qwien","url":"https:\/\/www.qwien.at\/en\/","logo":{"@type":"ImageObject","inLanguage":"en-US","@id":"https:\/\/www.qwien.at\/en\/#\/schema\/logo\/image\/","url":"https:\/\/www.qwien.at\/wp-content\/uploads\/2025\/06\/seo-yoast-2.png","contentUrl":"https:\/\/www.qwien.at\/wp-content\/uploads\/2025\/06\/seo-yoast-2.png","width":697,"height":697,"caption":"Qwien"},"image":{"@id":"https:\/\/www.qwien.at\/en\/#\/schema\/logo\/image\/"},"sameAs":["https:\/\/www.instagram.com\/qwien.zentrum\/"]},{"@type":"Person","@id":"https:\/\/www.qwien.at\/en\/#\/schema\/person\/d3fe9114b43d8e5a558a6d20ca3e2920","name":"Andreas Brunner"}]}},"_links":{"self":[{"href":"https:\/\/www.qwien.at\/en\/wp-json\/wp\/v2\/posts\/11057","targetHints":{"allow":["GET"]}}],"collection":[{"href":"https:\/\/www.qwien.at\/en\/wp-json\/wp\/v2\/posts"}],"about":[{"href":"https:\/\/www.qwien.at\/en\/wp-json\/wp\/v2\/types\/post"}],"author":[{"embeddable":true,"href":"https:\/\/www.qwien.at\/en\/wp-json\/wp\/v2\/users\/4"}],"replies":[{"embeddable":true,"href":"https:\/\/www.qwien.at\/en\/wp-json\/wp\/v2\/comments?post=11057"}],"version-history":[{"count":0,"href":"https:\/\/www.qwien.at\/en\/wp-json\/wp\/v2\/posts\/11057\/revisions"}],"wp:attachment":[{"href":"https:\/\/www.qwien.at\/en\/wp-json\/wp\/v2\/media?parent=11057"}],"wp:term":[{"taxonomy":"category","embeddable":true,"href":"https:\/\/www.qwien.at\/en\/wp-json\/wp\/v2\/categories?post=11057"},{"taxonomy":"post_tag","embeddable":true,"href":"https:\/\/www.qwien.at\/en\/wp-json\/wp\/v2\/tags?post=11057"}],"curies":[{"name":"wp","href":"https:\/\/api.w.org\/{rel}","templated":true}]}}