{"id":11068,"date":"2025-07-15T21:37:11","date_gmt":"2025-07-15T19:37:11","guid":{"rendered":"https:\/\/www.qwien.at\/nicht-kategorisiert\/queer-history-day-2016\/"},"modified":"2025-07-15T21:37:11","modified_gmt":"2025-07-15T19:37:11","slug":"queer-history-day-2016","status":"publish","type":"post","link":"https:\/\/www.qwien.at\/en\/qwien-studies\/queer-history-day-2016\/","title":{"rendered":"Queer History Day 2016"},"content":{"rendered":"<p><strong>Der 3. Queer History Day (QHD) findet am <u>9. <\/u><u>April 2016 im Tagungszentrum der Aidshilfe Wien<\/u>, Gumpendorfer G\u00fcrtel \u00a04, 1060 Wien, statt.<\/strong> <\/em><br \/>\nDer QHD 2016 wird wieder in Zusammenarbeit mit der Lehrveranstaltung \u201eGrundkurs Fachdidaktik\u201c am Institut f\u00fcr Geschichte der Universit\u00e4t Wien stattfinden. Wir setzen die Aufbauarbeit der letzten Jahre fort und intensivieren die Vernetzung junger akademischer Forschung mit Lehrer_innen und historisch Interessierten. Als Teil der Initiativen, die am Bildungskatalog der \u201eAkademie der Vielfalt\u201c mitgearbeitet haben, m\u00f6chten wir unser Angebot noch attraktiver gestalten, weshalb wir 2016 den QHD erstmals mit einem Er\u00f6ffnungsvortrag starten.<br \/>\nDie Teilnahme am QHD ist kostenlos, eine Anmeldung ist erforderlich: <a href=\"mailto:qhd@wien.at\">qhd@qwien.at<\/a><br \/>\n<div id=\"attachment_3724\" style=\"width: 243px\" class=\"wp-caption alignleft\"><a href=\"https:\/\/www.qwien.at\/wp-content\/uploads\/2016\/03\/Martin-L\u00fccke-233x300.jpg\"><img loading=\"lazy\" decoding=\"async\" aria-describedby=\"caption-attachment-3724\" class=\"wp-image-3724 size-medium\" src=\"https:\/\/www.qwien.at\/wp-content\/uploads\/2016\/03\/Martin-L\u00fccke-233x300.jpg\" alt=\"Martin L\u00fccke\" width=\"233\" height=\"300\" srcset=\"https:\/\/www.qwien.at\/wp-content\/uploads\/2016\/03\/Martin-L\u00fccke-233x300.jpg 233w, https:\/\/www.qwien.at\/wp-content\/uploads\/2016\/03\/Martin-L\u00fccke.jpg 620w\" sizes=\"auto, (max-width: 233px) 100vw, 233px\" \/><\/a><p id=\"caption-attachment-3724\" class=\"wp-caption-text\">Martin L\u00fccke, Berlin<\/p><\/div><br \/>\n<strong><span style=\"color: #993300;\">11.00 &#8211; 11.45 :<\/span> <\/strong>Keynote Lecture<br \/>\n<span style=\"color: #000000; text-decoration: underline;\">Martin L\u00fccke (Professor f\u00fcr Didaktik der Geschichte an der Freien Universit\u00e4t Berlin): <\/span>Sexuelle Vielfalt im Handlungsfeld Schule. Konzepte aus Erziehungswissenschaft und Fachdidaktik<br \/>\nDer Umgang mit geschlechtlicher und sexueller Vielfalt gewinnt in bildungspolitischen und wissenschaftlichen Debatten zunehmend an Bedeutung. Noch immer werden nicht-heteronormative Lebensweisen abgewertet \u2013 mit weitreichenden Folgen f\u00fcr die individuelle Identit\u00e4tsentwicklung der Jugendlichen. Einen wertsch\u00e4tzenden Umgang mit vielf\u00e4ltigen Identit\u00e4ten und Lebensweisen zu erm\u00f6glichen, stellt p\u00e4dagogisch Agierende jedoch vor besondere Herausforderungen.<br \/>\n<strong><span style=\"color: #993300;\">12.00 &#8211; 12.45:<\/span>\u00a0<\/strong>\u00a0Kurzvortr\u00e4ge zu den Workshops<br \/>\n<span style=\"text-decoration: underline;\">&#8211; Markus Pusnik (Verein Ausgesprochen!):<\/span> Vielfalt im Schulhaus ist sichtbar! Reflexionen zur Chronologie einer Plakatkampagne<br \/>\n&#8220;Vielfalt im Schulhaus ist sichtbar. Eine Spurensicherung&#8221; Unter diesem Titel hat der Verein AUSGESPROCHEN! LGBTI* Lehrer*innen in \u00d6sterreich den schulischen Alltag auf Momente der Abweichungen der heterosexuellen Norm untersucht und mittels fotografischer Vignetten betont deutlich fokussiert. Die Ergebnisse der Recherche wurden im Oktober 2015 als Plakatserie pr\u00e4sentiert. In weiterer Folge sollten die Plakate an alle Wiener Schulen ausgesendet werden, um dort zur wertsch\u00e4tzenden Bewusstwerdung von LGBTI* beizutragen. Wesentlich an der Kampagne war diese Idee: Von Lehrenden f\u00fcr Lehrende. Schlie\u00dflich beginnt die Sensibilisierung f\u00fcr LGBTI* Agenden nicht zuletzt in den Lehrer*innenzimmern.<br \/>\nDer Vortrag von Markus Pusnik widmet sich dem Versuch, die Ereignisse, welche sich seit der Pr\u00e4sentation der Plakate ereignet haben, chronologisch und auch kritisch aufzuarbeiten. Erz\u00e4hlt und geordnet wird so eine Geschichte von Abwehr, Widerstand, Protest und Nichtzust\u00e4ndigkeiten &#8211; aber auch, und das ist zum aktuellen Zeitpunkt noch nicht abzusch\u00e4tzen, von einem kooperativen und erfolgreichen Abschluss der Plakatkampagne.<br \/>\n<span style=\"text-decoration: underline;\">\u00a0&#8211; Johanna Taufner (QWIEN):<\/span> Aktuelle Erinnerungsdiskurse zum Gedenken an homosexuelle Opfer des Nationalsozialismus<br \/>\nIm \u201eGedankenjahr\u201c 2005 luden der Kulturstadtrat Mailath-Pokorny und Frauenstadtr\u00e4tin Sonja Wehsely zu einer Pressekonferenz, um die \u00d6ffentlichkeit \u00fcber einen bereits ausgeschriebenen Wettbewerb f\u00fcr ein \u201eMahnmal f\u00fcr homosexuelle und transgender Opfer des Nationalsozialismus\u201c zu informieren. Obwohl man sich bereits ein Jahr sp\u00e4ter auf einen Siegerentwurf einigte, musste das Projekt 2009 wegen \u201eunl\u00f6sbarer technischer Probleme\u201c eingestellt werden. 2014 wurde mit der Tagung \u201eGedenken neu gedacht \u2013 Wien gedenkt vergessener Opfer\u201c die Umsetzung des\u00a0 Mahnmals-Projektes erneut aufgenommen.<br \/>\nDer Vortrag setzt sich mit der Frage auseinander, inwiefern sich der Diskurs \u00fcber die Errichtung eines Mahnmals f\u00fcr homosexuelle und transgender NS-Opfer in Wien in den letzten zehn Jahren ver\u00e4ndert hat. Im Workshop werden tempor\u00e4re Installationen in Wien, die den homosexuellen Opfern gewidmet wurden, diskursanalytisch untersucht.<br \/>\n<strong><span style=\"color: #993300;\">12.45 &#8211; 13.30:<\/span> <\/strong>Mittagspause<br \/>\n<strong><span style=\"color: #993300;\">13.30 &#8211; 14.15:<\/span> <\/strong>Kurzvortr\u00e4ge zu den Workshops<br \/>\n<span style=\"text-decoration: underline;\">&#8211; Johann Kirchknopf (Universit\u00e4t Wien):<\/span> Was hei\u00dft \u201ehomosexuell\u201c vor Gericht? Die Definierung homosexueller Handlungen durch Gerichte in \u00d6sterreich im 20. Jahrhundert<br \/>\nIm 20. Jahrhundert erreichte die Strafverfolgung homosexueller Handlungen durch das NS-Regime ihren grausamen H\u00f6hepunkt in der j\u00fcngeren Geschichte, und ebenso ihr Ende \u2013 jedenfalls wurde 1971 das Totalverbot aufgehoben. Der Straftatbestand, der dieser Verfolgung zugrunde lag, definierte jedoch keine Handlungen und war \u00fcber den Zeitraum von beinahe 120 Jahren im Wortlaut unver\u00e4ndert geblieben: \u00a7 129 I b des Strafgesetzes von 1852 definierte als ein Verbrechen \u201eUnzucht wider die Natur [\u2026] mit Personen desselben Geschlechts\u201c (RGBl. 117\/1852, S. 521). Im Vortrag wird die schwankende und teilweise sogar widerspr\u00fcchliche Rechtsprechungspraxis des Obersten Gerichtshofs thematisiert und kritisch beleuchtet. Im anschlie\u00dfenden Workshop werden anhand von Ausz\u00fcgen aus Gerichtsakten Beispiele der praktischen Anwendung des Gesetzes durch Gerichte diskutiert.<br \/>\n<span style=\"text-decoration: underline;\">&#8211; Manuela Bauer (QWIEN)\/Christopher Treiblmayr (Universit\u00e4t Wien):<\/span> \u201eWarme&#8221;\u00a0vor Gericht. Fragen der Selbst- und Fremddefinition Homosexueller in Prozessen der NS-Zeit<br \/>\n<span lang=\"DE\">Der Werkstatt<\/span><span lang=\"DE\">bericht stellt erste Ergebnisse eines bei QWIEN laufenden Projekts vor, das die bislang umfassendste Bestandsaufnahme der Eigen<\/span><span lang=\"DE\">&#8211; und Fremdwahrnehmungen von Homosexualit\u00e4ten in \u00d6sterreich w\u00e4hrend der NS-Herrschaft erarbeiten will. Aufbauend auf zwei Vorg\u00e4ngerprojekten sollen dabei die Akten von 1.400 wegen homosexueller Handlungen beschuldigter M\u00e4nner und Frauen ausgewertet werden, wobei der quellenkritische Umgang mit Verfolgungsdokumenten eine besondere Herausforderung darstellt.<\/span><br \/>\n<span style=\"color: #993300;\"><strong>14.30 &#8211; 16.00:<\/strong> <\/span>Workshops zu den Themen der Kurzvortr\u00e4ge<br \/>\n<strong><span style=\"color: #993300;\">16.00 &#8211; 16.30:<\/span><\/strong> Berichte aus den Workshopgruppen<br \/>\nDer Queer History Day wird unterst\u00fctzt von:<br \/>\n<a href=\"https:\/\/www.qwien.at\/wp-content\/uploads\/2016\/03\/MA17_Balken-300x150.jpg\"><img loading=\"lazy\" decoding=\"async\" class=\"alignleft size-medium wp-image-3723\" src=\"https:\/\/www.qwien.at\/wp-content\/uploads\/2016\/03\/MA17_Balken-300x150.jpg\" alt=\"MA17_Balken\" width=\"300\" height=\"150\" srcset=\"https:\/\/www.qwien.at\/wp-content\/uploads\/2016\/03\/MA17_Balken-300x150.jpg 300w, https:\/\/www.qwien.at\/wp-content\/uploads\/2016\/03\/MA17_Balken-768x385.jpg 768w, https:\/\/www.qwien.at\/wp-content\/uploads\/2016\/03\/MA17_Balken-1024x513.jpg 1024w, https:\/\/www.qwien.at\/wp-content\/uploads\/2016\/03\/MA17_Balken.jpg 1181w\" sizes=\"auto, (max-width: 300px) 100vw, 300px\" \/><br \/>\n<\/a><\/p>\n","protected":false},"excerpt":{"rendered":"<p>\t\t\t\t<![CDATA[]]>\t\t<\/p>\n","protected":false},"author":4,"featured_media":0,"comment_status":"closed","ping_status":"open","sticky":false,"template":"","format":"standard","meta":{"_acf_changed":false,"footnotes":""},"categories":[274,276],"tags":[],"class_list":["post-11068","post","type-post","status-publish","format-standard","hentry","category-qwien-studies","category-webarchive","grve-entry-item","grve-blog-item"],"acf":[],"yoast_head":"<!-- This site is optimized with the Yoast SEO plugin v27.5 - https:\/\/yoast.com\/product\/yoast-seo-wordpress\/ -->\n<title>Queer History Day 2016 - Blog - Qwien - Zentrum f\u00fcr queere Geschichte<\/title>\n<meta name=\"robots\" content=\"index, follow, max-snippet:-1, max-image-preview:large, max-video-preview:-1\" \/>\n<link rel=\"canonical\" href=\"https:\/\/www.qwien.at\/en\/qwien-studies\/queer-history-day-2016\/\" \/>\n<meta property=\"og:locale\" content=\"en_US\" \/>\n<meta property=\"og:type\" content=\"article\" \/>\n<meta property=\"og:title\" content=\"Queer History Day 2016 - Blog - Qwien - Zentrum f\u00fcr queere Geschichte\" \/>\n<meta property=\"og:url\" content=\"https:\/\/www.qwien.at\/en\/qwien-studies\/queer-history-day-2016\/\" \/>\n<meta property=\"og:site_name\" content=\"Qwien - Zentrum f\u00fcr queere Geschichte\" \/>\n<meta property=\"article:published_time\" content=\"2025-07-15T19:37:11+00:00\" \/>\n<meta property=\"og:image\" content=\"http:\/\/neu.qwien.at\/wp-content\/uploads\/2016\/03\/MA17_Balken-300x150.jpg\" \/>\n<meta name=\"author\" content=\"Andreas Brunner\" \/>\n<meta name=\"twitter:card\" content=\"summary_large_image\" \/>\n<meta name=\"twitter:label1\" content=\"Written by\" \/>\n\t<meta name=\"twitter:data1\" content=\"Andreas Brunner\" \/>\n\t<meta name=\"twitter:label2\" content=\"Est. reading time\" \/>\n\t<meta name=\"twitter:data2\" content=\"4 minutes\" \/>\n<script type=\"application\/ld+json\" class=\"yoast-schema-graph\">{\"@context\":\"https:\\\/\\\/schema.org\",\"@graph\":[{\"@type\":[\"Article\",\"BlogPosting\"],\"@id\":\"https:\\\/\\\/www.qwien.at\\\/en\\\/qwien-studies\\\/queer-history-day-2016\\\/#article\",\"isPartOf\":{\"@id\":\"https:\\\/\\\/www.qwien.at\\\/en\\\/qwien-studies\\\/queer-history-day-2016\\\/\"},\"author\":{\"name\":\"Andreas Brunner\",\"@id\":\"https:\\\/\\\/www.qwien.at\\\/en\\\/#\\\/schema\\\/person\\\/d3fe9114b43d8e5a558a6d20ca3e2920\"},\"headline\":\"Queer History Day 2016\",\"datePublished\":\"2025-07-15T19:37:11+00:00\",\"mainEntityOfPage\":{\"@id\":\"https:\\\/\\\/www.qwien.at\\\/en\\\/qwien-studies\\\/queer-history-day-2016\\\/\"},\"wordCount\":762,\"publisher\":{\"@id\":\"https:\\\/\\\/www.qwien.at\\\/en\\\/#organization\"},\"image\":{\"@id\":\"https:\\\/\\\/www.qwien.at\\\/en\\\/qwien-studies\\\/queer-history-day-2016\\\/#primaryimage\"},\"thumbnailUrl\":\"https:\\\/\\\/www.qwien.at\\\/wp-content\\\/uploads\\\/2016\\\/03\\\/MA17_Balken-300x150.jpg\",\"articleSection\":[\"Studies\",\"Webarchiv\"],\"inLanguage\":\"en-US\"},{\"@type\":\"WebPage\",\"@id\":\"https:\\\/\\\/www.qwien.at\\\/en\\\/qwien-studies\\\/queer-history-day-2016\\\/\",\"url\":\"https:\\\/\\\/www.qwien.at\\\/en\\\/qwien-studies\\\/queer-history-day-2016\\\/\",\"name\":\"Queer History Day 2016 - Blog - Qwien - Zentrum f\u00fcr queere Geschichte\",\"isPartOf\":{\"@id\":\"https:\\\/\\\/www.qwien.at\\\/en\\\/#website\"},\"primaryImageOfPage\":{\"@id\":\"https:\\\/\\\/www.qwien.at\\\/en\\\/qwien-studies\\\/queer-history-day-2016\\\/#primaryimage\"},\"image\":{\"@id\":\"https:\\\/\\\/www.qwien.at\\\/en\\\/qwien-studies\\\/queer-history-day-2016\\\/#primaryimage\"},\"thumbnailUrl\":\"https:\\\/\\\/www.qwien.at\\\/wp-content\\\/uploads\\\/2016\\\/03\\\/MA17_Balken-300x150.jpg\",\"datePublished\":\"2025-07-15T19:37:11+00:00\",\"breadcrumb\":{\"@id\":\"https:\\\/\\\/www.qwien.at\\\/en\\\/qwien-studies\\\/queer-history-day-2016\\\/#breadcrumb\"},\"inLanguage\":\"en-US\",\"potentialAction\":[{\"@type\":\"ReadAction\",\"target\":[\"https:\\\/\\\/www.qwien.at\\\/en\\\/qwien-studies\\\/queer-history-day-2016\\\/\"]}]},{\"@type\":\"ImageObject\",\"inLanguage\":\"en-US\",\"@id\":\"https:\\\/\\\/www.qwien.at\\\/en\\\/qwien-studies\\\/queer-history-day-2016\\\/#primaryimage\",\"url\":\"https:\\\/\\\/www.qwien.at\\\/wp-content\\\/uploads\\\/2016\\\/03\\\/MA17_Balken-300x150.jpg\",\"contentUrl\":\"https:\\\/\\\/www.qwien.at\\\/wp-content\\\/uploads\\\/2016\\\/03\\\/MA17_Balken-300x150.jpg\"},{\"@type\":\"BreadcrumbList\",\"@id\":\"https:\\\/\\\/www.qwien.at\\\/en\\\/qwien-studies\\\/queer-history-day-2016\\\/#breadcrumb\",\"itemListElement\":[{\"@type\":\"ListItem\",\"position\":1,\"name\":\"Startseite\",\"item\":\"https:\\\/\\\/www.qwien.at\\\/en\\\/\"},{\"@type\":\"ListItem\",\"position\":2,\"name\":\"Queer History Day 2016\"}]},{\"@type\":\"WebSite\",\"@id\":\"https:\\\/\\\/www.qwien.at\\\/en\\\/#website\",\"url\":\"https:\\\/\\\/www.qwien.at\\\/en\\\/\",\"name\":\"Qwien - Zentrum f\u00fcr queere Geschichte\",\"description\":\"\",\"publisher\":{\"@id\":\"https:\\\/\\\/www.qwien.at\\\/en\\\/#organization\"},\"potentialAction\":[{\"@type\":\"SearchAction\",\"target\":{\"@type\":\"EntryPoint\",\"urlTemplate\":\"https:\\\/\\\/www.qwien.at\\\/en\\\/?s={search_term_string}\"},\"query-input\":{\"@type\":\"PropertyValueSpecification\",\"valueRequired\":true,\"valueName\":\"search_term_string\"}}],\"inLanguage\":\"en-US\"},{\"@type\":\"Organization\",\"@id\":\"https:\\\/\\\/www.qwien.at\\\/en\\\/#organization\",\"name\":\"Qwien\",\"url\":\"https:\\\/\\\/www.qwien.at\\\/en\\\/\",\"logo\":{\"@type\":\"ImageObject\",\"inLanguage\":\"en-US\",\"@id\":\"https:\\\/\\\/www.qwien.at\\\/en\\\/#\\\/schema\\\/logo\\\/image\\\/\",\"url\":\"https:\\\/\\\/www.qwien.at\\\/wp-content\\\/uploads\\\/2025\\\/06\\\/seo-yoast-2.png\",\"contentUrl\":\"https:\\\/\\\/www.qwien.at\\\/wp-content\\\/uploads\\\/2025\\\/06\\\/seo-yoast-2.png\",\"width\":697,\"height\":697,\"caption\":\"Qwien\"},\"image\":{\"@id\":\"https:\\\/\\\/www.qwien.at\\\/en\\\/#\\\/schema\\\/logo\\\/image\\\/\"},\"sameAs\":[\"https:\\\/\\\/www.instagram.com\\\/qwien.zentrum\\\/\"]},{\"@type\":\"Person\",\"@id\":\"https:\\\/\\\/www.qwien.at\\\/en\\\/#\\\/schema\\\/person\\\/d3fe9114b43d8e5a558a6d20ca3e2920\",\"name\":\"Andreas Brunner\"}]}<\/script>\n<!-- \/ Yoast SEO plugin. -->","yoast_head_json":{"title":"Queer History Day 2016 - Blog - Qwien - Zentrum f\u00fcr queere Geschichte","robots":{"index":"index","follow":"follow","max-snippet":"max-snippet:-1","max-image-preview":"max-image-preview:large","max-video-preview":"max-video-preview:-1"},"canonical":"https:\/\/www.qwien.at\/en\/qwien-studies\/queer-history-day-2016\/","og_locale":"en_US","og_type":"article","og_title":"Queer History Day 2016 - Blog - Qwien - Zentrum f\u00fcr queere Geschichte","og_url":"https:\/\/www.qwien.at\/en\/qwien-studies\/queer-history-day-2016\/","og_site_name":"Qwien - Zentrum f\u00fcr queere Geschichte","article_published_time":"2025-07-15T19:37:11+00:00","og_image":[{"url":"http:\/\/neu.qwien.at\/wp-content\/uploads\/2016\/03\/MA17_Balken-300x150.jpg","type":"","width":"","height":""}],"author":"Andreas Brunner","twitter_card":"summary_large_image","twitter_misc":{"Written by":"Andreas Brunner","Est. reading time":"4 minutes"},"schema":{"@context":"https:\/\/schema.org","@graph":[{"@type":["Article","BlogPosting"],"@id":"https:\/\/www.qwien.at\/en\/qwien-studies\/queer-history-day-2016\/#article","isPartOf":{"@id":"https:\/\/www.qwien.at\/en\/qwien-studies\/queer-history-day-2016\/"},"author":{"name":"Andreas Brunner","@id":"https:\/\/www.qwien.at\/en\/#\/schema\/person\/d3fe9114b43d8e5a558a6d20ca3e2920"},"headline":"Queer History Day 2016","datePublished":"2025-07-15T19:37:11+00:00","mainEntityOfPage":{"@id":"https:\/\/www.qwien.at\/en\/qwien-studies\/queer-history-day-2016\/"},"wordCount":762,"publisher":{"@id":"https:\/\/www.qwien.at\/en\/#organization"},"image":{"@id":"https:\/\/www.qwien.at\/en\/qwien-studies\/queer-history-day-2016\/#primaryimage"},"thumbnailUrl":"https:\/\/www.qwien.at\/wp-content\/uploads\/2016\/03\/MA17_Balken-300x150.jpg","articleSection":["Studies","Webarchiv"],"inLanguage":"en-US"},{"@type":"WebPage","@id":"https:\/\/www.qwien.at\/en\/qwien-studies\/queer-history-day-2016\/","url":"https:\/\/www.qwien.at\/en\/qwien-studies\/queer-history-day-2016\/","name":"Queer History Day 2016 - Blog - Qwien - Zentrum f\u00fcr queere Geschichte","isPartOf":{"@id":"https:\/\/www.qwien.at\/en\/#website"},"primaryImageOfPage":{"@id":"https:\/\/www.qwien.at\/en\/qwien-studies\/queer-history-day-2016\/#primaryimage"},"image":{"@id":"https:\/\/www.qwien.at\/en\/qwien-studies\/queer-history-day-2016\/#primaryimage"},"thumbnailUrl":"https:\/\/www.qwien.at\/wp-content\/uploads\/2016\/03\/MA17_Balken-300x150.jpg","datePublished":"2025-07-15T19:37:11+00:00","breadcrumb":{"@id":"https:\/\/www.qwien.at\/en\/qwien-studies\/queer-history-day-2016\/#breadcrumb"},"inLanguage":"en-US","potentialAction":[{"@type":"ReadAction","target":["https:\/\/www.qwien.at\/en\/qwien-studies\/queer-history-day-2016\/"]}]},{"@type":"ImageObject","inLanguage":"en-US","@id":"https:\/\/www.qwien.at\/en\/qwien-studies\/queer-history-day-2016\/#primaryimage","url":"https:\/\/www.qwien.at\/wp-content\/uploads\/2016\/03\/MA17_Balken-300x150.jpg","contentUrl":"https:\/\/www.qwien.at\/wp-content\/uploads\/2016\/03\/MA17_Balken-300x150.jpg"},{"@type":"BreadcrumbList","@id":"https:\/\/www.qwien.at\/en\/qwien-studies\/queer-history-day-2016\/#breadcrumb","itemListElement":[{"@type":"ListItem","position":1,"name":"Startseite","item":"https:\/\/www.qwien.at\/en\/"},{"@type":"ListItem","position":2,"name":"Queer History Day 2016"}]},{"@type":"WebSite","@id":"https:\/\/www.qwien.at\/en\/#website","url":"https:\/\/www.qwien.at\/en\/","name":"Qwien - Zentrum f\u00fcr queere Geschichte","description":"","publisher":{"@id":"https:\/\/www.qwien.at\/en\/#organization"},"potentialAction":[{"@type":"SearchAction","target":{"@type":"EntryPoint","urlTemplate":"https:\/\/www.qwien.at\/en\/?s={search_term_string}"},"query-input":{"@type":"PropertyValueSpecification","valueRequired":true,"valueName":"search_term_string"}}],"inLanguage":"en-US"},{"@type":"Organization","@id":"https:\/\/www.qwien.at\/en\/#organization","name":"Qwien","url":"https:\/\/www.qwien.at\/en\/","logo":{"@type":"ImageObject","inLanguage":"en-US","@id":"https:\/\/www.qwien.at\/en\/#\/schema\/logo\/image\/","url":"https:\/\/www.qwien.at\/wp-content\/uploads\/2025\/06\/seo-yoast-2.png","contentUrl":"https:\/\/www.qwien.at\/wp-content\/uploads\/2025\/06\/seo-yoast-2.png","width":697,"height":697,"caption":"Qwien"},"image":{"@id":"https:\/\/www.qwien.at\/en\/#\/schema\/logo\/image\/"},"sameAs":["https:\/\/www.instagram.com\/qwien.zentrum\/"]},{"@type":"Person","@id":"https:\/\/www.qwien.at\/en\/#\/schema\/person\/d3fe9114b43d8e5a558a6d20ca3e2920","name":"Andreas Brunner"}]}},"_links":{"self":[{"href":"https:\/\/www.qwien.at\/en\/wp-json\/wp\/v2\/posts\/11068","targetHints":{"allow":["GET"]}}],"collection":[{"href":"https:\/\/www.qwien.at\/en\/wp-json\/wp\/v2\/posts"}],"about":[{"href":"https:\/\/www.qwien.at\/en\/wp-json\/wp\/v2\/types\/post"}],"author":[{"embeddable":true,"href":"https:\/\/www.qwien.at\/en\/wp-json\/wp\/v2\/users\/4"}],"replies":[{"embeddable":true,"href":"https:\/\/www.qwien.at\/en\/wp-json\/wp\/v2\/comments?post=11068"}],"version-history":[{"count":0,"href":"https:\/\/www.qwien.at\/en\/wp-json\/wp\/v2\/posts\/11068\/revisions"}],"wp:attachment":[{"href":"https:\/\/www.qwien.at\/en\/wp-json\/wp\/v2\/media?parent=11068"}],"wp:term":[{"taxonomy":"category","embeddable":true,"href":"https:\/\/www.qwien.at\/en\/wp-json\/wp\/v2\/categories?post=11068"},{"taxonomy":"post_tag","embeddable":true,"href":"https:\/\/www.qwien.at\/en\/wp-json\/wp\/v2\/tags?post=11068"}],"curies":[{"name":"wp","href":"https:\/\/api.w.org\/{rel}","templated":true}]}}