{"id":11072,"date":"2025-07-15T21:37:10","date_gmt":"2025-07-15T19:37:10","guid":{"rendered":"https:\/\/www.qwien.at\/nicht-kategorisiert\/auf-dem-weg-zu-einem-mahnmal\/"},"modified":"2025-07-15T21:37:10","modified_gmt":"2025-07-15T19:37:10","slug":"auf-dem-weg-zu-einem-mahnmal","status":"publish","type":"post","link":"https:\/\/www.qwien.at\/en\/qwien\/auf-dem-weg-zu-einem-mahnmal\/","title":{"rendered":"Auf dem Weg zu einem Mahnmal"},"content":{"rendered":"<p><strong>Nun wird es ernst. Die Diskussion \u00fcber die Errichtung eines Wiener LGBTIQ-Gedenkzeichens geht in die Endrunde.<\/strong><\/p>\n<p>Am 5. Oktober lud die Wiener Antidiskriminierungsstelle (WASt) zu einem Workshop-Abend mit B\u00fcrger_innenbeteiligung, in der noch einmal zentrale Fragen ein Mahnmal betreffend, diskutiert werden sollten. Wie l\u00e4sst sich der zeitliche Rahmen des Gedenkens eingrenzen? Wessen soll gedacht werden? Welche Anspr\u00fcche haben wir an die Form der Sichtbarmachung der einzelnen Opfergruppen? Welche Erwartungen haben wir an das Gedenkzeichen? Welche Qualit\u00e4tskriterien stellen wir an den Standort und die Art sowie auch die \u00e4sthetische Form des Gedenkens? Was soll das Gedenkzeichen beziehungsweise der Ort des Gedenkens ausl\u00f6sen? Wie soll das Gedenkzeichen mit der Stadt und der Gesellschaft interagieren? Wie kann ein historisches Gedenken in der heutigen Zeit verankert sein und positive Impulse f\u00fcr einen aktuellen Diskurs ausl\u00f6sen?<\/p>\n<div id=\"attachment_3829\" style=\"width: 310px\" class=\"wp-caption alignright\"><img loading=\"lazy\" decoding=\"async\" aria-describedby=\"caption-attachment-3829\" class=\"wp-image-3829 size-medium\" src=\"https:\/\/www.qwien.at\/wp-content\/uploads\/2017\/04\/Balken_Morzinplatz-1999_Totale_web-300x222.jpg\" alt=\"\" width=\"300\" height=\"222\" srcset=\"https:\/\/www.qwien.at\/wp-content\/uploads\/2017\/04\/Balken_Morzinplatz-1999_Totale_web-300x222.jpg 300w, https:\/\/www.qwien.at\/wp-content\/uploads\/2017\/04\/Balken_Morzinplatz-1999_Totale_web.jpg 448w\" sizes=\"auto, (max-width: 300px) 100vw, 300px\" \/><p id=\"caption-attachment-3829\" class=\"wp-caption-text\">Erg\u00e4nzung des Denkmals f\u00fcr die Opfer des Nationalsozialismus am Morzinplatz durch einen Balken mit den fehlenden Opfergruppen durch das \u00d6LSF (\u00d6sterreichisches Lesben- und Schwulenforum) 1999<\/p><\/div>\n<p>Am 24. Oktober findet der zweite Abend statt, an dem insbesondere m\u00f6gliche Standorte besprochen werden sollen. Der\u00a0am <strong>Dienstag, 24.10.2017<\/strong> von\u00a0<strong>18.00 bis 21.00<\/strong> Uhr im <strong>Wiener Rathaus, Top 24<\/strong> (EG, Zugang \u00fcber den Arkadenhof) statt.<br \/>\nWir bitten um rege Beteiligung an diesem n\u00e4chsten wichtigen Schritt auf dem Weg zur Realisierung eines LGBTIQ-Gedenkzeichens in Wien. Verbindliche Anmeldung bitte bei Frau Susanne B\u00f6hm (WASt) unter Tel. 01-4000-81449 oder Mail <a href=\"mailto:wast@gif.magwien.gv.at\">wast@gif.magwien.gv.at<\/a><\/p>\n","protected":false},"excerpt":{"rendered":"<p>Nun wird es ernst. Die Diskussion \u00fcber die Errichtung eines Wiener LGBTIQ-Gedenkzeichens geht in die Endrunde.<\/p>\n","protected":false},"author":4,"featured_media":9496,"comment_status":"closed","ping_status":"open","sticky":false,"template":"","format":"standard","meta":{"_acf_changed":false,"footnotes":""},"categories":[272,275,276],"tags":[],"class_list":["post-11072","post","type-post","status-publish","format-standard","has-post-thumbnail","hentry","category-qwien","category-qwien-tipp","category-webarchive","grve-entry-item","grve-blog-item"],"acf":[],"yoast_head":"<!-- This site is optimized with the Yoast SEO plugin v27.5 - https:\/\/yoast.com\/product\/yoast-seo-wordpress\/ -->\n<title>Auf dem Weg zu einem Mahnmal - Blog - Qwien - Zentrum f\u00fcr queere Geschichte<\/title>\n<meta name=\"robots\" content=\"index, follow, max-snippet:-1, max-image-preview:large, max-video-preview:-1\" \/>\n<link rel=\"canonical\" href=\"https:\/\/www.qwien.at\/en\/qwien\/auf-dem-weg-zu-einem-mahnmal\/\" \/>\n<meta property=\"og:locale\" content=\"en_US\" \/>\n<meta property=\"og:type\" content=\"article\" \/>\n<meta property=\"og:title\" content=\"Auf dem Weg zu einem Mahnmal - Blog - Qwien - Zentrum f\u00fcr queere Geschichte\" \/>\n<meta property=\"og:description\" content=\"Nun wird es ernst. Die Diskussion \u00fcber die Errichtung eines Wiener LGBTIQ-Gedenkzeichens geht in die Endrunde.\" \/>\n<meta property=\"og:url\" content=\"https:\/\/www.qwien.at\/en\/qwien\/auf-dem-weg-zu-einem-mahnmal\/\" \/>\n<meta property=\"og:site_name\" content=\"Qwien - Zentrum f\u00fcr queere Geschichte\" \/>\n<meta property=\"article:published_time\" content=\"2025-07-15T19:37:10+00:00\" \/>\n<meta property=\"og:image\" content=\"https:\/\/www.qwien.at\/wp-content\/uploads\/2017\/04\/Balken_Morzinplatz-1999_Totale_web.jpg\" \/>\n\t<meta property=\"og:image:width\" content=\"448\" \/>\n\t<meta property=\"og:image:height\" content=\"331\" \/>\n\t<meta property=\"og:image:type\" content=\"image\/jpeg\" \/>\n<meta name=\"author\" content=\"Andreas Brunner\" \/>\n<meta name=\"twitter:card\" content=\"summary_large_image\" \/>\n<meta name=\"twitter:label1\" content=\"Written by\" \/>\n\t<meta name=\"twitter:data1\" content=\"Andreas Brunner\" \/>\n\t<meta name=\"twitter:label2\" content=\"Est. reading time\" \/>\n\t<meta name=\"twitter:data2\" content=\"1 minute\" \/>\n<script type=\"application\/ld+json\" class=\"yoast-schema-graph\">{\"@context\":\"https:\\\/\\\/schema.org\",\"@graph\":[{\"@type\":[\"Article\",\"BlogPosting\"],\"@id\":\"https:\\\/\\\/www.qwien.at\\\/en\\\/qwien\\\/auf-dem-weg-zu-einem-mahnmal\\\/#article\",\"isPartOf\":{\"@id\":\"https:\\\/\\\/www.qwien.at\\\/en\\\/qwien\\\/auf-dem-weg-zu-einem-mahnmal\\\/\"},\"author\":{\"name\":\"Andreas Brunner\",\"@id\":\"https:\\\/\\\/www.qwien.at\\\/en\\\/#\\\/schema\\\/person\\\/d3fe9114b43d8e5a558a6d20ca3e2920\"},\"headline\":\"Auf dem Weg zu einem Mahnmal\",\"datePublished\":\"2025-07-15T19:37:10+00:00\",\"mainEntityOfPage\":{\"@id\":\"https:\\\/\\\/www.qwien.at\\\/en\\\/qwien\\\/auf-dem-weg-zu-einem-mahnmal\\\/\"},\"wordCount\":248,\"publisher\":{\"@id\":\"https:\\\/\\\/www.qwien.at\\\/en\\\/#organization\"},\"image\":{\"@id\":\"https:\\\/\\\/www.qwien.at\\\/en\\\/qwien\\\/auf-dem-weg-zu-einem-mahnmal\\\/#primaryimage\"},\"thumbnailUrl\":\"https:\\\/\\\/www.qwien.at\\\/wp-content\\\/uploads\\\/2017\\\/10\\\/mahnmal.jpg\",\"articleSection\":[\"Qwien\",\"Tipp\",\"Webarchiv\"],\"inLanguage\":\"en-US\"},{\"@type\":\"WebPage\",\"@id\":\"https:\\\/\\\/www.qwien.at\\\/en\\\/qwien\\\/auf-dem-weg-zu-einem-mahnmal\\\/\",\"url\":\"https:\\\/\\\/www.qwien.at\\\/en\\\/qwien\\\/auf-dem-weg-zu-einem-mahnmal\\\/\",\"name\":\"Auf dem Weg zu einem Mahnmal - Blog - Qwien - Zentrum f\u00fcr queere Geschichte\",\"isPartOf\":{\"@id\":\"https:\\\/\\\/www.qwien.at\\\/en\\\/#website\"},\"primaryImageOfPage\":{\"@id\":\"https:\\\/\\\/www.qwien.at\\\/en\\\/qwien\\\/auf-dem-weg-zu-einem-mahnmal\\\/#primaryimage\"},\"image\":{\"@id\":\"https:\\\/\\\/www.qwien.at\\\/en\\\/qwien\\\/auf-dem-weg-zu-einem-mahnmal\\\/#primaryimage\"},\"thumbnailUrl\":\"https:\\\/\\\/www.qwien.at\\\/wp-content\\\/uploads\\\/2017\\\/10\\\/mahnmal.jpg\",\"datePublished\":\"2025-07-15T19:37:10+00:00\",\"breadcrumb\":{\"@id\":\"https:\\\/\\\/www.qwien.at\\\/en\\\/qwien\\\/auf-dem-weg-zu-einem-mahnmal\\\/#breadcrumb\"},\"inLanguage\":\"en-US\",\"potentialAction\":[{\"@type\":\"ReadAction\",\"target\":[\"https:\\\/\\\/www.qwien.at\\\/en\\\/qwien\\\/auf-dem-weg-zu-einem-mahnmal\\\/\"]}]},{\"@type\":\"ImageObject\",\"inLanguage\":\"en-US\",\"@id\":\"https:\\\/\\\/www.qwien.at\\\/en\\\/qwien\\\/auf-dem-weg-zu-einem-mahnmal\\\/#primaryimage\",\"url\":\"https:\\\/\\\/www.qwien.at\\\/wp-content\\\/uploads\\\/2017\\\/10\\\/mahnmal.jpg\",\"contentUrl\":\"https:\\\/\\\/www.qwien.at\\\/wp-content\\\/uploads\\\/2017\\\/10\\\/mahnmal.jpg\",\"width\":900,\"height\":600},{\"@type\":\"BreadcrumbList\",\"@id\":\"https:\\\/\\\/www.qwien.at\\\/en\\\/qwien\\\/auf-dem-weg-zu-einem-mahnmal\\\/#breadcrumb\",\"itemListElement\":[{\"@type\":\"ListItem\",\"position\":1,\"name\":\"Startseite\",\"item\":\"https:\\\/\\\/www.qwien.at\\\/en\\\/\"},{\"@type\":\"ListItem\",\"position\":2,\"name\":\"Auf dem Weg zu einem Mahnmal\"}]},{\"@type\":\"WebSite\",\"@id\":\"https:\\\/\\\/www.qwien.at\\\/en\\\/#website\",\"url\":\"https:\\\/\\\/www.qwien.at\\\/en\\\/\",\"name\":\"Qwien - Zentrum f\u00fcr queere Geschichte\",\"description\":\"\",\"publisher\":{\"@id\":\"https:\\\/\\\/www.qwien.at\\\/en\\\/#organization\"},\"potentialAction\":[{\"@type\":\"SearchAction\",\"target\":{\"@type\":\"EntryPoint\",\"urlTemplate\":\"https:\\\/\\\/www.qwien.at\\\/en\\\/?s={search_term_string}\"},\"query-input\":{\"@type\":\"PropertyValueSpecification\",\"valueRequired\":true,\"valueName\":\"search_term_string\"}}],\"inLanguage\":\"en-US\"},{\"@type\":\"Organization\",\"@id\":\"https:\\\/\\\/www.qwien.at\\\/en\\\/#organization\",\"name\":\"Qwien\",\"url\":\"https:\\\/\\\/www.qwien.at\\\/en\\\/\",\"logo\":{\"@type\":\"ImageObject\",\"inLanguage\":\"en-US\",\"@id\":\"https:\\\/\\\/www.qwien.at\\\/en\\\/#\\\/schema\\\/logo\\\/image\\\/\",\"url\":\"https:\\\/\\\/www.qwien.at\\\/wp-content\\\/uploads\\\/2025\\\/06\\\/seo-yoast-2.png\",\"contentUrl\":\"https:\\\/\\\/www.qwien.at\\\/wp-content\\\/uploads\\\/2025\\\/06\\\/seo-yoast-2.png\",\"width\":697,\"height\":697,\"caption\":\"Qwien\"},\"image\":{\"@id\":\"https:\\\/\\\/www.qwien.at\\\/en\\\/#\\\/schema\\\/logo\\\/image\\\/\"},\"sameAs\":[\"https:\\\/\\\/www.instagram.com\\\/qwien.zentrum\\\/\"]},{\"@type\":\"Person\",\"@id\":\"https:\\\/\\\/www.qwien.at\\\/en\\\/#\\\/schema\\\/person\\\/d3fe9114b43d8e5a558a6d20ca3e2920\",\"name\":\"Andreas Brunner\"}]}<\/script>\n<!-- \/ Yoast SEO plugin. -->","yoast_head_json":{"title":"Auf dem Weg zu einem Mahnmal - Blog - Qwien - Zentrum f\u00fcr queere Geschichte","robots":{"index":"index","follow":"follow","max-snippet":"max-snippet:-1","max-image-preview":"max-image-preview:large","max-video-preview":"max-video-preview:-1"},"canonical":"https:\/\/www.qwien.at\/en\/qwien\/auf-dem-weg-zu-einem-mahnmal\/","og_locale":"en_US","og_type":"article","og_title":"Auf dem Weg zu einem Mahnmal - Blog - Qwien - Zentrum f\u00fcr queere Geschichte","og_description":"Nun wird es ernst. Die Diskussion \u00fcber die Errichtung eines Wiener LGBTIQ-Gedenkzeichens geht in die Endrunde.","og_url":"https:\/\/www.qwien.at\/en\/qwien\/auf-dem-weg-zu-einem-mahnmal\/","og_site_name":"Qwien - Zentrum f\u00fcr queere Geschichte","article_published_time":"2025-07-15T19:37:10+00:00","og_image":[{"width":448,"height":331,"url":"https:\/\/www.qwien.at\/wp-content\/uploads\/2017\/04\/Balken_Morzinplatz-1999_Totale_web.jpg","type":"image\/jpeg"}],"author":"Andreas Brunner","twitter_card":"summary_large_image","twitter_misc":{"Written by":"Andreas Brunner","Est. reading time":"1 minute"},"schema":{"@context":"https:\/\/schema.org","@graph":[{"@type":["Article","BlogPosting"],"@id":"https:\/\/www.qwien.at\/en\/qwien\/auf-dem-weg-zu-einem-mahnmal\/#article","isPartOf":{"@id":"https:\/\/www.qwien.at\/en\/qwien\/auf-dem-weg-zu-einem-mahnmal\/"},"author":{"name":"Andreas Brunner","@id":"https:\/\/www.qwien.at\/en\/#\/schema\/person\/d3fe9114b43d8e5a558a6d20ca3e2920"},"headline":"Auf dem Weg zu einem Mahnmal","datePublished":"2025-07-15T19:37:10+00:00","mainEntityOfPage":{"@id":"https:\/\/www.qwien.at\/en\/qwien\/auf-dem-weg-zu-einem-mahnmal\/"},"wordCount":248,"publisher":{"@id":"https:\/\/www.qwien.at\/en\/#organization"},"image":{"@id":"https:\/\/www.qwien.at\/en\/qwien\/auf-dem-weg-zu-einem-mahnmal\/#primaryimage"},"thumbnailUrl":"https:\/\/www.qwien.at\/wp-content\/uploads\/2017\/10\/mahnmal.jpg","articleSection":["Qwien","Tipp","Webarchiv"],"inLanguage":"en-US"},{"@type":"WebPage","@id":"https:\/\/www.qwien.at\/en\/qwien\/auf-dem-weg-zu-einem-mahnmal\/","url":"https:\/\/www.qwien.at\/en\/qwien\/auf-dem-weg-zu-einem-mahnmal\/","name":"Auf dem Weg zu einem Mahnmal - Blog - Qwien - Zentrum f\u00fcr queere Geschichte","isPartOf":{"@id":"https:\/\/www.qwien.at\/en\/#website"},"primaryImageOfPage":{"@id":"https:\/\/www.qwien.at\/en\/qwien\/auf-dem-weg-zu-einem-mahnmal\/#primaryimage"},"image":{"@id":"https:\/\/www.qwien.at\/en\/qwien\/auf-dem-weg-zu-einem-mahnmal\/#primaryimage"},"thumbnailUrl":"https:\/\/www.qwien.at\/wp-content\/uploads\/2017\/10\/mahnmal.jpg","datePublished":"2025-07-15T19:37:10+00:00","breadcrumb":{"@id":"https:\/\/www.qwien.at\/en\/qwien\/auf-dem-weg-zu-einem-mahnmal\/#breadcrumb"},"inLanguage":"en-US","potentialAction":[{"@type":"ReadAction","target":["https:\/\/www.qwien.at\/en\/qwien\/auf-dem-weg-zu-einem-mahnmal\/"]}]},{"@type":"ImageObject","inLanguage":"en-US","@id":"https:\/\/www.qwien.at\/en\/qwien\/auf-dem-weg-zu-einem-mahnmal\/#primaryimage","url":"https:\/\/www.qwien.at\/wp-content\/uploads\/2017\/10\/mahnmal.jpg","contentUrl":"https:\/\/www.qwien.at\/wp-content\/uploads\/2017\/10\/mahnmal.jpg","width":900,"height":600},{"@type":"BreadcrumbList","@id":"https:\/\/www.qwien.at\/en\/qwien\/auf-dem-weg-zu-einem-mahnmal\/#breadcrumb","itemListElement":[{"@type":"ListItem","position":1,"name":"Startseite","item":"https:\/\/www.qwien.at\/en\/"},{"@type":"ListItem","position":2,"name":"Auf dem Weg zu einem Mahnmal"}]},{"@type":"WebSite","@id":"https:\/\/www.qwien.at\/en\/#website","url":"https:\/\/www.qwien.at\/en\/","name":"Qwien - Zentrum f\u00fcr queere Geschichte","description":"","publisher":{"@id":"https:\/\/www.qwien.at\/en\/#organization"},"potentialAction":[{"@type":"SearchAction","target":{"@type":"EntryPoint","urlTemplate":"https:\/\/www.qwien.at\/en\/?s={search_term_string}"},"query-input":{"@type":"PropertyValueSpecification","valueRequired":true,"valueName":"search_term_string"}}],"inLanguage":"en-US"},{"@type":"Organization","@id":"https:\/\/www.qwien.at\/en\/#organization","name":"Qwien","url":"https:\/\/www.qwien.at\/en\/","logo":{"@type":"ImageObject","inLanguage":"en-US","@id":"https:\/\/www.qwien.at\/en\/#\/schema\/logo\/image\/","url":"https:\/\/www.qwien.at\/wp-content\/uploads\/2025\/06\/seo-yoast-2.png","contentUrl":"https:\/\/www.qwien.at\/wp-content\/uploads\/2025\/06\/seo-yoast-2.png","width":697,"height":697,"caption":"Qwien"},"image":{"@id":"https:\/\/www.qwien.at\/en\/#\/schema\/logo\/image\/"},"sameAs":["https:\/\/www.instagram.com\/qwien.zentrum\/"]},{"@type":"Person","@id":"https:\/\/www.qwien.at\/en\/#\/schema\/person\/d3fe9114b43d8e5a558a6d20ca3e2920","name":"Andreas Brunner"}]}},"_links":{"self":[{"href":"https:\/\/www.qwien.at\/en\/wp-json\/wp\/v2\/posts\/11072","targetHints":{"allow":["GET"]}}],"collection":[{"href":"https:\/\/www.qwien.at\/en\/wp-json\/wp\/v2\/posts"}],"about":[{"href":"https:\/\/www.qwien.at\/en\/wp-json\/wp\/v2\/types\/post"}],"author":[{"embeddable":true,"href":"https:\/\/www.qwien.at\/en\/wp-json\/wp\/v2\/users\/4"}],"replies":[{"embeddable":true,"href":"https:\/\/www.qwien.at\/en\/wp-json\/wp\/v2\/comments?post=11072"}],"version-history":[{"count":0,"href":"https:\/\/www.qwien.at\/en\/wp-json\/wp\/v2\/posts\/11072\/revisions"}],"wp:featuredmedia":[{"embeddable":true,"href":"https:\/\/www.qwien.at\/en\/wp-json\/wp\/v2\/media\/9496"}],"wp:attachment":[{"href":"https:\/\/www.qwien.at\/en\/wp-json\/wp\/v2\/media?parent=11072"}],"wp:term":[{"taxonomy":"category","embeddable":true,"href":"https:\/\/www.qwien.at\/en\/wp-json\/wp\/v2\/categories?post=11072"},{"taxonomy":"post_tag","embeddable":true,"href":"https:\/\/www.qwien.at\/en\/wp-json\/wp\/v2\/tags?post=11072"}],"curies":[{"name":"wp","href":"https:\/\/api.w.org\/{rel}","templated":true}]}}