{"id":11073,"date":"2025-07-15T21:37:10","date_gmt":"2025-07-15T19:37:10","guid":{"rendered":"https:\/\/www.qwien.at\/nicht-kategorisiert\/des-dichters-haus\/"},"modified":"2025-07-15T21:37:10","modified_gmt":"2025-07-15T19:37:10","slug":"des-dichters-haus","status":"publish","type":"post","link":"https:\/\/www.qwien.at\/en\/qwien\/des-dichters-haus\/","title":{"rendered":"Des Dichters Haus"},"content":{"rendered":"<p><em><strong>Im nieder\u00f6sterreichischen Kirchstetten wurde die Gedenkst\u00e4tte f\u00fcr den britisch-amerikanischen Dichter Wystan Hugh Auden neu gestaltet wieder er\u00f6ffnet. Ein Bericht f\u00fcr eine empfehlenswerte Reise und zwei Buchtipps von Andreas Brunner<\/strong><\/em><br \/>\nWenn ich bei meinen Stadtf\u00fchrungen in der Walfischgasse auf die Gedenktafel f\u00fcr den dort 1973 verstorbenen Dichter W. H. Auden hinweise, ernte ich, wenn es sich nicht um angels\u00e4chsische G\u00e4ste handelt, aber selbst bei diesen, meist fragende Mienen. Wystan who? Zitiere ich dann die eing\u00e4ngigen Zeilen aus seinem ber\u00fchmtesten Gedicht \u2013<br \/>\n<div id=\"attachment_3606\" style=\"width: 234px\" class=\"wp-caption alignleft\"><a href=\"https:\/\/www.qwien.at\/wp-content\/uploads\/2015\/09\/Auden-029-224x300.jpg\"><img loading=\"lazy\" decoding=\"async\" aria-describedby=\"caption-attachment-3606\" class=\"wp-image-3606 size-medium\" src=\"https:\/\/www.qwien.at\/wp-content\/uploads\/2015\/09\/Auden-029-224x300.jpg\" alt=\"Auden 029\" width=\"224\" height=\"300\" srcset=\"https:\/\/www.qwien.at\/wp-content\/uploads\/2015\/09\/Auden-029-224x300.jpg 224w, https:\/\/www.qwien.at\/wp-content\/uploads\/2015\/09\/Auden-029-768x1028.jpg 768w, https:\/\/www.qwien.at\/wp-content\/uploads\/2015\/09\/Auden-029-765x1024.jpg 765w\" sizes=\"auto, (max-width: 224px) 100vw, 224px\" \/><\/a><p id=\"caption-attachment-3606\" class=\"wp-caption-text\">Auden vor seiner &#8220;Dichterh\u00f6hle&#8221;\u00b4, Foto: QWIEN<\/p><\/div><br \/>\n<em> He was my North, my South, my East and West,<\/em><br \/>\n<em>My working week and my Sunday rest<\/em><br \/>\n<em>My noon, my midnight, my talk, my song;<\/em><br \/>\n<em>I thought that love would last forever, I was wrong <\/em><br \/>\n<em>\u2013 <\/em>hellen sich viele Gesichter dann doch auf. Ein Film aus den fr\u00fchen 1990er Jahren hat sie tief ins kulturelle Ged\u00e4chtnis eingeschrieben \u2013 Vier Hochzeiten und ein Todesfall mit dem charmanten Hugh Grant in der Hauptrolle. Ob es Auden gefallen h\u00e4tte, dass sein <em>Funeral Blues<\/em> just beim Begr\u00e4bnis eines schwulen Mannes von dessen hinterbliebenen Partner gelesen wird? Denn es sind die Heterosexuellen, die sich in Liebe finde, dem schwulen Paar bleibt da nur der Tod, herzzerrei\u00dfend inszeniert, aber die Message bleibt: Sorry, f\u00fcr euch ist das Gl\u00fcck nicht vorgesehen.<br \/>\nAuden ist zeitlebens mit seiner Homosexualit\u00e4t offen umgegangen, auch in seinem Haus in Kirchstetten mit der Adresse Hinterholz 6 lebte er mit seinem Lebensgef\u00e4hrten Chester Kalman jeden Sommer als M\u00e4nnerpaar, empfingt ber\u00fchmte G\u00e4ste, trank und dichtete. Oder empfing seinen \u201eHausstricher\u201c Hugerl. Und all das wird in der von Helmut Neundlinger kuratierten Ausstellung in den engen R\u00e4umen des schmucken alten Bauernhofes offen und manchmal mit einem Augenzwinkern erz\u00e4hlt.<br \/>\n<div id=\"attachment_3601\" style=\"width: 234px\" class=\"wp-caption alignleft\"><a href=\"https:\/\/www.qwien.at\/wp-content\/uploads\/2015\/09\/Auden-003-224x300.jpg\"><img loading=\"lazy\" decoding=\"async\" aria-describedby=\"caption-attachment-3601\" class=\"size-medium wp-image-3601\" src=\"https:\/\/www.qwien.at\/wp-content\/uploads\/2015\/09\/Auden-003-224x300.jpg\" alt=\"Auden trinkfest, Foto: QWIEN\" width=\"224\" height=\"300\" srcset=\"https:\/\/www.qwien.at\/wp-content\/uploads\/2015\/09\/Auden-003-224x300.jpg 224w, https:\/\/www.qwien.at\/wp-content\/uploads\/2015\/09\/Auden-003-768x1028.jpg 768w, https:\/\/www.qwien.at\/wp-content\/uploads\/2015\/09\/Auden-003-765x1024.jpg 765w\" sizes=\"auto, (max-width: 224px) 100vw, 224px\" \/><\/a><p id=\"caption-attachment-3601\" class=\"wp-caption-text\">Auden trinkfest, Foto: QWIEN<\/p><\/div><br \/>\n\u00dcber eine schmale, steile Holztreppe steigt man hoch in Auden \u201eDichterh\u00f6hle\u201c, ein kleiner Raum in der Dachschr\u00e4ge mit putzigen Mansardenfenstern. Regale mit Teilen der Bibliothek Audens, sein Schreibtisch mit seiner Schreibmaschine und leere Schnapsflaschen. Ja, Auden und Kallman waren geeichte Trinker. In die Regale der Bibliothek hat der Gestalter der Ausstellung Peter Karlhuber kleine Vitrinen eingelassen, in denen Werke ausgestellt sind, die Audens Dichtung gepr\u00e4gt, inspiriert oder beeinflusst haben, mit denen er sich intensiv auseinandergesetzt hatte. H\u00f6rstationen erl\u00e4utern die Hintergr\u00fcnde.<br \/>\nDie Enge der R\u00e4ume und damit der Installation ist nicht immer bequem, aber kleine Hocker laden dann doch zum Verweilen und Zuh\u00f6ren ein. Im zweiten Raum folgt ein biografischer Abriss des Dichters. Schwules wird hier nicht ausgespart, sondern in seiner Bedeutung f\u00fcr Leben und Werk Audens entsprechend erz\u00e4hlt. Man erf\u00e4hrt von seiner zu Beziehung Christopher Isherwood, von ihrer gemeinsamen Zeit im Berlin der sp\u00e4ter 1920er und fr\u00fcher 1930er Jahre, die Isherwood zu seinem Bestseller <em>Goodbye to Berlin<\/em> inspirierten, aus dem wiederum der Musicalhit <em>Cabaret<\/em> wurde.<br \/>\n<div id=\"attachment_3605\" style=\"width: 234px\" class=\"wp-caption alignright\"><a href=\"https:\/\/www.qwien.at\/wp-content\/uploads\/2015\/09\/Auden-027-224x300.jpg\"><img loading=\"lazy\" decoding=\"async\" aria-describedby=\"caption-attachment-3605\" class=\"size-medium wp-image-3605\" src=\"https:\/\/www.qwien.at\/wp-content\/uploads\/2015\/09\/Auden-027-224x300.jpg\" alt=\"Audens Schreibmaschine, Foto: QWIEN\" width=\"224\" height=\"300\" srcset=\"https:\/\/www.qwien.at\/wp-content\/uploads\/2015\/09\/Auden-027-224x300.jpg 224w, https:\/\/www.qwien.at\/wp-content\/uploads\/2015\/09\/Auden-027-768x1028.jpg 768w, https:\/\/www.qwien.at\/wp-content\/uploads\/2015\/09\/Auden-027-765x1024.jpg 765w\" sizes=\"auto, (max-width: 224px) 100vw, 224px\" \/><\/a><p id=\"caption-attachment-3605\" class=\"wp-caption-text\">Audens Schreibmaschine, Foto: QWIEN<\/p><\/div><br \/>\nDie Zusammenarbeit mit den homosexuellen Komponisten Benjamin Britten und Hans Werner Henze wird dargestellt, wobei rare Materialien zur bei den Salzburger Festspielen uraufgef\u00fchrten und dann vergessenen Oper <em>Die Bassariden<\/em> (Musik: Henze, Libretto: Auden gemeinsam mit Chester Kallman) besonders interessant sind.<br \/>\n<div id=\"attachment_3604\" style=\"width: 234px\" class=\"wp-caption alignleft\"><a href=\"https:\/\/www.qwien.at\/wp-content\/uploads\/2015\/09\/Auden-018-224x300.jpg\"><img loading=\"lazy\" decoding=\"async\" aria-describedby=\"caption-attachment-3604\" class=\"size-medium wp-image-3604\" src=\"https:\/\/www.qwien.at\/wp-content\/uploads\/2015\/09\/Auden-018-224x300.jpg\" alt=\"Der kleine VW K\u00e4fer, Foto: QWIEN\" width=\"224\" height=\"300\" srcset=\"https:\/\/www.qwien.at\/wp-content\/uploads\/2015\/09\/Auden-018-224x300.jpg 224w, https:\/\/www.qwien.at\/wp-content\/uploads\/2015\/09\/Auden-018-768x1028.jpg 768w, https:\/\/www.qwien.at\/wp-content\/uploads\/2015\/09\/Auden-018-765x1024.jpg 765w\" sizes=\"auto, (max-width: 224px) 100vw, 224px\" \/><\/a><p id=\"caption-attachment-3604\" class=\"wp-caption-text\">Der kleine VW K\u00e4fer, Foto: QWIEN<\/p><\/div><br \/>\nH\u00f6rstationen bringen Musikbeispiele, Originaltexte (auch von Auden gelesen) \u2013 und dazwischen stehen Audens Filzpatschen, mit denen er ins Dorf einkaufen ging, als \u201eHerr des Hauses\u201c die Besorgungen erledigte, die Chester zu einem Mahl verarbeitete. Der Tagesablauf war streng geregelt. Bis f\u00fcnf Uhr am Nachmittag wurde gearbeitet, zur\u00fcckgezogen in der Dichterh\u00f6hle, dann gab es Cocktails, Essen, Wein und Opernmusik. Ausfl\u00fcge nach Wien f\u00fchrten vor allem in die Staatsoper, aber auch Treffen mit dem Stricher Hugerl geh\u00f6rten f\u00fcr Auden dazu. Im Nachlass seiner <em>Kirchstettner Gedichte <\/em>fand sich ein Gedicht auf ihn mit dem liebevollen Titel <em>Glad<\/em>:<br \/>\n<em>Hugerl, for a decade now<\/em><br \/>\n<em>My bed-visitor,<\/em><br \/>\n<em>An unexpected blessing<\/em><br \/>\n<em>In a lucky life,<\/em><br \/>\n<em>For how much and how often<\/em><br \/>\n<em>You have made me glad.<\/em><br \/>\n<div id=\"attachment_3609\" style=\"width: 310px\" class=\"wp-caption alignleft\"><a href=\"https:\/\/www.qwien.at\/wp-content\/uploads\/2015\/09\/Auden-Auto-300x200.jpg\"><img loading=\"lazy\" decoding=\"async\" aria-describedby=\"caption-attachment-3609\" class=\"size-medium wp-image-3609\" src=\"https:\/\/www.qwien.at\/wp-content\/uploads\/2015\/09\/Auden-Auto-300x200.jpg\" alt=\"Das Original. Foto: Literaturarchiv Nieder\u00f6sterreich\" width=\"300\" height=\"200\" srcset=\"https:\/\/www.qwien.at\/wp-content\/uploads\/2015\/09\/Auden-Auto-300x200.jpg 300w, https:\/\/www.qwien.at\/wp-content\/uploads\/2015\/09\/Auden-Auto-768x511.jpg 768w, https:\/\/www.qwien.at\/wp-content\/uploads\/2015\/09\/Auden-Auto.jpg 800w\" sizes=\"auto, (max-width: 300px) 100vw, 300px\" \/><\/a><p id=\"caption-attachment-3609\" class=\"wp-caption-text\">Das Original. Foto: Literaturarchiv Nieder\u00f6sterreich<\/p><\/div><br \/>\nDass dieser zu Auden nicht immer nett war, erz\u00e4hlt ein kleiner knallgelber Spielzeug-VW-K\u00e4fer in einer Vitrine. Hugerl hatte sich Audens Auto f\u00fcr Einbruchstouren \u201eausgeborgt\u201c, die mit einer Verfolgungsjagd durch die Polizei mit Schusswechsel endete, wovon noch heute die Einschussl\u00f6cher in erhaltenen Original zeugen. Schade dass dieses auratische Objekt einer besonderen Liebesbeziehung nicht ausgestellt werden konnte.<br \/>\nEs ist den Gestaltern der Ausstellung \u2013 Neundlinger und Karlhuber \u2013 gelungen auf engem Raum mit einer \u00fcbersichtlichen Zahl an Objekten erstaunlich viel \u00fcber Leben und Werk des Dichters und Menschen Auden und seiner besonderen Beziehung zu dem kleinen nieder\u00f6sterreichischen Nest Kirchstetten zu erz\u00e4hlen, das, da es auch das Haus Josef Weinhebers beherbergt, eine kleine Dichterhochburg an den Gleisen der alten Westbahn darstellt. Da der Rest des Hauses bewohnt wird, ist die Gedenkst\u00e4tte nur gegen Voranmeldung zu besuchen. (Informationen zur <a href=\"http:\/\/literaturedition-noe.at\/index.php\/dokumentationsstelle-fuer-literatur-in-noe\/literaturarchiv-noe-w-h-auden-gedenkstaette\">Anmeldung<\/a>)<br \/>\n<div id=\"attachment_3608\" style=\"width: 234px\" class=\"wp-caption alignleft\"><a href=\"https:\/\/www.qwien.at\/wp-content\/uploads\/2015\/09\/Auden-041-224x300.jpg\"><img loading=\"lazy\" decoding=\"async\" aria-describedby=\"caption-attachment-3608\" class=\"size-medium wp-image-3608\" src=\"https:\/\/www.qwien.at\/wp-content\/uploads\/2015\/09\/Auden-041-224x300.jpg\" alt=\"Audens Grab am Friedhof Kirchstetten, Foto: QWIEN\" width=\"224\" height=\"300\" srcset=\"https:\/\/www.qwien.at\/wp-content\/uploads\/2015\/09\/Auden-041-224x300.jpg 224w, https:\/\/www.qwien.at\/wp-content\/uploads\/2015\/09\/Auden-041-768x1028.jpg 768w, https:\/\/www.qwien.at\/wp-content\/uploads\/2015\/09\/Auden-041-765x1024.jpg 765w\" sizes=\"auto, (max-width: 224px) 100vw, 224px\" \/><\/a><p id=\"caption-attachment-3608\" class=\"wp-caption-text\">Audens Grab am Friedhof Kirchstetten, Foto: QWIEN<\/p><\/div><br \/>\nDen Abschluss eines Ausflugs nach Kirchstetten kann der Besuch am Friedhof bilden, wo Auden wunschgem\u00e4\u00df bestattet liegt.<br \/>\nIn keinem deutschsprachigen Verlag ist zur Zeit ein Lyrikband lieferbar, will man Auden in \u00dcbersetzung lesen, muss man auf antiquarische Ausgaben zur\u00fcckgreifen. Daf\u00fcr gibt es B\u00fccher zu Audens Leben und Werk. Einen Preis als <a href=\"http:\/\/www.schoenstebuecher.at\/show_content.php?sid=173\">sch\u00f6nstes Buch \u00d6sterreichs <\/a>2014 bekam<\/p>\n<h3><span style=\"color: #993300;\">Silence Turned into Objects\u00a0<\/span><\/h3>\n<p>Die Dokumentation und Vertiefung eines Ausstellungsprojekts von Ricarda Denzer aus dem Jahr 2013\/14 im Audenhaus spiegelt die <em>\u201eSpannung zwischen dem Privaten, Pers\u00f6nlichen und dem \u00d6ffentlichen, Politischen\u201c <\/em>(Denzer), die f\u00fcr Audens Werk charakteristisch ist. Auden griff wie kein anderer Dichter seiner Zeit unmittelbare biografische Fakten auf \u2013 sein Haus, Freunde und Freundinnen, Menschen aus und das Leben in Kirchstetten sind Thema \u2013 ging aber, da er sie in \u00fcbergeordnete politische oder gesellschaftliche Zusammenh\u00e4nge einbettete, weit \u00fcber das autobiografisch-anekdotische Schreiben hinaus. Elf K\u00fcnstler_innen setzen sich mit Audens Werk auf ganz unterschiedliche Weise von Performance bis Installation und Zeichnung auseinander. Ihre Arbeiten sind im ersten Teil des durchg\u00e4ngig zweisprachig, deutsch\/englischen Bandes dokumentiert.<br \/>\n<div id=\"attachment_3603\" style=\"width: 234px\" class=\"wp-caption alignright\"><a href=\"https:\/\/www.qwien.at\/wp-content\/uploads\/2015\/09\/Auden-016-224x300.jpg\"><img loading=\"lazy\" decoding=\"async\" aria-describedby=\"caption-attachment-3603\" class=\"size-medium wp-image-3603\" src=\"https:\/\/www.qwien.at\/wp-content\/uploads\/2015\/09\/Auden-016-224x300.jpg\" alt=\"Audens Filzpantoffel, Foto: QWIEN\" width=\"224\" height=\"300\" srcset=\"https:\/\/www.qwien.at\/wp-content\/uploads\/2015\/09\/Auden-016-224x300.jpg 224w, https:\/\/www.qwien.at\/wp-content\/uploads\/2015\/09\/Auden-016-768x1028.jpg 768w, https:\/\/www.qwien.at\/wp-content\/uploads\/2015\/09\/Auden-016-765x1024.jpg 765w\" sizes=\"auto, (max-width: 224px) 100vw, 224px\" \/><\/a><p id=\"caption-attachment-3603\" class=\"wp-caption-text\">Audens Filzpantoffel, Foto: QWIEN<\/p><\/div><br \/>\nDie Essays im zweiten Teil gehen auf Aspekte in Audens Werk ein, die in Zusammenhang mit Kirchstetten, so etwa Hermann Schl\u00f6sser \u00fcber die Beziehung Audens zu Weinheber, dem er ein Gedicht widmete, in dem er den gl\u00fchenden Nationalsozialisten Weinheber von jeder Schuld freispricht, weil ihn seine Sprache \u00fcber diese Fragen erhebe. Eine durchaus fragw\u00fcrdige Position des \u201elinken\u201c Auden. Dem Leben im Kirchstettener Haus und dessen Verarbeitung in Dichtung widmen sich die Aufs\u00e4tze von Rainer Emig und Monika Seidl. Wie er dabei seine Beziehung mit Chester Kallman aber auch sexuelle Erfahrungen au\u00dferhalb der Beziehung im Privaten verortet aber \u00f6ffentlich macht, zeugt auch von einem gro\u00dfen Selbstbewusstsein als homosexueller Mann.<\/p>\n<h3><span style=\"color: #993300;\">\u201eIch bin schwul\u201c\u00a0<\/span><\/h3>\n<p>hielt Auden in seinen Aufzeichnungen \u00fcber sein Leben in Berlin der ausgehenden 1920er Jahren fest. Er war dem Ruf Berlins als Eldorado f\u00fcr Homosexuelle gefolgt und war dabei bei weitem nicht der Einzige der vornehmlich angels\u00e4chsischen Homosexuellen, die als Sextouristen das Nachtleben, den Strich und die sexuelle Emanzipation suchten, wie Robert Beachy an einigen Beispielen zeigt. Freiz\u00fcgiger Sex und der Kampf f\u00fcr Straffreiheit und Anerkennung waren Bestandteile eines weltweit einzigartigen schwulen Lebens, das sp\u00e4ter Audens Freund Christopher Isherwood in seinen Berlin Romanen aber auch in seiner Autobiografie <em>Christopher and his Kind<\/em> so einzigartig schilderte: <em>\u201eBerlin meant Boys.&#8221;<\/em><em>\u00a0<\/em><br \/>\n<div id=\"attachment_3602\" style=\"width: 310px\" class=\"wp-caption alignleft\"><a href=\"https:\/\/www.qwien.at\/wp-content\/uploads\/2015\/09\/Auden-010-300x224.jpg\"><img loading=\"lazy\" decoding=\"async\" aria-describedby=\"caption-attachment-3602\" class=\"size-medium wp-image-3602\" src=\"https:\/\/www.qwien.at\/wp-content\/uploads\/2015\/09\/Auden-010-300x224.jpg\" alt=\"Auden in Berlin, Foto: QWIEN\" width=\"300\" height=\"224\" srcset=\"https:\/\/www.qwien.at\/wp-content\/uploads\/2015\/09\/Auden-010-300x224.jpg 300w, https:\/\/www.qwien.at\/wp-content\/uploads\/2015\/09\/Auden-010-768x574.jpg 768w, https:\/\/www.qwien.at\/wp-content\/uploads\/2015\/09\/Auden-010-1024x765.jpg 1024w\" sizes=\"auto, (max-width: 300px) 100vw, 300px\" \/><\/a><p id=\"caption-attachment-3602\" class=\"wp-caption-text\">Auden in Berlin, Foto: QWIEN<\/p><\/div><br \/>\nAnhand unver\u00f6ffentlichter Dokumente aus dem Nachlass zeichnet Beachy Audens Leben nach, die (Stricher)Lokale, die er besuchte, die Beziehungen, die er f\u00fchrte, und die Begegnungen, etwa mit Magnus Hirschfeld, die sein sexuelles Selbstbewusstsein pr\u00e4gen sollten. Hier konnte er ausrufen: <em>\u201eIch bin schwul!\u201c<\/em> \u2013 wobei Auden diesen Satz auf Deutsch schrieb. Beachy setzt diesen Akt einer homosexuellen Emanzipation kenntnisreich in Beziehung zum Berlin der Weimarer Republik, zur sozialen Situation und zum subkulturellen Leben. Auden verlie\u00df Berlin als selbstbewusster Homosexueller, der sich zeitlebens wegen seines Begehrens nicht mehr verbiegen wird, nicht in den USA, wo er sp\u00e4ter lebte, noch in Kirchstetten, das er jeden Sommer besuchte.<br \/>\nLeider ist die Publikation Etikettenschwindel. Wer Robert Beachys gro\u00dfen Buch \u00fcber <em>Das andere Berlin<\/em> gelesen hat, die ebenfalls diesen Herbst erschien, wird wenig Neues \u00fcber Auden und sein schwules Leben in Berlin erfahren. Beachys <em>Hirschfeld Lecture<\/em> ist nicht mehr als eine bearbeitete Montage von Textbausteinen aus der gro\u00dfen Publikation.<br \/>\n<em><strong><a href=\"https:\/\/www.qwien.at\/wp-content\/uploads\/2015\/09\/Cover-Silende-2-219x300.jpg\"><img loading=\"lazy\" decoding=\"async\" class=\"alignleft size-medium wp-image-3610\" src=\"https:\/\/www.qwien.at\/wp-content\/uploads\/2015\/09\/Cover-Silende-2-219x300.jpg\" alt=\"Cover Silende 2\" width=\"219\" height=\"300\" srcset=\"https:\/\/www.qwien.at\/wp-content\/uploads\/2015\/09\/Cover-Silende-2-219x300.jpg 219w, https:\/\/www.qwien.at\/wp-content\/uploads\/2015\/09\/Cover-Silende-2-768x1054.jpg 768w, https:\/\/www.qwien.at\/wp-content\/uploads\/2015\/09\/Cover-Silende-2-746x1024.jpg 746w, https:\/\/www.qwien.at\/wp-content\/uploads\/2015\/09\/Cover-Silende-2.jpg 1793w\" sizes=\"auto, (max-width: 219px) 100vw, 219px\" \/><\/a>Ricarda Denzer\/Monika Seidl (Hg_innen): Silence Turned into Objects. W. H. Auden in Kirchstetten. St. P\u00f6lten: Literaturedition Nieder\u00f6sterreich 2014, <\/strong><\/em>erh\u00e4ltlich bei <a href=\"http:\/\/www.loewenherz.at\/index_lw_nr.php?LWNR=13514\">L\u00f6wenherz<\/a><br \/>\n<em><strong>R<a href=\"https:\/\/www.qwien.at\/wp-content\/uploads\/2015\/09\/Cover-Beachy-Auden-180x300.jpg\"><img loading=\"lazy\" decoding=\"async\" class=\"alignleft size-medium wp-image-3611\" src=\"https:\/\/www.qwien.at\/wp-content\/uploads\/2015\/09\/Cover-Beachy-Auden-180x300.jpg\" alt=\"Cover Beachy Auden\" width=\"180\" height=\"300\" srcset=\"https:\/\/www.qwien.at\/wp-content\/uploads\/2015\/09\/Cover-Beachy-Auden-180x300.jpg 180w, https:\/\/www.qwien.at\/wp-content\/uploads\/2015\/09\/Cover-Beachy-Auden.jpg 300w\" sizes=\"auto, (max-width: 180px) 100vw, 180px\" \/><\/a>obert Beachy: \u201cIch bin schwul\u201d W. H. Auden im Berlin der Weimarer Republik. G\u00f6ttingen: Wallstein 2015 (=Hirschfeld Lectures, Band 6),<\/strong><\/em> erh\u00e4ltlich bei <a href=\"http:\/\/www.loewenherz.at\/index_lw_nr.php?LWNR=11596\">L\u00f6wenherz<\/a><\/p>\n","protected":false},"excerpt":{"rendered":"<p>\t\t\t\t<![CDATA[]]>\t\t<\/p>\n","protected":false},"author":4,"featured_media":9398,"comment_status":"closed","ping_status":"open","sticky":false,"template":"","format":"standard","meta":{"_acf_changed":false,"footnotes":""},"categories":[272,275,276],"tags":[292,421,422],"class_list":["post-11073","post","type-post","status-publish","format-standard","has-post-thumbnail","hentry","category-qwien","category-qwien-tipp","category-webarchive","tag-auden","tag-berlin","tag-kirchstetten","grve-entry-item","grve-blog-item"],"acf":[],"yoast_head":"<!-- This site is optimized with the Yoast SEO plugin v27.5 - https:\/\/yoast.com\/product\/yoast-seo-wordpress\/ -->\n<title>Des Dichters Haus - Blog - Qwien - Zentrum f\u00fcr queere Geschichte<\/title>\n<meta name=\"robots\" content=\"index, follow, max-snippet:-1, max-image-preview:large, max-video-preview:-1\" \/>\n<link rel=\"canonical\" href=\"https:\/\/www.qwien.at\/en\/qwien\/des-dichters-haus\/\" \/>\n<meta property=\"og:locale\" content=\"en_US\" \/>\n<meta property=\"og:type\" content=\"article\" \/>\n<meta property=\"og:title\" content=\"Des Dichters Haus - Blog - Qwien - Zentrum f\u00fcr queere Geschichte\" \/>\n<meta property=\"og:url\" content=\"https:\/\/www.qwien.at\/en\/qwien\/des-dichters-haus\/\" \/>\n<meta property=\"og:site_name\" content=\"Qwien - Zentrum f\u00fcr queere Geschichte\" \/>\n<meta property=\"article:published_time\" content=\"2025-07-15T19:37:10+00:00\" \/>\n<meta property=\"og:image\" content=\"https:\/\/www.qwien.at\/wp-content\/uploads\/2015\/09\/Auden-029-765x1024.jpg\" \/>\n\t<meta property=\"og:image:width\" content=\"765\" \/>\n\t<meta property=\"og:image:height\" content=\"1024\" \/>\n\t<meta property=\"og:image:type\" content=\"image\/jpeg\" \/>\n<meta name=\"author\" content=\"Andreas Brunner\" \/>\n<meta name=\"twitter:card\" content=\"summary_large_image\" \/>\n<meta name=\"twitter:label1\" content=\"Written by\" \/>\n\t<meta name=\"twitter:data1\" content=\"Andreas Brunner\" \/>\n\t<meta name=\"twitter:label2\" content=\"Est. reading time\" \/>\n\t<meta name=\"twitter:data2\" content=\"7 minutes\" \/>\n<script type=\"application\/ld+json\" class=\"yoast-schema-graph\">{\"@context\":\"https:\\\/\\\/schema.org\",\"@graph\":[{\"@type\":[\"Article\",\"BlogPosting\"],\"@id\":\"https:\\\/\\\/www.qwien.at\\\/en\\\/qwien\\\/des-dichters-haus\\\/#article\",\"isPartOf\":{\"@id\":\"https:\\\/\\\/www.qwien.at\\\/en\\\/qwien\\\/des-dichters-haus\\\/\"},\"author\":{\"name\":\"Andreas Brunner\",\"@id\":\"https:\\\/\\\/www.qwien.at\\\/en\\\/#\\\/schema\\\/person\\\/d3fe9114b43d8e5a558a6d20ca3e2920\"},\"headline\":\"Des Dichters Haus\",\"datePublished\":\"2025-07-15T19:37:10+00:00\",\"mainEntityOfPage\":{\"@id\":\"https:\\\/\\\/www.qwien.at\\\/en\\\/qwien\\\/des-dichters-haus\\\/\"},\"wordCount\":1484,\"publisher\":{\"@id\":\"https:\\\/\\\/www.qwien.at\\\/en\\\/#organization\"},\"image\":{\"@id\":\"https:\\\/\\\/www.qwien.at\\\/en\\\/qwien\\\/des-dichters-haus\\\/#primaryimage\"},\"thumbnailUrl\":\"https:\\\/\\\/www.qwien.at\\\/wp-content\\\/uploads\\\/2015\\\/09\\\/Auden-033.jpg\",\"keywords\":[\"Auden\",\"Berlin\",\"Kirchstetten\"],\"articleSection\":[\"Qwien\",\"Tipp\",\"Webarchiv\"],\"inLanguage\":\"en-US\"},{\"@type\":\"WebPage\",\"@id\":\"https:\\\/\\\/www.qwien.at\\\/en\\\/qwien\\\/des-dichters-haus\\\/\",\"url\":\"https:\\\/\\\/www.qwien.at\\\/en\\\/qwien\\\/des-dichters-haus\\\/\",\"name\":\"Des Dichters Haus - Blog - Qwien - Zentrum f\u00fcr queere Geschichte\",\"isPartOf\":{\"@id\":\"https:\\\/\\\/www.qwien.at\\\/en\\\/#website\"},\"primaryImageOfPage\":{\"@id\":\"https:\\\/\\\/www.qwien.at\\\/en\\\/qwien\\\/des-dichters-haus\\\/#primaryimage\"},\"image\":{\"@id\":\"https:\\\/\\\/www.qwien.at\\\/en\\\/qwien\\\/des-dichters-haus\\\/#primaryimage\"},\"thumbnailUrl\":\"https:\\\/\\\/www.qwien.at\\\/wp-content\\\/uploads\\\/2015\\\/09\\\/Auden-033.jpg\",\"datePublished\":\"2025-07-15T19:37:10+00:00\",\"breadcrumb\":{\"@id\":\"https:\\\/\\\/www.qwien.at\\\/en\\\/qwien\\\/des-dichters-haus\\\/#breadcrumb\"},\"inLanguage\":\"en-US\",\"potentialAction\":[{\"@type\":\"ReadAction\",\"target\":[\"https:\\\/\\\/www.qwien.at\\\/en\\\/qwien\\\/des-dichters-haus\\\/\"]}]},{\"@type\":\"ImageObject\",\"inLanguage\":\"en-US\",\"@id\":\"https:\\\/\\\/www.qwien.at\\\/en\\\/qwien\\\/des-dichters-haus\\\/#primaryimage\",\"url\":\"https:\\\/\\\/www.qwien.at\\\/wp-content\\\/uploads\\\/2015\\\/09\\\/Auden-033.jpg\",\"contentUrl\":\"https:\\\/\\\/www.qwien.at\\\/wp-content\\\/uploads\\\/2015\\\/09\\\/Auden-033.jpg\",\"width\":2592,\"height\":1936,\"caption\":\"\"},{\"@type\":\"BreadcrumbList\",\"@id\":\"https:\\\/\\\/www.qwien.at\\\/en\\\/qwien\\\/des-dichters-haus\\\/#breadcrumb\",\"itemListElement\":[{\"@type\":\"ListItem\",\"position\":1,\"name\":\"Startseite\",\"item\":\"https:\\\/\\\/www.qwien.at\\\/en\\\/\"},{\"@type\":\"ListItem\",\"position\":2,\"name\":\"Des Dichters Haus\"}]},{\"@type\":\"WebSite\",\"@id\":\"https:\\\/\\\/www.qwien.at\\\/en\\\/#website\",\"url\":\"https:\\\/\\\/www.qwien.at\\\/en\\\/\",\"name\":\"Qwien - Zentrum f\u00fcr queere Geschichte\",\"description\":\"\",\"publisher\":{\"@id\":\"https:\\\/\\\/www.qwien.at\\\/en\\\/#organization\"},\"potentialAction\":[{\"@type\":\"SearchAction\",\"target\":{\"@type\":\"EntryPoint\",\"urlTemplate\":\"https:\\\/\\\/www.qwien.at\\\/en\\\/?s={search_term_string}\"},\"query-input\":{\"@type\":\"PropertyValueSpecification\",\"valueRequired\":true,\"valueName\":\"search_term_string\"}}],\"inLanguage\":\"en-US\"},{\"@type\":\"Organization\",\"@id\":\"https:\\\/\\\/www.qwien.at\\\/en\\\/#organization\",\"name\":\"Qwien\",\"url\":\"https:\\\/\\\/www.qwien.at\\\/en\\\/\",\"logo\":{\"@type\":\"ImageObject\",\"inLanguage\":\"en-US\",\"@id\":\"https:\\\/\\\/www.qwien.at\\\/en\\\/#\\\/schema\\\/logo\\\/image\\\/\",\"url\":\"https:\\\/\\\/www.qwien.at\\\/wp-content\\\/uploads\\\/2025\\\/06\\\/seo-yoast-2.png\",\"contentUrl\":\"https:\\\/\\\/www.qwien.at\\\/wp-content\\\/uploads\\\/2025\\\/06\\\/seo-yoast-2.png\",\"width\":697,\"height\":697,\"caption\":\"Qwien\"},\"image\":{\"@id\":\"https:\\\/\\\/www.qwien.at\\\/en\\\/#\\\/schema\\\/logo\\\/image\\\/\"},\"sameAs\":[\"https:\\\/\\\/www.instagram.com\\\/qwien.zentrum\\\/\"]},{\"@type\":\"Person\",\"@id\":\"https:\\\/\\\/www.qwien.at\\\/en\\\/#\\\/schema\\\/person\\\/d3fe9114b43d8e5a558a6d20ca3e2920\",\"name\":\"Andreas Brunner\"}]}<\/script>\n<!-- \/ Yoast SEO plugin. -->","yoast_head_json":{"title":"Des Dichters Haus - Blog - Qwien - Zentrum f\u00fcr queere Geschichte","robots":{"index":"index","follow":"follow","max-snippet":"max-snippet:-1","max-image-preview":"max-image-preview:large","max-video-preview":"max-video-preview:-1"},"canonical":"https:\/\/www.qwien.at\/en\/qwien\/des-dichters-haus\/","og_locale":"en_US","og_type":"article","og_title":"Des Dichters Haus - Blog - Qwien - Zentrum f\u00fcr queere Geschichte","og_url":"https:\/\/www.qwien.at\/en\/qwien\/des-dichters-haus\/","og_site_name":"Qwien - Zentrum f\u00fcr queere Geschichte","article_published_time":"2025-07-15T19:37:10+00:00","og_image":[{"width":765,"height":1024,"url":"https:\/\/www.qwien.at\/wp-content\/uploads\/2015\/09\/Auden-029-765x1024.jpg","type":"image\/jpeg"}],"author":"Andreas Brunner","twitter_card":"summary_large_image","twitter_misc":{"Written by":"Andreas Brunner","Est. reading time":"7 minutes"},"schema":{"@context":"https:\/\/schema.org","@graph":[{"@type":["Article","BlogPosting"],"@id":"https:\/\/www.qwien.at\/en\/qwien\/des-dichters-haus\/#article","isPartOf":{"@id":"https:\/\/www.qwien.at\/en\/qwien\/des-dichters-haus\/"},"author":{"name":"Andreas Brunner","@id":"https:\/\/www.qwien.at\/en\/#\/schema\/person\/d3fe9114b43d8e5a558a6d20ca3e2920"},"headline":"Des Dichters Haus","datePublished":"2025-07-15T19:37:10+00:00","mainEntityOfPage":{"@id":"https:\/\/www.qwien.at\/en\/qwien\/des-dichters-haus\/"},"wordCount":1484,"publisher":{"@id":"https:\/\/www.qwien.at\/en\/#organization"},"image":{"@id":"https:\/\/www.qwien.at\/en\/qwien\/des-dichters-haus\/#primaryimage"},"thumbnailUrl":"https:\/\/www.qwien.at\/wp-content\/uploads\/2015\/09\/Auden-033.jpg","keywords":["Auden","Berlin","Kirchstetten"],"articleSection":["Qwien","Tipp","Webarchiv"],"inLanguage":"en-US"},{"@type":"WebPage","@id":"https:\/\/www.qwien.at\/en\/qwien\/des-dichters-haus\/","url":"https:\/\/www.qwien.at\/en\/qwien\/des-dichters-haus\/","name":"Des Dichters Haus - Blog - Qwien - Zentrum f\u00fcr queere Geschichte","isPartOf":{"@id":"https:\/\/www.qwien.at\/en\/#website"},"primaryImageOfPage":{"@id":"https:\/\/www.qwien.at\/en\/qwien\/des-dichters-haus\/#primaryimage"},"image":{"@id":"https:\/\/www.qwien.at\/en\/qwien\/des-dichters-haus\/#primaryimage"},"thumbnailUrl":"https:\/\/www.qwien.at\/wp-content\/uploads\/2015\/09\/Auden-033.jpg","datePublished":"2025-07-15T19:37:10+00:00","breadcrumb":{"@id":"https:\/\/www.qwien.at\/en\/qwien\/des-dichters-haus\/#breadcrumb"},"inLanguage":"en-US","potentialAction":[{"@type":"ReadAction","target":["https:\/\/www.qwien.at\/en\/qwien\/des-dichters-haus\/"]}]},{"@type":"ImageObject","inLanguage":"en-US","@id":"https:\/\/www.qwien.at\/en\/qwien\/des-dichters-haus\/#primaryimage","url":"https:\/\/www.qwien.at\/wp-content\/uploads\/2015\/09\/Auden-033.jpg","contentUrl":"https:\/\/www.qwien.at\/wp-content\/uploads\/2015\/09\/Auden-033.jpg","width":2592,"height":1936,"caption":""},{"@type":"BreadcrumbList","@id":"https:\/\/www.qwien.at\/en\/qwien\/des-dichters-haus\/#breadcrumb","itemListElement":[{"@type":"ListItem","position":1,"name":"Startseite","item":"https:\/\/www.qwien.at\/en\/"},{"@type":"ListItem","position":2,"name":"Des Dichters Haus"}]},{"@type":"WebSite","@id":"https:\/\/www.qwien.at\/en\/#website","url":"https:\/\/www.qwien.at\/en\/","name":"Qwien - Zentrum f\u00fcr queere Geschichte","description":"","publisher":{"@id":"https:\/\/www.qwien.at\/en\/#organization"},"potentialAction":[{"@type":"SearchAction","target":{"@type":"EntryPoint","urlTemplate":"https:\/\/www.qwien.at\/en\/?s={search_term_string}"},"query-input":{"@type":"PropertyValueSpecification","valueRequired":true,"valueName":"search_term_string"}}],"inLanguage":"en-US"},{"@type":"Organization","@id":"https:\/\/www.qwien.at\/en\/#organization","name":"Qwien","url":"https:\/\/www.qwien.at\/en\/","logo":{"@type":"ImageObject","inLanguage":"en-US","@id":"https:\/\/www.qwien.at\/en\/#\/schema\/logo\/image\/","url":"https:\/\/www.qwien.at\/wp-content\/uploads\/2025\/06\/seo-yoast-2.png","contentUrl":"https:\/\/www.qwien.at\/wp-content\/uploads\/2025\/06\/seo-yoast-2.png","width":697,"height":697,"caption":"Qwien"},"image":{"@id":"https:\/\/www.qwien.at\/en\/#\/schema\/logo\/image\/"},"sameAs":["https:\/\/www.instagram.com\/qwien.zentrum\/"]},{"@type":"Person","@id":"https:\/\/www.qwien.at\/en\/#\/schema\/person\/d3fe9114b43d8e5a558a6d20ca3e2920","name":"Andreas Brunner"}]}},"_links":{"self":[{"href":"https:\/\/www.qwien.at\/en\/wp-json\/wp\/v2\/posts\/11073","targetHints":{"allow":["GET"]}}],"collection":[{"href":"https:\/\/www.qwien.at\/en\/wp-json\/wp\/v2\/posts"}],"about":[{"href":"https:\/\/www.qwien.at\/en\/wp-json\/wp\/v2\/types\/post"}],"author":[{"embeddable":true,"href":"https:\/\/www.qwien.at\/en\/wp-json\/wp\/v2\/users\/4"}],"replies":[{"embeddable":true,"href":"https:\/\/www.qwien.at\/en\/wp-json\/wp\/v2\/comments?post=11073"}],"version-history":[{"count":0,"href":"https:\/\/www.qwien.at\/en\/wp-json\/wp\/v2\/posts\/11073\/revisions"}],"wp:featuredmedia":[{"embeddable":true,"href":"https:\/\/www.qwien.at\/en\/wp-json\/wp\/v2\/media\/9398"}],"wp:attachment":[{"href":"https:\/\/www.qwien.at\/en\/wp-json\/wp\/v2\/media?parent=11073"}],"wp:term":[{"taxonomy":"category","embeddable":true,"href":"https:\/\/www.qwien.at\/en\/wp-json\/wp\/v2\/categories?post=11073"},{"taxonomy":"post_tag","embeddable":true,"href":"https:\/\/www.qwien.at\/en\/wp-json\/wp\/v2\/tags?post=11073"}],"curies":[{"name":"wp","href":"https:\/\/api.w.org\/{rel}","templated":true}]}}