{"id":11076,"date":"2025-07-15T21:37:10","date_gmt":"2025-07-15T19:37:10","guid":{"rendered":"https:\/\/www.qwien.at\/nicht-kategorisiert\/vilma-von-webenau\/"},"modified":"2025-07-15T21:37:10","modified_gmt":"2025-07-15T19:37:10","slug":"vilma-von-webenau","status":"publish","type":"post","link":"https:\/\/www.qwien.at\/en\/qwien\/vilma-von-webenau\/","title":{"rendered":"Vilma von Webenau"},"content":{"rendered":"<p><strong>Festkonzert mit Werken der Sch\u00f6nbergsch\u00fclerin Vilma von Webenau anl\u00e4sslich des IDAHOT Day 2018<\/strong><\/p>\n<p>Der Name der Komponistin Vilma von Webenau (1875-1953) ist heute nur noch Expert*innen bekannt \u2013 das soll sich \u00e4ndern. Anl\u00e4sslich des IDAHOT Day 2018, des Internationalen Tages gegen Homo-, Trans- und Biphobie, geben Studierende und Unterrichtende der Universit\u00e4t f\u00fcr Musik und darstellende Kunst Wien (mdw) ein Festkonzert mit ihren Werken. Vilma von Webenau, die erste Privatsch\u00fclerin des Komponisten Arnold Sch\u00f6nberg, war in den 1910er- und 1920er-Jahren Teil des musikalischen Lebens von Wien. Als Komponistin hatte sie es in der m\u00e4nnlich dominierten Musikwelt dieser Zeit sicher schwer, als Frau, die wahrscheinlich Frauen liebte, war ihre pers\u00f6nliche Lebenssituation doppelt prek\u00e4r. \u00dcber ihr privates Leben ist wenig bekannt und auch ihr umfangreiches Werk von mehr als 100 Kompositionen harrt einer Wiederentdeckung<\/p>\n<div id=\"attachment_3941\" style=\"width: 199px\" class=\"wp-caption alignleft\"><img loading=\"lazy\" decoding=\"async\" aria-describedby=\"caption-attachment-3941\" class=\"size-medium wp-image-3941\" src=\"https:\/\/www.qwien.at\/wp-content\/uploads\/2018\/03\/Vilma_von_Webenau_Wiki-189x300.jpg\" alt=\"\" width=\"189\" height=\"300\" srcset=\"https:\/\/www.qwien.at\/wp-content\/uploads\/2018\/03\/Vilma_von_Webenau_Wiki-189x300.jpg 189w, https:\/\/www.qwien.at\/wp-content\/uploads\/2018\/03\/Vilma_von_Webenau_Wiki.jpg 378w\" sizes=\"auto, (max-width: 189px) 100vw, 189px\" \/><p id=\"caption-attachment-3941\" class=\"wp-caption-text\">Vilma von Webenau um 1924, Foto: Arnold Sch\u00f6nberg Center, Wien<\/p><\/div>\n<p><span lang=\"EN-US\">Der IDAHOT Day (International Day Against Homophobia, Transphobia and Biphobia) wird seit 2005 am 17. <\/span>Mai als Aktionstag gegen Homo-, Trans und Biphobie begangen. Das Datum wurde deshalb gew\u00e4hlt, weil am 17. Mai 1990 die Weltgesundheitsorganisation WHO beschlossen hatte, Homosexualit\u00e4t aus dem Diagnoseschl\u00fcssel f\u00fcr Krankheiten zu streichen. Seither gilt Homosexualit\u00e4t (im Gegensatz zu Transsexualit\u00e4t) nicht mehr als psychische St\u00f6rung. Zahlreiche Organisationen der queeren Community Wiens haben sich dem Aufruf bereits angeschlossen, freiwillige Spenden, die am Abend gesammelt werden kommen Queer Base \u2013 einem Unterst\u00fctzungsprojekt f\u00fcr queere Fl\u00fcchtlinge zugute.<br \/>\nEine Veranstaltung des Referats f\u00fcr Frauenpolitik und Queer der Hochsch\u00fclerInnenschaft an der Universit\u00e4t f\u00fcr Musik und darstellende Kunst Wien (mdw) in Zusammenarbeit mit dem Rektorat der mdw, dem Primavera-Festival und QWIEN, dem Zentrum f\u00fcr schwul\/lesbische Kultur und Geschichte.<br \/>\nMit Unterst\u00fctzung von:<br \/>\n<span lang=\"EN-US\">Europride Wien 2019, Homosexuelle Initiative HOSI Wien, agpro \u2013 Austrian Gay Professionals, Queer Business Women, Rechtskomitee Lambda, ORQOA \u2013 Oriental Queer Organisation Austria, TransX, Gay Cops Austria, Wiener Antidiskriminierungsstelle f\u00fcr gleichgeschlechtliche und transgender Lebensweisen (WASt), GGG<\/span><br \/>\n<strong><span style=\"color: #800000;\">Konzert mit Werken von Vilma von Webenau <\/span><\/strong><br \/>\nEinf\u00fchrungsvortrag: Susanne Wosnitzka<br \/>\nDonnerstag 17. Mai, 19.00 Uhr<br \/>\nSchlosstheater Sch\u00f6nbrunn<br \/>\nEintritt frei<br \/>\n<strong><span style=\"color: #800000;\">Vorl\u00e4ufiges Programm mit Ausschnitten aus folgenden Werken: <\/span><\/strong><br \/>\n<strong>Sommerlieder f\u00fcr Streichquartett und eine Sprechstimme<\/strong><br \/>\nText: Vilma von Webenau<br \/>\nSanghee Cheong, Violine<br \/>\n<span lang=\"EN-US\">Alicja Baranowska, Violine<\/span><br \/>\n<span lang=\"EN-US\">Tomo Moriyama, Viola<\/span><br \/>\nLilyana Hossen, Cello<br \/>\nS\u00fcrmeyra Yilmaz, Schauspiel<br \/>\n<strong>Klavierquartett in e-moll<\/strong><br \/>\nMarialena Fernandes, Klavier<br \/>\nIeva Pranskut\u00e8, Violine<br \/>\nAndjela Sibinovi\u0107, Viola<br \/>\nMislav Brajkovi\u0107, Cello<br \/>\n<strong>Drei Lieder f\u00fcr Singstimme und Streichorchester<\/strong><br \/>\nTexte: Gottfried Keller, Nikolaus Lenau, Franz Schmidt<br \/>\n<span lang=\"EN-US\">Le\u00f3n de Castillo, Tenor<\/span><br \/>\n<span lang=\"EN-US\">Valsassina Ensemble<\/span><br \/>\nAttilia Kiyoko Cernitori, Dirigentin<br \/>\n<strong>Symphonie f\u00fcr Streichorchester<\/strong><br \/>\n<span lang=\"EN-US\">Valsassina Ensemble<\/span><br \/>\n<span lang=\"EN-US\">Attilia Kiyoko Cernitori, Dirigentin<\/span><\/p>\n<p><span style=\"color: #000012; font-family: Segoe UI; font-size: small;\">\u00a0<\/span><\/p>\n","protected":false},"excerpt":{"rendered":"<p>Festkonzert mit Werken der Sch\u00f6nbergsch\u00fclerin Vilma von Webenau anl\u00e4sslich des IDAHOT Day 2018 Der Name der Komponistin Vilma von Webenau (1875-1953) ist heute nur noch Expert*innen bekannt \u2013 das soll sich \u00e4ndern. Anl\u00e4sslich des IDAHOT Day 2018, des Internationalen Tages gegen Homo-, Trans- und Biphobie, geben Studierende und Unterrichtende der Universit\u00e4t f\u00fcr Musik und darstellende [&hellip;]<\/p>\n","protected":false},"author":4,"featured_media":9494,"comment_status":"closed","ping_status":"open","sticky":false,"template":"","format":"standard","meta":{"_acf_changed":false,"footnotes":""},"categories":[272,275,276],"tags":[293,426,427,428,429],"class_list":["post-11076","post","type-post","status-publish","format-standard","has-post-thumbnail","hentry","category-qwien","category-qwien-tipp","category-webarchive","tag-arnold-schoenberg","tag-idaho","tag-idahot","tag-konzert","tag-schlosstheater-schoenbrunn","grve-entry-item","grve-blog-item"],"acf":[],"yoast_head":"<!-- This site is optimized with the Yoast SEO plugin v27.5 - https:\/\/yoast.com\/product\/yoast-seo-wordpress\/ -->\n<title>Vilma von Webenau - Blog - Qwien - Zentrum f\u00fcr queere Geschichte<\/title>\n<meta name=\"robots\" content=\"index, follow, max-snippet:-1, max-image-preview:large, max-video-preview:-1\" \/>\n<link rel=\"canonical\" href=\"https:\/\/www.qwien.at\/en\/qwien\/vilma-von-webenau\/\" \/>\n<meta property=\"og:locale\" content=\"en_US\" \/>\n<meta property=\"og:type\" content=\"article\" \/>\n<meta property=\"og:title\" content=\"Vilma von Webenau - Blog - Qwien - Zentrum f\u00fcr queere Geschichte\" \/>\n<meta property=\"og:description\" content=\"Festkonzert mit Werken der Sch\u00f6nbergsch\u00fclerin Vilma von Webenau anl\u00e4sslich des IDAHOT Day 2018 Der Name der Komponistin Vilma von Webenau (1875-1953) ist heute nur noch Expert*innen bekannt \u2013 das soll sich \u00e4ndern. Anl\u00e4sslich des IDAHOT Day 2018, des Internationalen Tages gegen Homo-, Trans- und Biphobie, geben Studierende und Unterrichtende der Universit\u00e4t f\u00fcr Musik und darstellende [&hellip;]\" \/>\n<meta property=\"og:url\" content=\"https:\/\/www.qwien.at\/en\/qwien\/vilma-von-webenau\/\" \/>\n<meta property=\"og:site_name\" content=\"Qwien - Zentrum f\u00fcr queere Geschichte\" \/>\n<meta property=\"article:published_time\" content=\"2025-07-15T19:37:10+00:00\" \/>\n<meta property=\"og:image\" content=\"https:\/\/www.qwien.at\/wp-content\/uploads\/2018\/03\/Vilma_von_Webenau_Wiki.jpg\" \/>\n\t<meta property=\"og:image:width\" content=\"378\" \/>\n\t<meta property=\"og:image:height\" content=\"599\" \/>\n\t<meta property=\"og:image:type\" content=\"image\/jpeg\" \/>\n<meta name=\"author\" content=\"Andreas Brunner\" \/>\n<meta name=\"twitter:card\" content=\"summary_large_image\" \/>\n<meta name=\"twitter:label1\" content=\"Written by\" \/>\n\t<meta name=\"twitter:data1\" content=\"Andreas Brunner\" \/>\n\t<meta name=\"twitter:label2\" content=\"Est. reading time\" \/>\n\t<meta name=\"twitter:data2\" content=\"2 minutes\" \/>\n<script type=\"application\/ld+json\" class=\"yoast-schema-graph\">{\"@context\":\"https:\\\/\\\/schema.org\",\"@graph\":[{\"@type\":[\"Article\",\"BlogPosting\"],\"@id\":\"https:\\\/\\\/www.qwien.at\\\/en\\\/qwien\\\/vilma-von-webenau\\\/#article\",\"isPartOf\":{\"@id\":\"https:\\\/\\\/www.qwien.at\\\/en\\\/qwien\\\/vilma-von-webenau\\\/\"},\"author\":{\"name\":\"Andreas Brunner\",\"@id\":\"https:\\\/\\\/www.qwien.at\\\/en\\\/#\\\/schema\\\/person\\\/d3fe9114b43d8e5a558a6d20ca3e2920\"},\"headline\":\"Vilma von Webenau\",\"datePublished\":\"2025-07-15T19:37:10+00:00\",\"mainEntityOfPage\":{\"@id\":\"https:\\\/\\\/www.qwien.at\\\/en\\\/qwien\\\/vilma-von-webenau\\\/\"},\"wordCount\":438,\"publisher\":{\"@id\":\"https:\\\/\\\/www.qwien.at\\\/en\\\/#organization\"},\"image\":{\"@id\":\"https:\\\/\\\/www.qwien.at\\\/en\\\/qwien\\\/vilma-von-webenau\\\/#primaryimage\"},\"thumbnailUrl\":\"https:\\\/\\\/www.qwien.at\\\/wp-content\\\/uploads\\\/2018\\\/03\\\/webenau.jpg\",\"keywords\":[\"Arnold Sch\u00f6nberg\",\"IDAHO\",\"IDAHOT\",\"Konzert\",\"Schlosstheater Sch\u00f6nbrunn\"],\"articleSection\":[\"Qwien\",\"Tipp\",\"Webarchiv\"],\"inLanguage\":\"en-US\"},{\"@type\":\"WebPage\",\"@id\":\"https:\\\/\\\/www.qwien.at\\\/en\\\/qwien\\\/vilma-von-webenau\\\/\",\"url\":\"https:\\\/\\\/www.qwien.at\\\/en\\\/qwien\\\/vilma-von-webenau\\\/\",\"name\":\"Vilma von Webenau - Blog - Qwien - Zentrum f\u00fcr queere Geschichte\",\"isPartOf\":{\"@id\":\"https:\\\/\\\/www.qwien.at\\\/en\\\/#website\"},\"primaryImageOfPage\":{\"@id\":\"https:\\\/\\\/www.qwien.at\\\/en\\\/qwien\\\/vilma-von-webenau\\\/#primaryimage\"},\"image\":{\"@id\":\"https:\\\/\\\/www.qwien.at\\\/en\\\/qwien\\\/vilma-von-webenau\\\/#primaryimage\"},\"thumbnailUrl\":\"https:\\\/\\\/www.qwien.at\\\/wp-content\\\/uploads\\\/2018\\\/03\\\/webenau.jpg\",\"datePublished\":\"2025-07-15T19:37:10+00:00\",\"breadcrumb\":{\"@id\":\"https:\\\/\\\/www.qwien.at\\\/en\\\/qwien\\\/vilma-von-webenau\\\/#breadcrumb\"},\"inLanguage\":\"en-US\",\"potentialAction\":[{\"@type\":\"ReadAction\",\"target\":[\"https:\\\/\\\/www.qwien.at\\\/en\\\/qwien\\\/vilma-von-webenau\\\/\"]}]},{\"@type\":\"ImageObject\",\"inLanguage\":\"en-US\",\"@id\":\"https:\\\/\\\/www.qwien.at\\\/en\\\/qwien\\\/vilma-von-webenau\\\/#primaryimage\",\"url\":\"https:\\\/\\\/www.qwien.at\\\/wp-content\\\/uploads\\\/2018\\\/03\\\/webenau.jpg\",\"contentUrl\":\"https:\\\/\\\/www.qwien.at\\\/wp-content\\\/uploads\\\/2018\\\/03\\\/webenau.jpg\",\"width\":900,\"height\":600},{\"@type\":\"BreadcrumbList\",\"@id\":\"https:\\\/\\\/www.qwien.at\\\/en\\\/qwien\\\/vilma-von-webenau\\\/#breadcrumb\",\"itemListElement\":[{\"@type\":\"ListItem\",\"position\":1,\"name\":\"Startseite\",\"item\":\"https:\\\/\\\/www.qwien.at\\\/en\\\/\"},{\"@type\":\"ListItem\",\"position\":2,\"name\":\"Vilma von Webenau\"}]},{\"@type\":\"WebSite\",\"@id\":\"https:\\\/\\\/www.qwien.at\\\/en\\\/#website\",\"url\":\"https:\\\/\\\/www.qwien.at\\\/en\\\/\",\"name\":\"Qwien - Zentrum f\u00fcr queere Geschichte\",\"description\":\"\",\"publisher\":{\"@id\":\"https:\\\/\\\/www.qwien.at\\\/en\\\/#organization\"},\"potentialAction\":[{\"@type\":\"SearchAction\",\"target\":{\"@type\":\"EntryPoint\",\"urlTemplate\":\"https:\\\/\\\/www.qwien.at\\\/en\\\/?s={search_term_string}\"},\"query-input\":{\"@type\":\"PropertyValueSpecification\",\"valueRequired\":true,\"valueName\":\"search_term_string\"}}],\"inLanguage\":\"en-US\"},{\"@type\":\"Organization\",\"@id\":\"https:\\\/\\\/www.qwien.at\\\/en\\\/#organization\",\"name\":\"Qwien\",\"url\":\"https:\\\/\\\/www.qwien.at\\\/en\\\/\",\"logo\":{\"@type\":\"ImageObject\",\"inLanguage\":\"en-US\",\"@id\":\"https:\\\/\\\/www.qwien.at\\\/en\\\/#\\\/schema\\\/logo\\\/image\\\/\",\"url\":\"https:\\\/\\\/www.qwien.at\\\/wp-content\\\/uploads\\\/2025\\\/06\\\/seo-yoast-2.png\",\"contentUrl\":\"https:\\\/\\\/www.qwien.at\\\/wp-content\\\/uploads\\\/2025\\\/06\\\/seo-yoast-2.png\",\"width\":697,\"height\":697,\"caption\":\"Qwien\"},\"image\":{\"@id\":\"https:\\\/\\\/www.qwien.at\\\/en\\\/#\\\/schema\\\/logo\\\/image\\\/\"},\"sameAs\":[\"https:\\\/\\\/www.instagram.com\\\/qwien.zentrum\\\/\"]},{\"@type\":\"Person\",\"@id\":\"https:\\\/\\\/www.qwien.at\\\/en\\\/#\\\/schema\\\/person\\\/d3fe9114b43d8e5a558a6d20ca3e2920\",\"name\":\"Andreas Brunner\"}]}<\/script>\n<!-- \/ Yoast SEO plugin. -->","yoast_head_json":{"title":"Vilma von Webenau - Blog - Qwien - Zentrum f\u00fcr queere Geschichte","robots":{"index":"index","follow":"follow","max-snippet":"max-snippet:-1","max-image-preview":"max-image-preview:large","max-video-preview":"max-video-preview:-1"},"canonical":"https:\/\/www.qwien.at\/en\/qwien\/vilma-von-webenau\/","og_locale":"en_US","og_type":"article","og_title":"Vilma von Webenau - Blog - Qwien - Zentrum f\u00fcr queere Geschichte","og_description":"Festkonzert mit Werken der Sch\u00f6nbergsch\u00fclerin Vilma von Webenau anl\u00e4sslich des IDAHOT Day 2018 Der Name der Komponistin Vilma von Webenau (1875-1953) ist heute nur noch Expert*innen bekannt \u2013 das soll sich \u00e4ndern. Anl\u00e4sslich des IDAHOT Day 2018, des Internationalen Tages gegen Homo-, Trans- und Biphobie, geben Studierende und Unterrichtende der Universit\u00e4t f\u00fcr Musik und darstellende [&hellip;]","og_url":"https:\/\/www.qwien.at\/en\/qwien\/vilma-von-webenau\/","og_site_name":"Qwien - Zentrum f\u00fcr queere Geschichte","article_published_time":"2025-07-15T19:37:10+00:00","og_image":[{"width":378,"height":599,"url":"https:\/\/www.qwien.at\/wp-content\/uploads\/2018\/03\/Vilma_von_Webenau_Wiki.jpg","type":"image\/jpeg"}],"author":"Andreas Brunner","twitter_card":"summary_large_image","twitter_misc":{"Written by":"Andreas Brunner","Est. reading time":"2 minutes"},"schema":{"@context":"https:\/\/schema.org","@graph":[{"@type":["Article","BlogPosting"],"@id":"https:\/\/www.qwien.at\/en\/qwien\/vilma-von-webenau\/#article","isPartOf":{"@id":"https:\/\/www.qwien.at\/en\/qwien\/vilma-von-webenau\/"},"author":{"name":"Andreas Brunner","@id":"https:\/\/www.qwien.at\/en\/#\/schema\/person\/d3fe9114b43d8e5a558a6d20ca3e2920"},"headline":"Vilma von Webenau","datePublished":"2025-07-15T19:37:10+00:00","mainEntityOfPage":{"@id":"https:\/\/www.qwien.at\/en\/qwien\/vilma-von-webenau\/"},"wordCount":438,"publisher":{"@id":"https:\/\/www.qwien.at\/en\/#organization"},"image":{"@id":"https:\/\/www.qwien.at\/en\/qwien\/vilma-von-webenau\/#primaryimage"},"thumbnailUrl":"https:\/\/www.qwien.at\/wp-content\/uploads\/2018\/03\/webenau.jpg","keywords":["Arnold Sch\u00f6nberg","IDAHO","IDAHOT","Konzert","Schlosstheater Sch\u00f6nbrunn"],"articleSection":["Qwien","Tipp","Webarchiv"],"inLanguage":"en-US"},{"@type":"WebPage","@id":"https:\/\/www.qwien.at\/en\/qwien\/vilma-von-webenau\/","url":"https:\/\/www.qwien.at\/en\/qwien\/vilma-von-webenau\/","name":"Vilma von Webenau - Blog - Qwien - Zentrum f\u00fcr queere Geschichte","isPartOf":{"@id":"https:\/\/www.qwien.at\/en\/#website"},"primaryImageOfPage":{"@id":"https:\/\/www.qwien.at\/en\/qwien\/vilma-von-webenau\/#primaryimage"},"image":{"@id":"https:\/\/www.qwien.at\/en\/qwien\/vilma-von-webenau\/#primaryimage"},"thumbnailUrl":"https:\/\/www.qwien.at\/wp-content\/uploads\/2018\/03\/webenau.jpg","datePublished":"2025-07-15T19:37:10+00:00","breadcrumb":{"@id":"https:\/\/www.qwien.at\/en\/qwien\/vilma-von-webenau\/#breadcrumb"},"inLanguage":"en-US","potentialAction":[{"@type":"ReadAction","target":["https:\/\/www.qwien.at\/en\/qwien\/vilma-von-webenau\/"]}]},{"@type":"ImageObject","inLanguage":"en-US","@id":"https:\/\/www.qwien.at\/en\/qwien\/vilma-von-webenau\/#primaryimage","url":"https:\/\/www.qwien.at\/wp-content\/uploads\/2018\/03\/webenau.jpg","contentUrl":"https:\/\/www.qwien.at\/wp-content\/uploads\/2018\/03\/webenau.jpg","width":900,"height":600},{"@type":"BreadcrumbList","@id":"https:\/\/www.qwien.at\/en\/qwien\/vilma-von-webenau\/#breadcrumb","itemListElement":[{"@type":"ListItem","position":1,"name":"Startseite","item":"https:\/\/www.qwien.at\/en\/"},{"@type":"ListItem","position":2,"name":"Vilma von Webenau"}]},{"@type":"WebSite","@id":"https:\/\/www.qwien.at\/en\/#website","url":"https:\/\/www.qwien.at\/en\/","name":"Qwien - Zentrum f\u00fcr queere Geschichte","description":"","publisher":{"@id":"https:\/\/www.qwien.at\/en\/#organization"},"potentialAction":[{"@type":"SearchAction","target":{"@type":"EntryPoint","urlTemplate":"https:\/\/www.qwien.at\/en\/?s={search_term_string}"},"query-input":{"@type":"PropertyValueSpecification","valueRequired":true,"valueName":"search_term_string"}}],"inLanguage":"en-US"},{"@type":"Organization","@id":"https:\/\/www.qwien.at\/en\/#organization","name":"Qwien","url":"https:\/\/www.qwien.at\/en\/","logo":{"@type":"ImageObject","inLanguage":"en-US","@id":"https:\/\/www.qwien.at\/en\/#\/schema\/logo\/image\/","url":"https:\/\/www.qwien.at\/wp-content\/uploads\/2025\/06\/seo-yoast-2.png","contentUrl":"https:\/\/www.qwien.at\/wp-content\/uploads\/2025\/06\/seo-yoast-2.png","width":697,"height":697,"caption":"Qwien"},"image":{"@id":"https:\/\/www.qwien.at\/en\/#\/schema\/logo\/image\/"},"sameAs":["https:\/\/www.instagram.com\/qwien.zentrum\/"]},{"@type":"Person","@id":"https:\/\/www.qwien.at\/en\/#\/schema\/person\/d3fe9114b43d8e5a558a6d20ca3e2920","name":"Andreas Brunner"}]}},"_links":{"self":[{"href":"https:\/\/www.qwien.at\/en\/wp-json\/wp\/v2\/posts\/11076","targetHints":{"allow":["GET"]}}],"collection":[{"href":"https:\/\/www.qwien.at\/en\/wp-json\/wp\/v2\/posts"}],"about":[{"href":"https:\/\/www.qwien.at\/en\/wp-json\/wp\/v2\/types\/post"}],"author":[{"embeddable":true,"href":"https:\/\/www.qwien.at\/en\/wp-json\/wp\/v2\/users\/4"}],"replies":[{"embeddable":true,"href":"https:\/\/www.qwien.at\/en\/wp-json\/wp\/v2\/comments?post=11076"}],"version-history":[{"count":0,"href":"https:\/\/www.qwien.at\/en\/wp-json\/wp\/v2\/posts\/11076\/revisions"}],"wp:featuredmedia":[{"embeddable":true,"href":"https:\/\/www.qwien.at\/en\/wp-json\/wp\/v2\/media\/9494"}],"wp:attachment":[{"href":"https:\/\/www.qwien.at\/en\/wp-json\/wp\/v2\/media?parent=11076"}],"wp:term":[{"taxonomy":"category","embeddable":true,"href":"https:\/\/www.qwien.at\/en\/wp-json\/wp\/v2\/categories?post=11076"},{"taxonomy":"post_tag","embeddable":true,"href":"https:\/\/www.qwien.at\/en\/wp-json\/wp\/v2\/tags?post=11076"}],"curies":[{"name":"wp","href":"https:\/\/api.w.org\/{rel}","templated":true}]}}