{"id":11083,"date":"2025-07-15T21:37:10","date_gmt":"2025-07-15T19:37:10","guid":{"rendered":"https:\/\/www.qwien.at\/nicht-kategorisiert\/30-jahre-libertine\/"},"modified":"2025-07-15T21:37:10","modified_gmt":"2025-07-15T19:37:10","slug":"30-jahre-libertine","status":"publish","type":"post","link":"https:\/\/www.qwien.at\/en\/qwien-friends\/30-jahre-libertine\/","title":{"rendered":"30 Jahre Libertine"},"content":{"rendered":"<p><em><strong>Noch eine Woche lang zeigt die Libertine im Galerieraum des Amerlinghauses eine Ausstellung zu ihrer 30-j\u00e4hrigen Geschichte.<\/strong><\/em><br \/>\nEin Inserat in der Wiener Stadtzeitung <em>Falter<\/em> stand nicht nur am Anfang der Gr\u00fcndungsgeschichte der Homosexuellen Initiative (HOSI) Wien sondern auch an der Wiege der Libertine, die 2016 ihren 30. Geburtstag feiert. An dieser ersten SM-Initiative \u00d6sterreichs ma\u00dfgeblich beteiligt waren Heike Keusch und Hermes Phettberg, der wenige Jahre danach aber unter geh\u00f6rigem Theaterdonner mit einer Brandrede die Sadomasochismus-Initiative wieder verlie\u00df, wohl auch weil sie in der Meinung von Phettberg zu wenig politisch Flagge zeigte.<br \/>\n<img loading=\"lazy\" decoding=\"async\" class=\"alignright size-medium wp-image-3786\" src=\"https:\/\/www.qwien.at\/wp-content\/uploads\/2016\/11\/LibertineAlsNormal1988-300x296.png\" alt=\"libertinealsnormal1988\" width=\"300\" height=\"296\" srcset=\"https:\/\/www.qwien.at\/wp-content\/uploads\/2016\/11\/LibertineAlsNormal1988-300x296.png 300w, https:\/\/www.qwien.at\/wp-content\/uploads\/2016\/11\/LibertineAlsNormal1988-768x759.png 768w, https:\/\/www.qwien.at\/wp-content\/uploads\/2016\/11\/LibertineAlsNormal1988-1024x1012.png 1024w, https:\/\/www.qwien.at\/wp-content\/uploads\/2016\/11\/LibertineAlsNormal1988-100x100.png 100w, https:\/\/www.qwien.at\/wp-content\/uploads\/2016\/11\/LibertineAlsNormal1988.png 1336w\" sizes=\"auto, (max-width: 300px) 100vw, 300px\" \/>Doch war und blieb die Libertine in all den drei\u00dfig Jahren immer eine politische Organisation, die sich dem Kampf um die Anerkennung sexueller Minderheiten verschrieben hatte. Lange bevor SM fashionable wurde und lange vor aufgeplusterten SM-Bestsellern \u00e1 la <em>Fifty Shades of Grey<\/em> publizierten die Aktivist_innen der Libertine das <em>Sadomasochistische Manifest<\/em> und diskutierten \u00fcber SM in ihrem Magazin <em>Unter Druck<\/em>, das heute das \u00e4lteste, regelm\u00e4\u00dfig erscheinende SM-Forum im deutschsprachigen Raum ist.\u00a0Es gab auch immer eine wenn auch in der Intensit\u00e4t schwankende Verbindung zu queeren Communities der Stadt. Gerade f\u00fcr Trans_Personen wurde die Libertine zu einem sicheren Ort ihre Identit\u00e4ten auszuprobieren und sexuelle Pr\u00e4ferenzen ohne Vorverurteilung auszuleben.<br \/>\nIhrem Motto SM-Lebensweisen sichtbar zu machen folgend, nahm die Libertine schon 1996 an der ersten Regenbogen Parade teil und machte auch mit zahlreichen Partys auf sich aufmerksam. Seit nunmehr 15 Jahren geh\u00f6rt das j\u00e4hrlich stattfindende <em>Strenge Heurigenfest<\/em> zum Fixpunkt im Kalender der Wiener Fetisch-Szene. 2016 gelang auch wieder eine Ann\u00e4herung an die schwule SM-Szene. Erstmals seit Jahren gab es bei <em>Wien in schwarz<\/em> wieder eine gemischte Fetisch-Party im Fluc, deren gro\u00dfer Erfolg auf eine Fortsetzung der Kooperation hoffen l\u00e4sst.<br \/>\nDie umfangreiche Ausstellung zu den ersten drei\u00dfig Jahren der Libertine ist noch bis 22. November im Amerlinghaus zu sehen. Detaillierte \u00d6ffnungszeiten und Infos: <a href=\"http:\/\/www.libertine.at\">www.libertine.at<\/a><br \/>\n<img loading=\"lazy\" decoding=\"async\" class=\"alignleft size-medium wp-image-3788\" src=\"https:\/\/www.qwien.at\/wp-content\/uploads\/2016\/11\/LibertineLogo_rb-300x163.jpg\" alt=\"libertinelogo_rb\" width=\"300\" height=\"163\" srcset=\"https:\/\/www.qwien.at\/wp-content\/uploads\/2016\/11\/LibertineLogo_rb-300x163.jpg 300w, https:\/\/www.qwien.at\/wp-content\/uploads\/2016\/11\/LibertineLogo_rb-768x417.jpg 768w, https:\/\/www.qwien.at\/wp-content\/uploads\/2016\/11\/LibertineLogo_rb-1024x556.jpg 1024w\" sizes=\"auto, (max-width: 300px) 100vw, 300px\" \/><\/p>\n","protected":false},"excerpt":{"rendered":"<p>\t\t\t\t<![CDATA[]]>\t\t<\/p>\n","protected":false},"author":4,"featured_media":0,"comment_status":"closed","ping_status":"open","sticky":false,"template":"","format":"standard","meta":{"_acf_changed":false,"footnotes":""},"categories":[268,276],"tags":[288,289,441,442,443],"class_list":["post-11083","post","type-post","status-publish","format-standard","hentry","category-qwien-friends","category-webarchive","tag-amerlinghaus","tag-ausstellung","tag-sadomasochismus","tag-sm","tag-trans","grve-entry-item","grve-blog-item"],"acf":[],"yoast_head":"<!-- This site is optimized with the Yoast SEO plugin v27.5 - https:\/\/yoast.com\/product\/yoast-seo-wordpress\/ -->\n<title>30 Jahre Libertine - Blog - Qwien - Zentrum f\u00fcr queere Geschichte<\/title>\n<meta name=\"robots\" content=\"index, follow, max-snippet:-1, max-image-preview:large, max-video-preview:-1\" \/>\n<link rel=\"canonical\" href=\"https:\/\/www.qwien.at\/en\/qwien-friends\/30-jahre-libertine\/\" \/>\n<meta property=\"og:locale\" content=\"en_US\" \/>\n<meta property=\"og:type\" content=\"article\" \/>\n<meta property=\"og:title\" content=\"30 Jahre Libertine - Blog - Qwien - Zentrum f\u00fcr queere Geschichte\" \/>\n<meta property=\"og:url\" content=\"https:\/\/www.qwien.at\/en\/qwien-friends\/30-jahre-libertine\/\" \/>\n<meta property=\"og:site_name\" content=\"Qwien - Zentrum f\u00fcr queere Geschichte\" \/>\n<meta property=\"article:published_time\" content=\"2025-07-15T19:37:10+00:00\" \/>\n<meta property=\"og:image\" content=\"https:\/\/www.qwien.at\/wp-content\/uploads\/2016\/11\/LibertineAlsNormal1988.png\" \/>\n\t<meta property=\"og:image:width\" content=\"1336\" \/>\n\t<meta property=\"og:image:height\" content=\"1320\" \/>\n\t<meta property=\"og:image:type\" content=\"image\/png\" \/>\n<meta name=\"author\" content=\"Andreas Brunner\" \/>\n<meta name=\"twitter:card\" content=\"summary_large_image\" \/>\n<meta name=\"twitter:label1\" content=\"Written by\" \/>\n\t<meta name=\"twitter:data1\" content=\"Andreas Brunner\" \/>\n\t<meta name=\"twitter:label2\" content=\"Est. reading time\" \/>\n\t<meta name=\"twitter:data2\" content=\"2 minutes\" \/>\n<script type=\"application\/ld+json\" class=\"yoast-schema-graph\">{\"@context\":\"https:\\\/\\\/schema.org\",\"@graph\":[{\"@type\":[\"Article\",\"BlogPosting\"],\"@id\":\"https:\\\/\\\/www.qwien.at\\\/en\\\/qwien-friends\\\/30-jahre-libertine\\\/#article\",\"isPartOf\":{\"@id\":\"https:\\\/\\\/www.qwien.at\\\/en\\\/qwien-friends\\\/30-jahre-libertine\\\/\"},\"author\":{\"name\":\"Andreas Brunner\",\"@id\":\"https:\\\/\\\/www.qwien.at\\\/en\\\/#\\\/schema\\\/person\\\/d3fe9114b43d8e5a558a6d20ca3e2920\"},\"headline\":\"30 Jahre Libertine\",\"datePublished\":\"2025-07-15T19:37:10+00:00\",\"mainEntityOfPage\":{\"@id\":\"https:\\\/\\\/www.qwien.at\\\/en\\\/qwien-friends\\\/30-jahre-libertine\\\/\"},\"wordCount\":315,\"publisher\":{\"@id\":\"https:\\\/\\\/www.qwien.at\\\/en\\\/#organization\"},\"image\":{\"@id\":\"https:\\\/\\\/www.qwien.at\\\/en\\\/qwien-friends\\\/30-jahre-libertine\\\/#primaryimage\"},\"thumbnailUrl\":\"https:\\\/\\\/www.qwien.at\\\/wp-content\\\/uploads\\\/2016\\\/11\\\/LibertineAlsNormal1988-300x296.png\",\"keywords\":[\"Amerlinghaus\",\"Ausstellung\",\"Sadomasochismus\",\"SM\",\"Trans\"],\"articleSection\":[\"Friends\",\"Webarchiv\"],\"inLanguage\":\"en-US\"},{\"@type\":\"WebPage\",\"@id\":\"https:\\\/\\\/www.qwien.at\\\/en\\\/qwien-friends\\\/30-jahre-libertine\\\/\",\"url\":\"https:\\\/\\\/www.qwien.at\\\/en\\\/qwien-friends\\\/30-jahre-libertine\\\/\",\"name\":\"30 Jahre Libertine - Blog - Qwien - Zentrum f\u00fcr queere Geschichte\",\"isPartOf\":{\"@id\":\"https:\\\/\\\/www.qwien.at\\\/en\\\/#website\"},\"primaryImageOfPage\":{\"@id\":\"https:\\\/\\\/www.qwien.at\\\/en\\\/qwien-friends\\\/30-jahre-libertine\\\/#primaryimage\"},\"image\":{\"@id\":\"https:\\\/\\\/www.qwien.at\\\/en\\\/qwien-friends\\\/30-jahre-libertine\\\/#primaryimage\"},\"thumbnailUrl\":\"https:\\\/\\\/www.qwien.at\\\/wp-content\\\/uploads\\\/2016\\\/11\\\/LibertineAlsNormal1988-300x296.png\",\"datePublished\":\"2025-07-15T19:37:10+00:00\",\"breadcrumb\":{\"@id\":\"https:\\\/\\\/www.qwien.at\\\/en\\\/qwien-friends\\\/30-jahre-libertine\\\/#breadcrumb\"},\"inLanguage\":\"en-US\",\"potentialAction\":[{\"@type\":\"ReadAction\",\"target\":[\"https:\\\/\\\/www.qwien.at\\\/en\\\/qwien-friends\\\/30-jahre-libertine\\\/\"]}]},{\"@type\":\"ImageObject\",\"inLanguage\":\"en-US\",\"@id\":\"https:\\\/\\\/www.qwien.at\\\/en\\\/qwien-friends\\\/30-jahre-libertine\\\/#primaryimage\",\"url\":\"https:\\\/\\\/www.qwien.at\\\/wp-content\\\/uploads\\\/2016\\\/11\\\/LibertineAlsNormal1988-300x296.png\",\"contentUrl\":\"https:\\\/\\\/www.qwien.at\\\/wp-content\\\/uploads\\\/2016\\\/11\\\/LibertineAlsNormal1988-300x296.png\"},{\"@type\":\"BreadcrumbList\",\"@id\":\"https:\\\/\\\/www.qwien.at\\\/en\\\/qwien-friends\\\/30-jahre-libertine\\\/#breadcrumb\",\"itemListElement\":[{\"@type\":\"ListItem\",\"position\":1,\"name\":\"Startseite\",\"item\":\"https:\\\/\\\/www.qwien.at\\\/en\\\/\"},{\"@type\":\"ListItem\",\"position\":2,\"name\":\"30 Jahre Libertine\"}]},{\"@type\":\"WebSite\",\"@id\":\"https:\\\/\\\/www.qwien.at\\\/en\\\/#website\",\"url\":\"https:\\\/\\\/www.qwien.at\\\/en\\\/\",\"name\":\"Qwien - Zentrum f\u00fcr queere Geschichte\",\"description\":\"\",\"publisher\":{\"@id\":\"https:\\\/\\\/www.qwien.at\\\/en\\\/#organization\"},\"potentialAction\":[{\"@type\":\"SearchAction\",\"target\":{\"@type\":\"EntryPoint\",\"urlTemplate\":\"https:\\\/\\\/www.qwien.at\\\/en\\\/?s={search_term_string}\"},\"query-input\":{\"@type\":\"PropertyValueSpecification\",\"valueRequired\":true,\"valueName\":\"search_term_string\"}}],\"inLanguage\":\"en-US\"},{\"@type\":\"Organization\",\"@id\":\"https:\\\/\\\/www.qwien.at\\\/en\\\/#organization\",\"name\":\"Qwien\",\"url\":\"https:\\\/\\\/www.qwien.at\\\/en\\\/\",\"logo\":{\"@type\":\"ImageObject\",\"inLanguage\":\"en-US\",\"@id\":\"https:\\\/\\\/www.qwien.at\\\/en\\\/#\\\/schema\\\/logo\\\/image\\\/\",\"url\":\"https:\\\/\\\/www.qwien.at\\\/wp-content\\\/uploads\\\/2025\\\/06\\\/seo-yoast-2.png\",\"contentUrl\":\"https:\\\/\\\/www.qwien.at\\\/wp-content\\\/uploads\\\/2025\\\/06\\\/seo-yoast-2.png\",\"width\":697,\"height\":697,\"caption\":\"Qwien\"},\"image\":{\"@id\":\"https:\\\/\\\/www.qwien.at\\\/en\\\/#\\\/schema\\\/logo\\\/image\\\/\"},\"sameAs\":[\"https:\\\/\\\/www.instagram.com\\\/qwien.zentrum\\\/\"]},{\"@type\":\"Person\",\"@id\":\"https:\\\/\\\/www.qwien.at\\\/en\\\/#\\\/schema\\\/person\\\/d3fe9114b43d8e5a558a6d20ca3e2920\",\"name\":\"Andreas Brunner\"}]}<\/script>\n<!-- \/ Yoast SEO plugin. -->","yoast_head_json":{"title":"30 Jahre Libertine - Blog - Qwien - Zentrum f\u00fcr queere Geschichte","robots":{"index":"index","follow":"follow","max-snippet":"max-snippet:-1","max-image-preview":"max-image-preview:large","max-video-preview":"max-video-preview:-1"},"canonical":"https:\/\/www.qwien.at\/en\/qwien-friends\/30-jahre-libertine\/","og_locale":"en_US","og_type":"article","og_title":"30 Jahre Libertine - Blog - Qwien - Zentrum f\u00fcr queere Geschichte","og_url":"https:\/\/www.qwien.at\/en\/qwien-friends\/30-jahre-libertine\/","og_site_name":"Qwien - Zentrum f\u00fcr queere Geschichte","article_published_time":"2025-07-15T19:37:10+00:00","og_image":[{"width":1336,"height":1320,"url":"https:\/\/www.qwien.at\/wp-content\/uploads\/2016\/11\/LibertineAlsNormal1988.png","type":"image\/png"}],"author":"Andreas Brunner","twitter_card":"summary_large_image","twitter_misc":{"Written by":"Andreas Brunner","Est. reading time":"2 minutes"},"schema":{"@context":"https:\/\/schema.org","@graph":[{"@type":["Article","BlogPosting"],"@id":"https:\/\/www.qwien.at\/en\/qwien-friends\/30-jahre-libertine\/#article","isPartOf":{"@id":"https:\/\/www.qwien.at\/en\/qwien-friends\/30-jahre-libertine\/"},"author":{"name":"Andreas Brunner","@id":"https:\/\/www.qwien.at\/en\/#\/schema\/person\/d3fe9114b43d8e5a558a6d20ca3e2920"},"headline":"30 Jahre Libertine","datePublished":"2025-07-15T19:37:10+00:00","mainEntityOfPage":{"@id":"https:\/\/www.qwien.at\/en\/qwien-friends\/30-jahre-libertine\/"},"wordCount":315,"publisher":{"@id":"https:\/\/www.qwien.at\/en\/#organization"},"image":{"@id":"https:\/\/www.qwien.at\/en\/qwien-friends\/30-jahre-libertine\/#primaryimage"},"thumbnailUrl":"https:\/\/www.qwien.at\/wp-content\/uploads\/2016\/11\/LibertineAlsNormal1988-300x296.png","keywords":["Amerlinghaus","Ausstellung","Sadomasochismus","SM","Trans"],"articleSection":["Friends","Webarchiv"],"inLanguage":"en-US"},{"@type":"WebPage","@id":"https:\/\/www.qwien.at\/en\/qwien-friends\/30-jahre-libertine\/","url":"https:\/\/www.qwien.at\/en\/qwien-friends\/30-jahre-libertine\/","name":"30 Jahre Libertine - Blog - Qwien - Zentrum f\u00fcr queere Geschichte","isPartOf":{"@id":"https:\/\/www.qwien.at\/en\/#website"},"primaryImageOfPage":{"@id":"https:\/\/www.qwien.at\/en\/qwien-friends\/30-jahre-libertine\/#primaryimage"},"image":{"@id":"https:\/\/www.qwien.at\/en\/qwien-friends\/30-jahre-libertine\/#primaryimage"},"thumbnailUrl":"https:\/\/www.qwien.at\/wp-content\/uploads\/2016\/11\/LibertineAlsNormal1988-300x296.png","datePublished":"2025-07-15T19:37:10+00:00","breadcrumb":{"@id":"https:\/\/www.qwien.at\/en\/qwien-friends\/30-jahre-libertine\/#breadcrumb"},"inLanguage":"en-US","potentialAction":[{"@type":"ReadAction","target":["https:\/\/www.qwien.at\/en\/qwien-friends\/30-jahre-libertine\/"]}]},{"@type":"ImageObject","inLanguage":"en-US","@id":"https:\/\/www.qwien.at\/en\/qwien-friends\/30-jahre-libertine\/#primaryimage","url":"https:\/\/www.qwien.at\/wp-content\/uploads\/2016\/11\/LibertineAlsNormal1988-300x296.png","contentUrl":"https:\/\/www.qwien.at\/wp-content\/uploads\/2016\/11\/LibertineAlsNormal1988-300x296.png"},{"@type":"BreadcrumbList","@id":"https:\/\/www.qwien.at\/en\/qwien-friends\/30-jahre-libertine\/#breadcrumb","itemListElement":[{"@type":"ListItem","position":1,"name":"Startseite","item":"https:\/\/www.qwien.at\/en\/"},{"@type":"ListItem","position":2,"name":"30 Jahre Libertine"}]},{"@type":"WebSite","@id":"https:\/\/www.qwien.at\/en\/#website","url":"https:\/\/www.qwien.at\/en\/","name":"Qwien - Zentrum f\u00fcr queere Geschichte","description":"","publisher":{"@id":"https:\/\/www.qwien.at\/en\/#organization"},"potentialAction":[{"@type":"SearchAction","target":{"@type":"EntryPoint","urlTemplate":"https:\/\/www.qwien.at\/en\/?s={search_term_string}"},"query-input":{"@type":"PropertyValueSpecification","valueRequired":true,"valueName":"search_term_string"}}],"inLanguage":"en-US"},{"@type":"Organization","@id":"https:\/\/www.qwien.at\/en\/#organization","name":"Qwien","url":"https:\/\/www.qwien.at\/en\/","logo":{"@type":"ImageObject","inLanguage":"en-US","@id":"https:\/\/www.qwien.at\/en\/#\/schema\/logo\/image\/","url":"https:\/\/www.qwien.at\/wp-content\/uploads\/2025\/06\/seo-yoast-2.png","contentUrl":"https:\/\/www.qwien.at\/wp-content\/uploads\/2025\/06\/seo-yoast-2.png","width":697,"height":697,"caption":"Qwien"},"image":{"@id":"https:\/\/www.qwien.at\/en\/#\/schema\/logo\/image\/"},"sameAs":["https:\/\/www.instagram.com\/qwien.zentrum\/"]},{"@type":"Person","@id":"https:\/\/www.qwien.at\/en\/#\/schema\/person\/d3fe9114b43d8e5a558a6d20ca3e2920","name":"Andreas Brunner"}]}},"_links":{"self":[{"href":"https:\/\/www.qwien.at\/en\/wp-json\/wp\/v2\/posts\/11083","targetHints":{"allow":["GET"]}}],"collection":[{"href":"https:\/\/www.qwien.at\/en\/wp-json\/wp\/v2\/posts"}],"about":[{"href":"https:\/\/www.qwien.at\/en\/wp-json\/wp\/v2\/types\/post"}],"author":[{"embeddable":true,"href":"https:\/\/www.qwien.at\/en\/wp-json\/wp\/v2\/users\/4"}],"replies":[{"embeddable":true,"href":"https:\/\/www.qwien.at\/en\/wp-json\/wp\/v2\/comments?post=11083"}],"version-history":[{"count":0,"href":"https:\/\/www.qwien.at\/en\/wp-json\/wp\/v2\/posts\/11083\/revisions"}],"wp:attachment":[{"href":"https:\/\/www.qwien.at\/en\/wp-json\/wp\/v2\/media?parent=11083"}],"wp:term":[{"taxonomy":"category","embeddable":true,"href":"https:\/\/www.qwien.at\/en\/wp-json\/wp\/v2\/categories?post=11083"},{"taxonomy":"post_tag","embeddable":true,"href":"https:\/\/www.qwien.at\/en\/wp-json\/wp\/v2\/tags?post=11083"}],"curies":[{"name":"wp","href":"https:\/\/api.w.org\/{rel}","templated":true}]}}