{"id":11085,"date":"2025-07-15T21:37:10","date_gmt":"2025-07-15T19:37:10","guid":{"rendered":"https:\/\/www.qwien.at\/nicht-kategorisiert\/taetigkeitsbericht-zentrum-qwien-2016\/"},"modified":"2025-07-15T21:37:10","modified_gmt":"2025-07-15T19:37:10","slug":"taetigkeitsbericht-zentrum-qwien-2016","status":"publish","type":"post","link":"https:\/\/www.qwien.at\/en\/qwien\/taetigkeitsbericht-zentrum-qwien-2016\/","title":{"rendered":"T\u00e4tigkeitsbericht Zentrum QWIEN 2016"},"content":{"rendered":"<p>Das Jahr 2016 war gepr\u00e4gt durch die Kooperation mit dem Wien Museum bei der ab September 2016 laufenden Ausstellung <em>Sex in Wien. Lust. Kontrolle. Ungehorsam<\/em>. Neben der kuratorischen Mitarbeit wurden in der Ausstellung auch zahlreiche Exponate aus der Sammlung von QWIEN pr\u00e4sentiert. Die Best\u00e4nde von Archiv und Sammlung konnten durch umfangreiche Schenkungen erweitert, wissenschaftliche Projekte abgeschlossen und neue begonnen werden. Die Zahl der Benutzer_innen, die Materialien aus der Sammlung von QWIEN f\u00fcr ihre wissenschaftlichen Arbeiten verwendeten, wurde weiter gesteigert. Die Vermittlung der LGBTI-Geschichte Wiens wurde mit dem Queer History Day und zahlreichen Stadtf\u00fchrungen fortgesetzt.<br \/>\n<strong><img loading=\"lazy\" decoding=\"async\" class=\"alignleft size-medium wp-image-3804\" src=\"https:\/\/www.qwien.at\/wp-content\/uploads\/2017\/02\/Plakat_Sex_in_Wien_Sujet01-1-212x300.jpg\" alt=\"Plakat_Sex_in_Wien_Sujet01\" width=\"212\" height=\"300\" srcset=\"https:\/\/www.qwien.at\/wp-content\/uploads\/2017\/02\/Plakat_Sex_in_Wien_Sujet01-1-212x300.jpg 212w, https:\/\/www.qwien.at\/wp-content\/uploads\/2017\/02\/Plakat_Sex_in_Wien_Sujet01-1-768x1087.jpg 768w, https:\/\/www.qwien.at\/wp-content\/uploads\/2017\/02\/Plakat_Sex_in_Wien_Sujet01-1-724x1024.jpg 724w, https:\/\/www.qwien.at\/wp-content\/uploads\/2017\/02\/Plakat_Sex_in_Wien_Sujet01-1.jpg 848w\" sizes=\"auto, (max-width: 212px) 100vw, 212px\" \/>\u00a0Sex in Wien<\/strong><br \/>\nDie Ausstellung <a href=\"http:\/\/www.wienmuseum.at\/de\/aktuelle-ausstellungen\/ansicht\/sex-in-wienlust-kontrolle-ungehorsam.html\"><em>Sex in Wien. Lust. Kontrolle. Ungehorsam<\/em> <\/a>wurde am 15. September 2016 im Wien Museum am Karlsplatz er\u00f6ffnet und entwickelte sich bis zu ihrer Schlie\u00dfung am 22. J\u00e4nner 2017 mit 76.700 Besucher_innen zur erfolgreichsten des Hauses. Sie fand in Kooperation mit QWIEN statt, als Kuratoren arbeiteten Andreas Brunner und Hannes Sulzenbacher im sechsk\u00f6pfigen Team der Kurator_innen mit, QWIEN-Mitarbeiterin Virginia Hagn war als kuratorische Assistentin mit wissenschaftlichen Hintergrund- und Objektrecherchen betraut. Eine Reihe von Objekten, die in der Ausstellung gezeigt wurden, konnten aus der Sammlung von QWIEN zur Verf\u00fcgung gestellt werden. Darunter befanden sich etwa das <a href=\"http:\/\/www.qwien.at\/?p=3777\">Gef\u00e4ngnistagebuch von Erich Lifka<\/a>, B\u00fccher und Fotografien aus der <a href=\"http:\/\/www.qwien.at\/?p=3756\">Sammlung E. J., <\/a>die Protokolle der Kommission zur Ausarbeitung eines Strafgesetzentwurfs 1957 sowie B\u00fccher, Plakate und Magazine.<br \/>\nK\u00fcnstler_innen (auch aus der queeren Kunstszene) setzten einen subversiven Kontrapunkt zu den oft traditionellen Geschlechterbildern, die die Geschichte der Sexualit\u00e4ten mit all ihren Verboten und Regulierungen dominierten. Dabei spannte sich der Bogen von Valie EXPORT, <a href=\"http:\/\/www.bernadettehuber.at\/\">Bernadette Huber<\/a>, <a href=\"http:\/\/www.michaelaspiegel.org\/\">Michaela Spiegel<\/a>, zu <a href=\"http:\/\/www.kristabeinstein.de\/\">Krista Beinstein<\/a>, Pez Hejduk, <a href=\"http:\/\/www.szekatsch.com\/\">Gabriele Szekatsch <\/a>und <a href=\"http:\/\/www.mariokiesenhofer.com\/\">Mario Kiesenhofer<\/a>, <a href=\"http:\/\/www.galerie.steinek.at\/artists\/MATTHIAS_HERRMANN.php\">Matthias Herrmann<\/a>, <a href=\"http:\/\/www.martinfrey.at\/\">Martin Frey<\/a> und <a href=\"https:\/\/scheugl.org\/\">Hans Scheugl<\/a>.<br \/>\nBei \u00fcber zwanzig queeren Spezialf\u00fchrungen konnten die Inhalte zus\u00e4tzlich vertieft werden.<br \/>\n<strong>Forschungsprojekte<\/strong><br \/>\nDas Forschungsprojekt <em>Die namentliche Erfassung der homosexuellen und transgender Opfer des Nationalsozialismus in Wien<\/em> konnte aufgrund fehlender finanzieller Mittel noch nicht abgeschlossen werden. Von den 2013\/14 etwa 700 erfassten und digitalisierten Strafakten aus den Best\u00e4nden der Wiener Landesgerichte I und II und des Sondergerichts aus den Jahren 1938-1945 wurden bislang etwa zwei Drittel in der QWIEN Opfer-Datenbank ausgewertet.<br \/>\n<div id=\"attachment_3562\" style=\"width: 211px\" class=\"wp-caption alignright\"><img loading=\"lazy\" decoding=\"async\" aria-describedby=\"caption-attachment-3562\" class=\"wp-image-3562 size-medium\" src=\"https:\/\/www.qwien.at\/wp-content\/uploads\/2015\/07\/Aktendeckel-Kohut_WStLA-Web-201x300.jpg\" alt=\"Aktendeckel des Strafakts von Josef Kohout, auch bekannt als Heinz Heger. (WStLA)\" width=\"201\" height=\"300\" srcset=\"https:\/\/www.qwien.at\/wp-content\/uploads\/2015\/07\/Aktendeckel-Kohut_WStLA-Web-201x300.jpg 201w, https:\/\/www.qwien.at\/wp-content\/uploads\/2015\/07\/Aktendeckel-Kohut_WStLA-Web.jpg 300w\" sizes=\"auto, (max-width: 201px) 100vw, 201px\" \/><p id=\"caption-attachment-3562\" class=\"wp-caption-text\">Aktendeckel des Strafakts von Josef Kohout, auch bekannt als Heinz Heger. (WStLA)<\/p><\/div><br \/>\nBei dem aus Mitteln des Nationalfonds der Republik \u00d6sterreich f\u00fcr Opfer des Nationalsozialismus, des Zukunftsfonds und des Hochschuljubil\u00e4umsfonds finanzierten Forschungsprojekt <em>Die Strafverfolgung homosexueller Handlungen durch die NS-Milit\u00e4rgerichtsbarkeit in Wien<\/em> wurden 2015\/16 \u00fcber 400 Kartons der Gerichtsakten der \u201eDeutschen Wehrmacht\u201c aus dem Bestand des \u00d6sterreichischen Staatsarchivs nach Verurteilungen gem\u00e4\u00df \u00a7 175 durchgesehen. Bei etwa einhundert relevanten F\u00e4llen wurden die Strafakten digitalisiert und in der QWIEN Opfer-Datenbank ausgewertet. Der Endbericht wurde 2016 von Mag.<sup>a<\/sup> Manuela Bauer fertiggestellt. Erstmals wurde dabei die milit\u00e4rgerichtliche Verfolgung der \u201eUnzucht zwischen M\u00e4nnern\u201c durch Milit\u00e4rgerichte in Wien und an weiteren Standorten in und um \u00d6sterreich anhand der umfangreich \u00fcberlieferten Aktenbest\u00e4nde aufgearbeitet. Damit legt dieses Projekt einen Grundstein und zentralen Beitrag zur Aufarbeitung NS-spezifischer Verfolgungsprozesse, wodurch auch weiteren Forscher_innen die M\u00f6glichkeit geboten wird, Folgeprojekte anhand der gesammelten Daten zu initiieren.<br \/>\nDas ebenfalls aus Mitteln des Nationalfonds der Republik \u00d6sterreich f\u00fcr Opfer des Nationalsozialismus, des Zukunftsfonds und des Hochschuljubil\u00e4umsfonds finanzierte Forschungsprojekt <em>\u2018Warme\u2018 vor Gericht. Zu Selbst- und Fremdbildern Homosexueller in der NS-Zeit in \u00d6sterreich<\/em> wurde begonnen. Aus den beim Projekt der \u201eNamentlichen Erfassung\u201c erhobenen Daten werden dabei aus einem Sample Fremd- und Selbstbezeichnungen und -beschreibungen von M\u00e4nnern, die in der NS-Zeit als Homosexuelle verfolgt wurden, destilliert, um historische Identit\u00e4tsmodelle zu beschreiben und zu rekonstruieren. In der zweiten Jahresh\u00e4lfte 2017 werden auch zu diesem Projekt Ergebnisse vorliegen.<br \/>\n<strong><img loading=\"lazy\" decoding=\"async\" class=\"alignleft wp-image-3813\" src=\"http:\/\/www.qwien.at\/wp-content\/uploads\/tagung_0001-144x300.jpg\" width=\"192\" height=\"400\" \/>Tagung \u201e45 Jahre \u201aKleine Strafrechtsreform\u2018\u201c<\/strong><br \/>\nAls Mitveranstalter fungierte QWIEN bei der Tagung <a href=\"http:\/\/homosexualitaeten.univie.ac.at\/\">\u201e45 Jahre \u201aKleine Strafrechtsreform\u2018\u201c<\/a>, die am 23. und 24. Juni 2016 in Zusammenarbeit mit der Historisch-Kulturwissenschaftlichen und der Rechtswissenschaftlichen Fakult\u00e4t der Universit\u00e4t Wien stattfand. Das Symposion hinterfragte, wie im Untertitel festgehalten, <em>Kontinuit\u00e4ten und Br\u00fcche im Umgang mit Homosexualit\u00e4t(en) in \u00d6sterreich im 20. Jahrhundert<\/em>. Der \u00a7 129Ib des Strafgesetzbuches von 1852 bestrafte bis zu seiner Aufhebung zum Zuge der sogenannten Kleinen Strafrechtsreform 1971 alle sexuellen Kontakte zwischen Personen desselben Geschlechts. Allerdings wurden im Zuge dieser Reform vier neue Strafrechtsparagrafen eingef\u00fchrt, deren letzter, \u00a7 209, der f\u00fcr homosexuelle Kontakte zwischen M\u00e4nnern ein Mindestalter von 18 Jahren festlegte, erst 2003 abgeschafft wurde.<br \/>\n<strong>Queer History Day<\/strong><br \/>\nDer <a href=\"http:\/\/www.qwien.at\/?p=3714\">3. Queer History Day (QHD)<\/a> fand am 9. April 2016 im Tagungszentrum der Aidshilfe Wien, Gumpendorfer G\u00fcrtel 4, 1060 Wien, statt. Auch der QHD 2016 fand wieder in Zusammenarbeit mit der Lehrveranstaltung \u201eGrundkurs Fachdidaktik\u201c am Institut f\u00fcr Geschichte der Universit\u00e4t Wien statt. QWIEN setzt damit die Aufbauarbeit der letzten Jahre fort und intensiviert die Vernetzung junger akademischer Forschung mit Lehrer_innen und historisch Interessierten.<br \/>\nAls Teil der Initiativen, die am Bildungskatalog der <a href=\"http:\/\/www.akademiedervielfalt.at\/\">\u201eAkademie der Vielfalt\u201c <\/a>mitgearbeitet haben, wollte QWIEN das Angebot noch attraktiver gestalten, weshalb 2016 der QHD erstmals mit einem Er\u00f6ffnungsvortrag startete:<br \/>\n<span style=\"text-decoration: underline;\">Martin L\u00fccke<\/span> (Professor f\u00fcr Didaktik der Geschichte an der Freien Universit\u00e4t Berlin): Sexuelle Vielfalt im Handlungsfeld Schule. Konzepte aus Erziehungswissenschaft und Fachdidaktik<br \/>\n<div id=\"attachment_3807\" style=\"width: 260px\" class=\"wp-caption alignleft\"><img loading=\"lazy\" decoding=\"async\" aria-describedby=\"caption-attachment-3807\" class=\"wp-image-3807\" src=\"https:\/\/www.qwien.at\/wp-content\/uploads\/2017\/02\/ausgesprochen1-250x300.jpg\" alt=\"ausgesprochen1\" width=\"250\" height=\"300\" srcset=\"https:\/\/www.qwien.at\/wp-content\/uploads\/2017\/02\/ausgesprochen1-250x300.jpg 250w, https:\/\/www.qwien.at\/wp-content\/uploads\/2017\/02\/ausgesprochen1.jpg 307w\" sizes=\"auto, (max-width: 250px) 100vw, 250px\" \/><p id=\"caption-attachment-3807\" class=\"wp-caption-text\">Ein Plakat aus der Kampagne von <em>ausgesprochen!<\/em><\/p><\/div><br \/>\n<span style=\"text-decoration: underline;\">Kurzvortr\u00e4ge und Workshops<\/span><\/p>\n<ul>\n<li>\u2013 Markus Pusnik (Verein Ausgesprochen!): Vielfalt im Schulhaus ist sichtbar! Reflexionen zur Chronologie einer Plakatkampagne<\/li>\n<li>\u2013 Johanna Taufner (QWIEN): Aktuelle Erinnerungsdiskurse zum Gedenken an homosexuelle Opfer des Nationalsozialismus<\/li>\n<li>\u2013 Johann Kirchknopf (Universit\u00e4t Wien): Was hei\u00dft \u201ehomosexuell\u201c vor Gericht? Die Definierung homosexueller Handlungen durch Gerichte in \u00d6sterreich im 20. Jahrhundert<\/li>\n<li>\u2013 Manuela Bauer (QWIEN)\/Christopher Treiblmayr (Universit\u00e4t Wien): \u201eWarme\u201c vor Gericht. Fragen der Selbst- und Fremddefinition Homosexueller in Prozessen der NS-Zeit<\/li>\n<\/ul>\n<p><strong>F\u00fchrungen<\/strong><br \/>\nNeben inzwischen fast klassisch zu nennenden F\u00fchrungen, wie den Regenbogen-F\u00fchrungen, die seit 2009 in den Tagen vor der Regenbogen Parade an der Universit\u00e4t Wien stattfinden, fanden 2016 Stadtspazierg\u00e4nge f\u00fcr Community Gruppen (LMC, HOSI Wien Jugendgruppe), Studierende, private Gruppen, Journalist_innen und Tourist_innen statt. Im Rahmen der Ausstellung <em>Sex in Wien <\/em>gab es eine F\u00fchrung zur LGTB-Geschichte rund um das Wien Museum sowie zwanzig queere Spezialf\u00fchrungen durch die Ausstellung.<br \/>\n<strong>Archiv und Bibliothek<\/strong><br \/>\n<div id=\"attachment_3818\" style=\"width: 310px\" class=\"wp-caption alignright\"><img loading=\"lazy\" decoding=\"async\" aria-describedby=\"caption-attachment-3818\" class=\"size-medium wp-image-3818\" src=\"https:\/\/www.qwien.at\/wp-content\/uploads\/2017\/03\/IMG_0428-300x225.jpg\" alt=\"Papiere von Hermes Phettberg in chronologischer Vorordnung.\" width=\"300\" height=\"225\" srcset=\"https:\/\/www.qwien.at\/wp-content\/uploads\/2017\/03\/IMG_0428-300x225.jpg 300w, https:\/\/www.qwien.at\/wp-content\/uploads\/2017\/03\/IMG_0428-768x576.jpg 768w, https:\/\/www.qwien.at\/wp-content\/uploads\/2017\/03\/IMG_0428-1024x768.jpg 1024w\" sizes=\"auto, (max-width: 300px) 100vw, 300px\" \/><p id=\"caption-attachment-3818\" class=\"wp-caption-text\">Papiere von Hermes Phettberg in chronologischer Vorordnung.<\/p><\/div><br \/>\nNeben Schenkungen von B\u00fcchern und Magazinen aus Privatbesitz erhielten wir drei Sammlungen von gr\u00f6\u00dferem Umfang.<br \/>\nDer Vorlass von <u>Hermes Phettberg<\/u> umfasst neben pers\u00f6nlichen Erinnerungsst\u00fccken, Plakaten, Fotografien und B\u00fcchern vor allem die Ausdrucke seiner Email-Korrespondenz aus den Jahren 2001 bis 2014, die die Basis seiner w\u00f6chentlichen Predigtdienst-Kolumne im Falter darstellen.<br \/>\nAus dem wissenschaftlichen Nachlass der lesbisch-feministischen Politologin <u>Gudrun Hauer<\/u> bekam QWIEN einen Bestand an B\u00fcchern und Zeitschriften zu den Themen Feminismus, Faschismusforschung und Sexualit\u00e4tsgeschichte.<br \/>\n<div id=\"attachment_3758\" style=\"width: 310px\" class=\"wp-caption alignleft\"><img loading=\"lazy\" decoding=\"async\" aria-describedby=\"caption-attachment-3758\" class=\"wp-image-3758 size-medium\" src=\"https:\/\/www.qwien.at\/wp-content\/uploads\/2016\/09\/Sammlung-EJ-1-300x255.jpg\" alt=\"Foto (c) QWIEN\" width=\"300\" height=\"255\" srcset=\"https:\/\/www.qwien.at\/wp-content\/uploads\/2016\/09\/Sammlung-EJ-1-300x255.jpg 300w, https:\/\/www.qwien.at\/wp-content\/uploads\/2016\/09\/Sammlung-EJ-1-768x653.jpg 768w, https:\/\/www.qwien.at\/wp-content\/uploads\/2016\/09\/Sammlung-EJ-1-1024x871.jpg 1024w\" sizes=\"auto, (max-width: 300px) 100vw, 300px\" \/><p id=\"caption-attachment-3758\" class=\"wp-caption-text\">Foto (c) QWIEN<\/p><\/div><br \/>\nAls Schenkung aus einer Wiener Privatsammlung erhielt QWIEN die bekannte <em>Sammlung E. J.<\/em>, die bereits in der Ausstellung <em>Geheimsache: Leben. Schwule und Lesben im Wien des 20. Jahrhunderts<\/em> (2005) und aktuell bei <em>Sex in Wien<\/em> ausgestellt war. Ein in Wien lebender und nur mit seinen Initialen E. J. bekannter Fotograf, versteckte in den 1950er und 1960er seine Fotos von nackten, jungen M\u00e4nnern aus Angst vor Entdeckung in ausgeh\u00f6hlten B\u00fcchern. Die Schenkung umfasste neben diesen B\u00fcchern samt Inhalt auch mehrere Schachteln mit Negativen und Abz\u00fcgen aus dem umfangreichen Werk des Hobbyfotografen.<br \/>\n&nbsp;<br \/>\nKurt Krickler \u00fcbergab QWIEN Originaldokumente, Erinnerungsst\u00fccke und Fotos von Erich Widschwenter, einem der wenigen \u00f6sterreichischen Opfer der Homosexuellenverfolgung in der NS-Zeit, der noch zu Lebzeiten von seinem Schicksal zu erz\u00e4hlen wagte.<br \/>\n<div id=\"attachment_3753\" style=\"width: 310px\" class=\"wp-caption alignright\"><img loading=\"lazy\" decoding=\"async\" aria-describedby=\"caption-attachment-3753\" class=\"size-medium wp-image-3753\" src=\"https:\/\/www.qwien.at\/wp-content\/uploads\/2016\/09\/mysterium_geschlecht-300x153.jpg\" alt=\"Operative Geschlechtsanpassung von Trans_Personen aus Mysterium des Geschlechts Foto (c) Filmarchiv Austria\" width=\"300\" height=\"153\" srcset=\"https:\/\/www.qwien.at\/wp-content\/uploads\/2016\/09\/mysterium_geschlecht-300x153.jpg 300w, https:\/\/www.qwien.at\/wp-content\/uploads\/2016\/09\/mysterium_geschlecht.jpg 510w\" sizes=\"auto, (max-width: 300px) 100vw, 300px\" \/><p id=\"caption-attachment-3753\" class=\"wp-caption-text\">Operative Geschlechtsanpassung von Trans_Personen aus <em>Mysterium des Geschlechts<\/em><br \/>Foto (c) Filmarchiv Austria<\/p><\/div><br \/>\n<strong>Veranstaltungen\/Beteiligungen<\/strong><br \/>\nAuch 2016 setzte QWIEN auf die Vernetzung mit Partner_innen aus unterschiedlichen Communities:<\/p>\n<ul>\n<li>Die niederl\u00e4ndische Botschaft unterst\u00fctzte einen Zusammenschluss von Community-Organisationen, die anl\u00e4sslich des allj\u00e4hrlich am 17. 5. stattfindenden <a href=\"https:\/\/sugarbox.at\/2016\/05\/17\/heute-idahot-support-lgbtiq-refugees\/\">IDAHOT Days <\/a>(International Day Against Homo-, Bi- &amp; Transphobia) f\u00fcr die Arbeit von <a href=\"http:\/\/queerbase.at\/?lang=de\">Queer Base <\/a>(Welcome and Support for LGBTIQ Refugees) warben.<\/li>\n<li>QWIEN Guide Andreas Brunner f\u00fchrte f\u00fcr den Imagefilm <a href=\"https:\/\/www.youtube.com\/watch?v=gKUIFBCxByc&amp;vl=de\">VIENNA\/NOW <\/a>des WienTourismus zu schwulen Sehensw\u00fcrdigkeiten.<\/li>\n<li>Am 21. 1. stellte Andreas Brunner im Rahmen der TRANSITION Queer Film Nights <a href=\"http:\/\/www.topkino.at\/jart\/projects\/top-kino\/main.jart?rel=de&amp;reserve-mode=&amp;content-id=1107195251358&amp;verid=1449511357079\"><em>Ein Coming-Out in Filmbildern<\/em> <\/a>vor.<\/li>\n<li>Am 24. 9. pr\u00e4sentierte QWIEN in Zusammenarbeit mit dem Filmarchiv Austria die Auff\u00fchrung des wiederentdeckten sexualwissenschaftlichen Films <a href=\"http:\/\/filmarchiv.at\/tribe-events\/mysterium-des-geschlechts\/\"><em>Mysterium des Geschlechts<\/em> <\/a>aus dem Jahr 1933.<\/li>\n<li>Beim <a href=\"http:\/\/www.eastmeetswest.eu\/\">East Meets West Forum <\/a>2016 beteiligte sich QWIEN mit einer Stadtf\u00fchrung und einem Kurzvortrag.<\/li>\n<li>Im Oktober und Dezember moderierte Andreas Brunner eine Szenische Lesung und Performance der Autorin <a href=\"http:\/\/www.karin-rick.at\/lesungen\/\">Karin Rick <\/a>mit Lucy McEvil.<\/li>\n<li>In einer Live-Diskussion diskutierte Andreas Brunner mit Marty Huber am 14. Juni 2016 in Radio FM4 die Frage <em>Wie politisch ist die Regenbogen Parade?<\/em><\/li>\n<li>Bei Radio Orange war QWIEN 2016 zu Gast bei <a href=\"https:\/\/o94.at\/radio\/sendereihe\/pink_voice\/\">Pink Voice<\/a>, der Sendung von MiGay und <a href=\"http:\/\/o94.at\/radio\/sendereihe\/radio_positiv\/\">Radio Positiv <\/a>der Aids Hilfe Wien<\/li>\n<\/ul>\n<p><strong>Benutzung<\/strong><br \/>\nAuch 2016 stieg die Zahl der Benutzer_innen von Archiv und Bibliothek von QWIEN vor allem durch die Anbindung an die universit\u00e4re Forschung. Das Mentoringprojekt f\u00fcr eine Gruppenarbeit der Tourismusschule St. P\u00f6lten zum Thema <em>Schwule und Lesben als Wachstumsmarkt f\u00fcr die Wiener Tourismusbranche<\/em> konnte 2016 ebenfalls abgeschlossen werden.<br \/>\n<strong>Mitarbeiter_innen<\/strong><br \/>\n<div id=\"attachment_3820\" style=\"width: 310px\" class=\"wp-caption alignright\"><img loading=\"lazy\" decoding=\"async\" aria-describedby=\"caption-attachment-3820\" class=\"size-medium wp-image-3820\" src=\"https:\/\/www.qwien.at\/wp-content\/uploads\/2017\/03\/IMG_0333-e1488538282211-300x225.jpg\" alt=\"Fast das ganze QWIEN-Team bei der Jahresabschlussfeier in unserer K\u00fcche\" width=\"300\" height=\"225\" srcset=\"https:\/\/www.qwien.at\/wp-content\/uploads\/2017\/03\/IMG_0333-e1488538282211-300x225.jpg 300w, https:\/\/www.qwien.at\/wp-content\/uploads\/2017\/03\/IMG_0333-e1488538282211-768x576.jpg 768w, https:\/\/www.qwien.at\/wp-content\/uploads\/2017\/03\/IMG_0333-e1488538282211-1024x768.jpg 1024w\" sizes=\"auto, (max-width: 300px) 100vw, 300px\" \/><p id=\"caption-attachment-3820\" class=\"wp-caption-text\">Fast das ganze QWIEN-Team bei der Jahresabschlussfeier in unserer K\u00fcche<\/p><\/div><br \/>\nDas Team von QWIEN umfasst mittlerweile einen harten Kern von etwa zehn Personen, zwei Fixangestellte (30 Stunden), projektfinanzierte Mitarbeiter_innen, Praktikant_innen und Ehrenamtliche.<br \/>\nDie QWIEN Mitarbeiterin Johanna Taufner schloss 2016 ihre Masterarbeit <em><a href=\"http:\/\/aleph21-prod-acc.obvsg.at\/F\/DHFQR5L2TGYVH3Q6XGB2YVVTIHL3TDS7DLDBD6B69T6EJ81I5A-17581?func=find-b&amp;find_code=WRD&amp;request=taufner%2C+johanna\">Entmachtete Erinnerung. <\/a>Geschichtspolitische Diskurse bei der Errichtung eines permanenten Erinnerungszeichens in Wien f\u00fcr die Verfolgung homosexueller Handlungen im Nationalsozialismus <\/em>ab.<br \/>\nDie QWIEN Mitarbeiterin Virginia Hagn ver\u00f6ffentlichte im <em>Jahrbuch der \u00f6sterreichischen Gesellschaft zur Erforschung des 18. Jahrhunderts, 30 (2015)<\/em> den Aufsatz <em>Freundschaftskult? Die Briefe der Isabella von Parma an ihre Schw\u00e4gerin Marie Christine <\/em>\u00fcber die Liebesbeziehung der ersten Frau Kaiser Josephs II. mit seiner Schwester.<br \/>\n<div id=\"attachment_3809\" style=\"width: 310px\" class=\"wp-caption alignleft\"><img loading=\"lazy\" decoding=\"async\" aria-describedby=\"caption-attachment-3809\" class=\"size-medium wp-image-3809\" src=\"https:\/\/www.qwien.at\/wp-content\/uploads\/2017\/02\/D31543-41-300x200.jpg\" alt=\"\u00dcberreichung des silbernen Verdienstzeichens des Landes Wien an Andreas Brunner durch Stadtr\u00e4tin Sandra Frauenberger, Foto: Votava\/PID\" width=\"300\" height=\"200\" srcset=\"https:\/\/www.qwien.at\/wp-content\/uploads\/2017\/02\/D31543-41-300x200.jpg 300w, https:\/\/www.qwien.at\/wp-content\/uploads\/2017\/02\/D31543-41-768x512.jpg 768w, https:\/\/www.qwien.at\/wp-content\/uploads\/2017\/02\/D31543-41-1024x683.jpg 1024w\" sizes=\"auto, (max-width: 300px) 100vw, 300px\" \/><p id=\"caption-attachment-3809\" class=\"wp-caption-text\">\u00dcberreichung des silbernen Verdienstzeichens des Landes Wien an Andreas Brunner durch Stadtr\u00e4tin Sandra Frauenberger, Foto: Votava\/PID<\/p><\/div><br \/>\nQWIEN Co-Leiter Andreas Brunner ver\u00f6ffentlichte im Februar 2016 im Metro Verlag einen Reisef\u00fchrer durch die schwule Geschichte der Donaumetropole: <a href=\"http:\/\/www.metroverlag.at\/product\/das-schwule-wien\">Das schwule Wien<\/a>.\u00a0Am 11.11. erhielt von Stadtr\u00e4tin Sandra Frauenberger f\u00fcr seine Verdienste um die LGBT-Community das <a href=\"http:\/\/www.thinkoutsideyourbox.net\/?p=38217\"><em>Silberne Ehrenzeichen des Landes Wien<\/em> <\/a>verliehen.<\/p>\n","protected":false},"excerpt":{"rendered":"<p>\t\t\t\t<![CDATA[]]>\t\t<\/p>\n","protected":false},"author":4,"featured_media":0,"comment_status":"closed","ping_status":"open","sticky":false,"template":"","format":"standard","meta":{"_acf_changed":false,"footnotes":""},"categories":[272,276],"tags":[303,450,451,452,417,453,454],"class_list":["post-11085","post","type-post","status-publish","format-standard","hentry","category-qwien","category-webarchive","tag-geschichte","tag-jahresbericht","tag-ns-opfer","tag-queer-history-day","tag-sex-in-wien","tag-strafrecht","tag-verdienstzeichen","grve-entry-item","grve-blog-item"],"acf":[],"yoast_head":"<!-- This site is optimized with the Yoast SEO plugin v27.5 - https:\/\/yoast.com\/product\/yoast-seo-wordpress\/ -->\n<title>T\u00e4tigkeitsbericht Zentrum QWIEN 2016 - Blog - Qwien - Zentrum f\u00fcr queere Geschichte<\/title>\n<meta name=\"robots\" content=\"index, follow, max-snippet:-1, max-image-preview:large, max-video-preview:-1\" \/>\n<link rel=\"canonical\" href=\"https:\/\/www.qwien.at\/en\/qwien\/taetigkeitsbericht-zentrum-qwien-2016\/\" \/>\n<meta property=\"og:locale\" content=\"en_US\" \/>\n<meta property=\"og:type\" content=\"article\" \/>\n<meta property=\"og:title\" content=\"T\u00e4tigkeitsbericht Zentrum QWIEN 2016 - Blog - Qwien - Zentrum f\u00fcr queere Geschichte\" \/>\n<meta property=\"og:url\" content=\"https:\/\/www.qwien.at\/en\/qwien\/taetigkeitsbericht-zentrum-qwien-2016\/\" \/>\n<meta property=\"og:site_name\" content=\"Qwien - Zentrum f\u00fcr queere Geschichte\" \/>\n<meta property=\"article:published_time\" content=\"2025-07-15T19:37:10+00:00\" \/>\n<meta property=\"og:image\" content=\"https:\/\/www.qwien.at\/wp-content\/uploads\/2017\/02\/Plakat_Sex_in_Wien_Sujet01-1.jpg\" \/>\n\t<meta property=\"og:image:width\" content=\"848\" \/>\n\t<meta property=\"og:image:height\" content=\"1200\" \/>\n\t<meta property=\"og:image:type\" content=\"image\/jpeg\" \/>\n<meta name=\"author\" content=\"Andreas Brunner\" \/>\n<meta name=\"twitter:card\" content=\"summary_large_image\" \/>\n<meta name=\"twitter:label1\" content=\"Written by\" \/>\n\t<meta name=\"twitter:data1\" content=\"Andreas Brunner\" \/>\n\t<meta name=\"twitter:label2\" content=\"Est. reading time\" \/>\n\t<meta name=\"twitter:data2\" content=\"8 minutes\" \/>\n<script type=\"application\/ld+json\" class=\"yoast-schema-graph\">{\"@context\":\"https:\\\/\\\/schema.org\",\"@graph\":[{\"@type\":[\"Article\",\"BlogPosting\"],\"@id\":\"https:\\\/\\\/www.qwien.at\\\/en\\\/qwien\\\/taetigkeitsbericht-zentrum-qwien-2016\\\/#article\",\"isPartOf\":{\"@id\":\"https:\\\/\\\/www.qwien.at\\\/en\\\/qwien\\\/taetigkeitsbericht-zentrum-qwien-2016\\\/\"},\"author\":{\"name\":\"Andreas Brunner\",\"@id\":\"https:\\\/\\\/www.qwien.at\\\/en\\\/#\\\/schema\\\/person\\\/d3fe9114b43d8e5a558a6d20ca3e2920\"},\"headline\":\"T\u00e4tigkeitsbericht Zentrum QWIEN 2016\",\"datePublished\":\"2025-07-15T19:37:10+00:00\",\"mainEntityOfPage\":{\"@id\":\"https:\\\/\\\/www.qwien.at\\\/en\\\/qwien\\\/taetigkeitsbericht-zentrum-qwien-2016\\\/\"},\"wordCount\":1671,\"publisher\":{\"@id\":\"https:\\\/\\\/www.qwien.at\\\/en\\\/#organization\"},\"image\":{\"@id\":\"https:\\\/\\\/www.qwien.at\\\/en\\\/qwien\\\/taetigkeitsbericht-zentrum-qwien-2016\\\/#primaryimage\"},\"thumbnailUrl\":\"https:\\\/\\\/www.qwien.at\\\/wp-content\\\/uploads\\\/2017\\\/02\\\/Plakat_Sex_in_Wien_Sujet01-1-212x300.jpg\",\"keywords\":[\"Geschichte\",\"Jahresbericht\",\"NS-Opfer\",\"Queer History Day\",\"Sex in Wien\",\"Strafrecht\",\"Verdienstzeichen\"],\"articleSection\":[\"Qwien\",\"Webarchiv\"],\"inLanguage\":\"en-US\"},{\"@type\":\"WebPage\",\"@id\":\"https:\\\/\\\/www.qwien.at\\\/en\\\/qwien\\\/taetigkeitsbericht-zentrum-qwien-2016\\\/\",\"url\":\"https:\\\/\\\/www.qwien.at\\\/en\\\/qwien\\\/taetigkeitsbericht-zentrum-qwien-2016\\\/\",\"name\":\"T\u00e4tigkeitsbericht Zentrum QWIEN 2016 - Blog - Qwien - Zentrum f\u00fcr queere Geschichte\",\"isPartOf\":{\"@id\":\"https:\\\/\\\/www.qwien.at\\\/en\\\/#website\"},\"primaryImageOfPage\":{\"@id\":\"https:\\\/\\\/www.qwien.at\\\/en\\\/qwien\\\/taetigkeitsbericht-zentrum-qwien-2016\\\/#primaryimage\"},\"image\":{\"@id\":\"https:\\\/\\\/www.qwien.at\\\/en\\\/qwien\\\/taetigkeitsbericht-zentrum-qwien-2016\\\/#primaryimage\"},\"thumbnailUrl\":\"https:\\\/\\\/www.qwien.at\\\/wp-content\\\/uploads\\\/2017\\\/02\\\/Plakat_Sex_in_Wien_Sujet01-1-212x300.jpg\",\"datePublished\":\"2025-07-15T19:37:10+00:00\",\"breadcrumb\":{\"@id\":\"https:\\\/\\\/www.qwien.at\\\/en\\\/qwien\\\/taetigkeitsbericht-zentrum-qwien-2016\\\/#breadcrumb\"},\"inLanguage\":\"en-US\",\"potentialAction\":[{\"@type\":\"ReadAction\",\"target\":[\"https:\\\/\\\/www.qwien.at\\\/en\\\/qwien\\\/taetigkeitsbericht-zentrum-qwien-2016\\\/\"]}]},{\"@type\":\"ImageObject\",\"inLanguage\":\"en-US\",\"@id\":\"https:\\\/\\\/www.qwien.at\\\/en\\\/qwien\\\/taetigkeitsbericht-zentrum-qwien-2016\\\/#primaryimage\",\"url\":\"https:\\\/\\\/www.qwien.at\\\/wp-content\\\/uploads\\\/2017\\\/02\\\/Plakat_Sex_in_Wien_Sujet01-1-212x300.jpg\",\"contentUrl\":\"https:\\\/\\\/www.qwien.at\\\/wp-content\\\/uploads\\\/2017\\\/02\\\/Plakat_Sex_in_Wien_Sujet01-1-212x300.jpg\"},{\"@type\":\"BreadcrumbList\",\"@id\":\"https:\\\/\\\/www.qwien.at\\\/en\\\/qwien\\\/taetigkeitsbericht-zentrum-qwien-2016\\\/#breadcrumb\",\"itemListElement\":[{\"@type\":\"ListItem\",\"position\":1,\"name\":\"Startseite\",\"item\":\"https:\\\/\\\/www.qwien.at\\\/en\\\/\"},{\"@type\":\"ListItem\",\"position\":2,\"name\":\"T\u00e4tigkeitsbericht Zentrum QWIEN 2016\"}]},{\"@type\":\"WebSite\",\"@id\":\"https:\\\/\\\/www.qwien.at\\\/en\\\/#website\",\"url\":\"https:\\\/\\\/www.qwien.at\\\/en\\\/\",\"name\":\"Qwien - Zentrum f\u00fcr queere Geschichte\",\"description\":\"\",\"publisher\":{\"@id\":\"https:\\\/\\\/www.qwien.at\\\/en\\\/#organization\"},\"potentialAction\":[{\"@type\":\"SearchAction\",\"target\":{\"@type\":\"EntryPoint\",\"urlTemplate\":\"https:\\\/\\\/www.qwien.at\\\/en\\\/?s={search_term_string}\"},\"query-input\":{\"@type\":\"PropertyValueSpecification\",\"valueRequired\":true,\"valueName\":\"search_term_string\"}}],\"inLanguage\":\"en-US\"},{\"@type\":\"Organization\",\"@id\":\"https:\\\/\\\/www.qwien.at\\\/en\\\/#organization\",\"name\":\"Qwien\",\"url\":\"https:\\\/\\\/www.qwien.at\\\/en\\\/\",\"logo\":{\"@type\":\"ImageObject\",\"inLanguage\":\"en-US\",\"@id\":\"https:\\\/\\\/www.qwien.at\\\/en\\\/#\\\/schema\\\/logo\\\/image\\\/\",\"url\":\"https:\\\/\\\/www.qwien.at\\\/wp-content\\\/uploads\\\/2025\\\/06\\\/seo-yoast-2.png\",\"contentUrl\":\"https:\\\/\\\/www.qwien.at\\\/wp-content\\\/uploads\\\/2025\\\/06\\\/seo-yoast-2.png\",\"width\":697,\"height\":697,\"caption\":\"Qwien\"},\"image\":{\"@id\":\"https:\\\/\\\/www.qwien.at\\\/en\\\/#\\\/schema\\\/logo\\\/image\\\/\"},\"sameAs\":[\"https:\\\/\\\/www.instagram.com\\\/qwien.zentrum\\\/\"]},{\"@type\":\"Person\",\"@id\":\"https:\\\/\\\/www.qwien.at\\\/en\\\/#\\\/schema\\\/person\\\/d3fe9114b43d8e5a558a6d20ca3e2920\",\"name\":\"Andreas Brunner\"}]}<\/script>\n<!-- \/ Yoast SEO plugin. -->","yoast_head_json":{"title":"T\u00e4tigkeitsbericht Zentrum QWIEN 2016 - Blog - Qwien - Zentrum f\u00fcr queere Geschichte","robots":{"index":"index","follow":"follow","max-snippet":"max-snippet:-1","max-image-preview":"max-image-preview:large","max-video-preview":"max-video-preview:-1"},"canonical":"https:\/\/www.qwien.at\/en\/qwien\/taetigkeitsbericht-zentrum-qwien-2016\/","og_locale":"en_US","og_type":"article","og_title":"T\u00e4tigkeitsbericht Zentrum QWIEN 2016 - Blog - Qwien - Zentrum f\u00fcr queere Geschichte","og_url":"https:\/\/www.qwien.at\/en\/qwien\/taetigkeitsbericht-zentrum-qwien-2016\/","og_site_name":"Qwien - Zentrum f\u00fcr queere Geschichte","article_published_time":"2025-07-15T19:37:10+00:00","og_image":[{"width":848,"height":1200,"url":"https:\/\/www.qwien.at\/wp-content\/uploads\/2017\/02\/Plakat_Sex_in_Wien_Sujet01-1.jpg","type":"image\/jpeg"}],"author":"Andreas Brunner","twitter_card":"summary_large_image","twitter_misc":{"Written by":"Andreas Brunner","Est. reading time":"8 minutes"},"schema":{"@context":"https:\/\/schema.org","@graph":[{"@type":["Article","BlogPosting"],"@id":"https:\/\/www.qwien.at\/en\/qwien\/taetigkeitsbericht-zentrum-qwien-2016\/#article","isPartOf":{"@id":"https:\/\/www.qwien.at\/en\/qwien\/taetigkeitsbericht-zentrum-qwien-2016\/"},"author":{"name":"Andreas Brunner","@id":"https:\/\/www.qwien.at\/en\/#\/schema\/person\/d3fe9114b43d8e5a558a6d20ca3e2920"},"headline":"T\u00e4tigkeitsbericht Zentrum QWIEN 2016","datePublished":"2025-07-15T19:37:10+00:00","mainEntityOfPage":{"@id":"https:\/\/www.qwien.at\/en\/qwien\/taetigkeitsbericht-zentrum-qwien-2016\/"},"wordCount":1671,"publisher":{"@id":"https:\/\/www.qwien.at\/en\/#organization"},"image":{"@id":"https:\/\/www.qwien.at\/en\/qwien\/taetigkeitsbericht-zentrum-qwien-2016\/#primaryimage"},"thumbnailUrl":"https:\/\/www.qwien.at\/wp-content\/uploads\/2017\/02\/Plakat_Sex_in_Wien_Sujet01-1-212x300.jpg","keywords":["Geschichte","Jahresbericht","NS-Opfer","Queer History Day","Sex in Wien","Strafrecht","Verdienstzeichen"],"articleSection":["Qwien","Webarchiv"],"inLanguage":"en-US"},{"@type":"WebPage","@id":"https:\/\/www.qwien.at\/en\/qwien\/taetigkeitsbericht-zentrum-qwien-2016\/","url":"https:\/\/www.qwien.at\/en\/qwien\/taetigkeitsbericht-zentrum-qwien-2016\/","name":"T\u00e4tigkeitsbericht Zentrum QWIEN 2016 - Blog - Qwien - Zentrum f\u00fcr queere Geschichte","isPartOf":{"@id":"https:\/\/www.qwien.at\/en\/#website"},"primaryImageOfPage":{"@id":"https:\/\/www.qwien.at\/en\/qwien\/taetigkeitsbericht-zentrum-qwien-2016\/#primaryimage"},"image":{"@id":"https:\/\/www.qwien.at\/en\/qwien\/taetigkeitsbericht-zentrum-qwien-2016\/#primaryimage"},"thumbnailUrl":"https:\/\/www.qwien.at\/wp-content\/uploads\/2017\/02\/Plakat_Sex_in_Wien_Sujet01-1-212x300.jpg","datePublished":"2025-07-15T19:37:10+00:00","breadcrumb":{"@id":"https:\/\/www.qwien.at\/en\/qwien\/taetigkeitsbericht-zentrum-qwien-2016\/#breadcrumb"},"inLanguage":"en-US","potentialAction":[{"@type":"ReadAction","target":["https:\/\/www.qwien.at\/en\/qwien\/taetigkeitsbericht-zentrum-qwien-2016\/"]}]},{"@type":"ImageObject","inLanguage":"en-US","@id":"https:\/\/www.qwien.at\/en\/qwien\/taetigkeitsbericht-zentrum-qwien-2016\/#primaryimage","url":"https:\/\/www.qwien.at\/wp-content\/uploads\/2017\/02\/Plakat_Sex_in_Wien_Sujet01-1-212x300.jpg","contentUrl":"https:\/\/www.qwien.at\/wp-content\/uploads\/2017\/02\/Plakat_Sex_in_Wien_Sujet01-1-212x300.jpg"},{"@type":"BreadcrumbList","@id":"https:\/\/www.qwien.at\/en\/qwien\/taetigkeitsbericht-zentrum-qwien-2016\/#breadcrumb","itemListElement":[{"@type":"ListItem","position":1,"name":"Startseite","item":"https:\/\/www.qwien.at\/en\/"},{"@type":"ListItem","position":2,"name":"T\u00e4tigkeitsbericht Zentrum QWIEN 2016"}]},{"@type":"WebSite","@id":"https:\/\/www.qwien.at\/en\/#website","url":"https:\/\/www.qwien.at\/en\/","name":"Qwien - Zentrum f\u00fcr queere Geschichte","description":"","publisher":{"@id":"https:\/\/www.qwien.at\/en\/#organization"},"potentialAction":[{"@type":"SearchAction","target":{"@type":"EntryPoint","urlTemplate":"https:\/\/www.qwien.at\/en\/?s={search_term_string}"},"query-input":{"@type":"PropertyValueSpecification","valueRequired":true,"valueName":"search_term_string"}}],"inLanguage":"en-US"},{"@type":"Organization","@id":"https:\/\/www.qwien.at\/en\/#organization","name":"Qwien","url":"https:\/\/www.qwien.at\/en\/","logo":{"@type":"ImageObject","inLanguage":"en-US","@id":"https:\/\/www.qwien.at\/en\/#\/schema\/logo\/image\/","url":"https:\/\/www.qwien.at\/wp-content\/uploads\/2025\/06\/seo-yoast-2.png","contentUrl":"https:\/\/www.qwien.at\/wp-content\/uploads\/2025\/06\/seo-yoast-2.png","width":697,"height":697,"caption":"Qwien"},"image":{"@id":"https:\/\/www.qwien.at\/en\/#\/schema\/logo\/image\/"},"sameAs":["https:\/\/www.instagram.com\/qwien.zentrum\/"]},{"@type":"Person","@id":"https:\/\/www.qwien.at\/en\/#\/schema\/person\/d3fe9114b43d8e5a558a6d20ca3e2920","name":"Andreas Brunner"}]}},"_links":{"self":[{"href":"https:\/\/www.qwien.at\/en\/wp-json\/wp\/v2\/posts\/11085","targetHints":{"allow":["GET"]}}],"collection":[{"href":"https:\/\/www.qwien.at\/en\/wp-json\/wp\/v2\/posts"}],"about":[{"href":"https:\/\/www.qwien.at\/en\/wp-json\/wp\/v2\/types\/post"}],"author":[{"embeddable":true,"href":"https:\/\/www.qwien.at\/en\/wp-json\/wp\/v2\/users\/4"}],"replies":[{"embeddable":true,"href":"https:\/\/www.qwien.at\/en\/wp-json\/wp\/v2\/comments?post=11085"}],"version-history":[{"count":0,"href":"https:\/\/www.qwien.at\/en\/wp-json\/wp\/v2\/posts\/11085\/revisions"}],"wp:attachment":[{"href":"https:\/\/www.qwien.at\/en\/wp-json\/wp\/v2\/media?parent=11085"}],"wp:term":[{"taxonomy":"category","embeddable":true,"href":"https:\/\/www.qwien.at\/en\/wp-json\/wp\/v2\/categories?post=11085"},{"taxonomy":"post_tag","embeddable":true,"href":"https:\/\/www.qwien.at\/en\/wp-json\/wp\/v2\/tags?post=11085"}],"curies":[{"name":"wp","href":"https:\/\/api.w.org\/{rel}","templated":true}]}}