{"id":11088,"date":"2025-07-15T21:37:09","date_gmt":"2025-07-15T19:37:09","guid":{"rendered":"https:\/\/www.qwien.at\/nicht-kategorisiert\/kinomachtmanner\/"},"modified":"2025-07-15T21:37:09","modified_gmt":"2025-07-15T19:37:09","slug":"kinomachtmanner","status":"publish","type":"post","link":"https:\/\/www.qwien.at\/en\/qwien-tipp\/kinomachtmanner\/","title":{"rendered":"Kino\/Macht\/M\u00e4nner"},"content":{"rendered":"<p><strong>Podiumsdiskussion: Kino\/Macht\/M\u00e4nner<\/strong><br \/>\n<strong>Repr\u00e4sentationen von M\u00e4nnlichkeiten im deutschsprachigen Kino 1945\u20132000<\/strong><br \/>\nDie Podiumsdiskussion nimmt zwei Bucherscheinungen von Maria Fritsche und Christopher Treiblmayr zum Thema M\u00e4nnlichkeiten im Film zum Anlass, um zu diskutieren, wie das Kino an der Konstruktion von Geschlecht mitwirkt und damit in gesellschaftliche Entwicklungen eingreift. Kommentiert der Film lediglich bestehende Geschlechterverh\u00e4ltnisse und schreibt g\u00e4ngige Geschlechterbilder fest, indem er sie repliziert? Oder agiert der Film vielmehr als ver\u00e4ndernde Kraft, die bestehende Geschlechterverh\u00e4ltnisse aufbricht und neue M\u00e4nnlichkeits- und Weiblichkeitsentw\u00fcrfe popularisiert?<br \/>\n<a href=\"https:\/\/www.qwien.at\/wp-content\/uploads\/2014\/06\/Cover_Bewegter-Mann-212x300.jpg\"><img loading=\"lazy\" decoding=\"async\" class=\"alignleft size-medium wp-image-3362\" title=\"Cover_Bewegter Mann\" src=\"https:\/\/www.qwien.at\/wp-content\/uploads\/2014\/06\/Cover_Bewegter-Mann-212x300.jpg\" alt=\"\" width=\"212\" height=\"300\" srcset=\"https:\/\/www.qwien.at\/wp-content\/uploads\/2014\/06\/Cover_Bewegter-Mann-212x300.jpg 212w, https:\/\/www.qwien.at\/wp-content\/uploads\/2014\/06\/Cover_Bewegter-Mann.jpg 600w\" sizes=\"auto, (max-width: 212px) 100vw, 212px\" \/><\/a>Vier ausgewiesene Expert\/innen im Bereich der M\u00e4nnlichkeitsgeschichte er\u00f6rtern die Frage, wie M\u00e4nnlichkeit produziert und reproduziert wird und welche Rolle Massenmedien in der Konstruktion von Geschlechterverh\u00e4ltnissen spielen. Der inhaltliche Schwerpunkt der Diskussion liegt auf einem Vergleich von M\u00e4nnlichkeitsidealen, die das \u00f6sterreichische Kino in den 1950ern propagierte sowie der filmischen Darstellung von m\u00e4nnlicher Homosexualit\u00e4t im deutschen Kino der 1990er Jahre.<br \/>\nEingeleitet und begleitet wird die Diskussion von Prof. Wolfgang Schmale, der die Relevanz von M\u00e4nnlichkeit als Forschungskategorie in der Geschichtswissenschaft thematisiert. Prof. Christa H\u00e4mmerle moderiert die Diskussion.<br \/>\n<em>Die Veranstaltung ist Teil der Reihe \u201eGeschichte am Mittwoch\u201c des Instituts f\u00fcr Geschichte der Universit\u00e4t Wien (Organisation: Dr. Andrea Brait) und findet in Kooperation mit \u201eQWien. Zentrum f\u00fcr schwul\/lesbische Kultur und Geschichte\u201c statt. Das Buch \u201eHomemade Men\u201c kann bei der Veranstaltung zum halben Preis erworben werden (nur Bargeld bitte).<\/em><br \/>\n<em>Im Anschluss wird zu einem Umtrunk gebeten.<\/em><\/p>\n<address><span style=\"color: #993366;\"><strong>25. Juni 2013<\/strong><\/span><\/address>\n<address><span style=\"color: #993366;\"><strong>Ort: Lesesaal der Fachbereichsbibliothek Geschichtswissenschaften, Institut f\u00fcr Geschichte, Hauptgeb\u00e4ude<\/strong><\/span><\/address>\n<address><span style=\"color: #993366;\"><strong>Zeit: Mittwoch, 18.30\u201320.00 Uhr<\/strong><\/span><\/address>\n<p><strong>Podiumsteilnehmer\/innen:<\/strong><br \/>\nMaria Fritsche ist Associate Professor f\u00fcr moderne internationale Geschichte an der University of Science and Technology in Trondheim, Norwegen. <em>Homemade Men in Postwar Austrian Cinema: Nationhood, Genre and Masculinity.<\/em> New York\/Oxford: Berghahn 2013.<br \/>\nChrista H\u00e4mmerle ist ao. Universit\u00e4tsprofessorin f\u00fcr Neuere Geschichte und Frauen-\/Geschlechtergeschichte am Institut f\u00fcr Geschichte an der Universit\u00e4t Wien. <em>Gender and the First World War<\/em>. Hg. mit Birgitta Bader-Zaar u. Oswald \u00dcberegger. Basingstoke: Palgrave McMillan 2014.<br \/>\nWolfgang Schmale ist Vizedekan der Historisch-Kulturwissenschaftlichen Fakult\u00e4t der Universit\u00e4t Wien und o. Universit\u00e4tsprofessor f\u00fcr Geschichte der Neuzeit am Institut f\u00fcr Geschichte an der Universit\u00e4t Wien. <em>Mein Europa. Reisetageb\u00fccher eines Historikers<\/em>. K\u00f6ln: B\u00f6hlau 2013.<br \/>\nChristopher Treiblmayr ist Assistent f\u00fcr Geschichte der Neuzeit am Institut f\u00fcr Geschichte der Universit\u00e4t Wien. <em>Bewegte M\u00e4nner. M\u00e4nnlichkeit und m\u00e4nnliche Homosexualit\u00e4t im deutschen Kino der 1990er Jahre.<\/em> Erscheint 2014.<\/p>\n","protected":false},"excerpt":{"rendered":"<p>\t\t\t\t<![CDATA[]]>\t\t<\/p>\n","protected":false},"author":4,"featured_media":0,"comment_status":"closed","ping_status":"open","sticky":false,"template":"","format":"standard","meta":{"_acf_changed":false,"footnotes":""},"categories":[275,276],"tags":[],"class_list":["post-11088","post","type-post","status-publish","format-standard","hentry","category-qwien-tipp","category-webarchive","grve-entry-item","grve-blog-item"],"acf":[],"yoast_head":"<!-- This site is optimized with the Yoast SEO plugin v27.5 - https:\/\/yoast.com\/product\/yoast-seo-wordpress\/ -->\n<title>Kino\/Macht\/M\u00e4nner - Blog - Qwien - Zentrum f\u00fcr queere Geschichte<\/title>\n<meta name=\"robots\" content=\"index, follow, max-snippet:-1, max-image-preview:large, max-video-preview:-1\" \/>\n<link rel=\"canonical\" href=\"https:\/\/www.qwien.at\/en\/qwien-tipp\/kinomachtmanner\/\" \/>\n<meta property=\"og:locale\" content=\"en_US\" \/>\n<meta property=\"og:type\" content=\"article\" \/>\n<meta property=\"og:title\" content=\"Kino\/Macht\/M\u00e4nner - Blog - Qwien - Zentrum f\u00fcr queere Geschichte\" \/>\n<meta property=\"og:url\" content=\"https:\/\/www.qwien.at\/en\/qwien-tipp\/kinomachtmanner\/\" \/>\n<meta property=\"og:site_name\" content=\"Qwien - Zentrum f\u00fcr queere Geschichte\" \/>\n<meta property=\"article:published_time\" content=\"2025-07-15T19:37:09+00:00\" \/>\n<meta property=\"og:image\" content=\"https:\/\/www.qwien.at\/wp-content\/uploads\/2014\/06\/Cover_Bewegter-Mann.jpg\" \/>\n\t<meta property=\"og:image:width\" content=\"600\" \/>\n\t<meta property=\"og:image:height\" content=\"848\" \/>\n\t<meta property=\"og:image:type\" content=\"image\/jpeg\" \/>\n<meta name=\"author\" content=\"Andreas Brunner\" \/>\n<meta name=\"twitter:card\" content=\"summary_large_image\" \/>\n<meta name=\"twitter:label1\" content=\"Written by\" \/>\n\t<meta name=\"twitter:data1\" content=\"Andreas Brunner\" \/>\n\t<meta name=\"twitter:label2\" content=\"Est. reading time\" \/>\n\t<meta name=\"twitter:data2\" content=\"2 minutes\" \/>\n<script type=\"application\/ld+json\" class=\"yoast-schema-graph\">{\"@context\":\"https:\\\/\\\/schema.org\",\"@graph\":[{\"@type\":[\"Article\",\"BlogPosting\"],\"@id\":\"https:\\\/\\\/www.qwien.at\\\/en\\\/qwien-tipp\\\/kinomachtmanner\\\/#article\",\"isPartOf\":{\"@id\":\"https:\\\/\\\/www.qwien.at\\\/en\\\/qwien-tipp\\\/kinomachtmanner\\\/\"},\"author\":{\"name\":\"Andreas Brunner\",\"@id\":\"https:\\\/\\\/www.qwien.at\\\/en\\\/#\\\/schema\\\/person\\\/d3fe9114b43d8e5a558a6d20ca3e2920\"},\"headline\":\"Kino\\\/Macht\\\/M\u00e4nner\",\"datePublished\":\"2025-07-15T19:37:09+00:00\",\"mainEntityOfPage\":{\"@id\":\"https:\\\/\\\/www.qwien.at\\\/en\\\/qwien-tipp\\\/kinomachtmanner\\\/\"},\"wordCount\":415,\"publisher\":{\"@id\":\"https:\\\/\\\/www.qwien.at\\\/en\\\/#organization\"},\"image\":{\"@id\":\"https:\\\/\\\/www.qwien.at\\\/en\\\/qwien-tipp\\\/kinomachtmanner\\\/#primaryimage\"},\"thumbnailUrl\":\"https:\\\/\\\/www.qwien.at\\\/wp-content\\\/uploads\\\/2014\\\/06\\\/Cover_Bewegter-Mann-212x300.jpg\",\"articleSection\":[\"Tipp\",\"Webarchiv\"],\"inLanguage\":\"en-US\"},{\"@type\":\"WebPage\",\"@id\":\"https:\\\/\\\/www.qwien.at\\\/en\\\/qwien-tipp\\\/kinomachtmanner\\\/\",\"url\":\"https:\\\/\\\/www.qwien.at\\\/en\\\/qwien-tipp\\\/kinomachtmanner\\\/\",\"name\":\"Kino\\\/Macht\\\/M\u00e4nner - Blog - Qwien - Zentrum f\u00fcr queere Geschichte\",\"isPartOf\":{\"@id\":\"https:\\\/\\\/www.qwien.at\\\/en\\\/#website\"},\"primaryImageOfPage\":{\"@id\":\"https:\\\/\\\/www.qwien.at\\\/en\\\/qwien-tipp\\\/kinomachtmanner\\\/#primaryimage\"},\"image\":{\"@id\":\"https:\\\/\\\/www.qwien.at\\\/en\\\/qwien-tipp\\\/kinomachtmanner\\\/#primaryimage\"},\"thumbnailUrl\":\"https:\\\/\\\/www.qwien.at\\\/wp-content\\\/uploads\\\/2014\\\/06\\\/Cover_Bewegter-Mann-212x300.jpg\",\"datePublished\":\"2025-07-15T19:37:09+00:00\",\"breadcrumb\":{\"@id\":\"https:\\\/\\\/www.qwien.at\\\/en\\\/qwien-tipp\\\/kinomachtmanner\\\/#breadcrumb\"},\"inLanguage\":\"en-US\",\"potentialAction\":[{\"@type\":\"ReadAction\",\"target\":[\"https:\\\/\\\/www.qwien.at\\\/en\\\/qwien-tipp\\\/kinomachtmanner\\\/\"]}]},{\"@type\":\"ImageObject\",\"inLanguage\":\"en-US\",\"@id\":\"https:\\\/\\\/www.qwien.at\\\/en\\\/qwien-tipp\\\/kinomachtmanner\\\/#primaryimage\",\"url\":\"https:\\\/\\\/www.qwien.at\\\/wp-content\\\/uploads\\\/2014\\\/06\\\/Cover_Bewegter-Mann-212x300.jpg\",\"contentUrl\":\"https:\\\/\\\/www.qwien.at\\\/wp-content\\\/uploads\\\/2014\\\/06\\\/Cover_Bewegter-Mann-212x300.jpg\"},{\"@type\":\"BreadcrumbList\",\"@id\":\"https:\\\/\\\/www.qwien.at\\\/en\\\/qwien-tipp\\\/kinomachtmanner\\\/#breadcrumb\",\"itemListElement\":[{\"@type\":\"ListItem\",\"position\":1,\"name\":\"Startseite\",\"item\":\"https:\\\/\\\/www.qwien.at\\\/en\\\/\"},{\"@type\":\"ListItem\",\"position\":2,\"name\":\"Kino\\\/Macht\\\/M\u00e4nner\"}]},{\"@type\":\"WebSite\",\"@id\":\"https:\\\/\\\/www.qwien.at\\\/en\\\/#website\",\"url\":\"https:\\\/\\\/www.qwien.at\\\/en\\\/\",\"name\":\"Qwien - Zentrum f\u00fcr queere Geschichte\",\"description\":\"\",\"publisher\":{\"@id\":\"https:\\\/\\\/www.qwien.at\\\/en\\\/#organization\"},\"potentialAction\":[{\"@type\":\"SearchAction\",\"target\":{\"@type\":\"EntryPoint\",\"urlTemplate\":\"https:\\\/\\\/www.qwien.at\\\/en\\\/?s={search_term_string}\"},\"query-input\":{\"@type\":\"PropertyValueSpecification\",\"valueRequired\":true,\"valueName\":\"search_term_string\"}}],\"inLanguage\":\"en-US\"},{\"@type\":\"Organization\",\"@id\":\"https:\\\/\\\/www.qwien.at\\\/en\\\/#organization\",\"name\":\"Qwien\",\"url\":\"https:\\\/\\\/www.qwien.at\\\/en\\\/\",\"logo\":{\"@type\":\"ImageObject\",\"inLanguage\":\"en-US\",\"@id\":\"https:\\\/\\\/www.qwien.at\\\/en\\\/#\\\/schema\\\/logo\\\/image\\\/\",\"url\":\"https:\\\/\\\/www.qwien.at\\\/wp-content\\\/uploads\\\/2025\\\/06\\\/seo-yoast-2.png\",\"contentUrl\":\"https:\\\/\\\/www.qwien.at\\\/wp-content\\\/uploads\\\/2025\\\/06\\\/seo-yoast-2.png\",\"width\":697,\"height\":697,\"caption\":\"Qwien\"},\"image\":{\"@id\":\"https:\\\/\\\/www.qwien.at\\\/en\\\/#\\\/schema\\\/logo\\\/image\\\/\"},\"sameAs\":[\"https:\\\/\\\/www.instagram.com\\\/qwien.zentrum\\\/\"]},{\"@type\":\"Person\",\"@id\":\"https:\\\/\\\/www.qwien.at\\\/en\\\/#\\\/schema\\\/person\\\/d3fe9114b43d8e5a558a6d20ca3e2920\",\"name\":\"Andreas Brunner\"}]}<\/script>\n<!-- \/ Yoast SEO plugin. -->","yoast_head_json":{"title":"Kino\/Macht\/M\u00e4nner - Blog - Qwien - Zentrum f\u00fcr queere Geschichte","robots":{"index":"index","follow":"follow","max-snippet":"max-snippet:-1","max-image-preview":"max-image-preview:large","max-video-preview":"max-video-preview:-1"},"canonical":"https:\/\/www.qwien.at\/en\/qwien-tipp\/kinomachtmanner\/","og_locale":"en_US","og_type":"article","og_title":"Kino\/Macht\/M\u00e4nner - Blog - Qwien - Zentrum f\u00fcr queere Geschichte","og_url":"https:\/\/www.qwien.at\/en\/qwien-tipp\/kinomachtmanner\/","og_site_name":"Qwien - Zentrum f\u00fcr queere Geschichte","article_published_time":"2025-07-15T19:37:09+00:00","og_image":[{"width":600,"height":848,"url":"https:\/\/www.qwien.at\/wp-content\/uploads\/2014\/06\/Cover_Bewegter-Mann.jpg","type":"image\/jpeg"}],"author":"Andreas Brunner","twitter_card":"summary_large_image","twitter_misc":{"Written by":"Andreas Brunner","Est. reading time":"2 minutes"},"schema":{"@context":"https:\/\/schema.org","@graph":[{"@type":["Article","BlogPosting"],"@id":"https:\/\/www.qwien.at\/en\/qwien-tipp\/kinomachtmanner\/#article","isPartOf":{"@id":"https:\/\/www.qwien.at\/en\/qwien-tipp\/kinomachtmanner\/"},"author":{"name":"Andreas Brunner","@id":"https:\/\/www.qwien.at\/en\/#\/schema\/person\/d3fe9114b43d8e5a558a6d20ca3e2920"},"headline":"Kino\/Macht\/M\u00e4nner","datePublished":"2025-07-15T19:37:09+00:00","mainEntityOfPage":{"@id":"https:\/\/www.qwien.at\/en\/qwien-tipp\/kinomachtmanner\/"},"wordCount":415,"publisher":{"@id":"https:\/\/www.qwien.at\/en\/#organization"},"image":{"@id":"https:\/\/www.qwien.at\/en\/qwien-tipp\/kinomachtmanner\/#primaryimage"},"thumbnailUrl":"https:\/\/www.qwien.at\/wp-content\/uploads\/2014\/06\/Cover_Bewegter-Mann-212x300.jpg","articleSection":["Tipp","Webarchiv"],"inLanguage":"en-US"},{"@type":"WebPage","@id":"https:\/\/www.qwien.at\/en\/qwien-tipp\/kinomachtmanner\/","url":"https:\/\/www.qwien.at\/en\/qwien-tipp\/kinomachtmanner\/","name":"Kino\/Macht\/M\u00e4nner - Blog - Qwien - Zentrum f\u00fcr queere Geschichte","isPartOf":{"@id":"https:\/\/www.qwien.at\/en\/#website"},"primaryImageOfPage":{"@id":"https:\/\/www.qwien.at\/en\/qwien-tipp\/kinomachtmanner\/#primaryimage"},"image":{"@id":"https:\/\/www.qwien.at\/en\/qwien-tipp\/kinomachtmanner\/#primaryimage"},"thumbnailUrl":"https:\/\/www.qwien.at\/wp-content\/uploads\/2014\/06\/Cover_Bewegter-Mann-212x300.jpg","datePublished":"2025-07-15T19:37:09+00:00","breadcrumb":{"@id":"https:\/\/www.qwien.at\/en\/qwien-tipp\/kinomachtmanner\/#breadcrumb"},"inLanguage":"en-US","potentialAction":[{"@type":"ReadAction","target":["https:\/\/www.qwien.at\/en\/qwien-tipp\/kinomachtmanner\/"]}]},{"@type":"ImageObject","inLanguage":"en-US","@id":"https:\/\/www.qwien.at\/en\/qwien-tipp\/kinomachtmanner\/#primaryimage","url":"https:\/\/www.qwien.at\/wp-content\/uploads\/2014\/06\/Cover_Bewegter-Mann-212x300.jpg","contentUrl":"https:\/\/www.qwien.at\/wp-content\/uploads\/2014\/06\/Cover_Bewegter-Mann-212x300.jpg"},{"@type":"BreadcrumbList","@id":"https:\/\/www.qwien.at\/en\/qwien-tipp\/kinomachtmanner\/#breadcrumb","itemListElement":[{"@type":"ListItem","position":1,"name":"Startseite","item":"https:\/\/www.qwien.at\/en\/"},{"@type":"ListItem","position":2,"name":"Kino\/Macht\/M\u00e4nner"}]},{"@type":"WebSite","@id":"https:\/\/www.qwien.at\/en\/#website","url":"https:\/\/www.qwien.at\/en\/","name":"Qwien - Zentrum f\u00fcr queere Geschichte","description":"","publisher":{"@id":"https:\/\/www.qwien.at\/en\/#organization"},"potentialAction":[{"@type":"SearchAction","target":{"@type":"EntryPoint","urlTemplate":"https:\/\/www.qwien.at\/en\/?s={search_term_string}"},"query-input":{"@type":"PropertyValueSpecification","valueRequired":true,"valueName":"search_term_string"}}],"inLanguage":"en-US"},{"@type":"Organization","@id":"https:\/\/www.qwien.at\/en\/#organization","name":"Qwien","url":"https:\/\/www.qwien.at\/en\/","logo":{"@type":"ImageObject","inLanguage":"en-US","@id":"https:\/\/www.qwien.at\/en\/#\/schema\/logo\/image\/","url":"https:\/\/www.qwien.at\/wp-content\/uploads\/2025\/06\/seo-yoast-2.png","contentUrl":"https:\/\/www.qwien.at\/wp-content\/uploads\/2025\/06\/seo-yoast-2.png","width":697,"height":697,"caption":"Qwien"},"image":{"@id":"https:\/\/www.qwien.at\/en\/#\/schema\/logo\/image\/"},"sameAs":["https:\/\/www.instagram.com\/qwien.zentrum\/"]},{"@type":"Person","@id":"https:\/\/www.qwien.at\/en\/#\/schema\/person\/d3fe9114b43d8e5a558a6d20ca3e2920","name":"Andreas Brunner"}]}},"_links":{"self":[{"href":"https:\/\/www.qwien.at\/en\/wp-json\/wp\/v2\/posts\/11088","targetHints":{"allow":["GET"]}}],"collection":[{"href":"https:\/\/www.qwien.at\/en\/wp-json\/wp\/v2\/posts"}],"about":[{"href":"https:\/\/www.qwien.at\/en\/wp-json\/wp\/v2\/types\/post"}],"author":[{"embeddable":true,"href":"https:\/\/www.qwien.at\/en\/wp-json\/wp\/v2\/users\/4"}],"replies":[{"embeddable":true,"href":"https:\/\/www.qwien.at\/en\/wp-json\/wp\/v2\/comments?post=11088"}],"version-history":[{"count":0,"href":"https:\/\/www.qwien.at\/en\/wp-json\/wp\/v2\/posts\/11088\/revisions"}],"wp:attachment":[{"href":"https:\/\/www.qwien.at\/en\/wp-json\/wp\/v2\/media?parent=11088"}],"wp:term":[{"taxonomy":"category","embeddable":true,"href":"https:\/\/www.qwien.at\/en\/wp-json\/wp\/v2\/categories?post=11088"},{"taxonomy":"post_tag","embeddable":true,"href":"https:\/\/www.qwien.at\/en\/wp-json\/wp\/v2\/tags?post=11088"}],"curies":[{"name":"wp","href":"https:\/\/api.w.org\/{rel}","templated":true}]}}