{"id":11089,"date":"2025-07-15T21:37:09","date_gmt":"2025-07-15T19:37:09","guid":{"rendered":"https:\/\/www.qwien.at\/nicht-kategorisiert\/die-blaue-brosche\/"},"modified":"2025-07-15T21:37:09","modified_gmt":"2025-07-15T19:37:09","slug":"die-blaue-brosche","status":"publish","type":"post","link":"https:\/\/www.qwien.at\/en\/qwien-books\/die-blaue-brosche\/","title":{"rendered":"Die blaue Brosche"},"content":{"rendered":"<p><em><strong>Der Restaurator und K\u00fcnstler Max K\u00fcbeck hat seine Familiengeschichte gro\u00dfteils nach Dokumenten mit romanhaften Passagen geschrieben und gibt dabei tiefe Einblicke in die Geschichte \u00d6sterreichs. Andreas Brunner hat es gelesen.<\/strong><\/em><br \/>\n<a href=\"https:\/\/www.qwien.at\/wp-content\/uploads\/2014\/08\/K\u00fcbeck_Presse-232x300.jpg\"><img loading=\"lazy\" decoding=\"async\" class=\"alignleft size-medium wp-image-3369\" title=\"K\u00fcbeck_Presse\" src=\"https:\/\/www.qwien.at\/wp-content\/uploads\/2014\/08\/K\u00fcbeck_Presse-232x300.jpg\" alt=\"\" width=\"232\" height=\"300\" srcset=\"https:\/\/www.qwien.at\/wp-content\/uploads\/2014\/08\/K\u00fcbeck_Presse-232x300.jpg 232w, https:\/\/www.qwien.at\/wp-content\/uploads\/2014\/08\/K\u00fcbeck_Presse.jpg 619w\" sizes=\"auto, (max-width: 232px) 100vw, 232px\" \/><\/a>Zugegeben, man muss schon ein gewisses Faible f\u00fcr mitunter recht verwirrende Verwandtschaftsverh\u00e4ltnisse in adeligen Familien haben oder Verst\u00e4ndnis aufbringen f\u00fcr die f\u00fcr Unwissende recht undurchsichtigen Unterschiede zwischen reichsunmittelbaren und &#8211; ja wie sagt man? &#8211; &#8220;normalen&#8221; Grafen. Aber Max K\u00fcbecks erstes Buch ist weit mehr als die Geschichte einer steirischen Adelsfamilie mit dunklen Geheimnissen, mehr als eine Chronique scandaleuse einer nach der Abschaffung des Adels nach der Katastrophe des 1. Weltkriegs unverdrossen an ihren D\u00fcnkeln festhaltenden Klasse. R\u00fccksichtslos legt K\u00fcbeck die Geschichte seiner Familie offen und bricht mit einer Reihe von Tabus, die nicht nur in adeligen, katholisch-konservativen Kreisen lieber unter der Decke gehalten werden: Homosexualit\u00e4t, Nationalsozialismus und j\u00fcdische Verwandtschaft.<br \/>\nDie blaue Brosche, ein Familienerbst\u00fcck, das seit Generationen in der weiblichen Linie der Familie vererbt wurde und nun in Ermangelung weiblicher Erbberechtigter von seiner Mutter an den Erz\u00e4hler weitergereicht wurde, wird zum Angelpunkt seiner Familiengeschichte. Warum sie gerade der unverheiratete und offen schwul lebende Sohn &#8220;erbte&#8221;, ist auch ihm ein R\u00e4tsel. Die Brosche galt als Geschenk der Kaiserin Karolina Augusta, einer Gemahlin von Kaiser Franz I., an eine von Max K\u00fcbecks Vorfahrinnen. Ein kleiner Zettel, den er in der Schatulle des Schmuckst\u00fcck findet, offenbart ihm aber ein gutgeh\u00fctetes Familiengeheimnis &#8211; nicht der Kaiserin geh\u00f6rte das Schmuckst\u00fcck einst, sondern einer gewissen Clara Hertz, eine Entdeckung, die der Autor trocken kommentiert: <em>&#8220;Da haben wir aus einer J\u00fcdin eine Kaiserin gemacht!&#8221;<\/em><br \/>\nNicht nur in der NS-Zeit war die j\u00fcdische Herkunft ein Makel, schon im 19. Jahrhundert konnte sie den Ausschluss aus den h\u00f6chsten Kreisen bedeuten. Verschweigen war da nur eine Strategie. Andererseits pflegte man einen latenten Antisemitismus, den K\u00fcbeck immer wieder frontal angreift: ob in den Briefen und der Autobiografie seiner Tante, der Besserwisserin, wie sie im Buch genannt wird, oder in den Aussagen mancher Familienmitglieder. Die Aufzeichnungen der Tante werden immer wieder, wie auch andere Dokumente und Zeugnisse, ausf\u00fchrlich zitiert. So rekonstruierte Max K\u00fcbeck Schritt f\u00fcr Schritt seine Familiengeschichte, Generation f\u00fcr Generation, Geheimnis f\u00fcr Geheimnis. Auch das von der lesbischen Baronin Blanche von K\u00fcbeck &#8211; der letzten &#8220;echten&#8221; von K\u00fcbeck, denn mit ihr starb die Hauptlinie der Familie aus -, die bis zu ihrem Tode 1935 mit ihrer &#8220;Haush\u00e4lterin&#8221; Clementine in ihrem Wiener Palais lebte und auch als Schriftstellerin Bekanntheit erreichte.<br \/>\n<div id=\"attachment_3370\" style=\"width: 220px\" class=\"wp-caption alignright\"><a href=\"https:\/\/www.qwien.at\/wp-content\/uploads\/2014\/08\/K\u00fcbeck_Vater-210x300.jpg\"><img loading=\"lazy\" decoding=\"async\" aria-describedby=\"caption-attachment-3370\" class=\"size-medium wp-image-3370\" title=\"K\u00fcbeck_Vater\" src=\"https:\/\/www.qwien.at\/wp-content\/uploads\/2014\/08\/K\u00fcbeck_Vater-210x300.jpg\" alt=\"\" width=\"210\" height=\"300\" srcset=\"https:\/\/www.qwien.at\/wp-content\/uploads\/2014\/08\/K\u00fcbeck_Vater-210x300.jpg 210w, https:\/\/www.qwien.at\/wp-content\/uploads\/2014\/08\/K\u00fcbeck_Vater.jpg 700w\" sizes=\"auto, (max-width: 210px) 100vw, 210px\" \/><\/a><p id=\"caption-attachment-3370\" class=\"wp-caption-text\">Max K\u00fcbecks Vater in den sp\u00e4ten 1930er Jahren<\/p><\/div><br \/>\nZu diesem Zeitpunkt lebte der Vater von Max K\u00fcbeck noch als Junggeselle in Graz und hatte mit seiner Berufswahl schon f\u00fcr Unmut in der Familie gesorgt. Wie konnte nur der Spro\u00df einer adeligen Familie, die zwar nach Aufhebung des Adels 1919 offiziell gar nicht mehr adelig war, aber den Standesbewusstsein ihrer Herkunft noch hochhielt, den b\u00fcrgerlichen Beruf des Juweliers ergreifen? Doch der gr\u00f6\u00dfte Skandal stand noch bevor. 1937 wurde er zuerst nur als Zeuge in einem Prozess gegen Grazer Homosexuelle einvernommen, zwei Jahre sp\u00e4ter sollte er, von der Gestapo verhaftet, selbst zu drei Monaten Kerker wegen \u201ewidernat\u00fcrlicher Unzucht\u201c verurteilt werden. Seine besserwissende Schwester, die zu dieser Zeit in Paris lebte, wusste Rat: <em>&#8220;Ich habe all die Zeit hindurch gesucht und getrachtet, mich \u00fcber diesen speziellen Fall in Bezug auf Heilung zu unterrichten, und es ist mir best\u00e4tigt worden, dass die Ehe diese Dinge ins Gleichgewicht bringt.&#8221;<\/em> Max&#8217; Vater wird diesen Weg w\u00e4hlen und, sein homosexuelles Begehren zeitlebens verleugnend, Vater von sechs Kindern werden.<br \/>\nDie Verurteilung wegen &#8220;Unzucht wider die Natur&#8221; wird genauso tabuisiert werden wie die Beteiligung einiger Familienmitglieder an den Verbrechen des Nationalsozialismus. Aber Max K\u00fcbeck will nicht mehr wegschauen. Im Gegenteil: Er will hinschauen, wenn er vom Wegschauen erz\u00e4hlt. In der NS-Zeit drohten die Familienbande zu zerrei\u00dfen, einige Mitglieder dienten sich den Nazis an, andere waren als Beteiligte am monarchistischen, katholischen Widerstand gegen das Regime in KZ-Haft. Der wegen seiner homosexuellen \u201eVerfehlungen\u201c \u00a0verurteilte Vater fl\u00fcchtete in eine Ehe, in der der \u201ebekehrte\u201c Vater heterosexuelle Normalit\u00e4t spielte, die im Laufe der Jahre, so ist der Autor \u00fcberzeugt, zu einer \u201etiefen, unausgesprochenen Liebe\u201c zu seiner Frau geworden war. Max K\u00fcbeck schaut hin, wenn die Familie nichts gesehen haben will, vom Todesmarsch tausender ungarischer Juden, die gegen Kriegsende von Trofaiach \u00fcber Vordernberg nach Eisenerz getrieben worden waren, mitten durch das enge Tal, in das sich die Familie zum Schutz vor den Bomben auf einem jahrhundertealten Landsitz gefl\u00fcchtet hatte. Fassungslos fragt er: <em>\u201eWaren alle am Holocaust beteiligt?\u201c<\/em> Wenn nicht aktiv, so durch Wegschauen?<br \/>\nImmer wieder dringt er tief in die Familiengeschichte ein, nimmt den Fund eines Dokuments zum Ausgangspunkt einer neue Recherche und setzt sich dabei mit seiner Herkunft auseinander. So erz\u00e4hlt er von einer Ahnin, die nach dem Tod ihres Mannes mittellos beim Kaiser Franz Joseph um eine <em>\u201ePr\u00e4bende (Pfr\u00fcnde) als Stiftsdame im Grazer adeligen Damenstift\u201c<\/em> ansuchte. Ihrer Bitte wurde nur gnadenhalber nachgegeben, da f\u00fcr die Aufnahme als Stiftsdame der Nachweis notwendig war, dass beidseitige Gro\u00dfeltern von adeligen V\u00e4tern abstammten. Diesen Ahnennachweis konnte die verarmte Freiin von K\u00fcbeck nicht erf\u00fcllen, da ein Gro\u00dfvater b\u00fcrgerlicher Herkunft und erst in den Adelsstand erhoben worden war. Als w\u00fcrde er die Zw\u00e4nge, die seine Familie bestimmten, abstreifen, fragt der Autor Max K\u00fcbeck: <em>\u201eWie weit ist es eigentlich vom Nachdenken \u00fcber einen Ahnennachweis bis zu einem \u201aAriernachweis\u2018\u201c?<\/em><br \/>\n<a href=\"https:\/\/www.qwien.at\/wp-content\/uploads\/2014\/08\/K\u00fcbeck_Cover1-188x300.jpg\"><img loading=\"lazy\" decoding=\"async\" class=\"alignleft size-medium wp-image-3373\" title=\"K\u00fcbeck_Cover\" src=\"https:\/\/www.qwien.at\/wp-content\/uploads\/2014\/08\/K\u00fcbeck_Cover1-188x300.jpg\" alt=\"\" width=\"188\" height=\"300\" srcset=\"https:\/\/www.qwien.at\/wp-content\/uploads\/2014\/08\/K\u00fcbeck_Cover1-188x300.jpg 188w, https:\/\/www.qwien.at\/wp-content\/uploads\/2014\/08\/K\u00fcbeck_Cover1.jpg 628w\" sizes=\"auto, (max-width: 188px) 100vw, 188px\" \/><\/a>Die Lekt\u00fcre ist nicht immer einfach, die Erz\u00e4hlung folgt weniger einer chronologischen Familiengeschichte, vielmehr wir wie bei einer Zwiebel eine Schicht nach der anderen freigelegt.\u00a0 Einerseits ist <em>Die blaue Brosche <\/em>autobiografisch mit vielen Dokumenten wie ein historisches Sachbuch andererseits romanhaft erz\u00e4hlt, weil auch nicht alle Personen bei ihren richtigen Namen genannt werden (k\u00f6nnen).\u00a0Das Buch folgt dem Motiv einer Forschungsreise in das Innere einer Familie, wobei sich K\u00fcbeck intensiv und ohne R\u00fccksicht auf Verluste, m\u00f6chte man fast sagen, mit deren Geschichte und seiner Herkunft aus adeligen Kreisen auseinander, an deren Hybris etwas \u201eBesseres zu sein\u201c er selten ein gutes Haar l\u00e4sst. Und es ist wohl auch eine typisch \u00f6sterreichische Geschichte: Diese undurchdringliche Melange aus Katholizismus und Konservativismus monarchistischer Pr\u00e4gung, deren Repr\u00e4sentanten und Repr\u00e4sentantinnen\u00a0selten zu einer wirklichen Distanz zu Faschismus und\/oder Nationalsozialismus gefunden haben. Und es ist die Geschichte einer Rebellion gegen das Verschweigen, eine Geschichte, die mit Tabus bricht und die \u2013 selten genug \u2013 von homosexuellem Leben in der Vergangenheit erz\u00e4hlt.<br \/>\n<em><strong>Max K\u00fcbeck: Die blaue Brosche. Wien: Czernin 2014<\/strong><\/em>, erh\u00e4ltlich bei <a href=\"http:\/\/www.loewenherz.at\/index_lw_nr.php?LWNR=10544\">L\u00f6wenherz<\/a><\/p>\n","protected":false},"excerpt":{"rendered":"<p>\t\t\t\t<![CDATA[]]>\t\t<\/p>\n","protected":false},"author":4,"featured_media":0,"comment_status":"closed","ping_status":"open","sticky":false,"template":"","format":"standard","meta":{"_acf_changed":false,"footnotes":""},"categories":[267,271,272],"tags":[],"class_list":["post-11089","post","type-post","status-publish","format-standard","hentry","category-qwien-books","category-literature-archive","category-qwien","grve-entry-item","grve-blog-item"],"acf":[],"yoast_head":"<!-- This site is optimized with the Yoast SEO plugin v27.5 - https:\/\/yoast.com\/product\/yoast-seo-wordpress\/ -->\n<title>Die blaue Brosche - Blog - Qwien - Zentrum f\u00fcr queere Geschichte<\/title>\n<meta name=\"robots\" content=\"index, follow, max-snippet:-1, max-image-preview:large, max-video-preview:-1\" \/>\n<link rel=\"canonical\" href=\"https:\/\/www.qwien.at\/en\/qwien-books\/die-blaue-brosche\/\" \/>\n<meta property=\"og:locale\" content=\"en_US\" \/>\n<meta property=\"og:type\" content=\"article\" \/>\n<meta property=\"og:title\" content=\"Die blaue Brosche - Blog - Qwien - Zentrum f\u00fcr queere Geschichte\" \/>\n<meta property=\"og:url\" content=\"https:\/\/www.qwien.at\/en\/qwien-books\/die-blaue-brosche\/\" \/>\n<meta property=\"og:site_name\" content=\"Qwien - Zentrum f\u00fcr queere Geschichte\" \/>\n<meta property=\"article:published_time\" content=\"2025-07-15T19:37:09+00:00\" \/>\n<meta property=\"og:image\" content=\"https:\/\/www.qwien.at\/wp-content\/uploads\/2025\/06\/seo-yoast-1.png\" \/>\n\t<meta property=\"og:image:width\" content=\"1921\" \/>\n\t<meta property=\"og:image:height\" content=\"1081\" \/>\n\t<meta property=\"og:image:type\" content=\"image\/png\" \/>\n<meta name=\"author\" content=\"Andreas Brunner\" \/>\n<meta name=\"twitter:card\" content=\"summary_large_image\" \/>\n<meta name=\"twitter:label1\" content=\"Written by\" \/>\n\t<meta name=\"twitter:data1\" content=\"Andreas Brunner\" \/>\n\t<meta name=\"twitter:label2\" content=\"Est. reading time\" \/>\n\t<meta name=\"twitter:data2\" content=\"6 minutes\" \/>\n<script type=\"application\/ld+json\" class=\"yoast-schema-graph\">{\"@context\":\"https:\\\/\\\/schema.org\",\"@graph\":[{\"@type\":[\"Article\",\"BlogPosting\"],\"@id\":\"https:\\\/\\\/www.qwien.at\\\/en\\\/qwien-books\\\/die-blaue-brosche\\\/#article\",\"isPartOf\":{\"@id\":\"https:\\\/\\\/www.qwien.at\\\/en\\\/qwien-books\\\/die-blaue-brosche\\\/\"},\"author\":{\"name\":\"Andreas Brunner\",\"@id\":\"https:\\\/\\\/www.qwien.at\\\/en\\\/#\\\/schema\\\/person\\\/d3fe9114b43d8e5a558a6d20ca3e2920\"},\"headline\":\"Die blaue Brosche\",\"datePublished\":\"2025-07-15T19:37:09+00:00\",\"mainEntityOfPage\":{\"@id\":\"https:\\\/\\\/www.qwien.at\\\/en\\\/qwien-books\\\/die-blaue-brosche\\\/\"},\"wordCount\":1124,\"publisher\":{\"@id\":\"https:\\\/\\\/www.qwien.at\\\/en\\\/#organization\"},\"articleSection\":[\"Books\",\"Literature archive\",\"Qwien\"],\"inLanguage\":\"en-US\"},{\"@type\":\"WebPage\",\"@id\":\"https:\\\/\\\/www.qwien.at\\\/en\\\/qwien-books\\\/die-blaue-brosche\\\/\",\"url\":\"https:\\\/\\\/www.qwien.at\\\/en\\\/qwien-books\\\/die-blaue-brosche\\\/\",\"name\":\"Die blaue Brosche - Blog - Qwien - Zentrum f\u00fcr queere Geschichte\",\"isPartOf\":{\"@id\":\"https:\\\/\\\/www.qwien.at\\\/en\\\/#website\"},\"datePublished\":\"2025-07-15T19:37:09+00:00\",\"breadcrumb\":{\"@id\":\"https:\\\/\\\/www.qwien.at\\\/en\\\/qwien-books\\\/die-blaue-brosche\\\/#breadcrumb\"},\"inLanguage\":\"en-US\",\"potentialAction\":[{\"@type\":\"ReadAction\",\"target\":[\"https:\\\/\\\/www.qwien.at\\\/en\\\/qwien-books\\\/die-blaue-brosche\\\/\"]}]},{\"@type\":\"BreadcrumbList\",\"@id\":\"https:\\\/\\\/www.qwien.at\\\/en\\\/qwien-books\\\/die-blaue-brosche\\\/#breadcrumb\",\"itemListElement\":[{\"@type\":\"ListItem\",\"position\":1,\"name\":\"Startseite\",\"item\":\"https:\\\/\\\/www.qwien.at\\\/en\\\/\"},{\"@type\":\"ListItem\",\"position\":2,\"name\":\"Die blaue Brosche\"}]},{\"@type\":\"WebSite\",\"@id\":\"https:\\\/\\\/www.qwien.at\\\/en\\\/#website\",\"url\":\"https:\\\/\\\/www.qwien.at\\\/en\\\/\",\"name\":\"Qwien - Zentrum f\u00fcr queere Geschichte\",\"description\":\"\",\"publisher\":{\"@id\":\"https:\\\/\\\/www.qwien.at\\\/en\\\/#organization\"},\"potentialAction\":[{\"@type\":\"SearchAction\",\"target\":{\"@type\":\"EntryPoint\",\"urlTemplate\":\"https:\\\/\\\/www.qwien.at\\\/en\\\/?s={search_term_string}\"},\"query-input\":{\"@type\":\"PropertyValueSpecification\",\"valueRequired\":true,\"valueName\":\"search_term_string\"}}],\"inLanguage\":\"en-US\"},{\"@type\":\"Organization\",\"@id\":\"https:\\\/\\\/www.qwien.at\\\/en\\\/#organization\",\"name\":\"Qwien\",\"url\":\"https:\\\/\\\/www.qwien.at\\\/en\\\/\",\"logo\":{\"@type\":\"ImageObject\",\"inLanguage\":\"en-US\",\"@id\":\"https:\\\/\\\/www.qwien.at\\\/en\\\/#\\\/schema\\\/logo\\\/image\\\/\",\"url\":\"https:\\\/\\\/www.qwien.at\\\/wp-content\\\/uploads\\\/2025\\\/06\\\/seo-yoast-2.png\",\"contentUrl\":\"https:\\\/\\\/www.qwien.at\\\/wp-content\\\/uploads\\\/2025\\\/06\\\/seo-yoast-2.png\",\"width\":697,\"height\":697,\"caption\":\"Qwien\"},\"image\":{\"@id\":\"https:\\\/\\\/www.qwien.at\\\/en\\\/#\\\/schema\\\/logo\\\/image\\\/\"},\"sameAs\":[\"https:\\\/\\\/www.instagram.com\\\/qwien.zentrum\\\/\"]},{\"@type\":\"Person\",\"@id\":\"https:\\\/\\\/www.qwien.at\\\/en\\\/#\\\/schema\\\/person\\\/d3fe9114b43d8e5a558a6d20ca3e2920\",\"name\":\"Andreas Brunner\"}]}<\/script>\n<!-- \/ Yoast SEO plugin. -->","yoast_head_json":{"title":"Die blaue Brosche - Blog - Qwien - Zentrum f\u00fcr queere Geschichte","robots":{"index":"index","follow":"follow","max-snippet":"max-snippet:-1","max-image-preview":"max-image-preview:large","max-video-preview":"max-video-preview:-1"},"canonical":"https:\/\/www.qwien.at\/en\/qwien-books\/die-blaue-brosche\/","og_locale":"en_US","og_type":"article","og_title":"Die blaue Brosche - Blog - Qwien - Zentrum f\u00fcr queere Geschichte","og_url":"https:\/\/www.qwien.at\/en\/qwien-books\/die-blaue-brosche\/","og_site_name":"Qwien - Zentrum f\u00fcr queere Geschichte","article_published_time":"2025-07-15T19:37:09+00:00","og_image":[{"width":1921,"height":1081,"url":"https:\/\/www.qwien.at\/wp-content\/uploads\/2025\/06\/seo-yoast-1.png","type":"image\/png"}],"author":"Andreas Brunner","twitter_card":"summary_large_image","twitter_misc":{"Written by":"Andreas Brunner","Est. reading time":"6 minutes"},"schema":{"@context":"https:\/\/schema.org","@graph":[{"@type":["Article","BlogPosting"],"@id":"https:\/\/www.qwien.at\/en\/qwien-books\/die-blaue-brosche\/#article","isPartOf":{"@id":"https:\/\/www.qwien.at\/en\/qwien-books\/die-blaue-brosche\/"},"author":{"name":"Andreas Brunner","@id":"https:\/\/www.qwien.at\/en\/#\/schema\/person\/d3fe9114b43d8e5a558a6d20ca3e2920"},"headline":"Die blaue Brosche","datePublished":"2025-07-15T19:37:09+00:00","mainEntityOfPage":{"@id":"https:\/\/www.qwien.at\/en\/qwien-books\/die-blaue-brosche\/"},"wordCount":1124,"publisher":{"@id":"https:\/\/www.qwien.at\/en\/#organization"},"articleSection":["Books","Literature archive","Qwien"],"inLanguage":"en-US"},{"@type":"WebPage","@id":"https:\/\/www.qwien.at\/en\/qwien-books\/die-blaue-brosche\/","url":"https:\/\/www.qwien.at\/en\/qwien-books\/die-blaue-brosche\/","name":"Die blaue Brosche - Blog - Qwien - Zentrum f\u00fcr queere Geschichte","isPartOf":{"@id":"https:\/\/www.qwien.at\/en\/#website"},"datePublished":"2025-07-15T19:37:09+00:00","breadcrumb":{"@id":"https:\/\/www.qwien.at\/en\/qwien-books\/die-blaue-brosche\/#breadcrumb"},"inLanguage":"en-US","potentialAction":[{"@type":"ReadAction","target":["https:\/\/www.qwien.at\/en\/qwien-books\/die-blaue-brosche\/"]}]},{"@type":"BreadcrumbList","@id":"https:\/\/www.qwien.at\/en\/qwien-books\/die-blaue-brosche\/#breadcrumb","itemListElement":[{"@type":"ListItem","position":1,"name":"Startseite","item":"https:\/\/www.qwien.at\/en\/"},{"@type":"ListItem","position":2,"name":"Die blaue Brosche"}]},{"@type":"WebSite","@id":"https:\/\/www.qwien.at\/en\/#website","url":"https:\/\/www.qwien.at\/en\/","name":"Qwien - Zentrum f\u00fcr queere Geschichte","description":"","publisher":{"@id":"https:\/\/www.qwien.at\/en\/#organization"},"potentialAction":[{"@type":"SearchAction","target":{"@type":"EntryPoint","urlTemplate":"https:\/\/www.qwien.at\/en\/?s={search_term_string}"},"query-input":{"@type":"PropertyValueSpecification","valueRequired":true,"valueName":"search_term_string"}}],"inLanguage":"en-US"},{"@type":"Organization","@id":"https:\/\/www.qwien.at\/en\/#organization","name":"Qwien","url":"https:\/\/www.qwien.at\/en\/","logo":{"@type":"ImageObject","inLanguage":"en-US","@id":"https:\/\/www.qwien.at\/en\/#\/schema\/logo\/image\/","url":"https:\/\/www.qwien.at\/wp-content\/uploads\/2025\/06\/seo-yoast-2.png","contentUrl":"https:\/\/www.qwien.at\/wp-content\/uploads\/2025\/06\/seo-yoast-2.png","width":697,"height":697,"caption":"Qwien"},"image":{"@id":"https:\/\/www.qwien.at\/en\/#\/schema\/logo\/image\/"},"sameAs":["https:\/\/www.instagram.com\/qwien.zentrum\/"]},{"@type":"Person","@id":"https:\/\/www.qwien.at\/en\/#\/schema\/person\/d3fe9114b43d8e5a558a6d20ca3e2920","name":"Andreas Brunner"}]}},"_links":{"self":[{"href":"https:\/\/www.qwien.at\/en\/wp-json\/wp\/v2\/posts\/11089","targetHints":{"allow":["GET"]}}],"collection":[{"href":"https:\/\/www.qwien.at\/en\/wp-json\/wp\/v2\/posts"}],"about":[{"href":"https:\/\/www.qwien.at\/en\/wp-json\/wp\/v2\/types\/post"}],"author":[{"embeddable":true,"href":"https:\/\/www.qwien.at\/en\/wp-json\/wp\/v2\/users\/4"}],"replies":[{"embeddable":true,"href":"https:\/\/www.qwien.at\/en\/wp-json\/wp\/v2\/comments?post=11089"}],"version-history":[{"count":0,"href":"https:\/\/www.qwien.at\/en\/wp-json\/wp\/v2\/posts\/11089\/revisions"}],"wp:attachment":[{"href":"https:\/\/www.qwien.at\/en\/wp-json\/wp\/v2\/media?parent=11089"}],"wp:term":[{"taxonomy":"category","embeddable":true,"href":"https:\/\/www.qwien.at\/en\/wp-json\/wp\/v2\/categories?post=11089"},{"taxonomy":"post_tag","embeddable":true,"href":"https:\/\/www.qwien.at\/en\/wp-json\/wp\/v2\/tags?post=11089"}],"curies":[{"name":"wp","href":"https:\/\/api.w.org\/{rel}","templated":true}]}}