{"id":11097,"date":"2025-07-15T21:37:09","date_gmt":"2025-07-15T19:37:09","guid":{"rendered":"https:\/\/www.qwien.at\/nicht-kategorisiert\/alter-und-altern-bei-homosexuellen\/"},"modified":"2025-07-15T21:37:09","modified_gmt":"2025-07-15T19:37:09","slug":"alter-und-altern-bei-homosexuellen","status":"publish","type":"post","link":"https:\/\/www.qwien.at\/en\/qwien-books\/alter-und-altern-bei-homosexuellen\/","title":{"rendered":"Alter und Altern bei Homosexuellen"},"content":{"rendered":"<p><strong>Die deutsche Soziologin Claudia Krell hat eine Studie \u00fcber Homosexuelle im Alter geschrieben, die sich mit dem Thema auf differenzierte Weise auseinandersetzt.<\/strong><\/em><br \/>\nDie wissenschaftlich-soziologische\u00a0Arbeit von Claudia Kreil hat das Potential, im deutschsprachigen Raum Ma\u00dfst\u00e4be f\u00fcr\u00a0die wissenschaftliche Besch\u00e4ftigung mit Altern und Altern bei sexuellen Minderheiten zu werden. Mit\u00a0w\u00fcnschenswerter Distanz und der Abwesenheit jeglicher professioneller Deformation und Voreingenommenheit, die nicht nur der fehlenden spezifischen Betroffenheit der Autorin zuzuschreiben ist (vgl. S. 123), \u00a0wird an der Materie Interessierten sowohl\u00a0der existierende theoretisch-konzeptionelle Diskurs als auch ein Beispiel differenzierter und ergebnisoffener qualitativer Sozialforschung pr\u00e4sentiert.<br \/>\nInhaltlich gliedert sich die Studie wie folgt: 1) Die Verschr\u00e4nkung von Alter(n) und Homosexualit\u00e4t, S. 9; 2) Alter(n) und Homosexualit\u00e4t aus soziologischer Perspektive, S. 12;\u00a03) Alter(n) bei Lesben und Schwulen als Forschungsgegenstand, S. 66; 4) Identit\u00e4ten und Altersbilder von Lesben und Schwulen, S. 87; 5) Methodisches Vorgehen, S. 96; 6) Lesbische und Schwule Identit\u00e4ten, S. 129; 7) Altersbilder von Lesben und Schwulen, S.232; 8) Typen homosexuellen Alter(n)s, S. 367; 9) Zusammenfassung und Ausblick, S. 400. Erg\u00e4nzt wird die Studie durch einen reichhaltigen bibliographischen Apparat, S. 406-428.<br \/>\n<\/a>Der empirische Teil (Kapitel 6 und 7) beruht auf 53 pers\u00f6nlich gef\u00fchrten\u00a0qualitativen Interviews mit \u00fcber Anzeigen und Aufrufe zur Teilnahme gewonnenen Menschen vor allem aus dem Gro\u00dfraum M\u00fcnchen\u00a0und aus S\u00fcddeutschland (Bundesl\u00e4nder Baden-W\u00fcrttemburg und Bayern) zwischen April und\u00a0Juni 2004 und zwischen Juli 2005 und Januar 2006 (S. 116f.).<br \/>\nClaudia Kreil verzichtet &#8211; aus Sicht des Rezensenten: dankenswerterweise &#8211; auf jede\u00a0scheinbar wissenschaftliche Pr\u00e4misse, wie homosexuelle bzw. schwule\u00a0und lesbische Lebensf\u00fchrung und damit auch Altern auszusehen habe. Werke mit wissenschaftlichem Anspruch die aus der und f\u00fcr die&#8221;<em>Community<\/em>&#8221; verfa\u00dft werden, leiden allzuoft\u00a0daran, sexuelle Orientierungen und Identit\u00e4ten als Zeichen w\u00fcnschenswerter Vielfalt vorauszusetzen, implizit oder sogar ausdr\u00fccklich aber normierende Wertungen vornehmen und Vielfalt von Lebensentw\u00fcrfen diesen unterwerfen. &#8220;Erfolgreich&#8221; anzusehende Identit\u00e4ts- und Lebens-Konzepte, mit dem Alterungsproze\u00df (weitgehend) gelingend umzugehen, lassen sich zwar wissenschaftlich kategorisieren (S. 367f.), aber die Strategien und deren Umsetzung bei beispielsweise bei &#8220;erfolgreich alternden &#8216;normalen&#8217; Schwulen&#8221; (S. 387ff.) k\u00f6nnen sich durchaus unterschiedlich gestalten.<br \/>\n<strong>Claudia Kreil: Alter und Altern bei Homosexuellen, <\/strong><strong>Weinheim und Basel:\u00a0<\/strong><strong>Beltz Juventa 2014<\/strong><\/p>\n","protected":false},"excerpt":{"rendered":"<p>\t\t\t\t<![CDATA[]]>\t\t<\/p>\n","protected":false},"author":4,"featured_media":0,"comment_status":"closed","ping_status":"open","sticky":false,"template":"","format":"standard","meta":{"_acf_changed":false,"footnotes":""},"categories":[267,271],"tags":[],"class_list":["post-11097","post","type-post","status-publish","format-standard","hentry","category-qwien-books","category-literature-archive","grve-entry-item","grve-blog-item"],"acf":[],"yoast_head":"<!-- This site is optimized with the Yoast SEO plugin v27.5 - https:\/\/yoast.com\/product\/yoast-seo-wordpress\/ -->\n<title>Alter und Altern bei Homosexuellen - Blog - Qwien - Zentrum f\u00fcr queere Geschichte<\/title>\n<meta name=\"robots\" content=\"index, follow, max-snippet:-1, max-image-preview:large, max-video-preview:-1\" \/>\n<link rel=\"canonical\" href=\"https:\/\/www.qwien.at\/en\/qwien-books\/alter-und-altern-bei-homosexuellen\/\" \/>\n<meta property=\"og:locale\" content=\"en_US\" \/>\n<meta property=\"og:type\" content=\"article\" \/>\n<meta property=\"og:title\" content=\"Alter und Altern bei Homosexuellen - Blog - Qwien - Zentrum f\u00fcr queere Geschichte\" \/>\n<meta property=\"og:url\" content=\"https:\/\/www.qwien.at\/en\/qwien-books\/alter-und-altern-bei-homosexuellen\/\" \/>\n<meta property=\"og:site_name\" content=\"Qwien - Zentrum f\u00fcr queere Geschichte\" \/>\n<meta property=\"article:published_time\" content=\"2025-07-15T19:37:09+00:00\" \/>\n<meta property=\"og:image\" content=\"https:\/\/www.qwien.at\/wp-content\/uploads\/2025\/06\/seo-yoast-1.png\" \/>\n\t<meta property=\"og:image:width\" content=\"1921\" \/>\n\t<meta property=\"og:image:height\" content=\"1081\" \/>\n\t<meta property=\"og:image:type\" content=\"image\/png\" \/>\n<meta name=\"author\" content=\"Andreas Brunner\" \/>\n<meta name=\"twitter:card\" content=\"summary_large_image\" \/>\n<meta name=\"twitter:label1\" content=\"Written by\" \/>\n\t<meta name=\"twitter:data1\" content=\"Andreas Brunner\" \/>\n\t<meta name=\"twitter:label2\" content=\"Est. reading time\" \/>\n\t<meta name=\"twitter:data2\" content=\"2 minutes\" \/>\n<script type=\"application\/ld+json\" class=\"yoast-schema-graph\">{\"@context\":\"https:\\\/\\\/schema.org\",\"@graph\":[{\"@type\":[\"Article\",\"BlogPosting\"],\"@id\":\"https:\\\/\\\/www.qwien.at\\\/en\\\/qwien-books\\\/alter-und-altern-bei-homosexuellen\\\/#article\",\"isPartOf\":{\"@id\":\"https:\\\/\\\/www.qwien.at\\\/en\\\/qwien-books\\\/alter-und-altern-bei-homosexuellen\\\/\"},\"author\":{\"name\":\"Andreas Brunner\",\"@id\":\"https:\\\/\\\/www.qwien.at\\\/en\\\/#\\\/schema\\\/person\\\/d3fe9114b43d8e5a558a6d20ca3e2920\"},\"headline\":\"Alter und Altern bei Homosexuellen\",\"datePublished\":\"2025-07-15T19:37:09+00:00\",\"mainEntityOfPage\":{\"@id\":\"https:\\\/\\\/www.qwien.at\\\/en\\\/qwien-books\\\/alter-und-altern-bei-homosexuellen\\\/\"},\"wordCount\":362,\"publisher\":{\"@id\":\"https:\\\/\\\/www.qwien.at\\\/en\\\/#organization\"},\"articleSection\":[\"Books\",\"Literature archive\"],\"inLanguage\":\"en-US\"},{\"@type\":\"WebPage\",\"@id\":\"https:\\\/\\\/www.qwien.at\\\/en\\\/qwien-books\\\/alter-und-altern-bei-homosexuellen\\\/\",\"url\":\"https:\\\/\\\/www.qwien.at\\\/en\\\/qwien-books\\\/alter-und-altern-bei-homosexuellen\\\/\",\"name\":\"Alter und Altern bei Homosexuellen - Blog - Qwien - Zentrum f\u00fcr queere Geschichte\",\"isPartOf\":{\"@id\":\"https:\\\/\\\/www.qwien.at\\\/en\\\/#website\"},\"datePublished\":\"2025-07-15T19:37:09+00:00\",\"breadcrumb\":{\"@id\":\"https:\\\/\\\/www.qwien.at\\\/en\\\/qwien-books\\\/alter-und-altern-bei-homosexuellen\\\/#breadcrumb\"},\"inLanguage\":\"en-US\",\"potentialAction\":[{\"@type\":\"ReadAction\",\"target\":[\"https:\\\/\\\/www.qwien.at\\\/en\\\/qwien-books\\\/alter-und-altern-bei-homosexuellen\\\/\"]}]},{\"@type\":\"BreadcrumbList\",\"@id\":\"https:\\\/\\\/www.qwien.at\\\/en\\\/qwien-books\\\/alter-und-altern-bei-homosexuellen\\\/#breadcrumb\",\"itemListElement\":[{\"@type\":\"ListItem\",\"position\":1,\"name\":\"Startseite\",\"item\":\"https:\\\/\\\/www.qwien.at\\\/en\\\/\"},{\"@type\":\"ListItem\",\"position\":2,\"name\":\"Alter und Altern bei Homosexuellen\"}]},{\"@type\":\"WebSite\",\"@id\":\"https:\\\/\\\/www.qwien.at\\\/en\\\/#website\",\"url\":\"https:\\\/\\\/www.qwien.at\\\/en\\\/\",\"name\":\"Qwien - Zentrum f\u00fcr queere Geschichte\",\"description\":\"\",\"publisher\":{\"@id\":\"https:\\\/\\\/www.qwien.at\\\/en\\\/#organization\"},\"potentialAction\":[{\"@type\":\"SearchAction\",\"target\":{\"@type\":\"EntryPoint\",\"urlTemplate\":\"https:\\\/\\\/www.qwien.at\\\/en\\\/?s={search_term_string}\"},\"query-input\":{\"@type\":\"PropertyValueSpecification\",\"valueRequired\":true,\"valueName\":\"search_term_string\"}}],\"inLanguage\":\"en-US\"},{\"@type\":\"Organization\",\"@id\":\"https:\\\/\\\/www.qwien.at\\\/en\\\/#organization\",\"name\":\"Qwien\",\"url\":\"https:\\\/\\\/www.qwien.at\\\/en\\\/\",\"logo\":{\"@type\":\"ImageObject\",\"inLanguage\":\"en-US\",\"@id\":\"https:\\\/\\\/www.qwien.at\\\/en\\\/#\\\/schema\\\/logo\\\/image\\\/\",\"url\":\"https:\\\/\\\/www.qwien.at\\\/wp-content\\\/uploads\\\/2025\\\/06\\\/seo-yoast-2.png\",\"contentUrl\":\"https:\\\/\\\/www.qwien.at\\\/wp-content\\\/uploads\\\/2025\\\/06\\\/seo-yoast-2.png\",\"width\":697,\"height\":697,\"caption\":\"Qwien\"},\"image\":{\"@id\":\"https:\\\/\\\/www.qwien.at\\\/en\\\/#\\\/schema\\\/logo\\\/image\\\/\"},\"sameAs\":[\"https:\\\/\\\/www.instagram.com\\\/qwien.zentrum\\\/\"]},{\"@type\":\"Person\",\"@id\":\"https:\\\/\\\/www.qwien.at\\\/en\\\/#\\\/schema\\\/person\\\/d3fe9114b43d8e5a558a6d20ca3e2920\",\"name\":\"Andreas Brunner\"}]}<\/script>\n<!-- \/ Yoast SEO plugin. -->","yoast_head_json":{"title":"Alter und Altern bei Homosexuellen - Blog - Qwien - Zentrum f\u00fcr queere Geschichte","robots":{"index":"index","follow":"follow","max-snippet":"max-snippet:-1","max-image-preview":"max-image-preview:large","max-video-preview":"max-video-preview:-1"},"canonical":"https:\/\/www.qwien.at\/en\/qwien-books\/alter-und-altern-bei-homosexuellen\/","og_locale":"en_US","og_type":"article","og_title":"Alter und Altern bei Homosexuellen - Blog - Qwien - Zentrum f\u00fcr queere Geschichte","og_url":"https:\/\/www.qwien.at\/en\/qwien-books\/alter-und-altern-bei-homosexuellen\/","og_site_name":"Qwien - Zentrum f\u00fcr queere Geschichte","article_published_time":"2025-07-15T19:37:09+00:00","og_image":[{"width":1921,"height":1081,"url":"https:\/\/www.qwien.at\/wp-content\/uploads\/2025\/06\/seo-yoast-1.png","type":"image\/png"}],"author":"Andreas Brunner","twitter_card":"summary_large_image","twitter_misc":{"Written by":"Andreas Brunner","Est. reading time":"2 minutes"},"schema":{"@context":"https:\/\/schema.org","@graph":[{"@type":["Article","BlogPosting"],"@id":"https:\/\/www.qwien.at\/en\/qwien-books\/alter-und-altern-bei-homosexuellen\/#article","isPartOf":{"@id":"https:\/\/www.qwien.at\/en\/qwien-books\/alter-und-altern-bei-homosexuellen\/"},"author":{"name":"Andreas Brunner","@id":"https:\/\/www.qwien.at\/en\/#\/schema\/person\/d3fe9114b43d8e5a558a6d20ca3e2920"},"headline":"Alter und Altern bei Homosexuellen","datePublished":"2025-07-15T19:37:09+00:00","mainEntityOfPage":{"@id":"https:\/\/www.qwien.at\/en\/qwien-books\/alter-und-altern-bei-homosexuellen\/"},"wordCount":362,"publisher":{"@id":"https:\/\/www.qwien.at\/en\/#organization"},"articleSection":["Books","Literature archive"],"inLanguage":"en-US"},{"@type":"WebPage","@id":"https:\/\/www.qwien.at\/en\/qwien-books\/alter-und-altern-bei-homosexuellen\/","url":"https:\/\/www.qwien.at\/en\/qwien-books\/alter-und-altern-bei-homosexuellen\/","name":"Alter und Altern bei Homosexuellen - Blog - Qwien - Zentrum f\u00fcr queere Geschichte","isPartOf":{"@id":"https:\/\/www.qwien.at\/en\/#website"},"datePublished":"2025-07-15T19:37:09+00:00","breadcrumb":{"@id":"https:\/\/www.qwien.at\/en\/qwien-books\/alter-und-altern-bei-homosexuellen\/#breadcrumb"},"inLanguage":"en-US","potentialAction":[{"@type":"ReadAction","target":["https:\/\/www.qwien.at\/en\/qwien-books\/alter-und-altern-bei-homosexuellen\/"]}]},{"@type":"BreadcrumbList","@id":"https:\/\/www.qwien.at\/en\/qwien-books\/alter-und-altern-bei-homosexuellen\/#breadcrumb","itemListElement":[{"@type":"ListItem","position":1,"name":"Startseite","item":"https:\/\/www.qwien.at\/en\/"},{"@type":"ListItem","position":2,"name":"Alter und Altern bei Homosexuellen"}]},{"@type":"WebSite","@id":"https:\/\/www.qwien.at\/en\/#website","url":"https:\/\/www.qwien.at\/en\/","name":"Qwien - Zentrum f\u00fcr queere Geschichte","description":"","publisher":{"@id":"https:\/\/www.qwien.at\/en\/#organization"},"potentialAction":[{"@type":"SearchAction","target":{"@type":"EntryPoint","urlTemplate":"https:\/\/www.qwien.at\/en\/?s={search_term_string}"},"query-input":{"@type":"PropertyValueSpecification","valueRequired":true,"valueName":"search_term_string"}}],"inLanguage":"en-US"},{"@type":"Organization","@id":"https:\/\/www.qwien.at\/en\/#organization","name":"Qwien","url":"https:\/\/www.qwien.at\/en\/","logo":{"@type":"ImageObject","inLanguage":"en-US","@id":"https:\/\/www.qwien.at\/en\/#\/schema\/logo\/image\/","url":"https:\/\/www.qwien.at\/wp-content\/uploads\/2025\/06\/seo-yoast-2.png","contentUrl":"https:\/\/www.qwien.at\/wp-content\/uploads\/2025\/06\/seo-yoast-2.png","width":697,"height":697,"caption":"Qwien"},"image":{"@id":"https:\/\/www.qwien.at\/en\/#\/schema\/logo\/image\/"},"sameAs":["https:\/\/www.instagram.com\/qwien.zentrum\/"]},{"@type":"Person","@id":"https:\/\/www.qwien.at\/en\/#\/schema\/person\/d3fe9114b43d8e5a558a6d20ca3e2920","name":"Andreas Brunner"}]}},"_links":{"self":[{"href":"https:\/\/www.qwien.at\/en\/wp-json\/wp\/v2\/posts\/11097","targetHints":{"allow":["GET"]}}],"collection":[{"href":"https:\/\/www.qwien.at\/en\/wp-json\/wp\/v2\/posts"}],"about":[{"href":"https:\/\/www.qwien.at\/en\/wp-json\/wp\/v2\/types\/post"}],"author":[{"embeddable":true,"href":"https:\/\/www.qwien.at\/en\/wp-json\/wp\/v2\/users\/4"}],"replies":[{"embeddable":true,"href":"https:\/\/www.qwien.at\/en\/wp-json\/wp\/v2\/comments?post=11097"}],"version-history":[{"count":0,"href":"https:\/\/www.qwien.at\/en\/wp-json\/wp\/v2\/posts\/11097\/revisions"}],"wp:attachment":[{"href":"https:\/\/www.qwien.at\/en\/wp-json\/wp\/v2\/media?parent=11097"}],"wp:term":[{"taxonomy":"category","embeddable":true,"href":"https:\/\/www.qwien.at\/en\/wp-json\/wp\/v2\/categories?post=11097"},{"taxonomy":"post_tag","embeddable":true,"href":"https:\/\/www.qwien.at\/en\/wp-json\/wp\/v2\/tags?post=11097"}],"curies":[{"name":"wp","href":"https:\/\/api.w.org\/{rel}","templated":true}]}}