{"id":11103,"date":"2025-07-15T21:37:09","date_gmt":"2025-07-15T19:37:09","guid":{"rendered":"https:\/\/www.qwien.at\/nicht-kategorisiert\/digitale-erinnerungskultur-in-wien-memory-gaps-von-konstanze-seiler\/"},"modified":"2025-07-15T21:37:09","modified_gmt":"2025-07-15T19:37:09","slug":"digitale-erinnerungskultur-in-wien-memory-gaps-von-konstanze-seiler","status":"publish","type":"post","link":"https:\/\/www.qwien.at\/en\/qwien-tipp\/digitale-erinnerungskultur-in-wien-memory-gaps-von-konstanze-seiler\/","title":{"rendered":"Digitale Erinnerungskultur in Wien: &quot;Memory Gaps&quot; von Konstanze Sailer"},"content":{"rendered":"<p><em>Die bildende K\u00fcnstlerin Konstanze Sailer weist\u00a0von\u00a0April bis Dezember 2015 Erinnerungsl\u00fccken (&#8220;Memory Gaps&#8221;) im Wiener Ged\u00e4chtnis und Gedenken an die Opfer des Nationalsozialismus aus. In der Verschr\u00e4nkung von digitaler und analoger Pr\u00e4senz, historischer und aktueller Relevanz nutzt sie traditionelle und zeitgen\u00f6ssische Werkzeuge der Ged\u00e4chtniskultur und nutzt\u00a0den \u00f6ffentlich-virtuellen Raum, um den \u00f6ffentlich-realen Raum zu erg\u00e4nzen und zu erweitern. (Zur Kunst-Aktion\u00a0&#8220;Memory Gaps&#8221;\u00a0geht es <a href=\"http:\/\/www.memorygaps.eu\/\" target=\"_blank\" rel=\"noopener noreferrer\">hier<\/a>.)<\/em><br \/>\n<div id=\"attachment_3574\" style=\"width: 222px\" class=\"wp-caption alignleft\"><a href=\"https:\/\/www.qwien.at\/wp-content\/uploads\/2015\/08\/kontanzeseiler_blauerwinkel-212x300.jpg\"><img loading=\"lazy\" decoding=\"async\" aria-describedby=\"caption-attachment-3574\" class=\"size-medium wp-image-3574\" src=\"https:\/\/www.qwien.at\/wp-content\/uploads\/2015\/08\/kontanzeseiler_blauerwinkel-212x300.jpg\" alt=\"Konstanze Seiler, &quot;Aufschrei 23:38 Uhr&quot;, 2015, 48 x 36cm [&quot;Blauer Winkel&quot;]\" width=\"212\" height=\"300\" srcset=\"https:\/\/www.qwien.at\/wp-content\/uploads\/2015\/08\/kontanzeseiler_blauerwinkel-212x300.jpg 212w, https:\/\/www.qwien.at\/wp-content\/uploads\/2015\/08\/kontanzeseiler_blauerwinkel.jpg 256w\" sizes=\"auto, (max-width: 212px) 100vw, 212px\" \/><\/a><p id=\"caption-attachment-3574\" class=\"wp-caption-text\">Konstanze Sailer, &#8220;Aufschrei 23:38 Uhr&#8221;, 2015, 48 x 36cm [&#8220;Blauer Winkel&#8221;]<\/p><\/div>Noch einige Jahrzehnte werden ins Land gehen, bis unsere\u00a0Gesellschaft ganz selbstverst\u00e4ndlich den digitalen Raum (&#8220;das Internet&#8221;) als Teil des\u00a0\u00f6ffentlichen und halb-\u00f6ffentlichen, privaten Raumerlebens wahrnimmt und nicht mehr zwei verschiedene Sph\u00e4ren wahrnimmt. Gerade traditionelles Kunstgeschehen, das sich nicht ausdr\u00fccklich als &#8220;digital&#8221; bezeichnet, steht &#8220;dem Internet&#8221; als Teil des \u00f6ffentlichen Raumes nach wie vor vielfach skeptisch bis ablehnend gegen\u00fcber. Da\u00df die Alltagskultur diesen nicht mehr ganz so neuen Raum schon l\u00e4ngst f\u00fcr sich entdeckt und quer durch alle Alters- und Bev\u00f6lkerungsgruppen in das eigene, nicht nur soziale Leben integriert hat,\u00a0ist hingegen offensichtlich. Auch wenn wir es gegenw\u00e4rtig meistens\u00a0verdr\u00e4ngen, ist die Endlichkeit unseres individuellen Lebens, also der Tod des Menschen, auch Teil des Lebens &#8211; und damit auch Teil des digitalen Lebens. Nicht nur rein praktische und rechtliche Fragen wie &#8220;Was passiert nach meinem Tod mit den\u00a0erworbenen Nutzungsrechten und Zug\u00e4ngen?&#8221; stellen sich uns, sondern auch, was mit unserem digitalen Nachla\u00df\u00a0passiert, also unseren Profilen in den Sozialen Netzwerken, unseren Bild-, Video- und Tonbibliotheken. Und schlie\u00dflich: Nur durch Erinnern k\u00f6nnen wir uns ein wenig gegen den Flu\u00df der Zeit stemmen, der Begrenztheit unseres eigenen Lebens &#8220;ein Schnippchen schlagen&#8221; und so ist\u00a0der digitale Raum nicht nur ein Archiv f\u00fcr <a href=\"http:\/\/www.qwien.at\/?page_id=1040\" target=\"_blank\" rel=\"noopener noreferrer\">historische Informationen<\/a>, sondern auch ein Ort, an dem Menschen anderer Menschen gedenken k\u00f6nnen (vgl. Christine Mielke, Mediale Erinnerungskultur. Totengedenken im Internet &#8211; privat und prominent, in: Knud B\u00f6hle u.a. (Hg.) Computertechnik und Sterbekultur, Berlin 2014; auch\u00a0<a href=\"http:\/\/www.theomag.de\/59\/cbz1.htm\" target=\"_blank\" rel=\"noopener noreferrer\">hier<\/a> und <a href=\"http:\/\/www.mz-web.de\/panorama\/totengedenken-immer-mehr-menschen-trauern-digital-um-ihre-angehoerigen,20642226,21202500.html\" target=\"_blank\" rel=\"noopener noreferrer\">hier<\/a>\u00a0usw.).<br \/>\nEs ist konsequent weitergedacht, auch eine\u00a0politisch motivierte und damit gesellschaftlich relevante (personale) Ged\u00e4chtniskultur zu entwickeln. <a href=\"http:\/\/www.konstanzesailer.com\/\" target=\"_blank\" rel=\"noopener noreferrer\">Konstanze Sailer<\/a>\u00a0(Jahrgang 1965) thematisiert in ihrem Zyklus <a href=\"http:\/\/www.memorygaps.eu\/\" target=\"_blank\" rel=\"noopener noreferrer\">&#8220;Memory Gaps&#8221; (Erinnerungsl\u00fccken)<\/a>\u00a0einerseits unterschiedlichen Menschengruppen, die der nationalsozialistischen Ideologie und Gewaltherrschaft zum Opfer fielen und setzt sich damit ab von der h\u00e4ufigen Praxis, je Mahnmal (&#8220;Ged\u00e4chtnisobjekt&#8221;) nur einer verfolgten und geschundenen Gruppe von Menschen zu gedenken und an deren Leiden zu erinnern. So naheliegend und verst\u00e4ndlich aus der Perspektive von\u00a0\u00dcberlebenden und Hinterbliebenen diese Praxis ist, schreibt sie doch selbst die Kategorisierung des Gewaltregimes fort, wie sie sich in den verschiedenen &#8220;Winkel&#8221;-Farben \u00e4u\u00dferte, mit denen die H\u00e4ftlinge in den Konzentrationslagern &#8220;etikettiert&#8221; wurden. Die realen &#8220;Objekte&#8221; der Aktion, Zeichnungen in Tusche auf Papier, stellen in auf\u00a0die &#8220;Winkel&#8221; verweisende Farbe im\u00a0Schrei aufgerissene M\u00fcnder (Kiefer) dar und repr\u00e4sentieren damit jeweils eine der\u00a0verschiedenen Opfergruppen.\u00a0Eine zweite Bedeutungsebene hebt die Ent-Pers\u00f6nlichung der &#8220;Winkel&#8221;-Farben und ihrer Gruppenzuschreibung auf,\u00a0nennt die\u00a0Opfer beim Namen und stellt\u00a0sie und ihre Leidensgeschichte damit unserem gemeinsamen\u00a0Ged\u00e4chtnis anheim.<br \/>\n<div id=\"attachment_3575\" style=\"width: 220px\" class=\"wp-caption alignright\"><a href=\"https:\/\/www.qwien.at\/wp-content\/uploads\/2015\/08\/kontanzeseiler_rosawinkel-210x300.jpg\"><img loading=\"lazy\" decoding=\"async\" aria-describedby=\"caption-attachment-3575\" class=\"size-medium wp-image-3575\" src=\"https:\/\/www.qwien.at\/wp-content\/uploads\/2015\/08\/kontanzeseiler_rosawinkel-210x300.jpg\" alt=\"Konstanze Seiler. &quot;Schrei 08:16 Uhr&quot;, 2015, 48 x 36cm [&quot;Rosa Winkel&quot;]\" width=\"210\" height=\"300\" srcset=\"https:\/\/www.qwien.at\/wp-content\/uploads\/2015\/08\/kontanzeseiler_rosawinkel-210x300.jpg 210w, https:\/\/www.qwien.at\/wp-content\/uploads\/2015\/08\/kontanzeseiler_rosawinkel.jpg 256w\" sizes=\"auto, (max-width: 210px) 100vw, 210px\" \/><\/a><p id=\"caption-attachment-3575\" class=\"wp-caption-text\">Konstanze Sailer, &#8220;Schrei 08:16 Uhr&#8221;, 2015, 48 x 36cm [&#8220;Rosa Winkel&#8221;]<\/p><\/div>Die dritte Ebene der Kunst-Aktion verweist auf\u00a0aktuelle Wiener Diskurse der Ged\u00e4chtniskultur, das Ged\u00e4chtnis im (realen) \u00f6ffentlichen Raum. Zwischen 2011 und 2013 hat eine historisch-wissenschaftliche <a href=\"https:\/\/www.wien.gv.at\/kultur\/strassennamen\/strassennamenpruefung.html\" target=\"_blank\" rel=\"noopener noreferrer\">Kommission<\/a> im Auftrag der Stadt Wien die Namensgebung\u00a0von Gassen und Platzen untersucht und hinsichtlich bestimmter sog. &#8220;demokratiepolitischer&#8221; Kriterien eingestuft. In der Folge wurde und wird die Umbenennung von\u00a0Verkehrsfl\u00e4chen in Wien breit diskutiert und einzelne Neubenennungen bereits durchgef\u00fchrt, wie 2012 der neue &#8220;Universit\u00e4tsring&#8221;. Aber auch die neu anzulegende Stra\u00dfen und Pl\u00e4tze oder neue Wege(-Abschnitte) und Br\u00fccken in Wien m\u00fcssen benannt werden. Konstanze Sailer stellt darum &#8211; &#8220;proaktiv&#8221;\u00a0&#8211;\u00a0jedes Monat eine Serie von Grafiken in einer Galerie aus, die in einer Gasse liegt, die es eigentlich nicht gibt, aber geben <em>m\u00fc\u00dfte<\/em>.<br \/>\nBenannt ist die Gasse, in der die (nur virtuell existierende) Galerie liegt, nach jenem Menschen, dem die Serie\u00a0des jeweiligen Monats gewidmet ist: So war im Juli 2015 der <a href=\"http:\/\/www.memorygaps.eu\/gap-juli-2015\/\" target=\"_blank\" rel=\"noopener noreferrer\">&#8220;Blaue Winkel&#8221; in der\u00a0Malva Schalek-Gasse 45<\/a> im 23. Bezirk zu sehen, in ehrender Erinnerung an die am\u00a04. M\u00e4rz 1945 im KL\u00a0Auschwitz ermordete\u00a0\u00f6sterreichisch-j\u00fcdische Malerin. 1942 nach\u00a0Theresienstadt deportiert, malte sie dort heimlich Alltagsszenen und als sie sich weigerte, einen NS-Arzt zu portr\u00e4tieren, wurde sie daraufhin nach Auschwitz verlegt und dort get\u00f6tet. Der Monat Mai stand (und steht) im Zeichen Paul Schieberles (Wien 1896 &#8211; Dachau 1942), einem der vielen homosexuellen M\u00e4nner, die der faschistischen Ideologie des &#8220;Heilen oder Vernichten&#8221; zum Opfer fielen. (Alle Menschen und Orte in \u00dcbersicht <a href=\"http:\/\/www.memorygaps.eu\/\" target=\"_blank\" rel=\"noopener noreferrer\">hier<\/a>.) Gleichzeitig, aber nicht raumgreifend zeigt die K\u00fcnstlerin der zugeh\u00f6rigen Objekte-Beschreibung auf jene Fl\u00e4chen, die nach wie vor nach Menschen benannt sind, die vom Gewaltregime profitierten, es indirekt oder\u00a0sogar direkt unterst\u00fctzten. Womit nicht nur unsere Erinnerungsl\u00fccken, sondern auch unsere &#8220;blinden Flecken&#8221; aufgedeckt werden.<\/p>\n","protected":false},"excerpt":{"rendered":"<p>\t\t\t\t<![CDATA[]]>\t\t<\/p>\n","protected":false},"author":4,"featured_media":0,"comment_status":"closed","ping_status":"open","sticky":false,"template":"","format":"standard","meta":{"_acf_changed":false,"footnotes":""},"categories":[275,276],"tags":[],"class_list":["post-11103","post","type-post","status-publish","format-standard","hentry","category-qwien-tipp","category-webarchive","grve-entry-item","grve-blog-item"],"acf":[],"yoast_head":"<!-- This site is optimized with the Yoast SEO plugin v27.5 - https:\/\/yoast.com\/product\/yoast-seo-wordpress\/ -->\n<title>Digitale Erinnerungskultur in Wien: &quot;Memory Gaps&quot; von Konstanze Sailer - Blog - Qwien - Zentrum f\u00fcr queere Geschichte<\/title>\n<meta name=\"robots\" content=\"index, follow, max-snippet:-1, max-image-preview:large, max-video-preview:-1\" \/>\n<link rel=\"canonical\" href=\"https:\/\/www.qwien.at\/en\/qwien-tipp\/digitale-erinnerungskultur-in-wien-memory-gaps-von-konstanze-seiler\/\" \/>\n<meta property=\"og:locale\" content=\"en_US\" \/>\n<meta property=\"og:type\" content=\"article\" \/>\n<meta property=\"og:title\" content=\"Digitale Erinnerungskultur in Wien: &quot;Memory Gaps&quot; von Konstanze Sailer - Blog - Qwien - Zentrum f\u00fcr queere Geschichte\" \/>\n<meta property=\"og:url\" content=\"https:\/\/www.qwien.at\/en\/qwien-tipp\/digitale-erinnerungskultur-in-wien-memory-gaps-von-konstanze-seiler\/\" \/>\n<meta property=\"og:site_name\" content=\"Qwien - Zentrum f\u00fcr queere Geschichte\" \/>\n<meta property=\"article:published_time\" content=\"2025-07-15T19:37:09+00:00\" \/>\n<meta property=\"og:image\" content=\"https:\/\/www.qwien.at\/wp-content\/uploads\/2015\/08\/kontanzeseiler_blauerwinkel.jpg\" \/>\n\t<meta property=\"og:image:width\" content=\"256\" \/>\n\t<meta property=\"og:image:height\" content=\"363\" \/>\n\t<meta property=\"og:image:type\" content=\"image\/jpeg\" \/>\n<meta name=\"author\" content=\"Andreas Brunner\" \/>\n<meta name=\"twitter:card\" content=\"summary_large_image\" \/>\n<meta name=\"twitter:label1\" content=\"Written by\" \/>\n\t<meta name=\"twitter:data1\" content=\"Andreas Brunner\" \/>\n\t<meta name=\"twitter:label2\" content=\"Est. reading time\" \/>\n\t<meta name=\"twitter:data2\" content=\"4 minutes\" \/>\n<script type=\"application\/ld+json\" class=\"yoast-schema-graph\">{\"@context\":\"https:\\\/\\\/schema.org\",\"@graph\":[{\"@type\":[\"Article\",\"BlogPosting\"],\"@id\":\"https:\\\/\\\/www.qwien.at\\\/en\\\/qwien-tipp\\\/digitale-erinnerungskultur-in-wien-memory-gaps-von-konstanze-seiler\\\/#article\",\"isPartOf\":{\"@id\":\"https:\\\/\\\/www.qwien.at\\\/en\\\/qwien-tipp\\\/digitale-erinnerungskultur-in-wien-memory-gaps-von-konstanze-seiler\\\/\"},\"author\":{\"name\":\"Andreas Brunner\",\"@id\":\"https:\\\/\\\/www.qwien.at\\\/en\\\/#\\\/schema\\\/person\\\/d3fe9114b43d8e5a558a6d20ca3e2920\"},\"headline\":\"Digitale Erinnerungskultur in Wien: &quot;Memory Gaps&quot; von Konstanze Sailer\",\"datePublished\":\"2025-07-15T19:37:09+00:00\",\"mainEntityOfPage\":{\"@id\":\"https:\\\/\\\/www.qwien.at\\\/en\\\/qwien-tipp\\\/digitale-erinnerungskultur-in-wien-memory-gaps-von-konstanze-seiler\\\/\"},\"wordCount\":839,\"publisher\":{\"@id\":\"https:\\\/\\\/www.qwien.at\\\/en\\\/#organization\"},\"image\":{\"@id\":\"https:\\\/\\\/www.qwien.at\\\/en\\\/qwien-tipp\\\/digitale-erinnerungskultur-in-wien-memory-gaps-von-konstanze-seiler\\\/#primaryimage\"},\"thumbnailUrl\":\"https:\\\/\\\/www.qwien.at\\\/wp-content\\\/uploads\\\/2015\\\/08\\\/kontanzeseiler_blauerwinkel-212x300.jpg\",\"articleSection\":[\"Tipp\",\"Webarchiv\"],\"inLanguage\":\"en-US\"},{\"@type\":\"WebPage\",\"@id\":\"https:\\\/\\\/www.qwien.at\\\/en\\\/qwien-tipp\\\/digitale-erinnerungskultur-in-wien-memory-gaps-von-konstanze-seiler\\\/\",\"url\":\"https:\\\/\\\/www.qwien.at\\\/en\\\/qwien-tipp\\\/digitale-erinnerungskultur-in-wien-memory-gaps-von-konstanze-seiler\\\/\",\"name\":\"Digitale Erinnerungskultur in Wien: &quot;Memory Gaps&quot; von Konstanze Sailer - Blog - Qwien - Zentrum f\u00fcr queere Geschichte\",\"isPartOf\":{\"@id\":\"https:\\\/\\\/www.qwien.at\\\/en\\\/#website\"},\"primaryImageOfPage\":{\"@id\":\"https:\\\/\\\/www.qwien.at\\\/en\\\/qwien-tipp\\\/digitale-erinnerungskultur-in-wien-memory-gaps-von-konstanze-seiler\\\/#primaryimage\"},\"image\":{\"@id\":\"https:\\\/\\\/www.qwien.at\\\/en\\\/qwien-tipp\\\/digitale-erinnerungskultur-in-wien-memory-gaps-von-konstanze-seiler\\\/#primaryimage\"},\"thumbnailUrl\":\"https:\\\/\\\/www.qwien.at\\\/wp-content\\\/uploads\\\/2015\\\/08\\\/kontanzeseiler_blauerwinkel-212x300.jpg\",\"datePublished\":\"2025-07-15T19:37:09+00:00\",\"breadcrumb\":{\"@id\":\"https:\\\/\\\/www.qwien.at\\\/en\\\/qwien-tipp\\\/digitale-erinnerungskultur-in-wien-memory-gaps-von-konstanze-seiler\\\/#breadcrumb\"},\"inLanguage\":\"en-US\",\"potentialAction\":[{\"@type\":\"ReadAction\",\"target\":[\"https:\\\/\\\/www.qwien.at\\\/en\\\/qwien-tipp\\\/digitale-erinnerungskultur-in-wien-memory-gaps-von-konstanze-seiler\\\/\"]}]},{\"@type\":\"ImageObject\",\"inLanguage\":\"en-US\",\"@id\":\"https:\\\/\\\/www.qwien.at\\\/en\\\/qwien-tipp\\\/digitale-erinnerungskultur-in-wien-memory-gaps-von-konstanze-seiler\\\/#primaryimage\",\"url\":\"https:\\\/\\\/www.qwien.at\\\/wp-content\\\/uploads\\\/2015\\\/08\\\/kontanzeseiler_blauerwinkel-212x300.jpg\",\"contentUrl\":\"https:\\\/\\\/www.qwien.at\\\/wp-content\\\/uploads\\\/2015\\\/08\\\/kontanzeseiler_blauerwinkel-212x300.jpg\"},{\"@type\":\"BreadcrumbList\",\"@id\":\"https:\\\/\\\/www.qwien.at\\\/en\\\/qwien-tipp\\\/digitale-erinnerungskultur-in-wien-memory-gaps-von-konstanze-seiler\\\/#breadcrumb\",\"itemListElement\":[{\"@type\":\"ListItem\",\"position\":1,\"name\":\"Startseite\",\"item\":\"https:\\\/\\\/www.qwien.at\\\/en\\\/\"},{\"@type\":\"ListItem\",\"position\":2,\"name\":\"Digitale Erinnerungskultur in Wien: &quot;Memory Gaps&quot; von Konstanze Sailer\"}]},{\"@type\":\"WebSite\",\"@id\":\"https:\\\/\\\/www.qwien.at\\\/en\\\/#website\",\"url\":\"https:\\\/\\\/www.qwien.at\\\/en\\\/\",\"name\":\"Qwien - Zentrum f\u00fcr queere Geschichte\",\"description\":\"\",\"publisher\":{\"@id\":\"https:\\\/\\\/www.qwien.at\\\/en\\\/#organization\"},\"potentialAction\":[{\"@type\":\"SearchAction\",\"target\":{\"@type\":\"EntryPoint\",\"urlTemplate\":\"https:\\\/\\\/www.qwien.at\\\/en\\\/?s={search_term_string}\"},\"query-input\":{\"@type\":\"PropertyValueSpecification\",\"valueRequired\":true,\"valueName\":\"search_term_string\"}}],\"inLanguage\":\"en-US\"},{\"@type\":\"Organization\",\"@id\":\"https:\\\/\\\/www.qwien.at\\\/en\\\/#organization\",\"name\":\"Qwien\",\"url\":\"https:\\\/\\\/www.qwien.at\\\/en\\\/\",\"logo\":{\"@type\":\"ImageObject\",\"inLanguage\":\"en-US\",\"@id\":\"https:\\\/\\\/www.qwien.at\\\/en\\\/#\\\/schema\\\/logo\\\/image\\\/\",\"url\":\"https:\\\/\\\/www.qwien.at\\\/wp-content\\\/uploads\\\/2025\\\/06\\\/seo-yoast-2.png\",\"contentUrl\":\"https:\\\/\\\/www.qwien.at\\\/wp-content\\\/uploads\\\/2025\\\/06\\\/seo-yoast-2.png\",\"width\":697,\"height\":697,\"caption\":\"Qwien\"},\"image\":{\"@id\":\"https:\\\/\\\/www.qwien.at\\\/en\\\/#\\\/schema\\\/logo\\\/image\\\/\"},\"sameAs\":[\"https:\\\/\\\/www.instagram.com\\\/qwien.zentrum\\\/\"]},{\"@type\":\"Person\",\"@id\":\"https:\\\/\\\/www.qwien.at\\\/en\\\/#\\\/schema\\\/person\\\/d3fe9114b43d8e5a558a6d20ca3e2920\",\"name\":\"Andreas Brunner\"}]}<\/script>\n<!-- \/ Yoast SEO plugin. -->","yoast_head_json":{"title":"Digitale Erinnerungskultur in Wien: &quot;Memory Gaps&quot; von Konstanze Sailer - Blog - Qwien - Zentrum f\u00fcr queere Geschichte","robots":{"index":"index","follow":"follow","max-snippet":"max-snippet:-1","max-image-preview":"max-image-preview:large","max-video-preview":"max-video-preview:-1"},"canonical":"https:\/\/www.qwien.at\/en\/qwien-tipp\/digitale-erinnerungskultur-in-wien-memory-gaps-von-konstanze-seiler\/","og_locale":"en_US","og_type":"article","og_title":"Digitale Erinnerungskultur in Wien: &quot;Memory Gaps&quot; von Konstanze Sailer - Blog - Qwien - Zentrum f\u00fcr queere Geschichte","og_url":"https:\/\/www.qwien.at\/en\/qwien-tipp\/digitale-erinnerungskultur-in-wien-memory-gaps-von-konstanze-seiler\/","og_site_name":"Qwien - Zentrum f\u00fcr queere Geschichte","article_published_time":"2025-07-15T19:37:09+00:00","og_image":[{"width":256,"height":363,"url":"https:\/\/www.qwien.at\/wp-content\/uploads\/2015\/08\/kontanzeseiler_blauerwinkel.jpg","type":"image\/jpeg"}],"author":"Andreas Brunner","twitter_card":"summary_large_image","twitter_misc":{"Written by":"Andreas Brunner","Est. reading time":"4 minutes"},"schema":{"@context":"https:\/\/schema.org","@graph":[{"@type":["Article","BlogPosting"],"@id":"https:\/\/www.qwien.at\/en\/qwien-tipp\/digitale-erinnerungskultur-in-wien-memory-gaps-von-konstanze-seiler\/#article","isPartOf":{"@id":"https:\/\/www.qwien.at\/en\/qwien-tipp\/digitale-erinnerungskultur-in-wien-memory-gaps-von-konstanze-seiler\/"},"author":{"name":"Andreas Brunner","@id":"https:\/\/www.qwien.at\/en\/#\/schema\/person\/d3fe9114b43d8e5a558a6d20ca3e2920"},"headline":"Digitale Erinnerungskultur in Wien: &quot;Memory Gaps&quot; von Konstanze Sailer","datePublished":"2025-07-15T19:37:09+00:00","mainEntityOfPage":{"@id":"https:\/\/www.qwien.at\/en\/qwien-tipp\/digitale-erinnerungskultur-in-wien-memory-gaps-von-konstanze-seiler\/"},"wordCount":839,"publisher":{"@id":"https:\/\/www.qwien.at\/en\/#organization"},"image":{"@id":"https:\/\/www.qwien.at\/en\/qwien-tipp\/digitale-erinnerungskultur-in-wien-memory-gaps-von-konstanze-seiler\/#primaryimage"},"thumbnailUrl":"https:\/\/www.qwien.at\/wp-content\/uploads\/2015\/08\/kontanzeseiler_blauerwinkel-212x300.jpg","articleSection":["Tipp","Webarchiv"],"inLanguage":"en-US"},{"@type":"WebPage","@id":"https:\/\/www.qwien.at\/en\/qwien-tipp\/digitale-erinnerungskultur-in-wien-memory-gaps-von-konstanze-seiler\/","url":"https:\/\/www.qwien.at\/en\/qwien-tipp\/digitale-erinnerungskultur-in-wien-memory-gaps-von-konstanze-seiler\/","name":"Digitale Erinnerungskultur in Wien: &quot;Memory Gaps&quot; von Konstanze Sailer - Blog - Qwien - Zentrum f\u00fcr queere Geschichte","isPartOf":{"@id":"https:\/\/www.qwien.at\/en\/#website"},"primaryImageOfPage":{"@id":"https:\/\/www.qwien.at\/en\/qwien-tipp\/digitale-erinnerungskultur-in-wien-memory-gaps-von-konstanze-seiler\/#primaryimage"},"image":{"@id":"https:\/\/www.qwien.at\/en\/qwien-tipp\/digitale-erinnerungskultur-in-wien-memory-gaps-von-konstanze-seiler\/#primaryimage"},"thumbnailUrl":"https:\/\/www.qwien.at\/wp-content\/uploads\/2015\/08\/kontanzeseiler_blauerwinkel-212x300.jpg","datePublished":"2025-07-15T19:37:09+00:00","breadcrumb":{"@id":"https:\/\/www.qwien.at\/en\/qwien-tipp\/digitale-erinnerungskultur-in-wien-memory-gaps-von-konstanze-seiler\/#breadcrumb"},"inLanguage":"en-US","potentialAction":[{"@type":"ReadAction","target":["https:\/\/www.qwien.at\/en\/qwien-tipp\/digitale-erinnerungskultur-in-wien-memory-gaps-von-konstanze-seiler\/"]}]},{"@type":"ImageObject","inLanguage":"en-US","@id":"https:\/\/www.qwien.at\/en\/qwien-tipp\/digitale-erinnerungskultur-in-wien-memory-gaps-von-konstanze-seiler\/#primaryimage","url":"https:\/\/www.qwien.at\/wp-content\/uploads\/2015\/08\/kontanzeseiler_blauerwinkel-212x300.jpg","contentUrl":"https:\/\/www.qwien.at\/wp-content\/uploads\/2015\/08\/kontanzeseiler_blauerwinkel-212x300.jpg"},{"@type":"BreadcrumbList","@id":"https:\/\/www.qwien.at\/en\/qwien-tipp\/digitale-erinnerungskultur-in-wien-memory-gaps-von-konstanze-seiler\/#breadcrumb","itemListElement":[{"@type":"ListItem","position":1,"name":"Startseite","item":"https:\/\/www.qwien.at\/en\/"},{"@type":"ListItem","position":2,"name":"Digitale Erinnerungskultur in Wien: &quot;Memory Gaps&quot; von Konstanze Sailer"}]},{"@type":"WebSite","@id":"https:\/\/www.qwien.at\/en\/#website","url":"https:\/\/www.qwien.at\/en\/","name":"Qwien - Zentrum f\u00fcr queere Geschichte","description":"","publisher":{"@id":"https:\/\/www.qwien.at\/en\/#organization"},"potentialAction":[{"@type":"SearchAction","target":{"@type":"EntryPoint","urlTemplate":"https:\/\/www.qwien.at\/en\/?s={search_term_string}"},"query-input":{"@type":"PropertyValueSpecification","valueRequired":true,"valueName":"search_term_string"}}],"inLanguage":"en-US"},{"@type":"Organization","@id":"https:\/\/www.qwien.at\/en\/#organization","name":"Qwien","url":"https:\/\/www.qwien.at\/en\/","logo":{"@type":"ImageObject","inLanguage":"en-US","@id":"https:\/\/www.qwien.at\/en\/#\/schema\/logo\/image\/","url":"https:\/\/www.qwien.at\/wp-content\/uploads\/2025\/06\/seo-yoast-2.png","contentUrl":"https:\/\/www.qwien.at\/wp-content\/uploads\/2025\/06\/seo-yoast-2.png","width":697,"height":697,"caption":"Qwien"},"image":{"@id":"https:\/\/www.qwien.at\/en\/#\/schema\/logo\/image\/"},"sameAs":["https:\/\/www.instagram.com\/qwien.zentrum\/"]},{"@type":"Person","@id":"https:\/\/www.qwien.at\/en\/#\/schema\/person\/d3fe9114b43d8e5a558a6d20ca3e2920","name":"Andreas Brunner"}]}},"_links":{"self":[{"href":"https:\/\/www.qwien.at\/en\/wp-json\/wp\/v2\/posts\/11103","targetHints":{"allow":["GET"]}}],"collection":[{"href":"https:\/\/www.qwien.at\/en\/wp-json\/wp\/v2\/posts"}],"about":[{"href":"https:\/\/www.qwien.at\/en\/wp-json\/wp\/v2\/types\/post"}],"author":[{"embeddable":true,"href":"https:\/\/www.qwien.at\/en\/wp-json\/wp\/v2\/users\/4"}],"replies":[{"embeddable":true,"href":"https:\/\/www.qwien.at\/en\/wp-json\/wp\/v2\/comments?post=11103"}],"version-history":[{"count":0,"href":"https:\/\/www.qwien.at\/en\/wp-json\/wp\/v2\/posts\/11103\/revisions"}],"wp:attachment":[{"href":"https:\/\/www.qwien.at\/en\/wp-json\/wp\/v2\/media?parent=11103"}],"wp:term":[{"taxonomy":"category","embeddable":true,"href":"https:\/\/www.qwien.at\/en\/wp-json\/wp\/v2\/categories?post=11103"},{"taxonomy":"post_tag","embeddable":true,"href":"https:\/\/www.qwien.at\/en\/wp-json\/wp\/v2\/tags?post=11103"}],"curies":[{"name":"wp","href":"https:\/\/api.w.org\/{rel}","templated":true}]}}