{"id":11104,"date":"2025-07-15T21:37:09","date_gmt":"2025-07-15T19:37:09","guid":{"rendered":"https:\/\/www.qwien.at\/nicht-kategorisiert\/gleichberechtigung-der-empfindungen\/"},"modified":"2025-07-15T21:37:09","modified_gmt":"2025-07-15T19:37:09","slug":"gleichberechtigung-der-empfindungen","status":"publish","type":"post","link":"https:\/\/www.qwien.at\/en\/qwien\/gleichberechtigung-der-empfindungen\/","title":{"rendered":"Gleichberechtigung der Empfindungen"},"content":{"rendered":"<p><em><strong>Zu Ehren ihres 80. Geburtstags laden die Wienbibliothek im Rathaus\u00a0und QWIEN die renommierte Literaturwissenschaftlerin Marita Keilson-Lauritz zu einem Vortrag \u00fcber den vergessenen Schriftsteller Eduard Kulke ein, der auch eine Wiederentdeckung f\u00fcr die queere Musik- und Literaturgeschichte ist.<\/strong><\/em><br \/>\n<div id=\"attachment_3587\" style=\"width: 220px\" class=\"wp-caption alignleft\"><a href=\"https:\/\/www.qwien.at\/wp-content\/uploads\/2015\/09\/kulke_archiv-der-Universit\u00e4t-Wien-210x300.jpg\"><img loading=\"lazy\" decoding=\"async\" aria-describedby=\"caption-attachment-3587\" class=\"wp-image-3587 size-medium\" src=\"https:\/\/www.qwien.at\/wp-content\/uploads\/2015\/09\/kulke_archiv-der-Universit\u00e4t-Wien-210x300.jpg\" alt=\"Eduard Kulke (c) Archiv der Universit\u00e4t Wien\" width=\"210\" height=\"300\" srcset=\"https:\/\/www.qwien.at\/wp-content\/uploads\/2015\/09\/kulke_archiv-der-Universit\u00e4t-Wien-210x300.jpg 210w, https:\/\/www.qwien.at\/wp-content\/uploads\/2015\/09\/kulke_archiv-der-Universit\u00e4t-Wien.jpg 336w\" sizes=\"auto, (max-width: 210px) 100vw, 210px\" \/><\/a><p id=\"caption-attachment-3587\" class=\"wp-caption-text\">Eduard Kulke (c) Archiv der Universit\u00e4t Wien<\/p><\/div><br \/>\nAls Eduard Kulke 1908 in einem Artikel im <em>Jahrbuch f\u00fcr sexuelle Zwischenstufen <\/em>vom Volkskundler und Sexualforscher Friedrich Salomo Krauss als \u201eUranier\u201c geoutet wurde, war er bereits \u00fcber zehn Jahre tot. Er war nach einer erfolgreichen Laufbahn als Schriftsteller, Musikkritiker und Philosoph 67-j\u00e4hrig in Wien gestorben und wurde im j\u00fcdischen Teil des Zentralfriedhofs beigesetzt. Krauss hatte Kulke noch pers\u00f6nlich kennengelernt, weil ihn der schwerkranke Schriftsteller mit der Herausgabe seiner Werke beauftragt hatte.<br \/>\nBekannt geworden war Kulke als Musikkritiker, gl\u00fchender Wagnerianer und Autor von Geschichten, die vornehmlich das Leben in der \u201ej\u00fcdischen \u201aGasse\u2018 meisterhaft evoziere\u201c, wie Marita Keilson-Lauritz in einem Aufsatz \u00fcber Kulke festhielt. Besonders deutliche Hinweise auf Homosexualit\u00e4t lassen sich in seinen literarischen Werke kaum finden, auch weil Krauss die aus dem Nachlass editierten um allzu deutliche Stellen gereinigt hatte (wie er zugab). Neben den starken, unabh\u00e4ngigen Frauen, die in vielen seiner Erz\u00e4hlungen im Mittelpunkt stehen, sind es eher ambivalente M\u00e4nnerfiguren, die den ihnen zugeschriebenen Rollenbildern nicht entsprechen, die Kulkes Werk so ungew\u00f6hnlich machen.<br \/>\n<div id=\"attachment_3588\" style=\"width: 210px\" class=\"wp-caption alignright\"><a href=\"https:\/\/www.qwien.at\/wp-content\/uploads\/2015\/09\/Keilson-200x300.jpg\"><img loading=\"lazy\" decoding=\"async\" aria-describedby=\"caption-attachment-3588\" class=\"size-medium wp-image-3588\" src=\"https:\/\/www.qwien.at\/wp-content\/uploads\/2015\/09\/Keilson-200x300.jpg\" alt=\"Marita Keilson-Lauritz (c) Manon van der Zwaal\" width=\"200\" height=\"300\" srcset=\"https:\/\/www.qwien.at\/wp-content\/uploads\/2015\/09\/Keilson-200x300.jpg 200w, https:\/\/www.qwien.at\/wp-content\/uploads\/2015\/09\/Keilson-768x1152.jpg 768w, https:\/\/www.qwien.at\/wp-content\/uploads\/2015\/09\/Keilson-682x1024.jpg 682w, https:\/\/www.qwien.at\/wp-content\/uploads\/2015\/09\/Keilson.jpg 823w\" sizes=\"auto, (max-width: 200px) 100vw, 200px\" \/><\/a><p id=\"caption-attachment-3588\" class=\"wp-caption-text\">Marita Keilson-Lauritz (c) Manon van der Zwaal<\/p><\/div><br \/>\nIn einem queeren Kontext am spannendsten ist die Figur des \u201eSchmul Mad\u201c, eines Jungen, dem \u201edie Sch\u00f6pfung [\u2026] die Gestalt des Mannes verlieh, w\u00e4hrend sie ihm die Neigungen des Weibes in die Brust pflanzte\u201c (Kulke). Doch ist der \u201eSchmul Mad\u201c nicht nur eine \u201esexuelle Zwischenstufe\u201c im Hirschfeld\u2019schen Sinn, \u201enicht nur eine zwischen den Geschlechtern, sondern zugleich eine zwischen den Kulturen\u201c, wie Keilson-Lauritz festh\u00e4lt, weil sein weibliches Verhalten einen Tabubruch innerhalb der engen Welt des j\u00fcdischen \u201eGettos\u201c darstellte.<br \/>\nDer Titel des Vortrags von Marita Keilson-Lauritz \u201eEduard Kulke und die Gleichberechtigung der Empfindungen\u201c bezieht sich auf dessen ebenfalls erst aus dem Nachlass editiertes Hauptwerk <em>Kritik der Philosophie des Sch\u00f6nen<\/em>, zu dem der Physiker und Philosoph Ernst Mach, mit dem Kulke lange befreundet war, eine biografische Skizze beitrug. Kulke postulierte darin den Primat der \u201eeigenen inneren Erlebnisse\u201c als Ma\u00dfstab einer \u00e4sthetischen Beurteilung gegen\u00fcber einem \u201ePrinzip der Majorit\u00e4t\u201c in diesen Fragen. Mit seinem \u201ePrinzip der Individualit\u00e4t\u201c als Gegenpol \u00f6ffnete Kulke \u201edie T\u00fcr f\u00fcr diverse Minderheitenstandpunkte in Fragen der \u00c4sthetik\u201c (Keilson-Lauritz). Schon Krauss stellte Kulkes \u201eGleichberechtigung der Empfindungen\u201c wohl zu Recht, wie Keilson-Lauritz festh\u00e4lt, \u201eals philosophisch-\u00e4sthetisches Pendant zu den naturwissenschaftlich begr\u00fcndeten emanzipativen Bem\u00fchungen des Jahrbuchs\u201c von Magnus Hirschfeld dar.<br \/>\n<a href=\"https:\/\/www.qwien.at\/wp-content\/uploads\/2015\/09\/Keilson-Kentaurenliebe-210x300.jpg\"><img loading=\"lazy\" decoding=\"async\" class=\"alignleft wp-image-3586 size-medium\" src=\"https:\/\/www.qwien.at\/wp-content\/uploads\/2015\/09\/Keilson-Kentaurenliebe-210x300.jpg\" alt=\"Keilson Kentaurenliebe\" width=\"210\" height=\"300\" srcset=\"https:\/\/www.qwien.at\/wp-content\/uploads\/2015\/09\/Keilson-Kentaurenliebe-210x300.jpg 210w, https:\/\/www.qwien.at\/wp-content\/uploads\/2015\/09\/Keilson-Kentaurenliebe.jpg 350w\" sizes=\"auto, (max-width: 210px) 100vw, 210px\" \/><\/a>Der in Amsterdam lebenden Literaturwissenschaftlerin Marita Keilson-Lauritz kommt das Verdienst zu, den vergessenen Eduard Kulke wieder ins Bewusstsein historisch Interessierter zu rufen. F\u00fcr Musikwissenschaftler_innen bietet der Netzwerker Kulke vielf\u00e4ltige Ankn\u00fcpfungspunkte, da er mit dem Who-is-Who der Musikwelt des ausgehenden 19. Jahrhunderts auf Du und Du war, insbesondere mit Richard Wagner. F\u00fcr die j\u00fcdische Literaturgeschichte ist Kulke ebenfalls noch zu entdecken. Und auch f\u00fcr die Geschichte der Homosexualit\u00e4t_en stellt Kulke eine spannende Wiederentdeckung dar. Als Autor der dem Wiener Kreis und damit der philosophischen Moderne nahe stand, harrt sein Hauptwerk einer Neulekt\u00fcre durch die queere Forschung.<br \/>\nDer Vortrag von Marita Keilson-Lauritz \u00fcber Eduard Kulke wird dazu einen ersten Schritt leisten, der ihre verdienstvolle Arbeit vor allem f\u00fcr die Literaturgeschichte der m\u00e4nnlichen Homosexualit\u00e4t fortsetzt. Ihre Dissertation \u00fcber die Geschichte der Homosexuellenzeitschrift <em>Der Eigene<\/em> z\u00e4hlt zu den Grundlagenwerken der homosexuellen Literaturwissenschaft und der Fr\u00fchgeschichte der Homosexuellenbewegung in Deutschland. Mit schier unfassbarer Detailf\u00fclle zeichnet sie das literarische Umfeld des <em>Eigenen<\/em> nach, deckt Bez\u00fcge zur emanzipatorischen Bewegung um Hirschfeld auf, legt aber auch die problematischen deutschnationalen und antisemitischen Z\u00fcge des Herausgebers Adolf Brand offen dar.<br \/>\nNeben ihrer Besch\u00e4ftigung mit der Fr\u00fchgeschichte der Homosexuellenbewegung hat sich Marita Keilson-Lauritz vor allem um die j\u00fcdische (Literatur-)Geschichte verdient gemacht. Heute setzte sie sich auch besonders f\u00fcr das Werk ihres 2011 verstorbenen Mannes Hans Keilson ein, der als Psychoanalytiker, Psychiater und Schriftsteller bekannt wurde. Zuletzt erschien aus seinem Nachlass sein Bericht aus dem Widerstand gegen die Nationalsozialisten in den\u00a0besetzten Niederlanden, <em>Tagebuch 1944<\/em>, das Marita Keilson-Lauritz am 2. Oktober 2015 im <a href=\"http:\/\/www.repclub.at\/2015\/09\/08\/freitag-2-oktober-2015-19-uhr-im-rc\/\">Republikanischen Club<\/a> vorstellen wird.<br \/>\nQWIEN dankt der <a href=\"http:\/\/agpro.at\/\">agpro <\/a>f\u00fcr die Unterst\u00fctzung!<br \/>\n<span style=\"text-decoration: underline;\"><strong>Vortrag Marita Keilson-Lauritz: Eduard Kulke und die Gleichberechtigung der Empfindungen<\/strong><\/span><br \/>\n<strong>Ort und Zeit:<\/strong> 30. September 2015, 19.00 Uhr<br \/>\nMusiksammlung der Wienbibliothek, Loos-R\u00e4ume, Bartensteingasse 9, 1. Stock, 1010 Wien<br \/>\n<span style=\"text-decoration: underline;\"><strong>Programm<\/strong><\/span><br \/>\n<strong>Begr\u00fc\u00dfung:<\/strong> Sylvia Mattl-Wurm, Wienbibliothek, und Andreas Brunner, QWIEN<br \/>\n<strong>Einf\u00fchrende Worte: <\/strong>Wolfgang Nedobity, \u00d6sterreichische Universit\u00e4tenkonferenz<br \/>\n<strong>Vortrag:<\/strong> Marita Keilson-Lauritz, Literaturwissenschaftlerin<br \/>\nAnschlie\u00dfend Brot &amp; Wein<br \/>\n<span style=\"text-decoration: underline;\"><strong><a href=\"https:\/\/www.qwien.at\/wp-content\/uploads\/2015\/09\/keilson-eigene_0001-204x300.jpg\"><img loading=\"lazy\" decoding=\"async\" class=\"alignleft size-medium wp-image-3585\" src=\"https:\/\/www.qwien.at\/wp-content\/uploads\/2015\/09\/keilson-eigene_0001-204x300.jpg\" alt=\"keilson eigene_0001\" width=\"204\" height=\"300\" srcset=\"https:\/\/www.qwien.at\/wp-content\/uploads\/2015\/09\/keilson-eigene_0001-204x300.jpg 204w, https:\/\/www.qwien.at\/wp-content\/uploads\/2015\/09\/keilson-eigene_0001-768x1130.jpg 768w, https:\/\/www.qwien.at\/wp-content\/uploads\/2015\/09\/keilson-eigene_0001-696x1024.jpg 696w, https:\/\/www.qwien.at\/wp-content\/uploads\/2015\/09\/keilson-eigene_0001.jpg 1656w\" sizes=\"auto, (max-width: 204px) 100vw, 204px\" \/><\/a>Literaturhinweise<\/strong><\/span><br \/>\n<em>Marita Keilson-Lauritz: Die Geschichte der eignen Geschichte. Literatur und Literaturkritik in den Anf\u00e4ngen der Schwulenbewegung. Berlin: Verlag rosa Winkel 1997 (=Homosexualit\u00e4t und Literatur Bd. 11), <\/em>erh\u00e4ltlich bei <a href=\"http:\/\/www.loewenherz.at\/index_lw_nr.php?LWNR=13484\">L\u00f6wenherz<\/a><br \/>\nEinen informativen Aufsatz \u00fcber Eduard Kulke enth\u00e4lt der Sammelband:<br \/>\n<em>Marita Keilson-Lauritz: Kentaurenliebe. Seitenwege der M\u00e4nnerliebe im 20. Jahrhundert. Hamburg: M\u00e4nnerschwarm 2013<\/em>, erh\u00e4ltlich bei <a href=\"http:\/\/www.loewenherz.at\/index_lw_nr.php?LWNR=9543\">L\u00f6wenherz<\/a><\/p>\n","protected":false},"excerpt":{"rendered":"<p>\t\t\t\t<![CDATA[]]>\t\t<\/p>\n","protected":false},"author":4,"featured_media":0,"comment_status":"closed","ping_status":"open","sticky":false,"template":"","format":"standard","meta":{"_acf_changed":false,"footnotes":""},"categories":[272,275,276],"tags":[305,457,458],"class_list":["post-11104","post","type-post","status-publish","format-standard","hentry","category-qwien","category-qwien-tipp","category-webarchive","tag-homosexualitaet","tag-literaturgeschichte","tag-wiener-kreis","grve-entry-item","grve-blog-item"],"acf":[],"yoast_head":"<!-- This site is optimized with the Yoast SEO plugin v27.5 - https:\/\/yoast.com\/product\/yoast-seo-wordpress\/ -->\n<title>Gleichberechtigung der Empfindungen - Blog - Qwien - Zentrum f\u00fcr queere Geschichte<\/title>\n<meta name=\"robots\" content=\"index, follow, max-snippet:-1, max-image-preview:large, max-video-preview:-1\" \/>\n<link rel=\"canonical\" href=\"https:\/\/www.qwien.at\/en\/qwien\/gleichberechtigung-der-empfindungen\/\" \/>\n<meta property=\"og:locale\" content=\"en_US\" \/>\n<meta property=\"og:type\" content=\"article\" \/>\n<meta property=\"og:title\" content=\"Gleichberechtigung der Empfindungen - Blog - Qwien - Zentrum f\u00fcr queere Geschichte\" \/>\n<meta property=\"og:url\" content=\"https:\/\/www.qwien.at\/en\/qwien\/gleichberechtigung-der-empfindungen\/\" \/>\n<meta property=\"og:site_name\" content=\"Qwien - Zentrum f\u00fcr queere Geschichte\" \/>\n<meta property=\"article:published_time\" content=\"2025-07-15T19:37:09+00:00\" \/>\n<meta property=\"og:image\" content=\"http:\/\/neu.qwien.at\/wp-content\/uploads\/2015\/09\/Keilson-200x300.jpg\" \/>\n<meta name=\"author\" content=\"Andreas Brunner\" \/>\n<meta name=\"twitter:card\" content=\"summary_large_image\" \/>\n<meta name=\"twitter:label1\" content=\"Written by\" \/>\n\t<meta name=\"twitter:data1\" content=\"Andreas Brunner\" \/>\n\t<meta name=\"twitter:label2\" content=\"Est. reading time\" \/>\n\t<meta name=\"twitter:data2\" content=\"4 minutes\" \/>\n<script type=\"application\/ld+json\" class=\"yoast-schema-graph\">{\"@context\":\"https:\\\/\\\/schema.org\",\"@graph\":[{\"@type\":[\"Article\",\"BlogPosting\"],\"@id\":\"https:\\\/\\\/www.qwien.at\\\/en\\\/qwien\\\/gleichberechtigung-der-empfindungen\\\/#article\",\"isPartOf\":{\"@id\":\"https:\\\/\\\/www.qwien.at\\\/en\\\/qwien\\\/gleichberechtigung-der-empfindungen\\\/\"},\"author\":{\"name\":\"Andreas Brunner\",\"@id\":\"https:\\\/\\\/www.qwien.at\\\/en\\\/#\\\/schema\\\/person\\\/d3fe9114b43d8e5a558a6d20ca3e2920\"},\"headline\":\"Gleichberechtigung der Empfindungen\",\"datePublished\":\"2025-07-15T19:37:09+00:00\",\"mainEntityOfPage\":{\"@id\":\"https:\\\/\\\/www.qwien.at\\\/en\\\/qwien\\\/gleichberechtigung-der-empfindungen\\\/\"},\"wordCount\":842,\"publisher\":{\"@id\":\"https:\\\/\\\/www.qwien.at\\\/en\\\/#organization\"},\"image\":{\"@id\":\"https:\\\/\\\/www.qwien.at\\\/en\\\/qwien\\\/gleichberechtigung-der-empfindungen\\\/#primaryimage\"},\"thumbnailUrl\":\"https:\\\/\\\/www.qwien.at\\\/wp-content\\\/uploads\\\/2015\\\/09\\\/Keilson-200x300.jpg\",\"keywords\":[\"Homosexualit\u00e4t\",\"Literaturgeschichte\",\"Wiener Kreis\"],\"articleSection\":[\"Qwien\",\"Tipp\",\"Webarchiv\"],\"inLanguage\":\"en-US\"},{\"@type\":\"WebPage\",\"@id\":\"https:\\\/\\\/www.qwien.at\\\/en\\\/qwien\\\/gleichberechtigung-der-empfindungen\\\/\",\"url\":\"https:\\\/\\\/www.qwien.at\\\/en\\\/qwien\\\/gleichberechtigung-der-empfindungen\\\/\",\"name\":\"Gleichberechtigung der Empfindungen - Blog - Qwien - Zentrum f\u00fcr queere Geschichte\",\"isPartOf\":{\"@id\":\"https:\\\/\\\/www.qwien.at\\\/en\\\/#website\"},\"primaryImageOfPage\":{\"@id\":\"https:\\\/\\\/www.qwien.at\\\/en\\\/qwien\\\/gleichberechtigung-der-empfindungen\\\/#primaryimage\"},\"image\":{\"@id\":\"https:\\\/\\\/www.qwien.at\\\/en\\\/qwien\\\/gleichberechtigung-der-empfindungen\\\/#primaryimage\"},\"thumbnailUrl\":\"https:\\\/\\\/www.qwien.at\\\/wp-content\\\/uploads\\\/2015\\\/09\\\/Keilson-200x300.jpg\",\"datePublished\":\"2025-07-15T19:37:09+00:00\",\"breadcrumb\":{\"@id\":\"https:\\\/\\\/www.qwien.at\\\/en\\\/qwien\\\/gleichberechtigung-der-empfindungen\\\/#breadcrumb\"},\"inLanguage\":\"en-US\",\"potentialAction\":[{\"@type\":\"ReadAction\",\"target\":[\"https:\\\/\\\/www.qwien.at\\\/en\\\/qwien\\\/gleichberechtigung-der-empfindungen\\\/\"]}]},{\"@type\":\"ImageObject\",\"inLanguage\":\"en-US\",\"@id\":\"https:\\\/\\\/www.qwien.at\\\/en\\\/qwien\\\/gleichberechtigung-der-empfindungen\\\/#primaryimage\",\"url\":\"https:\\\/\\\/www.qwien.at\\\/wp-content\\\/uploads\\\/2015\\\/09\\\/Keilson-200x300.jpg\",\"contentUrl\":\"https:\\\/\\\/www.qwien.at\\\/wp-content\\\/uploads\\\/2015\\\/09\\\/Keilson-200x300.jpg\"},{\"@type\":\"BreadcrumbList\",\"@id\":\"https:\\\/\\\/www.qwien.at\\\/en\\\/qwien\\\/gleichberechtigung-der-empfindungen\\\/#breadcrumb\",\"itemListElement\":[{\"@type\":\"ListItem\",\"position\":1,\"name\":\"Startseite\",\"item\":\"https:\\\/\\\/www.qwien.at\\\/en\\\/\"},{\"@type\":\"ListItem\",\"position\":2,\"name\":\"Gleichberechtigung der Empfindungen\"}]},{\"@type\":\"WebSite\",\"@id\":\"https:\\\/\\\/www.qwien.at\\\/en\\\/#website\",\"url\":\"https:\\\/\\\/www.qwien.at\\\/en\\\/\",\"name\":\"Qwien - Zentrum f\u00fcr queere Geschichte\",\"description\":\"\",\"publisher\":{\"@id\":\"https:\\\/\\\/www.qwien.at\\\/en\\\/#organization\"},\"potentialAction\":[{\"@type\":\"SearchAction\",\"target\":{\"@type\":\"EntryPoint\",\"urlTemplate\":\"https:\\\/\\\/www.qwien.at\\\/en\\\/?s={search_term_string}\"},\"query-input\":{\"@type\":\"PropertyValueSpecification\",\"valueRequired\":true,\"valueName\":\"search_term_string\"}}],\"inLanguage\":\"en-US\"},{\"@type\":\"Organization\",\"@id\":\"https:\\\/\\\/www.qwien.at\\\/en\\\/#organization\",\"name\":\"Qwien\",\"url\":\"https:\\\/\\\/www.qwien.at\\\/en\\\/\",\"logo\":{\"@type\":\"ImageObject\",\"inLanguage\":\"en-US\",\"@id\":\"https:\\\/\\\/www.qwien.at\\\/en\\\/#\\\/schema\\\/logo\\\/image\\\/\",\"url\":\"https:\\\/\\\/www.qwien.at\\\/wp-content\\\/uploads\\\/2025\\\/06\\\/seo-yoast-2.png\",\"contentUrl\":\"https:\\\/\\\/www.qwien.at\\\/wp-content\\\/uploads\\\/2025\\\/06\\\/seo-yoast-2.png\",\"width\":697,\"height\":697,\"caption\":\"Qwien\"},\"image\":{\"@id\":\"https:\\\/\\\/www.qwien.at\\\/en\\\/#\\\/schema\\\/logo\\\/image\\\/\"},\"sameAs\":[\"https:\\\/\\\/www.instagram.com\\\/qwien.zentrum\\\/\"]},{\"@type\":\"Person\",\"@id\":\"https:\\\/\\\/www.qwien.at\\\/en\\\/#\\\/schema\\\/person\\\/d3fe9114b43d8e5a558a6d20ca3e2920\",\"name\":\"Andreas Brunner\"}]}<\/script>\n<!-- \/ Yoast SEO plugin. -->","yoast_head_json":{"title":"Gleichberechtigung der Empfindungen - Blog - Qwien - Zentrum f\u00fcr queere Geschichte","robots":{"index":"index","follow":"follow","max-snippet":"max-snippet:-1","max-image-preview":"max-image-preview:large","max-video-preview":"max-video-preview:-1"},"canonical":"https:\/\/www.qwien.at\/en\/qwien\/gleichberechtigung-der-empfindungen\/","og_locale":"en_US","og_type":"article","og_title":"Gleichberechtigung der Empfindungen - Blog - Qwien - Zentrum f\u00fcr queere Geschichte","og_url":"https:\/\/www.qwien.at\/en\/qwien\/gleichberechtigung-der-empfindungen\/","og_site_name":"Qwien - Zentrum f\u00fcr queere Geschichte","article_published_time":"2025-07-15T19:37:09+00:00","og_image":[{"url":"http:\/\/neu.qwien.at\/wp-content\/uploads\/2015\/09\/Keilson-200x300.jpg","type":"","width":"","height":""}],"author":"Andreas Brunner","twitter_card":"summary_large_image","twitter_misc":{"Written by":"Andreas Brunner","Est. reading time":"4 minutes"},"schema":{"@context":"https:\/\/schema.org","@graph":[{"@type":["Article","BlogPosting"],"@id":"https:\/\/www.qwien.at\/en\/qwien\/gleichberechtigung-der-empfindungen\/#article","isPartOf":{"@id":"https:\/\/www.qwien.at\/en\/qwien\/gleichberechtigung-der-empfindungen\/"},"author":{"name":"Andreas Brunner","@id":"https:\/\/www.qwien.at\/en\/#\/schema\/person\/d3fe9114b43d8e5a558a6d20ca3e2920"},"headline":"Gleichberechtigung der Empfindungen","datePublished":"2025-07-15T19:37:09+00:00","mainEntityOfPage":{"@id":"https:\/\/www.qwien.at\/en\/qwien\/gleichberechtigung-der-empfindungen\/"},"wordCount":842,"publisher":{"@id":"https:\/\/www.qwien.at\/en\/#organization"},"image":{"@id":"https:\/\/www.qwien.at\/en\/qwien\/gleichberechtigung-der-empfindungen\/#primaryimage"},"thumbnailUrl":"https:\/\/www.qwien.at\/wp-content\/uploads\/2015\/09\/Keilson-200x300.jpg","keywords":["Homosexualit\u00e4t","Literaturgeschichte","Wiener Kreis"],"articleSection":["Qwien","Tipp","Webarchiv"],"inLanguage":"en-US"},{"@type":"WebPage","@id":"https:\/\/www.qwien.at\/en\/qwien\/gleichberechtigung-der-empfindungen\/","url":"https:\/\/www.qwien.at\/en\/qwien\/gleichberechtigung-der-empfindungen\/","name":"Gleichberechtigung der Empfindungen - Blog - Qwien - Zentrum f\u00fcr queere Geschichte","isPartOf":{"@id":"https:\/\/www.qwien.at\/en\/#website"},"primaryImageOfPage":{"@id":"https:\/\/www.qwien.at\/en\/qwien\/gleichberechtigung-der-empfindungen\/#primaryimage"},"image":{"@id":"https:\/\/www.qwien.at\/en\/qwien\/gleichberechtigung-der-empfindungen\/#primaryimage"},"thumbnailUrl":"https:\/\/www.qwien.at\/wp-content\/uploads\/2015\/09\/Keilson-200x300.jpg","datePublished":"2025-07-15T19:37:09+00:00","breadcrumb":{"@id":"https:\/\/www.qwien.at\/en\/qwien\/gleichberechtigung-der-empfindungen\/#breadcrumb"},"inLanguage":"en-US","potentialAction":[{"@type":"ReadAction","target":["https:\/\/www.qwien.at\/en\/qwien\/gleichberechtigung-der-empfindungen\/"]}]},{"@type":"ImageObject","inLanguage":"en-US","@id":"https:\/\/www.qwien.at\/en\/qwien\/gleichberechtigung-der-empfindungen\/#primaryimage","url":"https:\/\/www.qwien.at\/wp-content\/uploads\/2015\/09\/Keilson-200x300.jpg","contentUrl":"https:\/\/www.qwien.at\/wp-content\/uploads\/2015\/09\/Keilson-200x300.jpg"},{"@type":"BreadcrumbList","@id":"https:\/\/www.qwien.at\/en\/qwien\/gleichberechtigung-der-empfindungen\/#breadcrumb","itemListElement":[{"@type":"ListItem","position":1,"name":"Startseite","item":"https:\/\/www.qwien.at\/en\/"},{"@type":"ListItem","position":2,"name":"Gleichberechtigung der Empfindungen"}]},{"@type":"WebSite","@id":"https:\/\/www.qwien.at\/en\/#website","url":"https:\/\/www.qwien.at\/en\/","name":"Qwien - Zentrum f\u00fcr queere Geschichte","description":"","publisher":{"@id":"https:\/\/www.qwien.at\/en\/#organization"},"potentialAction":[{"@type":"SearchAction","target":{"@type":"EntryPoint","urlTemplate":"https:\/\/www.qwien.at\/en\/?s={search_term_string}"},"query-input":{"@type":"PropertyValueSpecification","valueRequired":true,"valueName":"search_term_string"}}],"inLanguage":"en-US"},{"@type":"Organization","@id":"https:\/\/www.qwien.at\/en\/#organization","name":"Qwien","url":"https:\/\/www.qwien.at\/en\/","logo":{"@type":"ImageObject","inLanguage":"en-US","@id":"https:\/\/www.qwien.at\/en\/#\/schema\/logo\/image\/","url":"https:\/\/www.qwien.at\/wp-content\/uploads\/2025\/06\/seo-yoast-2.png","contentUrl":"https:\/\/www.qwien.at\/wp-content\/uploads\/2025\/06\/seo-yoast-2.png","width":697,"height":697,"caption":"Qwien"},"image":{"@id":"https:\/\/www.qwien.at\/en\/#\/schema\/logo\/image\/"},"sameAs":["https:\/\/www.instagram.com\/qwien.zentrum\/"]},{"@type":"Person","@id":"https:\/\/www.qwien.at\/en\/#\/schema\/person\/d3fe9114b43d8e5a558a6d20ca3e2920","name":"Andreas Brunner"}]}},"_links":{"self":[{"href":"https:\/\/www.qwien.at\/en\/wp-json\/wp\/v2\/posts\/11104","targetHints":{"allow":["GET"]}}],"collection":[{"href":"https:\/\/www.qwien.at\/en\/wp-json\/wp\/v2\/posts"}],"about":[{"href":"https:\/\/www.qwien.at\/en\/wp-json\/wp\/v2\/types\/post"}],"author":[{"embeddable":true,"href":"https:\/\/www.qwien.at\/en\/wp-json\/wp\/v2\/users\/4"}],"replies":[{"embeddable":true,"href":"https:\/\/www.qwien.at\/en\/wp-json\/wp\/v2\/comments?post=11104"}],"version-history":[{"count":0,"href":"https:\/\/www.qwien.at\/en\/wp-json\/wp\/v2\/posts\/11104\/revisions"}],"wp:attachment":[{"href":"https:\/\/www.qwien.at\/en\/wp-json\/wp\/v2\/media?parent=11104"}],"wp:term":[{"taxonomy":"category","embeddable":true,"href":"https:\/\/www.qwien.at\/en\/wp-json\/wp\/v2\/categories?post=11104"},{"taxonomy":"post_tag","embeddable":true,"href":"https:\/\/www.qwien.at\/en\/wp-json\/wp\/v2\/tags?post=11104"}],"curies":[{"name":"wp","href":"https:\/\/api.w.org\/{rel}","templated":true}]}}