{"id":11116,"date":"2025-07-15T21:37:08","date_gmt":"2025-07-15T19:37:08","guid":{"rendered":"https:\/\/www.qwien.at\/nicht-kategorisiert\/import-export-transport-queer-theory-queer-critique-and-activism-in-motion\/"},"modified":"2025-07-15T21:37:08","modified_gmt":"2025-07-15T19:37:08","slug":"import-export-transport-queer-theory-queer-critique-and-activism-in-motion","status":"publish","type":"post","link":"https:\/\/www.qwien.at\/en\/qwien-books\/import-export-transport-queer-theory-queer-critique-and-activism-in-motion\/","title":{"rendered":"IMPORT \u2013 EXPORT \u2013 TRANSPORT  Queer Theory, Queer Critique and Activism in Motion"},"content":{"rendered":"<p align=\"right\">Sushila_Mesquita, Maria Katharina_Wiedlack, Katrin_Lasthofer<\/p>\n<p align=\"right\">IMPORT \u2013 EXPORT \u2013 TRANSPORT<\/p>\n<p align=\"right\">Queer Theory, Queer Critique and Activism in Motion<\/p>\n<p align=\"right\">Eine Rezension von Sara Ablinger<\/p>\n<p>&nbsp;<br \/>\n<img loading=\"lazy\" decoding=\"async\" class=\"alignright\" src=\"https:\/\/www.qwien.at\/wp-content\/uploads\/2013\/09\/import-export-transport-150x150.jpg\" alt=\"\" width=\"120\" height=\"120\" \/><br \/>\nHintergrund f\u00fcr die Entstehung der Publikation war die gleichnamige Konferenz, die 2011 von der Universit\u00e4t Wien und im Speziellen vom Referat f\u00fcr Genderforschung organisiert wurde. Es handelt sich demnach um einen interdisziplin\u00e4ren (englischsprachigen) Sammelband der Vortragenden bestehend aus Artikeln, Essays und Kunstwerken, die im Zuge der Konferenz entweder pr\u00e4sentiert oder erarbeitet wurden.\u00a0Zum Zielpublikum dieser Publikation\u00a0 z\u00e4hlen zwar auch (queertheoretische) Einsteiger_innen, aber vorwiegend Fachkundige.<br \/>\nHauptanliegen der Konferenz und der Publikation war\/ist die Darstellung von \u201equeer\u201c als nicht nur theoretisches Konzept, sondern auch als politische Praxis, der das Potenzial, Strukturen und Diskurse zu beeinflussen\/zu ver\u00e4ndern inh\u00e4rent ist. Dabei richtet sich der Fokus auf den \u201eImpact\u201c von Reisen queerer, aktivistischer und forschender Individuen innerhalb unterschiedlicher R\u00e4ume und Voraussetzungen. Besonders die Stimmen von Wissenschaftler_innen und Aktivist_innen aus osteurop\u00e4ischen L\u00e4ndern werden geh\u00f6rt.<br \/>\n<em>\u201e \u201eMore than twenty years ago, Teresa de Lauretis coined the termin \u201equeer theory,\u201c introducing it to academia as \u201eanother discursive horizon, another way of thinkingthe sexual\u201c. [&#8230;]\u00a0By opening up a conference-space for dialogue between differnt methodological approaches, forms of activism, research fields and interests that pay attention to specifix local settings, the conference also intented to strengthen \u201eimport-export relations\u201c withing and outside a \u201eWestern\u201c European context. Accordingly, the idea was to challenge what we percieve as a one-way street, with the import of queer theory and activism taking place almost exclusively in one direction, namely from English-speaking contexts to \u201eothers.\u201c\u00a0 Thus, this volume also seeks to contribute to the practice of \u201ede-centring queer studies\u201c [\u2026] The articles and essays we have selected for this colume mostly continue the focus on questions of cultural translations and the traveling of theories and concepts. They highlight queer activism as a cultural and social activity within the dynamics of global\/transnational academic knowledge production and (trans-)local community engagement.\u201c (S.17ff.)<\/em><br \/>\nDas Werk ist wie folgt aufgebaut<\/p>\n<ul>\n<li>zu Beginn kurze Beschreibungen der Mitwirkenden und ihren T\u00e4tigkeitsfeldern<\/li>\n<li>Einf\u00fchrung &#8211; von<em> Sushila Mequita, Maria Katharina Wiedlack, Katrin Lasthofer (Referat f\u00fcr Genderforschung der Universit\u00e4t Wien)<\/em><\/li>\n<\/ul>\n<p style=\"padding-left: 30px;\">Das einf\u00fchrende Kapitel gibt einen pr\u00e4gnanten \u00dcberblick \u00fcber die Wurzeln des Wortes queer und seine akademische Verwendung. Und obwohl die Einf\u00fchrung kurz ist, bespricht sie wichtige Kritikpunkte an den queer studies: elit\u00e4r, westlich, wei\u00df und konsumorientiert zu sein, Machtgef\u00fcge und Hierarchien innerhalb der queer theory sowie Ausschlussmechanismen gegen\u00fcber minorisierten Gruppen zu wenig oder gar nicht zu thematisieren.<\/p>\n<p style=\"padding-left: 30px;\">F\u00fcr Einsteiger_innen in ein neues theoretisches Feld sind Namen und Paradewerke immer eine Herausforderung. Hilfreich ist, dass die an der Konferenz\/Publikation beteiligten Personen fett markiert wurden und somit klar ersichtlich ist, dass sich von diesen Personen Beitr\u00e4ge im Band befinden.<\/p>\n<ul>\n<li>Relax, It\u00b4s Not Only a Ghost &#8211; On the Im\/possibility of Queer Collectivity: An Unfinished Conversation &#8211; <em>Bini Adamaczak, Mike Laufenberg (TU Berlin)<\/em><\/li>\n<li>Montrer patte blanche and Experiencing the Margin(alization) &#8211; <em>Sanja Milutinovi\u0107 Bojani\u0107 (Univerit\u00e4t Paris VIII &amp; Centre for Ethics, Law and applied Philosophy, Belgrad)<\/em><\/li>\n<li>Queer Legal Theory: Conflicts, \u00a0Contradictions, and Coexistence &#8211;<em> Petra Su\u00dfner (Intitiativkolleg Geschlecht,\u00a0Gewalt und Handlungsmacht in Globalisierungprozessen, Wien)<\/em><\/li>\n<li>Queering Exclusion: Revisting the First Case of Collective LGBT Litigation in Hungary &#8211;<em> Erzs\u00e9bet Bar\u00e1t (Universit\u00e4t Szeged, Ungarn)<\/em><\/li>\n<li>Belgrade Pride Parade 2010: Queer Politics in Serbia &#8211;<em> Ivana Pra\u017ei<em>\u0107 \u00a0(Universit\u00e4t Sidney &amp; Mit-Begr\u00fcnderin_ des Center for Queer Studies, Belgrad)<\/em><\/em><\/li>\n<li>(Un)translatable Queer?, or What Is Lost and Can Be Found in Translation &#8211;<em> Robert Kulpa (Universit\u00e4t London), Joanna Mizieli\u0144ska (Universit\u00e4t Warschau), Agata Stasi\u0144ska (Universit\u00e4t Warschau)<\/em><\/li>\n<li>Translating Queer Theory to France and Germany: Tickets and Boundaries for a Traveling Theory &#8211;<em> Cornelia M\u00f6ser ( CNRS Paris)\u00a0<\/em><\/li>\n<li>LGBTQ Activism and the Appropriation of Queer Theory in Spain &#8211;<em> Vendula (Esteban) Wiesnerov\u00e1 (Akademie der Wissenschaften, Bratislava &amp; Transf\u00fazia, trans-aktivistische Organisation der Slowakei)<\/em><\/li>\n<li>Queer Trouble in Ljubljana &#8211;<em> Tea Hvala (Schriftstellerin und Organisatorin des queer-feministischen Festivals Rde\u0107e zore, Slovenien)<\/em><\/li>\n<li>Imagining the Regional Queer or Queering the Region? Symbolic Geographies of Queer Festivals in Former Yugoslavia &#8211;<em> Sanja Kajini\u0107 (Universit\u00e4t Budapest)<\/em><\/li>\n<li>&#8220;Queer Comrades&#8221;: Socialist Past, Postsocialist Present and Ideological Battles in Transnational China &#8211;<em> Hongwei Bao (Nottingham Trent Universit\u00e4t, UK)<\/em><\/li>\n<li>Cultural Representations of Non-Hegemonic Genders and Sexualities in Japan and Singapore: Global Transmissions of Queer Critique? &#8211;<em> Nicole Alecu de Flers (Universit\u00e4t Wien\/Salzburg, Mit-Begr\u00fcnderin und Herausgeberin des Zaglossus-Verlags)<\/em><\/li>\n<li>Writing Transnational Queer Histories, or Stonewall in Wien<em> &#8211; Leopold Lippert (Universit\u00e4t Wien)<\/em><\/li>\n<li>Affective Politics of Disability Shame in the Times of Neoliberal Exceptionalism &#8211;<em> Kate<em>\u0159<\/em>ina Kol\u00e1<\/em><em>\u0159ov\u00e1 ( Karlsuniveris\u00e4t Prag)<\/em><\/li>\n<li>The Traffic in Gender<em> &#8211; Jack Halberstam (USC\/Universit\u00e4t von S\u00fcd-Kalifornien)<\/em><\/li>\n<li>Autoethnography of a Femme-as-Professor: Queer Dissidence between (Global) Development and (Local) Academia &#8211;<em> Hanna Hacker (Universit\u00e4t Wien)<\/em><\/li>\n<li>Queering Imperial Antiracism? Reflexive Notes on Intent and Method of Our Workhop with the Same Title at the Import-Export-Transport Conference &#8211;<em> Johanna Schaffer (Kunsthochschule Kassel)\u00a0<\/em><\/li>\n<li>Gender\\===\/Bending the Wall, or Rain on Our Parade: A Lecture Performance &#8211;<em> Marty Huber (IG Kultur Wien, Dramaturgin_, Performance K\u00fcnstlerin_, Aktivistin_)<\/em><\/li>\n<li>Queeropedia Workshop &#8211;<em> Persson Perry Baumgartinger (PHD Berlin\/Wien, Aktivist_<\/em><em>)<\/em><\/li>\n<li>Fotografien &#8220;Beast&#8221;, &#8220;In the Nordic Light I Shed My Skin&#8221;, &#8220;Dance with the Dead Cock&#8221;-<em> Anthony Clair Wagner (PHD Akademie der bildenden K\u00fcnste Wien)<\/em><\/li>\n<li>MONSTERS \u00b4R\u00b4UR: The Emergence of a Workshop<em> &#8211; Anthony Clair Wagner (s.o.)<\/em><\/li>\n<\/ul>\n<p>&nbsp;<br \/>\nMeiner Einsch\u00e4tzung nach ist die Publikation sowohl f\u00fcr <em>wissbegierige<\/em> Newbies als auch eingelesene &#8220;Oldies&#8221; gut lesbar. F\u00fcr Einsteiger_innen ist aber eine gewisse Grundauseinandersetzung mit kolonialer Kritik, Anti-Rassismus, kritischer Wei\u00dfseinsforschung sowie Basics der Frauen- und Geschlechterforschung wichtig, um inhaltlich folgen zu k\u00f6nnen. Die inhaltliche Zusammensetzung der Beitr\u00e4ge ist \u00e4u\u00dferst vielf\u00e4ltig. Selbst wenn der inhaltliche Anspruch eine Br\u00fccke zwischen Wissenschaft\/Forschung und Aktivismus sein soll, so ist dies eine Publikation f\u00fcr Menschen mit einer Affinit\u00e4t f\u00fcr diziplin\u00fcbergreifende Analysen und nicht unbedingt ein Spiegel aktivistischer Positionierungen.<br \/>\nFazit: ein sehr au\u00dfergew\u00f6hnliches, mutiges Werk f\u00fcr Leute, deren Leben und Arbeit einen queer-feministischen und\/oder anti-rassistischen, aktivistischen\/politischen Anspruch hat und viele verschiedene Themen beleuchtet und Fragen aufwirft und eine gelungene Zusammenfassung f\u00fcr alle Konferenzteilnehmer_innen wie mich, die diese Konferenz sehr inspirierend in Erinnerung haben.<br \/>\nErh\u00e4ltlich bei Buchhandlung <a href=\"http:\/\/www.loewenherz.at\/index_lw_nr.php?LWNR=9206\">L\u00f6wenherz<\/a><\/p>\n","protected":false},"excerpt":{"rendered":"<p>\t\t\t\t<![CDATA[]]>\t\t<\/p>\n","protected":false},"author":4,"featured_media":0,"comment_status":"closed","ping_status":"open","sticky":false,"template":"","format":"standard","meta":{"_acf_changed":false,"footnotes":""},"categories":[267,271],"tags":[],"class_list":["post-11116","post","type-post","status-publish","format-standard","hentry","category-qwien-books","category-literature-archive","grve-entry-item","grve-blog-item"],"acf":[],"yoast_head":"<!-- This site is optimized with the Yoast SEO plugin v27.5 - https:\/\/yoast.com\/product\/yoast-seo-wordpress\/ -->\n<title>IMPORT \u2013 EXPORT \u2013 TRANSPORT Queer Theory, Queer Critique and Activism in Motion - Blog - Qwien - Zentrum f\u00fcr queere Geschichte<\/title>\n<meta name=\"robots\" content=\"index, follow, max-snippet:-1, max-image-preview:large, max-video-preview:-1\" \/>\n<link rel=\"canonical\" href=\"https:\/\/www.qwien.at\/en\/qwien-books\/import-export-transport-queer-theory-queer-critique-and-activism-in-motion\/\" \/>\n<meta property=\"og:locale\" content=\"en_US\" \/>\n<meta property=\"og:type\" content=\"article\" \/>\n<meta property=\"og:title\" content=\"IMPORT \u2013 EXPORT \u2013 TRANSPORT Queer Theory, Queer Critique and Activism in Motion - Blog - Qwien - Zentrum f\u00fcr queere Geschichte\" \/>\n<meta property=\"og:url\" content=\"https:\/\/www.qwien.at\/en\/qwien-books\/import-export-transport-queer-theory-queer-critique-and-activism-in-motion\/\" \/>\n<meta property=\"og:site_name\" content=\"Qwien - Zentrum f\u00fcr queere Geschichte\" \/>\n<meta property=\"article:published_time\" content=\"2025-07-15T19:37:08+00:00\" \/>\n<meta property=\"og:image\" content=\"http:\/\/neu.qwien.at\/wp-content\/uploads\/2013\/09\/import-export-transport-150x150.jpg\" \/>\n<meta name=\"author\" content=\"Andreas Brunner\" \/>\n<meta name=\"twitter:card\" content=\"summary_large_image\" \/>\n<meta name=\"twitter:label1\" content=\"Written by\" \/>\n\t<meta name=\"twitter:data1\" content=\"Andreas Brunner\" \/>\n\t<meta name=\"twitter:label2\" content=\"Est. reading time\" \/>\n\t<meta name=\"twitter:data2\" content=\"5 minutes\" \/>\n<script type=\"application\/ld+json\" class=\"yoast-schema-graph\">{\"@context\":\"https:\\\/\\\/schema.org\",\"@graph\":[{\"@type\":[\"Article\",\"BlogPosting\"],\"@id\":\"https:\\\/\\\/www.qwien.at\\\/en\\\/qwien-books\\\/import-export-transport-queer-theory-queer-critique-and-activism-in-motion\\\/#article\",\"isPartOf\":{\"@id\":\"https:\\\/\\\/www.qwien.at\\\/en\\\/qwien-books\\\/import-export-transport-queer-theory-queer-critique-and-activism-in-motion\\\/\"},\"author\":{\"name\":\"Andreas Brunner\",\"@id\":\"https:\\\/\\\/www.qwien.at\\\/en\\\/#\\\/schema\\\/person\\\/d3fe9114b43d8e5a558a6d20ca3e2920\"},\"headline\":\"IMPORT \u2013 EXPORT \u2013 TRANSPORT Queer Theory, Queer Critique and Activism in Motion\",\"datePublished\":\"2025-07-15T19:37:08+00:00\",\"mainEntityOfPage\":{\"@id\":\"https:\\\/\\\/www.qwien.at\\\/en\\\/qwien-books\\\/import-export-transport-queer-theory-queer-critique-and-activism-in-motion\\\/\"},\"wordCount\":1083,\"publisher\":{\"@id\":\"https:\\\/\\\/www.qwien.at\\\/en\\\/#organization\"},\"image\":{\"@id\":\"https:\\\/\\\/www.qwien.at\\\/en\\\/qwien-books\\\/import-export-transport-queer-theory-queer-critique-and-activism-in-motion\\\/#primaryimage\"},\"thumbnailUrl\":\"https:\\\/\\\/www.qwien.at\\\/wp-content\\\/uploads\\\/2013\\\/09\\\/import-export-transport-150x150.jpg\",\"articleSection\":[\"Books\",\"Literature archive\"],\"inLanguage\":\"en-US\"},{\"@type\":\"WebPage\",\"@id\":\"https:\\\/\\\/www.qwien.at\\\/en\\\/qwien-books\\\/import-export-transport-queer-theory-queer-critique-and-activism-in-motion\\\/\",\"url\":\"https:\\\/\\\/www.qwien.at\\\/en\\\/qwien-books\\\/import-export-transport-queer-theory-queer-critique-and-activism-in-motion\\\/\",\"name\":\"IMPORT \u2013 EXPORT \u2013 TRANSPORT Queer Theory, Queer Critique and Activism in Motion - Blog - Qwien - Zentrum f\u00fcr queere Geschichte\",\"isPartOf\":{\"@id\":\"https:\\\/\\\/www.qwien.at\\\/en\\\/#website\"},\"primaryImageOfPage\":{\"@id\":\"https:\\\/\\\/www.qwien.at\\\/en\\\/qwien-books\\\/import-export-transport-queer-theory-queer-critique-and-activism-in-motion\\\/#primaryimage\"},\"image\":{\"@id\":\"https:\\\/\\\/www.qwien.at\\\/en\\\/qwien-books\\\/import-export-transport-queer-theory-queer-critique-and-activism-in-motion\\\/#primaryimage\"},\"thumbnailUrl\":\"https:\\\/\\\/www.qwien.at\\\/wp-content\\\/uploads\\\/2013\\\/09\\\/import-export-transport-150x150.jpg\",\"datePublished\":\"2025-07-15T19:37:08+00:00\",\"breadcrumb\":{\"@id\":\"https:\\\/\\\/www.qwien.at\\\/en\\\/qwien-books\\\/import-export-transport-queer-theory-queer-critique-and-activism-in-motion\\\/#breadcrumb\"},\"inLanguage\":\"en-US\",\"potentialAction\":[{\"@type\":\"ReadAction\",\"target\":[\"https:\\\/\\\/www.qwien.at\\\/en\\\/qwien-books\\\/import-export-transport-queer-theory-queer-critique-and-activism-in-motion\\\/\"]}]},{\"@type\":\"ImageObject\",\"inLanguage\":\"en-US\",\"@id\":\"https:\\\/\\\/www.qwien.at\\\/en\\\/qwien-books\\\/import-export-transport-queer-theory-queer-critique-and-activism-in-motion\\\/#primaryimage\",\"url\":\"https:\\\/\\\/www.qwien.at\\\/wp-content\\\/uploads\\\/2013\\\/09\\\/import-export-transport-150x150.jpg\",\"contentUrl\":\"https:\\\/\\\/www.qwien.at\\\/wp-content\\\/uploads\\\/2013\\\/09\\\/import-export-transport-150x150.jpg\"},{\"@type\":\"BreadcrumbList\",\"@id\":\"https:\\\/\\\/www.qwien.at\\\/en\\\/qwien-books\\\/import-export-transport-queer-theory-queer-critique-and-activism-in-motion\\\/#breadcrumb\",\"itemListElement\":[{\"@type\":\"ListItem\",\"position\":1,\"name\":\"Startseite\",\"item\":\"https:\\\/\\\/www.qwien.at\\\/en\\\/\"},{\"@type\":\"ListItem\",\"position\":2,\"name\":\"IMPORT \u2013 EXPORT \u2013 TRANSPORT Queer Theory, Queer Critique and Activism in Motion\"}]},{\"@type\":\"WebSite\",\"@id\":\"https:\\\/\\\/www.qwien.at\\\/en\\\/#website\",\"url\":\"https:\\\/\\\/www.qwien.at\\\/en\\\/\",\"name\":\"Qwien - Zentrum f\u00fcr queere Geschichte\",\"description\":\"\",\"publisher\":{\"@id\":\"https:\\\/\\\/www.qwien.at\\\/en\\\/#organization\"},\"potentialAction\":[{\"@type\":\"SearchAction\",\"target\":{\"@type\":\"EntryPoint\",\"urlTemplate\":\"https:\\\/\\\/www.qwien.at\\\/en\\\/?s={search_term_string}\"},\"query-input\":{\"@type\":\"PropertyValueSpecification\",\"valueRequired\":true,\"valueName\":\"search_term_string\"}}],\"inLanguage\":\"en-US\"},{\"@type\":\"Organization\",\"@id\":\"https:\\\/\\\/www.qwien.at\\\/en\\\/#organization\",\"name\":\"Qwien\",\"url\":\"https:\\\/\\\/www.qwien.at\\\/en\\\/\",\"logo\":{\"@type\":\"ImageObject\",\"inLanguage\":\"en-US\",\"@id\":\"https:\\\/\\\/www.qwien.at\\\/en\\\/#\\\/schema\\\/logo\\\/image\\\/\",\"url\":\"https:\\\/\\\/www.qwien.at\\\/wp-content\\\/uploads\\\/2025\\\/06\\\/seo-yoast-2.png\",\"contentUrl\":\"https:\\\/\\\/www.qwien.at\\\/wp-content\\\/uploads\\\/2025\\\/06\\\/seo-yoast-2.png\",\"width\":697,\"height\":697,\"caption\":\"Qwien\"},\"image\":{\"@id\":\"https:\\\/\\\/www.qwien.at\\\/en\\\/#\\\/schema\\\/logo\\\/image\\\/\"},\"sameAs\":[\"https:\\\/\\\/www.instagram.com\\\/qwien.zentrum\\\/\"]},{\"@type\":\"Person\",\"@id\":\"https:\\\/\\\/www.qwien.at\\\/en\\\/#\\\/schema\\\/person\\\/d3fe9114b43d8e5a558a6d20ca3e2920\",\"name\":\"Andreas Brunner\"}]}<\/script>\n<!-- \/ Yoast SEO plugin. -->","yoast_head_json":{"title":"IMPORT \u2013 EXPORT \u2013 TRANSPORT Queer Theory, Queer Critique and Activism in Motion - Blog - Qwien - Zentrum f\u00fcr queere Geschichte","robots":{"index":"index","follow":"follow","max-snippet":"max-snippet:-1","max-image-preview":"max-image-preview:large","max-video-preview":"max-video-preview:-1"},"canonical":"https:\/\/www.qwien.at\/en\/qwien-books\/import-export-transport-queer-theory-queer-critique-and-activism-in-motion\/","og_locale":"en_US","og_type":"article","og_title":"IMPORT \u2013 EXPORT \u2013 TRANSPORT Queer Theory, Queer Critique and Activism in Motion - Blog - Qwien - Zentrum f\u00fcr queere Geschichte","og_url":"https:\/\/www.qwien.at\/en\/qwien-books\/import-export-transport-queer-theory-queer-critique-and-activism-in-motion\/","og_site_name":"Qwien - Zentrum f\u00fcr queere Geschichte","article_published_time":"2025-07-15T19:37:08+00:00","og_image":[{"url":"http:\/\/neu.qwien.at\/wp-content\/uploads\/2013\/09\/import-export-transport-150x150.jpg","type":"","width":"","height":""}],"author":"Andreas Brunner","twitter_card":"summary_large_image","twitter_misc":{"Written by":"Andreas Brunner","Est. reading time":"5 minutes"},"schema":{"@context":"https:\/\/schema.org","@graph":[{"@type":["Article","BlogPosting"],"@id":"https:\/\/www.qwien.at\/en\/qwien-books\/import-export-transport-queer-theory-queer-critique-and-activism-in-motion\/#article","isPartOf":{"@id":"https:\/\/www.qwien.at\/en\/qwien-books\/import-export-transport-queer-theory-queer-critique-and-activism-in-motion\/"},"author":{"name":"Andreas Brunner","@id":"https:\/\/www.qwien.at\/en\/#\/schema\/person\/d3fe9114b43d8e5a558a6d20ca3e2920"},"headline":"IMPORT \u2013 EXPORT \u2013 TRANSPORT Queer Theory, Queer Critique and Activism in Motion","datePublished":"2025-07-15T19:37:08+00:00","mainEntityOfPage":{"@id":"https:\/\/www.qwien.at\/en\/qwien-books\/import-export-transport-queer-theory-queer-critique-and-activism-in-motion\/"},"wordCount":1083,"publisher":{"@id":"https:\/\/www.qwien.at\/en\/#organization"},"image":{"@id":"https:\/\/www.qwien.at\/en\/qwien-books\/import-export-transport-queer-theory-queer-critique-and-activism-in-motion\/#primaryimage"},"thumbnailUrl":"https:\/\/www.qwien.at\/wp-content\/uploads\/2013\/09\/import-export-transport-150x150.jpg","articleSection":["Books","Literature archive"],"inLanguage":"en-US"},{"@type":"WebPage","@id":"https:\/\/www.qwien.at\/en\/qwien-books\/import-export-transport-queer-theory-queer-critique-and-activism-in-motion\/","url":"https:\/\/www.qwien.at\/en\/qwien-books\/import-export-transport-queer-theory-queer-critique-and-activism-in-motion\/","name":"IMPORT \u2013 EXPORT \u2013 TRANSPORT Queer Theory, Queer Critique and Activism in Motion - Blog - Qwien - Zentrum f\u00fcr queere Geschichte","isPartOf":{"@id":"https:\/\/www.qwien.at\/en\/#website"},"primaryImageOfPage":{"@id":"https:\/\/www.qwien.at\/en\/qwien-books\/import-export-transport-queer-theory-queer-critique-and-activism-in-motion\/#primaryimage"},"image":{"@id":"https:\/\/www.qwien.at\/en\/qwien-books\/import-export-transport-queer-theory-queer-critique-and-activism-in-motion\/#primaryimage"},"thumbnailUrl":"https:\/\/www.qwien.at\/wp-content\/uploads\/2013\/09\/import-export-transport-150x150.jpg","datePublished":"2025-07-15T19:37:08+00:00","breadcrumb":{"@id":"https:\/\/www.qwien.at\/en\/qwien-books\/import-export-transport-queer-theory-queer-critique-and-activism-in-motion\/#breadcrumb"},"inLanguage":"en-US","potentialAction":[{"@type":"ReadAction","target":["https:\/\/www.qwien.at\/en\/qwien-books\/import-export-transport-queer-theory-queer-critique-and-activism-in-motion\/"]}]},{"@type":"ImageObject","inLanguage":"en-US","@id":"https:\/\/www.qwien.at\/en\/qwien-books\/import-export-transport-queer-theory-queer-critique-and-activism-in-motion\/#primaryimage","url":"https:\/\/www.qwien.at\/wp-content\/uploads\/2013\/09\/import-export-transport-150x150.jpg","contentUrl":"https:\/\/www.qwien.at\/wp-content\/uploads\/2013\/09\/import-export-transport-150x150.jpg"},{"@type":"BreadcrumbList","@id":"https:\/\/www.qwien.at\/en\/qwien-books\/import-export-transport-queer-theory-queer-critique-and-activism-in-motion\/#breadcrumb","itemListElement":[{"@type":"ListItem","position":1,"name":"Startseite","item":"https:\/\/www.qwien.at\/en\/"},{"@type":"ListItem","position":2,"name":"IMPORT \u2013 EXPORT \u2013 TRANSPORT Queer Theory, Queer Critique and Activism in Motion"}]},{"@type":"WebSite","@id":"https:\/\/www.qwien.at\/en\/#website","url":"https:\/\/www.qwien.at\/en\/","name":"Qwien - Zentrum f\u00fcr queere Geschichte","description":"","publisher":{"@id":"https:\/\/www.qwien.at\/en\/#organization"},"potentialAction":[{"@type":"SearchAction","target":{"@type":"EntryPoint","urlTemplate":"https:\/\/www.qwien.at\/en\/?s={search_term_string}"},"query-input":{"@type":"PropertyValueSpecification","valueRequired":true,"valueName":"search_term_string"}}],"inLanguage":"en-US"},{"@type":"Organization","@id":"https:\/\/www.qwien.at\/en\/#organization","name":"Qwien","url":"https:\/\/www.qwien.at\/en\/","logo":{"@type":"ImageObject","inLanguage":"en-US","@id":"https:\/\/www.qwien.at\/en\/#\/schema\/logo\/image\/","url":"https:\/\/www.qwien.at\/wp-content\/uploads\/2025\/06\/seo-yoast-2.png","contentUrl":"https:\/\/www.qwien.at\/wp-content\/uploads\/2025\/06\/seo-yoast-2.png","width":697,"height":697,"caption":"Qwien"},"image":{"@id":"https:\/\/www.qwien.at\/en\/#\/schema\/logo\/image\/"},"sameAs":["https:\/\/www.instagram.com\/qwien.zentrum\/"]},{"@type":"Person","@id":"https:\/\/www.qwien.at\/en\/#\/schema\/person\/d3fe9114b43d8e5a558a6d20ca3e2920","name":"Andreas Brunner"}]}},"_links":{"self":[{"href":"https:\/\/www.qwien.at\/en\/wp-json\/wp\/v2\/posts\/11116","targetHints":{"allow":["GET"]}}],"collection":[{"href":"https:\/\/www.qwien.at\/en\/wp-json\/wp\/v2\/posts"}],"about":[{"href":"https:\/\/www.qwien.at\/en\/wp-json\/wp\/v2\/types\/post"}],"author":[{"embeddable":true,"href":"https:\/\/www.qwien.at\/en\/wp-json\/wp\/v2\/users\/4"}],"replies":[{"embeddable":true,"href":"https:\/\/www.qwien.at\/en\/wp-json\/wp\/v2\/comments?post=11116"}],"version-history":[{"count":0,"href":"https:\/\/www.qwien.at\/en\/wp-json\/wp\/v2\/posts\/11116\/revisions"}],"wp:attachment":[{"href":"https:\/\/www.qwien.at\/en\/wp-json\/wp\/v2\/media?parent=11116"}],"wp:term":[{"taxonomy":"category","embeddable":true,"href":"https:\/\/www.qwien.at\/en\/wp-json\/wp\/v2\/categories?post=11116"},{"taxonomy":"post_tag","embeddable":true,"href":"https:\/\/www.qwien.at\/en\/wp-json\/wp\/v2\/tags?post=11116"}],"curies":[{"name":"wp","href":"https:\/\/api.w.org\/{rel}","templated":true}]}}