{"id":11118,"date":"2025-07-15T21:37:08","date_gmt":"2025-07-15T19:37:08","guid":{"rendered":"https:\/\/www.qwien.at\/nicht-kategorisiert\/to-thine-ownself-be-true-hochst-interessante-und-beruhrende-lekture\/"},"modified":"2025-07-15T21:37:08","modified_gmt":"2025-07-15T19:37:08","slug":"to-thine-ownself-be-true-hochst-interessante-und-beruhrende-lekture","status":"publish","type":"post","link":"https:\/\/www.qwien.at\/en\/qwien-books\/to-thine-ownself-be-true-hochst-interessante-und-beruhrende-lekture\/","title":{"rendered":"&quot;to thine ownself be true&quot; &#8211; h\u00f6chst inter*essante und ber\u00fchrende Lekt\u00fcre"},"content":{"rendered":"<p><em><strong>Im engagierten Berliner NoNo Verlag ist ein Buch \u00fcber Intergeschlechtlichkeit erschienen. <span style=\"color: #800080;\">Sara Ablinger<\/span> hat es gelesen.<\/strong><\/em><br \/>\nAls feministische Person, die sich mit Geschlechterdiskursen auseinandersetzt, sch\u00e4tze ich selbst-definitorische Erfahrungsberichte minorisierter Gruppen. Zu manchen z\u00e4hle ich mich selbst, zu manchen nicht &#8211; deswegen ist es f\u00fcr alle Menschen, f\u00fcr mich, wichtig, die Stimmen anderer aufmerksam und achtsam zu h\u00f6ren, ehe mensch selbst das Maul aufreisst. Die eigenen Privilegien zu hinterfragen sollte viel mehr an der Tagesordnung stehen.<br \/>\nDaher empfehle ich dieses achtsam geschriebene Buch auch aller w\u00e4rmstens. Aus feministischer Sicht, aus queerer Sicht, aus der Sicht einer als Frau sozialisierten Person zeigt mir dieses Buch aufs Neue, dass die Erfahrungen von Intersex Personen &#8211; im Folgenden und in Zukunft von mir Inters* genannt (wie auch im Buch verwendet) &#8211; in aktuellen Diskursen um Geschlecht, Identit\u00e4t, K\u00f6rper und Sexualit\u00e4t thematisiert werden m\u00fcssen.<br \/>\nBereits beim Vorwort bin ich begeistert, dass auch die Positionen der Inters* nicht nur wei\u00dfe, eurozentrische sind. So finden sich Texte von Menschen aus Argentinien,\u00a0Australien, Deutschland, Costa Rica, Schweden, Serbien, S\u00fcdafrika, Taiwan und der T\u00fcrkei. Auch Beitr\u00e4ge von bekannte(re)n K\u00fcnstler_innen wie Ins A Kromminga oder Del LaGrace Volcano kommen vor.<br \/>\nDas Buch ist perfekt f\u00fcr Betroffene und interessierte, sich solidarisierende Einsteiger_innen : es enth\u00e4lt grundlegende Erkl\u00e4rungen, einen Glossar, einen Informationsteil mit Organisationslisten aus dem deutschsprachigen Raum und einen Verweis, weshalb es keine Triggerwarnungen gibt.<br \/>\nDa es keine Triggerwarnungen gibt, liest mensch &#8220;nat\u00fcrlich&#8221; Texte, die von den Gewalterfahrungen, \u00dcbergriffen, K\u00e4mpfen und Diskriminierungen von Inters* erz\u00e4hlen, ebenso wie von ihrer Kraft, die sich durch das \u00dcberleben\u00a0dieser Lebensumst\u00e4nde\u00a0und ihren Strategien im Umgang damit zeigt.<br \/>\n<em>&#8220;Keine medizinischen Fachbegriffe, keine detaillierten Beschreibungen von Operationen und Untersuchungen. Ich wollte erz\u00e4hlen, wie ich meinen K\u00f6rper gelebt habe und lebe, wie ich ihn selbst empfinde und wie er wahrgenommen wird, in Bezug auf mich selbst und auf meine Umwelt. [&#8230;] Erste Regel: Nicht entdeckt werden. Zweite Regel: So tun als ob. Dritte Regel: Sich verstecken.<\/em>&#8221; [erminia &#8220;zehn r\u00fcckblenden&#8221;, S.15ff.]<br \/>\nDel LaGrace Volcanos Fotoprojekt &#8220;Visibly Intersex&#8221; kannte ich schon von meiner Diplomarbeit &#8220;TRANS*NORM \u2013 Zeitgen\u00f6ssische Fotografie im Kontext von Geschlechternormen und Trans*identit\u00e4t&#8221;, in der auch die Kunst und Sichtbarkeit von Inters* eine gro\u00dfe Rolle spielten (z.B. auch Ins A Krommingas tolle Arbeiten).<br \/>\nSpannend fand ich das Interview von Natasha Jim\u00e9nez und Mauro Cabral. Natasha Jim\u00e9nez lebt in Costa Rica und ist in ganz Lateinamerika bekannte Aktivistin und Malerin und koordiniert derzeit das Programm NANAEG (Ni\u00f1os, ni\u00f1as y adolescentes que no se qpegan a las expectivas del g\u00e9nero \/ Buben, M\u00e4dchen und Jugendliche, die nicht den Geschlechterrollen entsprechen), das zu MULABI &#8211; Espacio Latinoamericano de Sexualidades y Derechos \/ Lateinamerikanischer Raum f\u00fcr Sexualit\u00e4ten und Rechte &#8211; geh\u00f6rt.<br \/>\nEmotional beeindruckend ist der Artikel von Phoebe Hart zu ihrem Dokumentarfilm &#8220;Orchids: My Intersex Adventure&#8221;, deutsch &#8220;Mein Leben zwischen den Geschlechtern&#8221;. Der Trailer auf www.orchids-themovie.com ist unglaublich ber\u00fchrend. Mein Gedanke: den muss ich ganz bald sehen!<br \/>\nUlrike Kl\u00f6ppel, seit 2011 Wissenschaftliche Mitarbeiterin (Postdoc) im Graduiertenkolleg &#8220;Geschlecht als Wissenskategorie&#8221; an der Humboldt-Universit\u00e4t zu Berlin, liefert in ihrem Artikel &#8220;Medikalisierung &#8220;uneindeutigen&#8221; Geschlechts&#8221; einen tollen historischen \u00dcberblick.<br \/>\nIns A Kromminga pr\u00e4sentiert mit &#8220;Herm Kunst. Das Pers\u00f6nliche ist politisch&#8221; ihre* Werke &#8211; mit einem Wort wunderbar! Ich finde ja ihre* Arbeiten ganz hervorragend, durchwachsen von tollen historischen Referenzen auf Medizin- und Anatomieatlanten.<br \/>\nUnd die zwei Beitr\u00e4ge, die mich pers\u00f6nlich am meisten angesprochen haben, waren jene von Maira K.: &#8220;Die B\u00e4rtige&#8221; und &#8220;Nicht mehr Verstecken&#8221; (S. 108 &#8211; 114). Es ist die Erz\u00e4hlung einer nicht-der-weiblichen-Norm-entsprechenden Frau*, die sich\u00a0\u00a0irgendwann entschlie\u00dft, zu ihrer K\u00f6rper- und Gesichtsbehaarung zu stehen. In jedem Satz sehe ich so viele Frauen* aus meinem Leben vor mir, mich selbst eingeschlossen. Ich sehe all die Frauen, die sich in m\u00fchsamster Futzelarbeit und voller Scham und Selbsthass jedes nicht-frauen-konforme, sogenannte de-platzierte Haar entfernen.<em> &#8220;Ich wei\u00df nicht, wie viele Stunden, Tage, Wochen meines Lebens ich damit verbracht habe, mein Aussehen zurechtzuzupfen. Ein aussichtsloser Kampf, denn die kleinen fiesen schwarzborstigen Dinger kamen schneller wieder, als ich sie ausrei\u00dfen konnte. W\u00e4hrend ich den Bart entfernt habe, versteckte ich einen Teil von mir. Die Angst, ertappt zu werden, war meine st\u00e4ndige Begleiterin. Und auch die Neugier, wie es w\u00e4re, wenn ich mich nur trauen w\u00fcrde.&#8221;<\/em> (S. 111) Ein Zitat, das mir aus der Seele spricht.<br \/>\nUnd besonders dieser letzte Beitrag zeigt mir, weshalb dieses Thema ein Thema f\u00fcr alle ist, nicht nur f\u00fcr jene, die medizinisch als Inters* deklariert werden. Es betrifft auch all<br \/>\n<em><a href=\"https:\/\/www.qwien.at\/wp-content\/uploads\/2013\/10\/nono-inter-150x150.jpg\"><img loading=\"lazy\" decoding=\"async\" class=\"wp-image-3028 alignleft\" src=\"https:\/\/www.qwien.at\/wp-content\/uploads\/2013\/10\/nono-inter-150x150.jpg\" alt=\"\" width=\"150\" height=\"150\" srcset=\"https:\/\/www.qwien.at\/wp-content\/uploads\/2013\/10\/nono-inter-150x150.jpg 150w, https:\/\/www.qwien.at\/wp-content\/uploads\/2013\/10\/nono-inter-100x100.jpg 100w\" sizes=\"auto, (max-width: 150px) 100vw, 150px\" \/><\/a><\/em><br \/>\njene Menschen, die sich m\u00fchsamst abplagen, der Zwei-Geschlechter-Ordnung zu entsprechen. Und das sind sehr viele. Die meisten. Und alle jene, die es vielleicht pers\u00f6nlich nicht betrifft, die leicht in das Geschlechtersystem passen, stehen in Beziehungen mit Menschen, die versuchen, in diesem System ihrer Rolle zu entsprechen. So oder so &#8211; es betrifft alle. M\u00f6gen wir alle irgendwann zu allem stehen k\u00f6nnen.<br \/>\n<strong><em>Elisa Barth, Ben B\u00f6ttger, Dan Christian Ghattas, Ina Schneider (Hg.): Inter &#8211; Erfahrungen intergeschlechtlicher Menschen in der Welt der zwei Geschlechter. Berlin: NoNo Verlag 2013, <\/em><\/strong>erh\u00e4ltlich bei <a href=\"http:\/\/www.loewenherz.at\/index_lw_nr.php?LWNR=9901\">L\u00f6wenherz<\/a><em><br \/>\n<\/em><br \/>\nKleiner Nachtrag:<br \/>\nF\u00fcr meine Rezension wollte ich nochmal nachrecherchieren wann denn die Wahlfreiheit f\u00fcr die Geschlechtsidentit\u00e4t f\u00fcr Babies in Deutschland beschlossen wurde, schlie\u00dflich wurde das \u00fcberall bejubelt. Dass es gar nix zu bejubeln gibt, zeigte mir folgender Artikel, den ich als weitere Lekt\u00fcre empfehle:\u00a0<a href=\"http:\/\/blog.zwischengeschlecht.info\/post\/2013\/08\/20\/Intersex-Geschlechtseintrag-Saure-Gurken-Fantasien-Reale-Genitalverstummelungen\" target=\"_blank\" rel=\"noopener noreferrer\">http:\/\/blog.zwischengeschlecht.info\/post\/2013\/08\/20\/Intersex-Geschlechtseintrag-Saure-Gurken-Fantasien-Reale-Genitalverstummelungen<\/a><br \/>\n&nbsp;<\/p>\n","protected":false},"excerpt":{"rendered":"<p>\t\t\t\t<![CDATA[]]>\t\t<\/p>\n","protected":false},"author":4,"featured_media":0,"comment_status":"closed","ping_status":"open","sticky":false,"template":"","format":"standard","meta":{"_acf_changed":false,"footnotes":""},"categories":[267,271],"tags":[],"class_list":["post-11118","post","type-post","status-publish","format-standard","hentry","category-qwien-books","category-literature-archive","grve-entry-item","grve-blog-item"],"acf":[],"yoast_head":"<!-- This site is optimized with the Yoast SEO plugin v27.5 - https:\/\/yoast.com\/product\/yoast-seo-wordpress\/ -->\n<title>&quot;to thine ownself be true&quot; - h\u00f6chst inter*essante und ber\u00fchrende Lekt\u00fcre - Blog - Qwien - Zentrum f\u00fcr queere Geschichte<\/title>\n<meta name=\"robots\" content=\"index, follow, max-snippet:-1, max-image-preview:large, max-video-preview:-1\" \/>\n<link rel=\"canonical\" href=\"https:\/\/www.qwien.at\/en\/qwien-books\/to-thine-ownself-be-true-hochst-interessante-und-beruhrende-lekture\/\" \/>\n<meta property=\"og:locale\" content=\"en_US\" \/>\n<meta property=\"og:type\" content=\"article\" \/>\n<meta property=\"og:title\" content=\"&quot;to thine ownself be true&quot; - h\u00f6chst inter*essante und ber\u00fchrende Lekt\u00fcre - Blog - Qwien - Zentrum f\u00fcr queere Geschichte\" \/>\n<meta property=\"og:url\" content=\"https:\/\/www.qwien.at\/en\/qwien-books\/to-thine-ownself-be-true-hochst-interessante-und-beruhrende-lekture\/\" \/>\n<meta property=\"og:site_name\" content=\"Qwien - Zentrum f\u00fcr queere Geschichte\" \/>\n<meta property=\"article:published_time\" content=\"2025-07-15T19:37:08+00:00\" \/>\n<meta property=\"og:image\" content=\"https:\/\/www.qwien.at\/wp-content\/uploads\/2013\/10\/nono-inter.jpg\" \/>\n\t<meta property=\"og:image:width\" content=\"150\" \/>\n\t<meta property=\"og:image:height\" content=\"175\" \/>\n\t<meta property=\"og:image:type\" content=\"image\/jpeg\" \/>\n<meta name=\"author\" content=\"Andreas Brunner\" \/>\n<meta name=\"twitter:card\" content=\"summary_large_image\" \/>\n<meta name=\"twitter:label1\" content=\"Written by\" \/>\n\t<meta name=\"twitter:data1\" content=\"Andreas Brunner\" \/>\n\t<meta name=\"twitter:label2\" content=\"Est. reading time\" \/>\n\t<meta name=\"twitter:data2\" content=\"5 minutes\" \/>\n<script type=\"application\/ld+json\" class=\"yoast-schema-graph\">{\"@context\":\"https:\\\/\\\/schema.org\",\"@graph\":[{\"@type\":[\"Article\",\"BlogPosting\"],\"@id\":\"https:\\\/\\\/www.qwien.at\\\/en\\\/qwien-books\\\/to-thine-ownself-be-true-hochst-interessante-und-beruhrende-lekture\\\/#article\",\"isPartOf\":{\"@id\":\"https:\\\/\\\/www.qwien.at\\\/en\\\/qwien-books\\\/to-thine-ownself-be-true-hochst-interessante-und-beruhrende-lekture\\\/\"},\"author\":{\"name\":\"Andreas Brunner\",\"@id\":\"https:\\\/\\\/www.qwien.at\\\/en\\\/#\\\/schema\\\/person\\\/d3fe9114b43d8e5a558a6d20ca3e2920\"},\"headline\":\"&quot;to thine ownself be true&quot; &#8211; h\u00f6chst inter*essante und ber\u00fchrende Lekt\u00fcre\",\"datePublished\":\"2025-07-15T19:37:08+00:00\",\"mainEntityOfPage\":{\"@id\":\"https:\\\/\\\/www.qwien.at\\\/en\\\/qwien-books\\\/to-thine-ownself-be-true-hochst-interessante-und-beruhrende-lekture\\\/\"},\"wordCount\":951,\"publisher\":{\"@id\":\"https:\\\/\\\/www.qwien.at\\\/en\\\/#organization\"},\"image\":{\"@id\":\"https:\\\/\\\/www.qwien.at\\\/en\\\/qwien-books\\\/to-thine-ownself-be-true-hochst-interessante-und-beruhrende-lekture\\\/#primaryimage\"},\"thumbnailUrl\":\"https:\\\/\\\/www.qwien.at\\\/wp-content\\\/uploads\\\/2013\\\/10\\\/nono-inter-150x150.jpg\",\"articleSection\":[\"Books\",\"Literature archive\"],\"inLanguage\":\"en-US\"},{\"@type\":\"WebPage\",\"@id\":\"https:\\\/\\\/www.qwien.at\\\/en\\\/qwien-books\\\/to-thine-ownself-be-true-hochst-interessante-und-beruhrende-lekture\\\/\",\"url\":\"https:\\\/\\\/www.qwien.at\\\/en\\\/qwien-books\\\/to-thine-ownself-be-true-hochst-interessante-und-beruhrende-lekture\\\/\",\"name\":\"&quot;to thine ownself be true&quot; - h\u00f6chst inter*essante und ber\u00fchrende Lekt\u00fcre - Blog - Qwien - Zentrum f\u00fcr queere Geschichte\",\"isPartOf\":{\"@id\":\"https:\\\/\\\/www.qwien.at\\\/en\\\/#website\"},\"primaryImageOfPage\":{\"@id\":\"https:\\\/\\\/www.qwien.at\\\/en\\\/qwien-books\\\/to-thine-ownself-be-true-hochst-interessante-und-beruhrende-lekture\\\/#primaryimage\"},\"image\":{\"@id\":\"https:\\\/\\\/www.qwien.at\\\/en\\\/qwien-books\\\/to-thine-ownself-be-true-hochst-interessante-und-beruhrende-lekture\\\/#primaryimage\"},\"thumbnailUrl\":\"https:\\\/\\\/www.qwien.at\\\/wp-content\\\/uploads\\\/2013\\\/10\\\/nono-inter-150x150.jpg\",\"datePublished\":\"2025-07-15T19:37:08+00:00\",\"breadcrumb\":{\"@id\":\"https:\\\/\\\/www.qwien.at\\\/en\\\/qwien-books\\\/to-thine-ownself-be-true-hochst-interessante-und-beruhrende-lekture\\\/#breadcrumb\"},\"inLanguage\":\"en-US\",\"potentialAction\":[{\"@type\":\"ReadAction\",\"target\":[\"https:\\\/\\\/www.qwien.at\\\/en\\\/qwien-books\\\/to-thine-ownself-be-true-hochst-interessante-und-beruhrende-lekture\\\/\"]}]},{\"@type\":\"ImageObject\",\"inLanguage\":\"en-US\",\"@id\":\"https:\\\/\\\/www.qwien.at\\\/en\\\/qwien-books\\\/to-thine-ownself-be-true-hochst-interessante-und-beruhrende-lekture\\\/#primaryimage\",\"url\":\"https:\\\/\\\/www.qwien.at\\\/wp-content\\\/uploads\\\/2013\\\/10\\\/nono-inter-150x150.jpg\",\"contentUrl\":\"https:\\\/\\\/www.qwien.at\\\/wp-content\\\/uploads\\\/2013\\\/10\\\/nono-inter-150x150.jpg\"},{\"@type\":\"BreadcrumbList\",\"@id\":\"https:\\\/\\\/www.qwien.at\\\/en\\\/qwien-books\\\/to-thine-ownself-be-true-hochst-interessante-und-beruhrende-lekture\\\/#breadcrumb\",\"itemListElement\":[{\"@type\":\"ListItem\",\"position\":1,\"name\":\"Startseite\",\"item\":\"https:\\\/\\\/www.qwien.at\\\/en\\\/\"},{\"@type\":\"ListItem\",\"position\":2,\"name\":\"&quot;to thine ownself be true&quot; &#8211; h\u00f6chst inter*essante und ber\u00fchrende Lekt\u00fcre\"}]},{\"@type\":\"WebSite\",\"@id\":\"https:\\\/\\\/www.qwien.at\\\/en\\\/#website\",\"url\":\"https:\\\/\\\/www.qwien.at\\\/en\\\/\",\"name\":\"Qwien - Zentrum f\u00fcr queere Geschichte\",\"description\":\"\",\"publisher\":{\"@id\":\"https:\\\/\\\/www.qwien.at\\\/en\\\/#organization\"},\"potentialAction\":[{\"@type\":\"SearchAction\",\"target\":{\"@type\":\"EntryPoint\",\"urlTemplate\":\"https:\\\/\\\/www.qwien.at\\\/en\\\/?s={search_term_string}\"},\"query-input\":{\"@type\":\"PropertyValueSpecification\",\"valueRequired\":true,\"valueName\":\"search_term_string\"}}],\"inLanguage\":\"en-US\"},{\"@type\":\"Organization\",\"@id\":\"https:\\\/\\\/www.qwien.at\\\/en\\\/#organization\",\"name\":\"Qwien\",\"url\":\"https:\\\/\\\/www.qwien.at\\\/en\\\/\",\"logo\":{\"@type\":\"ImageObject\",\"inLanguage\":\"en-US\",\"@id\":\"https:\\\/\\\/www.qwien.at\\\/en\\\/#\\\/schema\\\/logo\\\/image\\\/\",\"url\":\"https:\\\/\\\/www.qwien.at\\\/wp-content\\\/uploads\\\/2025\\\/06\\\/seo-yoast-2.png\",\"contentUrl\":\"https:\\\/\\\/www.qwien.at\\\/wp-content\\\/uploads\\\/2025\\\/06\\\/seo-yoast-2.png\",\"width\":697,\"height\":697,\"caption\":\"Qwien\"},\"image\":{\"@id\":\"https:\\\/\\\/www.qwien.at\\\/en\\\/#\\\/schema\\\/logo\\\/image\\\/\"},\"sameAs\":[\"https:\\\/\\\/www.instagram.com\\\/qwien.zentrum\\\/\"]},{\"@type\":\"Person\",\"@id\":\"https:\\\/\\\/www.qwien.at\\\/en\\\/#\\\/schema\\\/person\\\/d3fe9114b43d8e5a558a6d20ca3e2920\",\"name\":\"Andreas Brunner\"}]}<\/script>\n<!-- \/ Yoast SEO plugin. -->","yoast_head_json":{"title":"&quot;to thine ownself be true&quot; - h\u00f6chst inter*essante und ber\u00fchrende Lekt\u00fcre - Blog - Qwien - Zentrum f\u00fcr queere Geschichte","robots":{"index":"index","follow":"follow","max-snippet":"max-snippet:-1","max-image-preview":"max-image-preview:large","max-video-preview":"max-video-preview:-1"},"canonical":"https:\/\/www.qwien.at\/en\/qwien-books\/to-thine-ownself-be-true-hochst-interessante-und-beruhrende-lekture\/","og_locale":"en_US","og_type":"article","og_title":"&quot;to thine ownself be true&quot; - h\u00f6chst inter*essante und ber\u00fchrende Lekt\u00fcre - Blog - Qwien - Zentrum f\u00fcr queere Geschichte","og_url":"https:\/\/www.qwien.at\/en\/qwien-books\/to-thine-ownself-be-true-hochst-interessante-und-beruhrende-lekture\/","og_site_name":"Qwien - Zentrum f\u00fcr queere Geschichte","article_published_time":"2025-07-15T19:37:08+00:00","og_image":[{"width":150,"height":175,"url":"https:\/\/www.qwien.at\/wp-content\/uploads\/2013\/10\/nono-inter.jpg","type":"image\/jpeg"}],"author":"Andreas Brunner","twitter_card":"summary_large_image","twitter_misc":{"Written by":"Andreas Brunner","Est. reading time":"5 minutes"},"schema":{"@context":"https:\/\/schema.org","@graph":[{"@type":["Article","BlogPosting"],"@id":"https:\/\/www.qwien.at\/en\/qwien-books\/to-thine-ownself-be-true-hochst-interessante-und-beruhrende-lekture\/#article","isPartOf":{"@id":"https:\/\/www.qwien.at\/en\/qwien-books\/to-thine-ownself-be-true-hochst-interessante-und-beruhrende-lekture\/"},"author":{"name":"Andreas Brunner","@id":"https:\/\/www.qwien.at\/en\/#\/schema\/person\/d3fe9114b43d8e5a558a6d20ca3e2920"},"headline":"&quot;to thine ownself be true&quot; &#8211; h\u00f6chst inter*essante und ber\u00fchrende Lekt\u00fcre","datePublished":"2025-07-15T19:37:08+00:00","mainEntityOfPage":{"@id":"https:\/\/www.qwien.at\/en\/qwien-books\/to-thine-ownself-be-true-hochst-interessante-und-beruhrende-lekture\/"},"wordCount":951,"publisher":{"@id":"https:\/\/www.qwien.at\/en\/#organization"},"image":{"@id":"https:\/\/www.qwien.at\/en\/qwien-books\/to-thine-ownself-be-true-hochst-interessante-und-beruhrende-lekture\/#primaryimage"},"thumbnailUrl":"https:\/\/www.qwien.at\/wp-content\/uploads\/2013\/10\/nono-inter-150x150.jpg","articleSection":["Books","Literature archive"],"inLanguage":"en-US"},{"@type":"WebPage","@id":"https:\/\/www.qwien.at\/en\/qwien-books\/to-thine-ownself-be-true-hochst-interessante-und-beruhrende-lekture\/","url":"https:\/\/www.qwien.at\/en\/qwien-books\/to-thine-ownself-be-true-hochst-interessante-und-beruhrende-lekture\/","name":"&quot;to thine ownself be true&quot; - h\u00f6chst inter*essante und ber\u00fchrende Lekt\u00fcre - Blog - Qwien - Zentrum f\u00fcr queere Geschichte","isPartOf":{"@id":"https:\/\/www.qwien.at\/en\/#website"},"primaryImageOfPage":{"@id":"https:\/\/www.qwien.at\/en\/qwien-books\/to-thine-ownself-be-true-hochst-interessante-und-beruhrende-lekture\/#primaryimage"},"image":{"@id":"https:\/\/www.qwien.at\/en\/qwien-books\/to-thine-ownself-be-true-hochst-interessante-und-beruhrende-lekture\/#primaryimage"},"thumbnailUrl":"https:\/\/www.qwien.at\/wp-content\/uploads\/2013\/10\/nono-inter-150x150.jpg","datePublished":"2025-07-15T19:37:08+00:00","breadcrumb":{"@id":"https:\/\/www.qwien.at\/en\/qwien-books\/to-thine-ownself-be-true-hochst-interessante-und-beruhrende-lekture\/#breadcrumb"},"inLanguage":"en-US","potentialAction":[{"@type":"ReadAction","target":["https:\/\/www.qwien.at\/en\/qwien-books\/to-thine-ownself-be-true-hochst-interessante-und-beruhrende-lekture\/"]}]},{"@type":"ImageObject","inLanguage":"en-US","@id":"https:\/\/www.qwien.at\/en\/qwien-books\/to-thine-ownself-be-true-hochst-interessante-und-beruhrende-lekture\/#primaryimage","url":"https:\/\/www.qwien.at\/wp-content\/uploads\/2013\/10\/nono-inter-150x150.jpg","contentUrl":"https:\/\/www.qwien.at\/wp-content\/uploads\/2013\/10\/nono-inter-150x150.jpg"},{"@type":"BreadcrumbList","@id":"https:\/\/www.qwien.at\/en\/qwien-books\/to-thine-ownself-be-true-hochst-interessante-und-beruhrende-lekture\/#breadcrumb","itemListElement":[{"@type":"ListItem","position":1,"name":"Startseite","item":"https:\/\/www.qwien.at\/en\/"},{"@type":"ListItem","position":2,"name":"&quot;to thine ownself be true&quot; &#8211; h\u00f6chst inter*essante und ber\u00fchrende Lekt\u00fcre"}]},{"@type":"WebSite","@id":"https:\/\/www.qwien.at\/en\/#website","url":"https:\/\/www.qwien.at\/en\/","name":"Qwien - Zentrum f\u00fcr queere Geschichte","description":"","publisher":{"@id":"https:\/\/www.qwien.at\/en\/#organization"},"potentialAction":[{"@type":"SearchAction","target":{"@type":"EntryPoint","urlTemplate":"https:\/\/www.qwien.at\/en\/?s={search_term_string}"},"query-input":{"@type":"PropertyValueSpecification","valueRequired":true,"valueName":"search_term_string"}}],"inLanguage":"en-US"},{"@type":"Organization","@id":"https:\/\/www.qwien.at\/en\/#organization","name":"Qwien","url":"https:\/\/www.qwien.at\/en\/","logo":{"@type":"ImageObject","inLanguage":"en-US","@id":"https:\/\/www.qwien.at\/en\/#\/schema\/logo\/image\/","url":"https:\/\/www.qwien.at\/wp-content\/uploads\/2025\/06\/seo-yoast-2.png","contentUrl":"https:\/\/www.qwien.at\/wp-content\/uploads\/2025\/06\/seo-yoast-2.png","width":697,"height":697,"caption":"Qwien"},"image":{"@id":"https:\/\/www.qwien.at\/en\/#\/schema\/logo\/image\/"},"sameAs":["https:\/\/www.instagram.com\/qwien.zentrum\/"]},{"@type":"Person","@id":"https:\/\/www.qwien.at\/en\/#\/schema\/person\/d3fe9114b43d8e5a558a6d20ca3e2920","name":"Andreas Brunner"}]}},"_links":{"self":[{"href":"https:\/\/www.qwien.at\/en\/wp-json\/wp\/v2\/posts\/11118","targetHints":{"allow":["GET"]}}],"collection":[{"href":"https:\/\/www.qwien.at\/en\/wp-json\/wp\/v2\/posts"}],"about":[{"href":"https:\/\/www.qwien.at\/en\/wp-json\/wp\/v2\/types\/post"}],"author":[{"embeddable":true,"href":"https:\/\/www.qwien.at\/en\/wp-json\/wp\/v2\/users\/4"}],"replies":[{"embeddable":true,"href":"https:\/\/www.qwien.at\/en\/wp-json\/wp\/v2\/comments?post=11118"}],"version-history":[{"count":0,"href":"https:\/\/www.qwien.at\/en\/wp-json\/wp\/v2\/posts\/11118\/revisions"}],"wp:attachment":[{"href":"https:\/\/www.qwien.at\/en\/wp-json\/wp\/v2\/media?parent=11118"}],"wp:term":[{"taxonomy":"category","embeddable":true,"href":"https:\/\/www.qwien.at\/en\/wp-json\/wp\/v2\/categories?post=11118"},{"taxonomy":"post_tag","embeddable":true,"href":"https:\/\/www.qwien.at\/en\/wp-json\/wp\/v2\/tags?post=11118"}],"curies":[{"name":"wp","href":"https:\/\/api.w.org\/{rel}","templated":true}]}}