{"id":11119,"date":"2025-07-15T21:37:08","date_gmt":"2025-07-15T19:37:08","guid":{"rendered":"https:\/\/www.qwien.at\/nicht-kategorisiert\/queere-migrantische-filmtage\/"},"modified":"2025-07-15T21:37:08","modified_gmt":"2025-07-15T19:37:08","slug":"queere-migrantische-filmtage","status":"publish","type":"post","link":"https:\/\/www.qwien.at\/en\/qwien-tipp\/queere-migrantische-filmtage\/","title":{"rendered":"Queere migrantische Filmtage"},"content":{"rendered":"<p>Vom 4.-9. November 2013 finden die <strong>Zweiten queeren migrantischen Filmtage<\/strong> statt. Das Programm erz\u00e4hlt von der Vielfalt queeren Lebens von Wandel und Wanderungen, es sind Geschichten, die zum Nachdenken inspirieren, vielf\u00e4ltig und bunt wie der Regenbogen.<br \/>\n<strong>Alle Vorstellungen im Schikanederkino, Margaretenstra\u00dfe 24, 1040 Wien. \u00dcbrigens: die Ausgabe der Gratiskarten (alle Vorf\u00fchrungen sind nat\u00fcrlich mit <span style=\"color: #993366;\">freiem Eintritt<\/span>) beginnt eine Stunde vor Beginn der Vorstellung!<\/strong><br \/>\nMontag, 4. November 2013 <\/span><strong><span style=\"text-decoration: underline;\">19:30 | FLOATING SKYSCRAPERS (PLYNACE WIEZOWCE)<\/span> <\/strong><br \/>\n<em>Feierliche Er\u00f6ffnung der Filmtage durch die Stadtr\u00e4tin Sandra Frauenberger <\/em><br \/>\n<em>In Anwesenheit des Produzenten Roman Jarosz <\/em><br \/>\n<em>Gewinner der Auszeichnung der queeren migrantischen Filmtage 2013 <\/em><br \/>\nZwischen einer verliebten Freundin, einer anh\u00e4nglichen Mutter und einem leidenschaftlichen Coming-Out: das Leben des jungen Schwimmers Kuba in Warschau steht gerade vor einer gro\u00dfen und spannenden Wende. Das entstandene Gef\u00fchlschaos ist universell und dennoch so einzigartig polnisch. (93 Minuten, Polen, 2013, Regie: Tomasz Wasilewski, mit Mateusz Banasiuk, Marta Nieradkiewicz und Bartosz Gelner, OmdtU)<br \/>\n<span style=\"text-decoration: underline;\">Dienstag, 5. November 2013 <\/span><strong><span style=\"text-decoration: underline;\">19:00 | ZENNE &#8211; DANCER<\/span> <\/strong><br \/>\nDiese drei Freunde k\u00f6nnten unterschiedlicher nicht sein: Daniel, ein Photojournalist aus Deutschland auf Selbstentdeckung in Istanbul; Can, ein extravaganter und lebenslustiger Baucht\u00e4nzer; und Ahmet, der aus dem konservativen S\u00fcdosten der T\u00fcrkei stammt und sich seinem Wunsch nach Freiheit und Ehrlichkeit bis ans Lebensende widmet. Basiert auf einer wahren Geschichte. (99 Minuten, T\u00fcrkei, 2012, Regie: Caner Alper und Mehmet Binay, mit Kerem Can, Giovanni Arvaneh und Erkan Avci, OmdtU, tlw. dt. OF)<br \/>\n<span style=\"text-decoration: underline;\">Dienstag, 5. November 2013 <\/span><strong><span style=\"text-decoration: underline;\">21:00 | YOSSI (HA-SIPUR SHEL YOSSI)<\/span> <\/strong><br \/>\nWer sich mit queerem Kino besch\u00e4ftigt, wird die Liebesgeschichte von Yossi und Jagger bestimmt kennen. Dieser Film ist ein Sequel, in dem der inzwischen zehn Jahre \u00e4ltere Dr. Yossi Gutmann \u00fcber seine Liebe von damals nachdenkt und mithilfe eines jungen Soldaten in sich die Flamme der Liebe wieder aufleben l\u00e4sst. (84 Minuten, Israel, 2012, Regie: Eytan Fox, mit Ohad Knoller, Shlomo Sadan und Oz Zehavi, OmdtU)<br \/>\n<span style=\"text-decoration: underline;\">Mittwoch, 6. November 2013 <\/span><strong><span style=\"text-decoration: underline;\">19:00 | QUEER DIVERSITY PROJECT: DIE BACKSTAGE STORY<\/span> <\/strong><br \/>\nDer von MiGaY und der HOSI Wien mitproduzierte Kurzfilm \u201eQueer Diversity Project\u201c zeigt die Vielfalt der in \u00d6sterreich lebenden und liebenden Menschen aus der LGBT-Community und wurde in M\u00e4rz 2013 vorgestellt. Parallel dazu ist eine Backstage Story entstanden, die die Menschen die daran teilgenommen haben n\u00e4her bringt und ihre Ansichten, Aktivit\u00e4ten und Interessen darstellt. (45 Minuten, \u00d6sterreich, 2013, Regie: Melanie Schiller, Dokumentarfilm, dt. OF, tlw. \u00d6GS, durchgehend untertitelt)<br \/>\n<span style=\"text-decoration: underline;\">Mittwoch, 6. November 2013 <\/span><strong><span style=\"text-decoration: underline;\">20:00 | FREMDES UFER<\/span> <\/strong><br \/>\nIn diesem Film begegnen uns drei junge lesbische Frauen \u2013 urspr\u00fcnglich aus der T\u00fcrkei, Russland und dem Kongo \u2013 und zeigt ihren Alltag an der Schnittstelle zwischen Migration und Sexualit\u00e4t. Sie erz\u00e4hlen \u00fcber Diskriminierung und Unverst\u00e4ndnis, aber auch um den Wunsch, die eigene Herkunft im Einklang mit der eigenen Sexualit\u00e4t zu leben. (35 Minuten, Deutschland, 2013, Regie: Gina Wenzel und Marie Euler, Dokumentarfilm, dt. OF)<br \/>\n<span style=\"text-decoration: underline;\">Mittwoch, 6. November 2013 <\/span><strong><span style=\"text-decoration: underline;\">21:00 | K\u00dcSS MICH (KYSS MIG)<\/span> <\/strong><br \/>\nDer Vater von Mia w\u00fcrde gerne die Mutter von Frida heiraten. Das Kennenlernen der beiden T\u00f6chter bei der Verlobungsfeier ihrer Eltern \u2013 Frida ist geoutet lesbisch, Mia mit einem Mann verlobt \u2013 bringt eine leidenschaftliche Liebe der beiden Frauen herbei und f\u00fchrt zu einer Reihe von Verstrickungen, die selbst im k\u00fchlen Norden nicht ohne Drama verlaufen k\u00f6nnen. Schwedens erster lesbischer Film ist ein wahres Schmuckst\u00fcck! (105 Minuten, Schweden, 2011, Regie: Alexandra-Therese Keining, mit Ruth Vega Fernandez, Liv Mj\u00f6nes und Krister Henriksson, OmdtU)<br \/>\n<span style=\"text-decoration: underline;\">Donnerstag, 7. November 2013 <\/span><strong><span style=\"text-decoration: underline;\">19:00 | EAST\/WEST \u2013 SEX &amp; POLITICS<\/span> <\/strong><br \/>\n<em>In Anwesenheit des Regisseurs Jochen Hick <\/em><br \/>\n<em>Gewinner der Dokumentarauszeichnung der queeren migrantischen Filmtage 2013 <\/em><br \/>\nAktueller denn je zuvor, dieser Film ist ein Aufruf f\u00fcr mehr Solidarit\u00e4t mit der LGBT-Community in Russland, die sich heute einer Schikane ausgesetzt sieht die im heutigen Europa ihresgleichen sucht. Der R\u00fcckblick auf das Verbot der Pride-Paraden in 2006 und 2007 stellt eine Reise zu den Wurzeln des heutigen Problems dar, aber auch ein Erfahrungsbericht \u00fcber die \u00dcberlebensstrategien der LGBT-Aktivist_innen in Russland. (97 Minuten, Deutschland, 2008, Regie: Jochen Hick, Dokumentarfilm, OmdtU, tlw. dt. OF)<br \/>\n<span style=\"text-decoration: underline;\">Donnerstag, 7. November 2013 <\/span><strong><span style=\"text-decoration: underline;\">21:00 | PEDRO<\/span> <\/strong><br \/>\n1994 war Pedro Zamora der erste geoutete HIV-positive Homosexuelle, der in einer weltweit ausgestrahlten Reality Show teilgenommen hat. Seine Teilnahme an diesem Programm gab einem breiten Publikum die Chance, sich mit HIV und AIDS auseinanderzusetzen, und Pedro wurde zu einem Botschafter f\u00fcr den Kampf mit HIV. Die bewegende Lebensgeschichte dieses aus Kuba stammenden Jungen wird hier mit kr\u00e4ftigen und r\u00fchrenden Bildern erz\u00e4hlt. (90 Minuten, USA, 2009, Regie: Nick Oceano, mit Alex Loynaz, Justina Machado, Hale Appleman, OmdtU)<br \/>\n<span style=\"text-decoration: underline;\">Freitag, 8. November 2013 <\/span><strong><span style=\"text-decoration: underline;\">20:00 | FUCKING DIFFERENT NEW YORK<\/span> <\/strong><br \/>\n<em>In Anwesenheit des Produzenten Kristian Petersen <\/em><br \/>\nDie Idee des queeren Crossovers \u2013 lesbische Filmemacherinnen, die schwule Geschichten aus ihrer Sicht erz\u00e4hlen, und umgekehrt \u2013 ist das Herzst\u00fcck der Kurzfilmserie \u201eFucking Different\u201c. Das zweite Projekt in der Serie dreht sich um New York und bringt 12 spannende und interessante Kurzfilme, Einblicke jenseits des \u00fcblichen im Big Apple. (70 Minuten, Deutschland, 2007, Regie: Kristian Petersen, Dan Borden, Abigail Child, Lala Endara, Stephen Gallagher, Samara Halperin, Barbara Hammer, Keith Levy, Hedia Maron, Andre Salas, Todd Verow, Amy von Harrington und Jack Waters, OmdtU)<br \/>\nAb Montag, 21. Oktober k\u00f6nnen Karten unter office@migay.at (bis zu 2 St\u00fcck pro Vorstellung) auch per E-Mail reserviert werden (mit Nennung des Namens und der Vorstellung, f\u00fcr den Karten reserviert werden). Reservierte Freikarten sind bis zu 20 Minuten vor Beginn der Vorstellung abzuholen! Bei nicht fristgerecht erfolgter Abholung verf\u00e4llt die Reservierung, da im Kinosaal nur begrenzt Pl\u00e4tze vorhanden sind! F\u00fcr R\u00fcckfragen sind wir unter office@migay.at jederzeit erreichbar.<\/p>\n","protected":false},"excerpt":{"rendered":"<p>\t\t\t\t<![CDATA[]]>\t\t<\/p>\n","protected":false},"author":4,"featured_media":0,"comment_status":"closed","ping_status":"open","sticky":false,"template":"","format":"standard","meta":{"_acf_changed":false,"footnotes":""},"categories":[275,276],"tags":[],"class_list":["post-11119","post","type-post","status-publish","format-standard","hentry","category-qwien-tipp","category-webarchive","grve-entry-item","grve-blog-item"],"acf":[],"yoast_head":"<!-- This site is optimized with the Yoast SEO plugin v27.5 - https:\/\/yoast.com\/product\/yoast-seo-wordpress\/ -->\n<title>Queere migrantische Filmtage - Blog - Qwien - Zentrum f\u00fcr queere Geschichte<\/title>\n<meta name=\"robots\" content=\"index, follow, max-snippet:-1, max-image-preview:large, max-video-preview:-1\" \/>\n<link rel=\"canonical\" href=\"https:\/\/www.qwien.at\/en\/qwien-tipp\/queere-migrantische-filmtage\/\" \/>\n<meta property=\"og:locale\" content=\"en_US\" \/>\n<meta property=\"og:type\" content=\"article\" \/>\n<meta property=\"og:title\" content=\"Queere migrantische Filmtage - Blog - Qwien - Zentrum f\u00fcr queere Geschichte\" \/>\n<meta property=\"og:url\" content=\"https:\/\/www.qwien.at\/en\/qwien-tipp\/queere-migrantische-filmtage\/\" \/>\n<meta property=\"og:site_name\" content=\"Qwien - Zentrum f\u00fcr queere Geschichte\" \/>\n<meta property=\"article:published_time\" content=\"2025-07-15T19:37:08+00:00\" \/>\n<meta property=\"og:image\" content=\"https:\/\/www.qwien.at\/wp-content\/uploads\/2025\/06\/seo-yoast-1.png\" \/>\n\t<meta property=\"og:image:width\" content=\"1921\" \/>\n\t<meta property=\"og:image:height\" content=\"1081\" \/>\n\t<meta property=\"og:image:type\" content=\"image\/png\" \/>\n<meta name=\"author\" content=\"Andreas Brunner\" \/>\n<meta name=\"twitter:card\" content=\"summary_large_image\" \/>\n<meta name=\"twitter:label1\" content=\"Written by\" \/>\n\t<meta name=\"twitter:data1\" content=\"Andreas Brunner\" \/>\n\t<meta name=\"twitter:label2\" content=\"Est. reading time\" \/>\n\t<meta name=\"twitter:data2\" content=\"4 minutes\" \/>\n<script type=\"application\/ld+json\" class=\"yoast-schema-graph\">{\"@context\":\"https:\\\/\\\/schema.org\",\"@graph\":[{\"@type\":[\"Article\",\"BlogPosting\"],\"@id\":\"https:\\\/\\\/www.qwien.at\\\/en\\\/qwien-tipp\\\/queere-migrantische-filmtage\\\/#article\",\"isPartOf\":{\"@id\":\"https:\\\/\\\/www.qwien.at\\\/en\\\/qwien-tipp\\\/queere-migrantische-filmtage\\\/\"},\"author\":{\"name\":\"Andreas Brunner\",\"@id\":\"https:\\\/\\\/www.qwien.at\\\/en\\\/#\\\/schema\\\/person\\\/d3fe9114b43d8e5a558a6d20ca3e2920\"},\"headline\":\"Queere migrantische Filmtage\",\"datePublished\":\"2025-07-15T19:37:08+00:00\",\"mainEntityOfPage\":{\"@id\":\"https:\\\/\\\/www.qwien.at\\\/en\\\/qwien-tipp\\\/queere-migrantische-filmtage\\\/\"},\"wordCount\":885,\"publisher\":{\"@id\":\"https:\\\/\\\/www.qwien.at\\\/en\\\/#organization\"},\"articleSection\":[\"Tipp\",\"Webarchiv\"],\"inLanguage\":\"en-US\"},{\"@type\":\"WebPage\",\"@id\":\"https:\\\/\\\/www.qwien.at\\\/en\\\/qwien-tipp\\\/queere-migrantische-filmtage\\\/\",\"url\":\"https:\\\/\\\/www.qwien.at\\\/en\\\/qwien-tipp\\\/queere-migrantische-filmtage\\\/\",\"name\":\"Queere migrantische Filmtage - Blog - Qwien - Zentrum f\u00fcr queere Geschichte\",\"isPartOf\":{\"@id\":\"https:\\\/\\\/www.qwien.at\\\/en\\\/#website\"},\"datePublished\":\"2025-07-15T19:37:08+00:00\",\"breadcrumb\":{\"@id\":\"https:\\\/\\\/www.qwien.at\\\/en\\\/qwien-tipp\\\/queere-migrantische-filmtage\\\/#breadcrumb\"},\"inLanguage\":\"en-US\",\"potentialAction\":[{\"@type\":\"ReadAction\",\"target\":[\"https:\\\/\\\/www.qwien.at\\\/en\\\/qwien-tipp\\\/queere-migrantische-filmtage\\\/\"]}]},{\"@type\":\"BreadcrumbList\",\"@id\":\"https:\\\/\\\/www.qwien.at\\\/en\\\/qwien-tipp\\\/queere-migrantische-filmtage\\\/#breadcrumb\",\"itemListElement\":[{\"@type\":\"ListItem\",\"position\":1,\"name\":\"Startseite\",\"item\":\"https:\\\/\\\/www.qwien.at\\\/en\\\/\"},{\"@type\":\"ListItem\",\"position\":2,\"name\":\"Queere migrantische Filmtage\"}]},{\"@type\":\"WebSite\",\"@id\":\"https:\\\/\\\/www.qwien.at\\\/en\\\/#website\",\"url\":\"https:\\\/\\\/www.qwien.at\\\/en\\\/\",\"name\":\"Qwien - Zentrum f\u00fcr queere Geschichte\",\"description\":\"\",\"publisher\":{\"@id\":\"https:\\\/\\\/www.qwien.at\\\/en\\\/#organization\"},\"potentialAction\":[{\"@type\":\"SearchAction\",\"target\":{\"@type\":\"EntryPoint\",\"urlTemplate\":\"https:\\\/\\\/www.qwien.at\\\/en\\\/?s={search_term_string}\"},\"query-input\":{\"@type\":\"PropertyValueSpecification\",\"valueRequired\":true,\"valueName\":\"search_term_string\"}}],\"inLanguage\":\"en-US\"},{\"@type\":\"Organization\",\"@id\":\"https:\\\/\\\/www.qwien.at\\\/en\\\/#organization\",\"name\":\"Qwien\",\"url\":\"https:\\\/\\\/www.qwien.at\\\/en\\\/\",\"logo\":{\"@type\":\"ImageObject\",\"inLanguage\":\"en-US\",\"@id\":\"https:\\\/\\\/www.qwien.at\\\/en\\\/#\\\/schema\\\/logo\\\/image\\\/\",\"url\":\"https:\\\/\\\/www.qwien.at\\\/wp-content\\\/uploads\\\/2025\\\/06\\\/seo-yoast-2.png\",\"contentUrl\":\"https:\\\/\\\/www.qwien.at\\\/wp-content\\\/uploads\\\/2025\\\/06\\\/seo-yoast-2.png\",\"width\":697,\"height\":697,\"caption\":\"Qwien\"},\"image\":{\"@id\":\"https:\\\/\\\/www.qwien.at\\\/en\\\/#\\\/schema\\\/logo\\\/image\\\/\"},\"sameAs\":[\"https:\\\/\\\/www.instagram.com\\\/qwien.zentrum\\\/\"]},{\"@type\":\"Person\",\"@id\":\"https:\\\/\\\/www.qwien.at\\\/en\\\/#\\\/schema\\\/person\\\/d3fe9114b43d8e5a558a6d20ca3e2920\",\"name\":\"Andreas Brunner\"}]}<\/script>\n<!-- \/ Yoast SEO plugin. -->","yoast_head_json":{"title":"Queere migrantische Filmtage - Blog - Qwien - Zentrum f\u00fcr queere Geschichte","robots":{"index":"index","follow":"follow","max-snippet":"max-snippet:-1","max-image-preview":"max-image-preview:large","max-video-preview":"max-video-preview:-1"},"canonical":"https:\/\/www.qwien.at\/en\/qwien-tipp\/queere-migrantische-filmtage\/","og_locale":"en_US","og_type":"article","og_title":"Queere migrantische Filmtage - Blog - Qwien - Zentrum f\u00fcr queere Geschichte","og_url":"https:\/\/www.qwien.at\/en\/qwien-tipp\/queere-migrantische-filmtage\/","og_site_name":"Qwien - Zentrum f\u00fcr queere Geschichte","article_published_time":"2025-07-15T19:37:08+00:00","og_image":[{"width":1921,"height":1081,"url":"https:\/\/www.qwien.at\/wp-content\/uploads\/2025\/06\/seo-yoast-1.png","type":"image\/png"}],"author":"Andreas Brunner","twitter_card":"summary_large_image","twitter_misc":{"Written by":"Andreas Brunner","Est. reading time":"4 minutes"},"schema":{"@context":"https:\/\/schema.org","@graph":[{"@type":["Article","BlogPosting"],"@id":"https:\/\/www.qwien.at\/en\/qwien-tipp\/queere-migrantische-filmtage\/#article","isPartOf":{"@id":"https:\/\/www.qwien.at\/en\/qwien-tipp\/queere-migrantische-filmtage\/"},"author":{"name":"Andreas Brunner","@id":"https:\/\/www.qwien.at\/en\/#\/schema\/person\/d3fe9114b43d8e5a558a6d20ca3e2920"},"headline":"Queere migrantische Filmtage","datePublished":"2025-07-15T19:37:08+00:00","mainEntityOfPage":{"@id":"https:\/\/www.qwien.at\/en\/qwien-tipp\/queere-migrantische-filmtage\/"},"wordCount":885,"publisher":{"@id":"https:\/\/www.qwien.at\/en\/#organization"},"articleSection":["Tipp","Webarchiv"],"inLanguage":"en-US"},{"@type":"WebPage","@id":"https:\/\/www.qwien.at\/en\/qwien-tipp\/queere-migrantische-filmtage\/","url":"https:\/\/www.qwien.at\/en\/qwien-tipp\/queere-migrantische-filmtage\/","name":"Queere migrantische Filmtage - Blog - Qwien - Zentrum f\u00fcr queere Geschichte","isPartOf":{"@id":"https:\/\/www.qwien.at\/en\/#website"},"datePublished":"2025-07-15T19:37:08+00:00","breadcrumb":{"@id":"https:\/\/www.qwien.at\/en\/qwien-tipp\/queere-migrantische-filmtage\/#breadcrumb"},"inLanguage":"en-US","potentialAction":[{"@type":"ReadAction","target":["https:\/\/www.qwien.at\/en\/qwien-tipp\/queere-migrantische-filmtage\/"]}]},{"@type":"BreadcrumbList","@id":"https:\/\/www.qwien.at\/en\/qwien-tipp\/queere-migrantische-filmtage\/#breadcrumb","itemListElement":[{"@type":"ListItem","position":1,"name":"Startseite","item":"https:\/\/www.qwien.at\/en\/"},{"@type":"ListItem","position":2,"name":"Queere migrantische Filmtage"}]},{"@type":"WebSite","@id":"https:\/\/www.qwien.at\/en\/#website","url":"https:\/\/www.qwien.at\/en\/","name":"Qwien - Zentrum f\u00fcr queere Geschichte","description":"","publisher":{"@id":"https:\/\/www.qwien.at\/en\/#organization"},"potentialAction":[{"@type":"SearchAction","target":{"@type":"EntryPoint","urlTemplate":"https:\/\/www.qwien.at\/en\/?s={search_term_string}"},"query-input":{"@type":"PropertyValueSpecification","valueRequired":true,"valueName":"search_term_string"}}],"inLanguage":"en-US"},{"@type":"Organization","@id":"https:\/\/www.qwien.at\/en\/#organization","name":"Qwien","url":"https:\/\/www.qwien.at\/en\/","logo":{"@type":"ImageObject","inLanguage":"en-US","@id":"https:\/\/www.qwien.at\/en\/#\/schema\/logo\/image\/","url":"https:\/\/www.qwien.at\/wp-content\/uploads\/2025\/06\/seo-yoast-2.png","contentUrl":"https:\/\/www.qwien.at\/wp-content\/uploads\/2025\/06\/seo-yoast-2.png","width":697,"height":697,"caption":"Qwien"},"image":{"@id":"https:\/\/www.qwien.at\/en\/#\/schema\/logo\/image\/"},"sameAs":["https:\/\/www.instagram.com\/qwien.zentrum\/"]},{"@type":"Person","@id":"https:\/\/www.qwien.at\/en\/#\/schema\/person\/d3fe9114b43d8e5a558a6d20ca3e2920","name":"Andreas Brunner"}]}},"_links":{"self":[{"href":"https:\/\/www.qwien.at\/en\/wp-json\/wp\/v2\/posts\/11119","targetHints":{"allow":["GET"]}}],"collection":[{"href":"https:\/\/www.qwien.at\/en\/wp-json\/wp\/v2\/posts"}],"about":[{"href":"https:\/\/www.qwien.at\/en\/wp-json\/wp\/v2\/types\/post"}],"author":[{"embeddable":true,"href":"https:\/\/www.qwien.at\/en\/wp-json\/wp\/v2\/users\/4"}],"replies":[{"embeddable":true,"href":"https:\/\/www.qwien.at\/en\/wp-json\/wp\/v2\/comments?post=11119"}],"version-history":[{"count":0,"href":"https:\/\/www.qwien.at\/en\/wp-json\/wp\/v2\/posts\/11119\/revisions"}],"wp:attachment":[{"href":"https:\/\/www.qwien.at\/en\/wp-json\/wp\/v2\/media?parent=11119"}],"wp:term":[{"taxonomy":"category","embeddable":true,"href":"https:\/\/www.qwien.at\/en\/wp-json\/wp\/v2\/categories?post=11119"},{"taxonomy":"post_tag","embeddable":true,"href":"https:\/\/www.qwien.at\/en\/wp-json\/wp\/v2\/tags?post=11119"}],"curies":[{"name":"wp","href":"https:\/\/api.w.org\/{rel}","templated":true}]}}