{"id":11123,"date":"2025-07-15T21:37:07","date_gmt":"2025-07-15T19:37:07","guid":{"rendered":"https:\/\/www.qwien.at\/nicht-kategorisiert\/stonewall-in-wien-die-1970er-helga-pankratz\/"},"modified":"2025-07-15T21:37:07","modified_gmt":"2025-07-15T19:37:07","slug":"stonewall-in-wien-die-1970er-helga-pankratz","status":"publish","type":"post","link":"https:\/\/www.qwien.at\/en\/qwien\/stonewall-in-wien-die-1970er-helga-pankratz\/","title":{"rendered":"Stonewall in Wien \u2013 die 1970er: Helga Pankratz"},"content":{"rendered":"<p><em>Wie kamst du in die Wiener Frauenszene?<\/em><br \/>\n<a href=\"https:\/\/www.qwien.at\/wp-content\/uploads\/2012\/10\/Bild_HPA.jpg\"><img loading=\"lazy\" decoding=\"async\" class=\"alignleft size-full wp-image-2014\" title=\"Bild_HPA\" src=\"https:\/\/www.qwien.at\/wp-content\/uploads\/2012\/10\/Bild_HPA.jpg\" alt=\"\" width=\"127\" height=\"99\" \/><\/a>Mein Coming-out hab ich sehr alleine gehabt. Ich bin mir seit dem Alter von 12 Jahren bewusst, dass ich lesbisch bin und wie das hei\u00dft und was das ist. Ich bin in Wiener Neustadt aufgewachsen, was eine Kleinstadt ist und kannte keine Lesbe au\u00dfer mir selber und das sehr lang. Und ich bin mit dadurch, dass ich gewusst habe, dass ich lesbisch bin, motiviert gewesen, studieren zu wollen und nach Wien zu wollen.<br \/>\n<em>Wie fandest du dann andere Lesben und Schwule?<\/em><br \/>\nAlso zu der Zeit, wo ich die Frauenszene gesucht und gefunden habe, hats die HOSI auch noch nicht gegeben, also das hat sich so parallel entwickelt, dass ich Anschluss an eine Bewegung gesucht hab, weil mir war Stonewall aus den Massenmedien durchaus ein Begriff. Und ich hab erwartet, dass ich in Wien eine Bewegung finde, die auf dem Stand von Amerika oder Deutschland ist, wie ich jung war. Dann hab ich auch die Gr\u00fcndung der HOSI miterlebt, ich hab\u2018 \u2013 wie soll ich sagen \u2013 den Falter gelesen, der ja auch ganz frisch war, und da die Annoncen, wie sich die HOSI zusammenfand.<br \/>\nUnd bei Lesbengruppen war es genauso: Es gab Ans\u00e4tze, es gab immer wieder Lesbengruppen, die sich getroffen haben in Privatwohnungen oder im Frauenzentrum in der Tendlergasse. Das hab ich auch besucht und mir angeschaut, hab im Frauencaf\u00e9 immer plakatiert gesehen, wie der Kontakt zu kn\u00fcpfen ist, zur Lesbengruppe. Ja, und wie die HOSI gegr\u00fcndet worden ist, hat mich das sehr fasziniert. Ich hab dann \u00fcber die zweite Nummer der Lambda-Nachrichten, die ist mir in die H\u00e4nde gekommen, weil ich am Reumannplatz am Info-Stand war, davon erfahren. Da war gleichzeitig ein gro\u00dfes \u00f6sterreichisches Lesbentreffen im Amerlinghaus. Das erste gro\u00dfe, das hab ich auch besucht. Und eigentlich konnte man sehr viel erfahren, alle waren interessiert, an allem was es gibt.<br \/>\n<em>Dennoch hast du dich zur Gr\u00fcndung einer eigenen Lesbengruppe in der HOSI entschlossen?<\/em><br \/>\nF\u00fcr mich war es eigentlich selbstverst\u00e4ndlich, dass ich auch Lambda-Nachrichten lese und mit der HOSI kommuniziere \u2013 die war aber halt ein M\u00e4nnerverein. Und irgendwann hat mich der M\u00e4nnerverein eingeladen, weil ich so oft Leserinnenbriefe schrieb, und so oft reagierte, auf Sachen, die in den Lambda gestanden sind, dass sie gesagt haben \u201eKomm einmal! Treffen wir uns einmal. Was m\u00f6chtest du denn?\u201c Und ich wollte Kontakt zu anderen Frauen, die Kontakt zur Hosi haben oder suchen. Und dann war es der Kurt Krickler, mit dem meine Freundin und ich intensiver gesprochen haben und der gesagt hat. \u201eWollt\u2019s nicht vielleicht eine Lesbengruppe bei uns aufmachen?\u201c Wir hatten versucht zu \u00fcberlegen, wie es denn m\u00f6glich sein k\u00f6nnte, in diesem M\u00e4nnerverein aktiv zu werden. Und die Idee war sehr gut. Wir waren ja integriert, ich war Stammg\u00e4stin im Frauencaf\u00e9, ich hab die Zeitschrift AUF gelesen und alle gro\u00dfen Frauen der feministischen Bewegung gut gekannt und mit ihnen gesprochen. Wir haben sogar auf einem gro\u00dfen Frauenfest, das die Frauenbuchhandlung organisiert hatte, Flyer ausgeteilt mit Einladungen zur ersten Lesbengruppe. Ohne das h\u00e4tten wir ja die Frauen gar nicht gefunden, die zu uns in die HOSI kommen.<br \/>\n<em>Nicht zuletzt dank deiner Mitwirkung war ja die Lesbenbewegung sowohl Teil der gemeinsamen Homosexuellenbewegung als auch Teil der Frauenbewegung.<\/em><br \/>\nDas war ja vermutlich nicht ganz friktionsfrei. Man kann nat\u00fcrlich nicht sagen, die ganze Frauenbewegung war so oder so eingestellt oder umgekehrt. Ich glaub aus meiner jetzigen Perspektive, dass sich diese Konflikte ja sehr oft innerhalb der Personen abspielen. Ich bin unverbr\u00fcchlich Feministin und wenn ich einen Sexismus von den schwulen Schwestern wahrnehme, dann kann ich das nicht einfach so hinnehmen. Nur meines und das von den Frauen, die es \u00e4hnlich gemacht haben wie ich, war es, nicht fernzubleiben oder dann auszutreten, sondern den Konflikt zu suchen, aber auch die Verst\u00e4ndigung. Und es war so \u2013 ich krieg das jetzt nachtr\u00e4glich \u00f6fter noch erz\u00e4hlt, es haben sich die schwulen M\u00e4nner in der HOSI wirklich gef\u00fcrchtet vor uns, einfach, weil wir uns nicht immer alles haben bieten lassen, weil wir gesagt haben, \u201eNa, hoppla! Moment, so!\u201c. Und es war ein Lernprozess, ich glaub, die M\u00e4nner haben sehr viel mehr zum Lernen gehabt.<\/p>\n<p>Alle Interviews von &#8220;Stonewall in Wien&#8221;: <a href=\"http:\/\/www.qwien.at\/stonewall-in-wien\/\">http:\/\/www.qwien.at\/stonewall-in-wien\/<\/a><\/p>\n<p><iframe loading=\"lazy\" src=\"http:\/\/www.youtube.com\/embed\/XqcpSNZbji0\" width=\"560\" height=\"630\" frameborder=\"0\"><\/iframe><\/p>\n","protected":false},"excerpt":{"rendered":"<p>\t\t\t\t<![CDATA[]]>\t\t<\/p>\n","protected":false},"author":4,"featured_media":0,"comment_status":"closed","ping_status":"open","sticky":false,"template":"","format":"standard","meta":{"_acf_changed":false,"footnotes":""},"categories":[272,276],"tags":[],"class_list":["post-11123","post","type-post","status-publish","format-standard","hentry","category-qwien","category-webarchive","grve-entry-item","grve-blog-item"],"acf":[],"yoast_head":"<!-- This site is optimized with the Yoast SEO plugin v27.5 - https:\/\/yoast.com\/product\/yoast-seo-wordpress\/ -->\n<title>Stonewall in Wien \u2013 die 1970er: Helga Pankratz - Blog - Qwien - Zentrum f\u00fcr queere Geschichte<\/title>\n<meta name=\"robots\" content=\"index, follow, max-snippet:-1, max-image-preview:large, max-video-preview:-1\" \/>\n<link rel=\"canonical\" href=\"https:\/\/www.qwien.at\/en\/qwien\/stonewall-in-wien-die-1970er-helga-pankratz\/\" \/>\n<meta property=\"og:locale\" content=\"en_US\" \/>\n<meta property=\"og:type\" content=\"article\" \/>\n<meta property=\"og:title\" content=\"Stonewall in Wien \u2013 die 1970er: Helga Pankratz - Blog - Qwien - Zentrum f\u00fcr queere Geschichte\" \/>\n<meta property=\"og:url\" content=\"https:\/\/www.qwien.at\/en\/qwien\/stonewall-in-wien-die-1970er-helga-pankratz\/\" \/>\n<meta property=\"og:site_name\" content=\"Qwien - Zentrum f\u00fcr queere Geschichte\" \/>\n<meta property=\"article:published_time\" content=\"2025-07-15T19:37:07+00:00\" \/>\n<meta property=\"og:image\" content=\"https:\/\/www.qwien.at\/wp-content\/uploads\/2012\/10\/Bild_HPA.jpg\" \/>\n\t<meta property=\"og:image:width\" content=\"127\" \/>\n\t<meta property=\"og:image:height\" content=\"99\" \/>\n\t<meta property=\"og:image:type\" content=\"image\/jpeg\" \/>\n<meta name=\"author\" content=\"Andreas Brunner\" \/>\n<meta name=\"twitter:card\" content=\"summary_large_image\" \/>\n<meta name=\"twitter:label1\" content=\"Written by\" \/>\n\t<meta name=\"twitter:data1\" content=\"Andreas Brunner\" \/>\n\t<meta name=\"twitter:label2\" content=\"Est. reading time\" \/>\n\t<meta name=\"twitter:data2\" content=\"4 minutes\" \/>\n<script type=\"application\/ld+json\" class=\"yoast-schema-graph\">{\"@context\":\"https:\\\/\\\/schema.org\",\"@graph\":[{\"@type\":[\"Article\",\"BlogPosting\"],\"@id\":\"https:\\\/\\\/www.qwien.at\\\/en\\\/qwien\\\/stonewall-in-wien-die-1970er-helga-pankratz\\\/#article\",\"isPartOf\":{\"@id\":\"https:\\\/\\\/www.qwien.at\\\/en\\\/qwien\\\/stonewall-in-wien-die-1970er-helga-pankratz\\\/\"},\"author\":{\"name\":\"Andreas Brunner\",\"@id\":\"https:\\\/\\\/www.qwien.at\\\/en\\\/#\\\/schema\\\/person\\\/d3fe9114b43d8e5a558a6d20ca3e2920\"},\"headline\":\"Stonewall in Wien \u2013 die 1970er: Helga Pankratz\",\"datePublished\":\"2025-07-15T19:37:07+00:00\",\"mainEntityOfPage\":{\"@id\":\"https:\\\/\\\/www.qwien.at\\\/en\\\/qwien\\\/stonewall-in-wien-die-1970er-helga-pankratz\\\/\"},\"wordCount\":727,\"publisher\":{\"@id\":\"https:\\\/\\\/www.qwien.at\\\/en\\\/#organization\"},\"image\":{\"@id\":\"https:\\\/\\\/www.qwien.at\\\/en\\\/qwien\\\/stonewall-in-wien-die-1970er-helga-pankratz\\\/#primaryimage\"},\"thumbnailUrl\":\"https:\\\/\\\/www.qwien.at\\\/wp-content\\\/uploads\\\/2012\\\/10\\\/Bild_HPA.jpg\",\"articleSection\":[\"Qwien\",\"Webarchiv\"],\"inLanguage\":\"en-US\"},{\"@type\":\"WebPage\",\"@id\":\"https:\\\/\\\/www.qwien.at\\\/en\\\/qwien\\\/stonewall-in-wien-die-1970er-helga-pankratz\\\/\",\"url\":\"https:\\\/\\\/www.qwien.at\\\/en\\\/qwien\\\/stonewall-in-wien-die-1970er-helga-pankratz\\\/\",\"name\":\"Stonewall in Wien \u2013 die 1970er: Helga Pankratz - Blog - Qwien - Zentrum f\u00fcr queere Geschichte\",\"isPartOf\":{\"@id\":\"https:\\\/\\\/www.qwien.at\\\/en\\\/#website\"},\"primaryImageOfPage\":{\"@id\":\"https:\\\/\\\/www.qwien.at\\\/en\\\/qwien\\\/stonewall-in-wien-die-1970er-helga-pankratz\\\/#primaryimage\"},\"image\":{\"@id\":\"https:\\\/\\\/www.qwien.at\\\/en\\\/qwien\\\/stonewall-in-wien-die-1970er-helga-pankratz\\\/#primaryimage\"},\"thumbnailUrl\":\"https:\\\/\\\/www.qwien.at\\\/wp-content\\\/uploads\\\/2012\\\/10\\\/Bild_HPA.jpg\",\"datePublished\":\"2025-07-15T19:37:07+00:00\",\"breadcrumb\":{\"@id\":\"https:\\\/\\\/www.qwien.at\\\/en\\\/qwien\\\/stonewall-in-wien-die-1970er-helga-pankratz\\\/#breadcrumb\"},\"inLanguage\":\"en-US\",\"potentialAction\":[{\"@type\":\"ReadAction\",\"target\":[\"https:\\\/\\\/www.qwien.at\\\/en\\\/qwien\\\/stonewall-in-wien-die-1970er-helga-pankratz\\\/\"]}]},{\"@type\":\"ImageObject\",\"inLanguage\":\"en-US\",\"@id\":\"https:\\\/\\\/www.qwien.at\\\/en\\\/qwien\\\/stonewall-in-wien-die-1970er-helga-pankratz\\\/#primaryimage\",\"url\":\"https:\\\/\\\/www.qwien.at\\\/wp-content\\\/uploads\\\/2012\\\/10\\\/Bild_HPA.jpg\",\"contentUrl\":\"https:\\\/\\\/www.qwien.at\\\/wp-content\\\/uploads\\\/2012\\\/10\\\/Bild_HPA.jpg\"},{\"@type\":\"BreadcrumbList\",\"@id\":\"https:\\\/\\\/www.qwien.at\\\/en\\\/qwien\\\/stonewall-in-wien-die-1970er-helga-pankratz\\\/#breadcrumb\",\"itemListElement\":[{\"@type\":\"ListItem\",\"position\":1,\"name\":\"Startseite\",\"item\":\"https:\\\/\\\/www.qwien.at\\\/en\\\/\"},{\"@type\":\"ListItem\",\"position\":2,\"name\":\"Stonewall in Wien \u2013 die 1970er: Helga Pankratz\"}]},{\"@type\":\"WebSite\",\"@id\":\"https:\\\/\\\/www.qwien.at\\\/en\\\/#website\",\"url\":\"https:\\\/\\\/www.qwien.at\\\/en\\\/\",\"name\":\"Qwien - Zentrum f\u00fcr queere Geschichte\",\"description\":\"\",\"publisher\":{\"@id\":\"https:\\\/\\\/www.qwien.at\\\/en\\\/#organization\"},\"potentialAction\":[{\"@type\":\"SearchAction\",\"target\":{\"@type\":\"EntryPoint\",\"urlTemplate\":\"https:\\\/\\\/www.qwien.at\\\/en\\\/?s={search_term_string}\"},\"query-input\":{\"@type\":\"PropertyValueSpecification\",\"valueRequired\":true,\"valueName\":\"search_term_string\"}}],\"inLanguage\":\"en-US\"},{\"@type\":\"Organization\",\"@id\":\"https:\\\/\\\/www.qwien.at\\\/en\\\/#organization\",\"name\":\"Qwien\",\"url\":\"https:\\\/\\\/www.qwien.at\\\/en\\\/\",\"logo\":{\"@type\":\"ImageObject\",\"inLanguage\":\"en-US\",\"@id\":\"https:\\\/\\\/www.qwien.at\\\/en\\\/#\\\/schema\\\/logo\\\/image\\\/\",\"url\":\"https:\\\/\\\/www.qwien.at\\\/wp-content\\\/uploads\\\/2025\\\/06\\\/seo-yoast-2.png\",\"contentUrl\":\"https:\\\/\\\/www.qwien.at\\\/wp-content\\\/uploads\\\/2025\\\/06\\\/seo-yoast-2.png\",\"width\":697,\"height\":697,\"caption\":\"Qwien\"},\"image\":{\"@id\":\"https:\\\/\\\/www.qwien.at\\\/en\\\/#\\\/schema\\\/logo\\\/image\\\/\"},\"sameAs\":[\"https:\\\/\\\/www.instagram.com\\\/qwien.zentrum\\\/\"]},{\"@type\":\"Person\",\"@id\":\"https:\\\/\\\/www.qwien.at\\\/en\\\/#\\\/schema\\\/person\\\/d3fe9114b43d8e5a558a6d20ca3e2920\",\"name\":\"Andreas Brunner\"}]}<\/script>\n<!-- \/ Yoast SEO plugin. -->","yoast_head_json":{"title":"Stonewall in Wien \u2013 die 1970er: Helga Pankratz - Blog - Qwien - Zentrum f\u00fcr queere Geschichte","robots":{"index":"index","follow":"follow","max-snippet":"max-snippet:-1","max-image-preview":"max-image-preview:large","max-video-preview":"max-video-preview:-1"},"canonical":"https:\/\/www.qwien.at\/en\/qwien\/stonewall-in-wien-die-1970er-helga-pankratz\/","og_locale":"en_US","og_type":"article","og_title":"Stonewall in Wien \u2013 die 1970er: Helga Pankratz - Blog - Qwien - Zentrum f\u00fcr queere Geschichte","og_url":"https:\/\/www.qwien.at\/en\/qwien\/stonewall-in-wien-die-1970er-helga-pankratz\/","og_site_name":"Qwien - Zentrum f\u00fcr queere Geschichte","article_published_time":"2025-07-15T19:37:07+00:00","og_image":[{"width":127,"height":99,"url":"https:\/\/www.qwien.at\/wp-content\/uploads\/2012\/10\/Bild_HPA.jpg","type":"image\/jpeg"}],"author":"Andreas Brunner","twitter_card":"summary_large_image","twitter_misc":{"Written by":"Andreas Brunner","Est. reading time":"4 minutes"},"schema":{"@context":"https:\/\/schema.org","@graph":[{"@type":["Article","BlogPosting"],"@id":"https:\/\/www.qwien.at\/en\/qwien\/stonewall-in-wien-die-1970er-helga-pankratz\/#article","isPartOf":{"@id":"https:\/\/www.qwien.at\/en\/qwien\/stonewall-in-wien-die-1970er-helga-pankratz\/"},"author":{"name":"Andreas Brunner","@id":"https:\/\/www.qwien.at\/en\/#\/schema\/person\/d3fe9114b43d8e5a558a6d20ca3e2920"},"headline":"Stonewall in Wien \u2013 die 1970er: Helga Pankratz","datePublished":"2025-07-15T19:37:07+00:00","mainEntityOfPage":{"@id":"https:\/\/www.qwien.at\/en\/qwien\/stonewall-in-wien-die-1970er-helga-pankratz\/"},"wordCount":727,"publisher":{"@id":"https:\/\/www.qwien.at\/en\/#organization"},"image":{"@id":"https:\/\/www.qwien.at\/en\/qwien\/stonewall-in-wien-die-1970er-helga-pankratz\/#primaryimage"},"thumbnailUrl":"https:\/\/www.qwien.at\/wp-content\/uploads\/2012\/10\/Bild_HPA.jpg","articleSection":["Qwien","Webarchiv"],"inLanguage":"en-US"},{"@type":"WebPage","@id":"https:\/\/www.qwien.at\/en\/qwien\/stonewall-in-wien-die-1970er-helga-pankratz\/","url":"https:\/\/www.qwien.at\/en\/qwien\/stonewall-in-wien-die-1970er-helga-pankratz\/","name":"Stonewall in Wien \u2013 die 1970er: Helga Pankratz - Blog - Qwien - Zentrum f\u00fcr queere Geschichte","isPartOf":{"@id":"https:\/\/www.qwien.at\/en\/#website"},"primaryImageOfPage":{"@id":"https:\/\/www.qwien.at\/en\/qwien\/stonewall-in-wien-die-1970er-helga-pankratz\/#primaryimage"},"image":{"@id":"https:\/\/www.qwien.at\/en\/qwien\/stonewall-in-wien-die-1970er-helga-pankratz\/#primaryimage"},"thumbnailUrl":"https:\/\/www.qwien.at\/wp-content\/uploads\/2012\/10\/Bild_HPA.jpg","datePublished":"2025-07-15T19:37:07+00:00","breadcrumb":{"@id":"https:\/\/www.qwien.at\/en\/qwien\/stonewall-in-wien-die-1970er-helga-pankratz\/#breadcrumb"},"inLanguage":"en-US","potentialAction":[{"@type":"ReadAction","target":["https:\/\/www.qwien.at\/en\/qwien\/stonewall-in-wien-die-1970er-helga-pankratz\/"]}]},{"@type":"ImageObject","inLanguage":"en-US","@id":"https:\/\/www.qwien.at\/en\/qwien\/stonewall-in-wien-die-1970er-helga-pankratz\/#primaryimage","url":"https:\/\/www.qwien.at\/wp-content\/uploads\/2012\/10\/Bild_HPA.jpg","contentUrl":"https:\/\/www.qwien.at\/wp-content\/uploads\/2012\/10\/Bild_HPA.jpg"},{"@type":"BreadcrumbList","@id":"https:\/\/www.qwien.at\/en\/qwien\/stonewall-in-wien-die-1970er-helga-pankratz\/#breadcrumb","itemListElement":[{"@type":"ListItem","position":1,"name":"Startseite","item":"https:\/\/www.qwien.at\/en\/"},{"@type":"ListItem","position":2,"name":"Stonewall in Wien \u2013 die 1970er: Helga Pankratz"}]},{"@type":"WebSite","@id":"https:\/\/www.qwien.at\/en\/#website","url":"https:\/\/www.qwien.at\/en\/","name":"Qwien - Zentrum f\u00fcr queere Geschichte","description":"","publisher":{"@id":"https:\/\/www.qwien.at\/en\/#organization"},"potentialAction":[{"@type":"SearchAction","target":{"@type":"EntryPoint","urlTemplate":"https:\/\/www.qwien.at\/en\/?s={search_term_string}"},"query-input":{"@type":"PropertyValueSpecification","valueRequired":true,"valueName":"search_term_string"}}],"inLanguage":"en-US"},{"@type":"Organization","@id":"https:\/\/www.qwien.at\/en\/#organization","name":"Qwien","url":"https:\/\/www.qwien.at\/en\/","logo":{"@type":"ImageObject","inLanguage":"en-US","@id":"https:\/\/www.qwien.at\/en\/#\/schema\/logo\/image\/","url":"https:\/\/www.qwien.at\/wp-content\/uploads\/2025\/06\/seo-yoast-2.png","contentUrl":"https:\/\/www.qwien.at\/wp-content\/uploads\/2025\/06\/seo-yoast-2.png","width":697,"height":697,"caption":"Qwien"},"image":{"@id":"https:\/\/www.qwien.at\/en\/#\/schema\/logo\/image\/"},"sameAs":["https:\/\/www.instagram.com\/qwien.zentrum\/"]},{"@type":"Person","@id":"https:\/\/www.qwien.at\/en\/#\/schema\/person\/d3fe9114b43d8e5a558a6d20ca3e2920","name":"Andreas Brunner"}]}},"_links":{"self":[{"href":"https:\/\/www.qwien.at\/en\/wp-json\/wp\/v2\/posts\/11123","targetHints":{"allow":["GET"]}}],"collection":[{"href":"https:\/\/www.qwien.at\/en\/wp-json\/wp\/v2\/posts"}],"about":[{"href":"https:\/\/www.qwien.at\/en\/wp-json\/wp\/v2\/types\/post"}],"author":[{"embeddable":true,"href":"https:\/\/www.qwien.at\/en\/wp-json\/wp\/v2\/users\/4"}],"replies":[{"embeddable":true,"href":"https:\/\/www.qwien.at\/en\/wp-json\/wp\/v2\/comments?post=11123"}],"version-history":[{"count":0,"href":"https:\/\/www.qwien.at\/en\/wp-json\/wp\/v2\/posts\/11123\/revisions"}],"wp:attachment":[{"href":"https:\/\/www.qwien.at\/en\/wp-json\/wp\/v2\/media?parent=11123"}],"wp:term":[{"taxonomy":"category","embeddable":true,"href":"https:\/\/www.qwien.at\/en\/wp-json\/wp\/v2\/categories?post=11123"},{"taxonomy":"post_tag","embeddable":true,"href":"https:\/\/www.qwien.at\/en\/wp-json\/wp\/v2\/tags?post=11123"}],"curies":[{"name":"wp","href":"https:\/\/api.w.org\/{rel}","templated":true}]}}