{"id":11126,"date":"2025-07-15T21:37:07","date_gmt":"2025-07-15T19:37:07","guid":{"rendered":"https:\/\/www.qwien.at\/nicht-kategorisiert\/stonewall-in-wien-die-1980er-dieter-schmutzer\/"},"modified":"2025-07-15T21:37:07","modified_gmt":"2025-07-15T19:37:07","slug":"stonewall-in-wien-die-1980er-dieter-schmutzer","status":"publish","type":"post","link":"https:\/\/www.qwien.at\/en\/qwien\/stonewall-in-wien-die-1980er-dieter-schmutzer\/","title":{"rendered":"Stonewall in Wien \u2013 die 1980er: Dieter Schmutzer"},"content":{"rendered":"<p><em>Wie hat sich dein Eintritt in die HOSI Wien gestaltet?<\/em><br \/>\n<a href=\"https:\/\/www.qwien.at\/wp-content\/uploads\/2012\/10\/Bild_DSC.jpg\"><img loading=\"lazy\" decoding=\"async\" class=\"alignleft size-full wp-image-2023\" title=\"Bild_DSC\" src=\"https:\/\/www.qwien.at\/wp-content\/uploads\/2012\/10\/Bild_DSC.jpg\" alt=\"\" width=\"126\" height=\"101\" \/><\/a>Im Fr\u00fchjahr 1979 kam Wolfgang F\u00f6rster, mit dem ich schon viele Jahre befreundet gewesen war, eines sch\u00f6nen Tages zu mir und sagte: \u201eDu, wei\u00dft du was, ich hab da eine Annonce aufgegeben, dass einfach so schwule M\u00e4nner sich irgendwie treffen. Und magst du daran teilnehmen?\u201c Und es war dann das zweite Treffen, bei dem ich dann dabei war.<br \/>\n<em>Hattet ihr von Stonewall geh\u00f6rt?<\/em><br \/>\nEinige hatten geh\u00f6rt, andere \u00fcberhaupt nicht. Mir war Stonewall durchaus ein Begriff, was einfach damit zu tun hatte, dass ich immer ein sehr politisch interessierter Mensch war seit meiner\u00a0\u00a0 Mittelschulzeit. Ich bin mir nicht sicher, ob ich die Ereignisse von Stonewall mitgekriegt hab, als es passiert ist. Da w\u00fcrde ich jetzt einmal sagen: nein. Da war ich 15 oder so und da hatte ich andere Interessen.<br \/>\n<em>Dann warst du ja auch bei den HOSIsters stark engagiert. Wie kam es zu dieser Gr\u00fcndung?<\/em><br \/>\nEin paar Wahnsinnige haben sich hingestellt und ohne gro\u00dfe Vorbereitung und ohne alles begonnen Arien zu schmettern, und das hat einfach Spa\u00df gemacht. Und dann gab es eben ein paar, die gesagt<br \/>\nhaben, \u201eDas w\u00e4r\u2019 doch was\u201c, und wir haben dann bald danach die erste Produktion gemacht, die dann so ausgeschaut hat, dass wir uns zusammengesetzt haben und \u00fcberlegt haben, wer t\u00e4te gern was singen, einen Freund gefragt haben, der Klavier spielen kann, Noten besorgt haben, zwei Proben am Nachmittag gemacht haben und uns dann ins Gew\u00fchl gest\u00fcrzt haben.<br \/>\n<em>Die HOSI hat sich sp\u00e4ter ja sehr fr\u00fch schon in der Aids-Krise engagiert.<\/em><br \/>\nIm M\u00e4rz 1983 \u2013 also ganz ganz fr\u00fch \u2013 war die HOSI Mitherausgeberin einer der ersten deutschsprachigen Aids-Informationsbrosch\u00fcren (mit der Universit\u00e4tshautklinik und dem Gesundheitsstadtrat in Wien damals) und hat sich seither dann immer mit der Thematik Aids befasst. Im Jahr 1985, also im Gr\u00fcndungsjahr der Aids-Hilfe, hat vor allem der Reinhardt Brandst\u00e4dter als HOSI-Obmann mit dem Ministerium Kontakt gesucht und hat ein Netzwerk betrieben. Man hat mit anderen gemeinsam dann \u00fcberlegt, wie k\u00f6nnte man, nach deutschem Vorbild auch so etwas in diesem Land\u00a0 installieren. Sie haben ein Modell gebastelt, Statuten erstellt, als HOSI, als politische Vertretung mit einem Personen-Proponentenkomitee f\u00fcr den zu gr\u00fcndenden Verein Aids-Hilfe beim damaligen Minister Steyrer vorgesprochen, finanzielle Zusagen geholt, Unterst\u00fctzungserkl\u00e4rungen eingeholt und daraus ist dann im Jahre 1985 die \u201e\u00d6sterreichische Aids-Hilfe\u201c entstanden. Das war kein Honiglecken. Die ersten Informationsgeschichten, die wir gemacht haben, Infost\u00e4nde, wo du beschimpft worden bist und gefragt: \u201eWen interessiert des? Des sollen sich die Warmen untereinander<br \/>\nausmachen.\u201c<br \/>\n<em>Du hast ja dann ein weiteres Bet\u00e4tigungsfeld erschlossen als sehr \u00f6ffentliche Person, n\u00e4mlich als langj\u00e4hriger Sexualberater in den Medien bei \u00d63 bis hin zur Barbara Karlich-Show. Wie hat sich die <\/em><em>Behandlung lesbisch\/schwuler Themen ver\u00e4ndert?<\/em><br \/>\nWas sich ver\u00e4ndert hat, ist schon bei vielen Menschen, dass Homosexualit\u00e4t nicht per se etwas ganz Grausliches, Furchtbares, Perverses, Krankhaftes ist, sondern dass das halt auch irgendwie Leut\u2019 sind wie du und ich. Was ich f\u00fcr wichtig halte, ist aber, diese Ver\u00e4nderung bewusst zu machen. Das ist nicht so selbstverst\u00e4ndlich. Und das muss ich jetzt als politischer Mensch einfach dazu sagen: Wenn wir nicht wahnsinnig aufpassen und am Ball bleiben, sondern uns zur\u00fccklehnen und sagen \u201eIs\u2019 eh a g\u2019mahte Wies\u2019n, es kann nichts mehr passieren\u201c, f\u00fcrchte ich, wird es oder kann es massive R\u00fcckschl\u00e4ge geben. In dem Ma\u00dfe wie bestimmte politische Kr\u00e4fte und Parteien das Sagen kriegen, lege ich nicht meine Hand ins Feuer, dass wir nicht in ein paar Jahren wieder eine Situation haben, die an die sp\u00e4ten 1970-er gemahnt, wo man um die einfachsten Rechte k\u00e4mpfen muss. Und das will ich eigentlich nicht haben.<\/p>\n<p>Alle Interviews von &#8220;Stonewall in Wien&#8221;: &lt;<a href=\"http:\/\/www.qwien.at\/stonewall-in-wien\/\">http:\/\/www.qwien.at\/stonewall-in-wien\/<\/a><\/p>\n<p><iframe loading=\"lazy\" src=\"http:\/\/www.youtube.com\/embed\/cz6fT8Sdbes\" frameborder=\"0\" width=\"560\" height=\"630\"><\/iframe><\/p>\n","protected":false},"excerpt":{"rendered":"<p>\t\t\t\t<![CDATA[]]>\t\t<\/p>\n","protected":false},"author":4,"featured_media":0,"comment_status":"closed","ping_status":"open","sticky":false,"template":"","format":"standard","meta":{"_acf_changed":false,"footnotes":""},"categories":[272,276],"tags":[],"class_list":["post-11126","post","type-post","status-publish","format-standard","hentry","category-qwien","category-webarchive","grve-entry-item","grve-blog-item"],"acf":[],"yoast_head":"<!-- This site is optimized with the Yoast SEO plugin v27.5 - https:\/\/yoast.com\/product\/yoast-seo-wordpress\/ -->\n<title>Stonewall in Wien \u2013 die 1980er: Dieter Schmutzer - Blog - Qwien - Zentrum f\u00fcr queere Geschichte<\/title>\n<meta name=\"robots\" content=\"index, follow, max-snippet:-1, max-image-preview:large, max-video-preview:-1\" \/>\n<link rel=\"canonical\" href=\"https:\/\/www.qwien.at\/en\/qwien\/stonewall-in-wien-die-1980er-dieter-schmutzer\/\" \/>\n<meta property=\"og:locale\" content=\"en_US\" \/>\n<meta property=\"og:type\" content=\"article\" \/>\n<meta property=\"og:title\" content=\"Stonewall in Wien \u2013 die 1980er: Dieter Schmutzer - Blog - Qwien - Zentrum f\u00fcr queere Geschichte\" \/>\n<meta property=\"og:url\" content=\"https:\/\/www.qwien.at\/en\/qwien\/stonewall-in-wien-die-1980er-dieter-schmutzer\/\" \/>\n<meta property=\"og:site_name\" content=\"Qwien - Zentrum f\u00fcr queere Geschichte\" \/>\n<meta property=\"article:published_time\" content=\"2025-07-15T19:37:07+00:00\" \/>\n<meta property=\"og:image\" content=\"https:\/\/www.qwien.at\/wp-content\/uploads\/2012\/10\/Bild_DSC.jpg\" \/>\n\t<meta property=\"og:image:width\" content=\"126\" \/>\n\t<meta property=\"og:image:height\" content=\"101\" \/>\n\t<meta property=\"og:image:type\" content=\"image\/jpeg\" \/>\n<meta name=\"author\" content=\"Andreas Brunner\" \/>\n<meta name=\"twitter:card\" content=\"summary_large_image\" \/>\n<meta name=\"twitter:label1\" content=\"Written by\" \/>\n\t<meta name=\"twitter:data1\" content=\"Andreas Brunner\" \/>\n\t<meta name=\"twitter:label2\" content=\"Est. reading time\" \/>\n\t<meta name=\"twitter:data2\" content=\"3 minutes\" \/>\n<script type=\"application\/ld+json\" class=\"yoast-schema-graph\">{\"@context\":\"https:\\\/\\\/schema.org\",\"@graph\":[{\"@type\":[\"Article\",\"BlogPosting\"],\"@id\":\"https:\\\/\\\/www.qwien.at\\\/en\\\/qwien\\\/stonewall-in-wien-die-1980er-dieter-schmutzer\\\/#article\",\"isPartOf\":{\"@id\":\"https:\\\/\\\/www.qwien.at\\\/en\\\/qwien\\\/stonewall-in-wien-die-1980er-dieter-schmutzer\\\/\"},\"author\":{\"name\":\"Andreas Brunner\",\"@id\":\"https:\\\/\\\/www.qwien.at\\\/en\\\/#\\\/schema\\\/person\\\/d3fe9114b43d8e5a558a6d20ca3e2920\"},\"headline\":\"Stonewall in Wien \u2013 die 1980er: Dieter Schmutzer\",\"datePublished\":\"2025-07-15T19:37:07+00:00\",\"mainEntityOfPage\":{\"@id\":\"https:\\\/\\\/www.qwien.at\\\/en\\\/qwien\\\/stonewall-in-wien-die-1980er-dieter-schmutzer\\\/\"},\"wordCount\":651,\"publisher\":{\"@id\":\"https:\\\/\\\/www.qwien.at\\\/en\\\/#organization\"},\"image\":{\"@id\":\"https:\\\/\\\/www.qwien.at\\\/en\\\/qwien\\\/stonewall-in-wien-die-1980er-dieter-schmutzer\\\/#primaryimage\"},\"thumbnailUrl\":\"https:\\\/\\\/www.qwien.at\\\/wp-content\\\/uploads\\\/2012\\\/10\\\/Bild_DSC.jpg\",\"articleSection\":[\"Qwien\",\"Webarchiv\"],\"inLanguage\":\"en-US\"},{\"@type\":\"WebPage\",\"@id\":\"https:\\\/\\\/www.qwien.at\\\/en\\\/qwien\\\/stonewall-in-wien-die-1980er-dieter-schmutzer\\\/\",\"url\":\"https:\\\/\\\/www.qwien.at\\\/en\\\/qwien\\\/stonewall-in-wien-die-1980er-dieter-schmutzer\\\/\",\"name\":\"Stonewall in Wien \u2013 die 1980er: Dieter Schmutzer - Blog - Qwien - Zentrum f\u00fcr queere Geschichte\",\"isPartOf\":{\"@id\":\"https:\\\/\\\/www.qwien.at\\\/en\\\/#website\"},\"primaryImageOfPage\":{\"@id\":\"https:\\\/\\\/www.qwien.at\\\/en\\\/qwien\\\/stonewall-in-wien-die-1980er-dieter-schmutzer\\\/#primaryimage\"},\"image\":{\"@id\":\"https:\\\/\\\/www.qwien.at\\\/en\\\/qwien\\\/stonewall-in-wien-die-1980er-dieter-schmutzer\\\/#primaryimage\"},\"thumbnailUrl\":\"https:\\\/\\\/www.qwien.at\\\/wp-content\\\/uploads\\\/2012\\\/10\\\/Bild_DSC.jpg\",\"datePublished\":\"2025-07-15T19:37:07+00:00\",\"breadcrumb\":{\"@id\":\"https:\\\/\\\/www.qwien.at\\\/en\\\/qwien\\\/stonewall-in-wien-die-1980er-dieter-schmutzer\\\/#breadcrumb\"},\"inLanguage\":\"en-US\",\"potentialAction\":[{\"@type\":\"ReadAction\",\"target\":[\"https:\\\/\\\/www.qwien.at\\\/en\\\/qwien\\\/stonewall-in-wien-die-1980er-dieter-schmutzer\\\/\"]}]},{\"@type\":\"ImageObject\",\"inLanguage\":\"en-US\",\"@id\":\"https:\\\/\\\/www.qwien.at\\\/en\\\/qwien\\\/stonewall-in-wien-die-1980er-dieter-schmutzer\\\/#primaryimage\",\"url\":\"https:\\\/\\\/www.qwien.at\\\/wp-content\\\/uploads\\\/2012\\\/10\\\/Bild_DSC.jpg\",\"contentUrl\":\"https:\\\/\\\/www.qwien.at\\\/wp-content\\\/uploads\\\/2012\\\/10\\\/Bild_DSC.jpg\"},{\"@type\":\"BreadcrumbList\",\"@id\":\"https:\\\/\\\/www.qwien.at\\\/en\\\/qwien\\\/stonewall-in-wien-die-1980er-dieter-schmutzer\\\/#breadcrumb\",\"itemListElement\":[{\"@type\":\"ListItem\",\"position\":1,\"name\":\"Startseite\",\"item\":\"https:\\\/\\\/www.qwien.at\\\/en\\\/\"},{\"@type\":\"ListItem\",\"position\":2,\"name\":\"Stonewall in Wien \u2013 die 1980er: Dieter Schmutzer\"}]},{\"@type\":\"WebSite\",\"@id\":\"https:\\\/\\\/www.qwien.at\\\/en\\\/#website\",\"url\":\"https:\\\/\\\/www.qwien.at\\\/en\\\/\",\"name\":\"Qwien - Zentrum f\u00fcr queere Geschichte\",\"description\":\"\",\"publisher\":{\"@id\":\"https:\\\/\\\/www.qwien.at\\\/en\\\/#organization\"},\"potentialAction\":[{\"@type\":\"SearchAction\",\"target\":{\"@type\":\"EntryPoint\",\"urlTemplate\":\"https:\\\/\\\/www.qwien.at\\\/en\\\/?s={search_term_string}\"},\"query-input\":{\"@type\":\"PropertyValueSpecification\",\"valueRequired\":true,\"valueName\":\"search_term_string\"}}],\"inLanguage\":\"en-US\"},{\"@type\":\"Organization\",\"@id\":\"https:\\\/\\\/www.qwien.at\\\/en\\\/#organization\",\"name\":\"Qwien\",\"url\":\"https:\\\/\\\/www.qwien.at\\\/en\\\/\",\"logo\":{\"@type\":\"ImageObject\",\"inLanguage\":\"en-US\",\"@id\":\"https:\\\/\\\/www.qwien.at\\\/en\\\/#\\\/schema\\\/logo\\\/image\\\/\",\"url\":\"https:\\\/\\\/www.qwien.at\\\/wp-content\\\/uploads\\\/2025\\\/06\\\/seo-yoast-2.png\",\"contentUrl\":\"https:\\\/\\\/www.qwien.at\\\/wp-content\\\/uploads\\\/2025\\\/06\\\/seo-yoast-2.png\",\"width\":697,\"height\":697,\"caption\":\"Qwien\"},\"image\":{\"@id\":\"https:\\\/\\\/www.qwien.at\\\/en\\\/#\\\/schema\\\/logo\\\/image\\\/\"},\"sameAs\":[\"https:\\\/\\\/www.instagram.com\\\/qwien.zentrum\\\/\"]},{\"@type\":\"Person\",\"@id\":\"https:\\\/\\\/www.qwien.at\\\/en\\\/#\\\/schema\\\/person\\\/d3fe9114b43d8e5a558a6d20ca3e2920\",\"name\":\"Andreas Brunner\"}]}<\/script>\n<!-- \/ Yoast SEO plugin. -->","yoast_head_json":{"title":"Stonewall in Wien \u2013 die 1980er: Dieter Schmutzer - Blog - Qwien - Zentrum f\u00fcr queere Geschichte","robots":{"index":"index","follow":"follow","max-snippet":"max-snippet:-1","max-image-preview":"max-image-preview:large","max-video-preview":"max-video-preview:-1"},"canonical":"https:\/\/www.qwien.at\/en\/qwien\/stonewall-in-wien-die-1980er-dieter-schmutzer\/","og_locale":"en_US","og_type":"article","og_title":"Stonewall in Wien \u2013 die 1980er: Dieter Schmutzer - Blog - Qwien - Zentrum f\u00fcr queere Geschichte","og_url":"https:\/\/www.qwien.at\/en\/qwien\/stonewall-in-wien-die-1980er-dieter-schmutzer\/","og_site_name":"Qwien - Zentrum f\u00fcr queere Geschichte","article_published_time":"2025-07-15T19:37:07+00:00","og_image":[{"width":126,"height":101,"url":"https:\/\/www.qwien.at\/wp-content\/uploads\/2012\/10\/Bild_DSC.jpg","type":"image\/jpeg"}],"author":"Andreas Brunner","twitter_card":"summary_large_image","twitter_misc":{"Written by":"Andreas Brunner","Est. reading time":"3 minutes"},"schema":{"@context":"https:\/\/schema.org","@graph":[{"@type":["Article","BlogPosting"],"@id":"https:\/\/www.qwien.at\/en\/qwien\/stonewall-in-wien-die-1980er-dieter-schmutzer\/#article","isPartOf":{"@id":"https:\/\/www.qwien.at\/en\/qwien\/stonewall-in-wien-die-1980er-dieter-schmutzer\/"},"author":{"name":"Andreas Brunner","@id":"https:\/\/www.qwien.at\/en\/#\/schema\/person\/d3fe9114b43d8e5a558a6d20ca3e2920"},"headline":"Stonewall in Wien \u2013 die 1980er: Dieter Schmutzer","datePublished":"2025-07-15T19:37:07+00:00","mainEntityOfPage":{"@id":"https:\/\/www.qwien.at\/en\/qwien\/stonewall-in-wien-die-1980er-dieter-schmutzer\/"},"wordCount":651,"publisher":{"@id":"https:\/\/www.qwien.at\/en\/#organization"},"image":{"@id":"https:\/\/www.qwien.at\/en\/qwien\/stonewall-in-wien-die-1980er-dieter-schmutzer\/#primaryimage"},"thumbnailUrl":"https:\/\/www.qwien.at\/wp-content\/uploads\/2012\/10\/Bild_DSC.jpg","articleSection":["Qwien","Webarchiv"],"inLanguage":"en-US"},{"@type":"WebPage","@id":"https:\/\/www.qwien.at\/en\/qwien\/stonewall-in-wien-die-1980er-dieter-schmutzer\/","url":"https:\/\/www.qwien.at\/en\/qwien\/stonewall-in-wien-die-1980er-dieter-schmutzer\/","name":"Stonewall in Wien \u2013 die 1980er: Dieter Schmutzer - Blog - Qwien - Zentrum f\u00fcr queere Geschichte","isPartOf":{"@id":"https:\/\/www.qwien.at\/en\/#website"},"primaryImageOfPage":{"@id":"https:\/\/www.qwien.at\/en\/qwien\/stonewall-in-wien-die-1980er-dieter-schmutzer\/#primaryimage"},"image":{"@id":"https:\/\/www.qwien.at\/en\/qwien\/stonewall-in-wien-die-1980er-dieter-schmutzer\/#primaryimage"},"thumbnailUrl":"https:\/\/www.qwien.at\/wp-content\/uploads\/2012\/10\/Bild_DSC.jpg","datePublished":"2025-07-15T19:37:07+00:00","breadcrumb":{"@id":"https:\/\/www.qwien.at\/en\/qwien\/stonewall-in-wien-die-1980er-dieter-schmutzer\/#breadcrumb"},"inLanguage":"en-US","potentialAction":[{"@type":"ReadAction","target":["https:\/\/www.qwien.at\/en\/qwien\/stonewall-in-wien-die-1980er-dieter-schmutzer\/"]}]},{"@type":"ImageObject","inLanguage":"en-US","@id":"https:\/\/www.qwien.at\/en\/qwien\/stonewall-in-wien-die-1980er-dieter-schmutzer\/#primaryimage","url":"https:\/\/www.qwien.at\/wp-content\/uploads\/2012\/10\/Bild_DSC.jpg","contentUrl":"https:\/\/www.qwien.at\/wp-content\/uploads\/2012\/10\/Bild_DSC.jpg"},{"@type":"BreadcrumbList","@id":"https:\/\/www.qwien.at\/en\/qwien\/stonewall-in-wien-die-1980er-dieter-schmutzer\/#breadcrumb","itemListElement":[{"@type":"ListItem","position":1,"name":"Startseite","item":"https:\/\/www.qwien.at\/en\/"},{"@type":"ListItem","position":2,"name":"Stonewall in Wien \u2013 die 1980er: Dieter Schmutzer"}]},{"@type":"WebSite","@id":"https:\/\/www.qwien.at\/en\/#website","url":"https:\/\/www.qwien.at\/en\/","name":"Qwien - Zentrum f\u00fcr queere Geschichte","description":"","publisher":{"@id":"https:\/\/www.qwien.at\/en\/#organization"},"potentialAction":[{"@type":"SearchAction","target":{"@type":"EntryPoint","urlTemplate":"https:\/\/www.qwien.at\/en\/?s={search_term_string}"},"query-input":{"@type":"PropertyValueSpecification","valueRequired":true,"valueName":"search_term_string"}}],"inLanguage":"en-US"},{"@type":"Organization","@id":"https:\/\/www.qwien.at\/en\/#organization","name":"Qwien","url":"https:\/\/www.qwien.at\/en\/","logo":{"@type":"ImageObject","inLanguage":"en-US","@id":"https:\/\/www.qwien.at\/en\/#\/schema\/logo\/image\/","url":"https:\/\/www.qwien.at\/wp-content\/uploads\/2025\/06\/seo-yoast-2.png","contentUrl":"https:\/\/www.qwien.at\/wp-content\/uploads\/2025\/06\/seo-yoast-2.png","width":697,"height":697,"caption":"Qwien"},"image":{"@id":"https:\/\/www.qwien.at\/en\/#\/schema\/logo\/image\/"},"sameAs":["https:\/\/www.instagram.com\/qwien.zentrum\/"]},{"@type":"Person","@id":"https:\/\/www.qwien.at\/en\/#\/schema\/person\/d3fe9114b43d8e5a558a6d20ca3e2920","name":"Andreas Brunner"}]}},"_links":{"self":[{"href":"https:\/\/www.qwien.at\/en\/wp-json\/wp\/v2\/posts\/11126","targetHints":{"allow":["GET"]}}],"collection":[{"href":"https:\/\/www.qwien.at\/en\/wp-json\/wp\/v2\/posts"}],"about":[{"href":"https:\/\/www.qwien.at\/en\/wp-json\/wp\/v2\/types\/post"}],"author":[{"embeddable":true,"href":"https:\/\/www.qwien.at\/en\/wp-json\/wp\/v2\/users\/4"}],"replies":[{"embeddable":true,"href":"https:\/\/www.qwien.at\/en\/wp-json\/wp\/v2\/comments?post=11126"}],"version-history":[{"count":0,"href":"https:\/\/www.qwien.at\/en\/wp-json\/wp\/v2\/posts\/11126\/revisions"}],"wp:attachment":[{"href":"https:\/\/www.qwien.at\/en\/wp-json\/wp\/v2\/media?parent=11126"}],"wp:term":[{"taxonomy":"category","embeddable":true,"href":"https:\/\/www.qwien.at\/en\/wp-json\/wp\/v2\/categories?post=11126"},{"taxonomy":"post_tag","embeddable":true,"href":"https:\/\/www.qwien.at\/en\/wp-json\/wp\/v2\/tags?post=11126"}],"curies":[{"name":"wp","href":"https:\/\/api.w.org\/{rel}","templated":true}]}}