{"id":11132,"date":"2025-07-15T21:37:07","date_gmt":"2025-07-15T19:37:07","guid":{"rendered":"https:\/\/www.qwien.at\/nicht-kategorisiert\/tanz-der-hande\/"},"modified":"2025-07-15T21:37:07","modified_gmt":"2025-07-15T19:37:07","slug":"tanz-der-hande","status":"publish","type":"post","link":"https:\/\/www.qwien.at\/en\/qwien-tipp\/tanz-der-hande\/","title":{"rendered":"Tanz der H\u00e4nde"},"content":{"rendered":"<p><em><strong>Eine Ausstellung im <\/strong><\/em><strong>Photoinstitut Bonartes<\/strong><em><strong> beleuchtet Wiener Tanz- und Fotogeschichte endlich auch aus einem queeren Blickwinkel. Andreas Brunner hat sie gesehen und empfiehlt Ausstellung und Katalog nachhaltig. <\/strong><\/em><br \/>\nNur Expert_innen sind die Namen Tilly Losch und Hedy Pfundmayr heute gel\u00e4ufig, obwohl sie von den 1920er bis in die 1940er Jahre Stars der \u00f6sterreichischen und internationalen Tanzszene waren. Da sie nicht nur auf der B\u00fchne zusammen auftraten, sondern auch privat einige Jahre sehr eng waren und etwa Urlaube gemeinsam verbrachten, wurden sie in einem Wien-Reisef\u00fchrer als die <em>&#8220;zwei unzertrennlichen Balletteusen&#8221;<\/em> bezeichnet, die sich gerne in Vergn\u00fcgungsetablissements wie dem <em>Tabarin<\/em> in der Annagasse sehen lie\u00dfen. Ob die beiden ein Paar oder \u00fcberhaupt lesbisch waren, ist letztlich egal und auch heute nicht mehr &#8220;beweisbar&#8221;, wie grunds\u00e4tzlich sexuelle Identit\u00e4ten nicht festgeschrieben scheinen: <em>&#8220;Niemand wollte sich festmachen, alles sollte ausprobiert und erlebt werden. Warum sollte es eine Beschr\u00e4nkung auf irgendeine sexuelle Vorliebe geben? Erotik und Sexualit\u00e4t sollten so gelebt werden, wie sie einer\/einem im Moment w\u00fcnschens- und begehrenswert erschienen.&#8221; <\/em>&#8211; wie Ines Rieder in ihrem informativen Aufsatz im Katalog zur Ausstellung schreibt.<br \/>\n<em>&#8220;Mit den H\u00e4nden eroberten die Frauen in der Kunst erstmals Autonomie, wurden zu Akteur_innen&#8221;,<\/em> erl\u00e4utert Ines Rieder in einem Interview. Das erstaunlichste an den Tanzfotos ist tats\u00e4chlich, dass nicht die Beine oder das Gesicht im Zentrum stehen sondern H\u00e4nde. Ausgehend vom Expressionismus, von K\u00fcnstlern wie Egon Schiele oder dem expressionistischen Film (<em>Orlacs H\u00e4nde<\/em>) entwickelte sich in den 1920er Jahren nicht nur in der Kunst ein regen Interesse an den H\u00e4nden. Handleser_innen boomten, die H\u00e4nde wurden zum Objekt zahlreicher (pseudo)wissenschaftlicher Untersuchungen. Und sie waren &#8211; und das belegt Ines Rieder in ihrem Katalogbeitrag sehr nachdr\u00fccklich &#8211; ein weit verbreiteter lesbischer Code. Seit dem 19. Jahrhundert wurden die H\u00e4nde in zahlreichen Texten, aber auch in Briefen und Tageb\u00fcchern erotisiert, war das Spiel der H\u00e4nde Synonym f\u00fcr das Liebesspiel und das Begehren von Frauen f\u00fcr Frauen.<br \/>\n<div id=\"attachment_3240\" style=\"width: 185px\" class=\"wp-caption alignright\"><a href=\"https:\/\/www.qwien.at\/wp-content\/uploads\/2014\/01\/Bonartes_03_Teebluete_komp-175x300.jpg\"><img loading=\"lazy\" decoding=\"async\" aria-describedby=\"caption-attachment-3240\" class=\"size-medium wp-image-3240\" title=\"OLYMPUS DIGITAL CAMERA\" src=\"https:\/\/www.qwien.at\/wp-content\/uploads\/2014\/01\/Bonartes_03_Teebluete_komp-175x300.jpg\" alt=\"\" width=\"175\" height=\"300\" srcset=\"https:\/\/www.qwien.at\/wp-content\/uploads\/2014\/01\/Bonartes_03_Teebluete_komp-175x300.jpg 175w, https:\/\/www.qwien.at\/wp-content\/uploads\/2014\/01\/Bonartes_03_Teebluete_komp.jpg 598w\" sizes=\"auto, (max-width: 175px) 100vw, 175px\" \/><\/a><p id=\"caption-attachment-3240\" class=\"wp-caption-text\">Tilly Losch als Prinzessin Teebl\u00fcte im Ballett Schlagobers von Richard Strauss, 1924 Foto: Trude Fleischmann) \u00a9 Theatermuseum Wien<\/p><\/div><br \/>\nHinzu kommt, dass Fotografinnen mit einem weiblichen Blick auf (die H\u00e4nde der) Frauen blickten. Es sind neben Fotografen wie Rudolf Koppitz vor allem Fotografinnen wie Dora Kallmus (Madame d&#8217;Ora) oder Trude Fleischmann, die selbst in lesbischen Beziehungen lebte, die die T\u00e4nzerinnen popul\u00e4r machten, die ihre K\u00f6rper und H\u00e4nde auch mit erotischen Codes aufluden. Doch zur\u00fcck zu Tilly Losch, <em>&#8220;deren H\u00e4nde als die sch\u00f6nsten der Welt gelten&#8221;<\/em>, und Hedy Pfundmayr, die k\u00f6rperlich robuster als ihre Partnerin in den gemeinsamen Balletten oft (als klassische Hosenrolle) die m\u00e4nnlichen Parts spielte, w\u00e4hrend Losch oft als exotische Sch\u00f6nheit besetzt wurde, was ihr wohl sp\u00e4ter auch den Weg nach Hollywood ebnete. 1927 feierten Losch und Pfundmayr ein letztes Mal gemeinsam mit dem T\u00e4nzer Harald Kreutzberg bei den Salzburger Festspielen mit dem Ballett <em>Tanz der H\u00e4nde<\/em> einen Triumph. Danach trennten sie sich aus heute nicht mehr eruierbaren Gr\u00fcnden f\u00fcr immer und l\u00f6schten sich wechselseitig aus ihren Biografien.<br \/>\nTilly Losch ging zuerst nach London, heiratete dort den schwulen Dandy Edward James (siehe die Rezension seiner <a href=\"http:\/\/www.qwien.at\/?p=1942\">Autobiografie<\/a>), der Kurt Weill unter der Auflage finanziell unterst\u00fctzte, dass er f\u00fcr Tilly eine Rolle in seiner neuen Oper <em>Die sieben Tods\u00fcnden<\/em> einbaute. Sp\u00e4ter trat sie als exotische T\u00e4nzerin in Hollywood Produktionen auf. Hedy Pfundmayr blieb in \u00d6sterreich, trat weiter an der Staatsoper auf und hatte eine nicht ganz unkompliziertes Verh\u00e4ltnis zum Nationalsozialismus. Einerseits unterst\u00fctzte sie j\u00fcdische Sch\u00fcler_innen und Kolleg_innen, andererseits diente sie sich den Nazis an und wollte vor dem F\u00fchrer tanzen. Davon sp\u00fcrt man in den Fotos, die im <em>Photoinstitut Bonartes<\/em> zu sehen sind, noch nichts. Sie spr\u00fchen vor Energie und knisternder Erotik.<br \/>\nEine umfangreiche Vortragsreihe erg\u00e4nzt die Ausstellung. Hinweisen m\u00f6chte ich hier nur auf jenen von<br \/>\n<em>Ines Rieder: Was haben Kunst und Biografie gemein?<\/em><br \/>\nam 28. J\u00e4nner ab 18 Uhr. Da sich das <em>Photoinstitut Bonartes<\/em> haupts\u00e4chlich als Forschungsstelle f\u00fcr Fotografie von den Anf\u00e4ngen bis in die 1930er Jahre versteht, ist sowohl f\u00fcr die Vortr\u00e4ge als auch f\u00fcr die Besichtigung eine Anmeldung erforderlich: +43 (1) 2360293-40 oder info@bonartes.org<br \/>\nInfos zu den weiteren Vortr\u00e4gen: <a href=\"http:\/\/www.bonartes.org\/\">http:\/\/www.bonartes.org\/<\/a><br \/>\n<a href=\"https:\/\/www.qwien.at\/wp-content\/uploads\/2014\/01\/Cover-Tanz-der-H\u00e4nde-293x300.jpg\"><img loading=\"lazy\" decoding=\"async\" class=\"alignleft size-medium wp-image-3242\" title=\"Cover Tanz der H\u00e4nde\" src=\"https:\/\/www.qwien.at\/wp-content\/uploads\/2014\/01\/Cover-Tanz-der-H\u00e4nde-293x300.jpg\" alt=\"\" width=\"293\" height=\"300\" srcset=\"https:\/\/www.qwien.at\/wp-content\/uploads\/2014\/01\/Cover-Tanz-der-H\u00e4nde-293x300.jpg 293w, https:\/\/www.qwien.at\/wp-content\/uploads\/2014\/01\/Cover-Tanz-der-H\u00e4nde-768x786.jpg 768w, https:\/\/www.qwien.at\/wp-content\/uploads\/2014\/01\/Cover-Tanz-der-H\u00e4nde-1000x1024.jpg 1000w\" sizes=\"auto, (max-width: 293px) 100vw, 293px\" \/><\/a>Der lesenswerte Katalog, der noch mehr Fotografien zeigt, als in der Ausstellung zu sehen sind, ist bei New Academic Press erschienen:<br \/>\n<strong><em>Monika Faber\/Magdalena Vukovic (Hg.): Tanz der H\u00e4nde. Tilly Losch und Hedy Pfundmayr in Fotografien 1920-1935. Wien: New Adademic Press 2014<\/em><\/strong>, erh\u00e4ltlich bei L\u00f6wenherz<\/p>\n","protected":false},"excerpt":{"rendered":"<p>\t\t\t\t<![CDATA[]]>\t\t<\/p>\n","protected":false},"author":4,"featured_media":0,"comment_status":"closed","ping_status":"open","sticky":false,"template":"","format":"standard","meta":{"_acf_changed":false,"footnotes":""},"categories":[275,276],"tags":[],"class_list":["post-11132","post","type-post","status-publish","format-standard","hentry","category-qwien-tipp","category-webarchive","grve-entry-item","grve-blog-item"],"acf":[],"yoast_head":"<!-- This site is optimized with the Yoast SEO plugin v27.5 - https:\/\/yoast.com\/product\/yoast-seo-wordpress\/ -->\n<title>Tanz der H\u00e4nde - Blog - Qwien - Zentrum f\u00fcr queere Geschichte<\/title>\n<meta name=\"robots\" content=\"index, follow, max-snippet:-1, max-image-preview:large, max-video-preview:-1\" \/>\n<link rel=\"canonical\" href=\"https:\/\/www.qwien.at\/en\/qwien-tipp\/tanz-der-hande\/\" \/>\n<meta property=\"og:locale\" content=\"en_US\" \/>\n<meta property=\"og:type\" content=\"article\" \/>\n<meta property=\"og:title\" content=\"Tanz der H\u00e4nde - Blog - Qwien - Zentrum f\u00fcr queere Geschichte\" \/>\n<meta property=\"og:url\" content=\"https:\/\/www.qwien.at\/en\/qwien-tipp\/tanz-der-hande\/\" \/>\n<meta property=\"og:site_name\" content=\"Qwien - Zentrum f\u00fcr queere Geschichte\" \/>\n<meta property=\"article:published_time\" content=\"2025-07-15T19:37:07+00:00\" \/>\n<meta property=\"og:image\" content=\"https:\/\/www.qwien.at\/wp-content\/uploads\/2014\/01\/Bonartes_03_Teebluete_komp.jpg\" \/>\n\t<meta property=\"og:image:width\" content=\"598\" \/>\n\t<meta property=\"og:image:height\" content=\"1024\" \/>\n\t<meta property=\"og:image:type\" content=\"image\/jpeg\" \/>\n<meta name=\"author\" content=\"Andreas Brunner\" \/>\n<meta name=\"twitter:card\" content=\"summary_large_image\" \/>\n<meta name=\"twitter:label1\" content=\"Written by\" \/>\n\t<meta name=\"twitter:data1\" content=\"Andreas Brunner\" \/>\n\t<meta name=\"twitter:label2\" content=\"Est. reading time\" \/>\n\t<meta name=\"twitter:data2\" content=\"4 minutes\" \/>\n<script type=\"application\/ld+json\" class=\"yoast-schema-graph\">{\"@context\":\"https:\\\/\\\/schema.org\",\"@graph\":[{\"@type\":[\"Article\",\"BlogPosting\"],\"@id\":\"https:\\\/\\\/www.qwien.at\\\/en\\\/qwien-tipp\\\/tanz-der-hande\\\/#article\",\"isPartOf\":{\"@id\":\"https:\\\/\\\/www.qwien.at\\\/en\\\/qwien-tipp\\\/tanz-der-hande\\\/\"},\"author\":{\"name\":\"Andreas Brunner\",\"@id\":\"https:\\\/\\\/www.qwien.at\\\/en\\\/#\\\/schema\\\/person\\\/d3fe9114b43d8e5a558a6d20ca3e2920\"},\"headline\":\"Tanz der H\u00e4nde\",\"datePublished\":\"2025-07-15T19:37:07+00:00\",\"mainEntityOfPage\":{\"@id\":\"https:\\\/\\\/www.qwien.at\\\/en\\\/qwien-tipp\\\/tanz-der-hande\\\/\"},\"wordCount\":788,\"publisher\":{\"@id\":\"https:\\\/\\\/www.qwien.at\\\/en\\\/#organization\"},\"image\":{\"@id\":\"https:\\\/\\\/www.qwien.at\\\/en\\\/qwien-tipp\\\/tanz-der-hande\\\/#primaryimage\"},\"thumbnailUrl\":\"https:\\\/\\\/www.qwien.at\\\/wp-content\\\/uploads\\\/2014\\\/01\\\/Bonartes_03_Teebluete_komp-175x300.jpg\",\"articleSection\":[\"Tipp\",\"Webarchiv\"],\"inLanguage\":\"en-US\"},{\"@type\":\"WebPage\",\"@id\":\"https:\\\/\\\/www.qwien.at\\\/en\\\/qwien-tipp\\\/tanz-der-hande\\\/\",\"url\":\"https:\\\/\\\/www.qwien.at\\\/en\\\/qwien-tipp\\\/tanz-der-hande\\\/\",\"name\":\"Tanz der H\u00e4nde - Blog - Qwien - Zentrum f\u00fcr queere Geschichte\",\"isPartOf\":{\"@id\":\"https:\\\/\\\/www.qwien.at\\\/en\\\/#website\"},\"primaryImageOfPage\":{\"@id\":\"https:\\\/\\\/www.qwien.at\\\/en\\\/qwien-tipp\\\/tanz-der-hande\\\/#primaryimage\"},\"image\":{\"@id\":\"https:\\\/\\\/www.qwien.at\\\/en\\\/qwien-tipp\\\/tanz-der-hande\\\/#primaryimage\"},\"thumbnailUrl\":\"https:\\\/\\\/www.qwien.at\\\/wp-content\\\/uploads\\\/2014\\\/01\\\/Bonartes_03_Teebluete_komp-175x300.jpg\",\"datePublished\":\"2025-07-15T19:37:07+00:00\",\"breadcrumb\":{\"@id\":\"https:\\\/\\\/www.qwien.at\\\/en\\\/qwien-tipp\\\/tanz-der-hande\\\/#breadcrumb\"},\"inLanguage\":\"en-US\",\"potentialAction\":[{\"@type\":\"ReadAction\",\"target\":[\"https:\\\/\\\/www.qwien.at\\\/en\\\/qwien-tipp\\\/tanz-der-hande\\\/\"]}]},{\"@type\":\"ImageObject\",\"inLanguage\":\"en-US\",\"@id\":\"https:\\\/\\\/www.qwien.at\\\/en\\\/qwien-tipp\\\/tanz-der-hande\\\/#primaryimage\",\"url\":\"https:\\\/\\\/www.qwien.at\\\/wp-content\\\/uploads\\\/2014\\\/01\\\/Bonartes_03_Teebluete_komp-175x300.jpg\",\"contentUrl\":\"https:\\\/\\\/www.qwien.at\\\/wp-content\\\/uploads\\\/2014\\\/01\\\/Bonartes_03_Teebluete_komp-175x300.jpg\"},{\"@type\":\"BreadcrumbList\",\"@id\":\"https:\\\/\\\/www.qwien.at\\\/en\\\/qwien-tipp\\\/tanz-der-hande\\\/#breadcrumb\",\"itemListElement\":[{\"@type\":\"ListItem\",\"position\":1,\"name\":\"Startseite\",\"item\":\"https:\\\/\\\/www.qwien.at\\\/en\\\/\"},{\"@type\":\"ListItem\",\"position\":2,\"name\":\"Tanz der H\u00e4nde\"}]},{\"@type\":\"WebSite\",\"@id\":\"https:\\\/\\\/www.qwien.at\\\/en\\\/#website\",\"url\":\"https:\\\/\\\/www.qwien.at\\\/en\\\/\",\"name\":\"Qwien - Zentrum f\u00fcr queere Geschichte\",\"description\":\"\",\"publisher\":{\"@id\":\"https:\\\/\\\/www.qwien.at\\\/en\\\/#organization\"},\"potentialAction\":[{\"@type\":\"SearchAction\",\"target\":{\"@type\":\"EntryPoint\",\"urlTemplate\":\"https:\\\/\\\/www.qwien.at\\\/en\\\/?s={search_term_string}\"},\"query-input\":{\"@type\":\"PropertyValueSpecification\",\"valueRequired\":true,\"valueName\":\"search_term_string\"}}],\"inLanguage\":\"en-US\"},{\"@type\":\"Organization\",\"@id\":\"https:\\\/\\\/www.qwien.at\\\/en\\\/#organization\",\"name\":\"Qwien\",\"url\":\"https:\\\/\\\/www.qwien.at\\\/en\\\/\",\"logo\":{\"@type\":\"ImageObject\",\"inLanguage\":\"en-US\",\"@id\":\"https:\\\/\\\/www.qwien.at\\\/en\\\/#\\\/schema\\\/logo\\\/image\\\/\",\"url\":\"https:\\\/\\\/www.qwien.at\\\/wp-content\\\/uploads\\\/2025\\\/06\\\/seo-yoast-2.png\",\"contentUrl\":\"https:\\\/\\\/www.qwien.at\\\/wp-content\\\/uploads\\\/2025\\\/06\\\/seo-yoast-2.png\",\"width\":697,\"height\":697,\"caption\":\"Qwien\"},\"image\":{\"@id\":\"https:\\\/\\\/www.qwien.at\\\/en\\\/#\\\/schema\\\/logo\\\/image\\\/\"},\"sameAs\":[\"https:\\\/\\\/www.instagram.com\\\/qwien.zentrum\\\/\"]},{\"@type\":\"Person\",\"@id\":\"https:\\\/\\\/www.qwien.at\\\/en\\\/#\\\/schema\\\/person\\\/d3fe9114b43d8e5a558a6d20ca3e2920\",\"name\":\"Andreas Brunner\"}]}<\/script>\n<!-- \/ Yoast SEO plugin. -->","yoast_head_json":{"title":"Tanz der H\u00e4nde - Blog - Qwien - Zentrum f\u00fcr queere Geschichte","robots":{"index":"index","follow":"follow","max-snippet":"max-snippet:-1","max-image-preview":"max-image-preview:large","max-video-preview":"max-video-preview:-1"},"canonical":"https:\/\/www.qwien.at\/en\/qwien-tipp\/tanz-der-hande\/","og_locale":"en_US","og_type":"article","og_title":"Tanz der H\u00e4nde - Blog - Qwien - Zentrum f\u00fcr queere Geschichte","og_url":"https:\/\/www.qwien.at\/en\/qwien-tipp\/tanz-der-hande\/","og_site_name":"Qwien - Zentrum f\u00fcr queere Geschichte","article_published_time":"2025-07-15T19:37:07+00:00","og_image":[{"width":598,"height":1024,"url":"https:\/\/www.qwien.at\/wp-content\/uploads\/2014\/01\/Bonartes_03_Teebluete_komp.jpg","type":"image\/jpeg"}],"author":"Andreas Brunner","twitter_card":"summary_large_image","twitter_misc":{"Written by":"Andreas Brunner","Est. reading time":"4 minutes"},"schema":{"@context":"https:\/\/schema.org","@graph":[{"@type":["Article","BlogPosting"],"@id":"https:\/\/www.qwien.at\/en\/qwien-tipp\/tanz-der-hande\/#article","isPartOf":{"@id":"https:\/\/www.qwien.at\/en\/qwien-tipp\/tanz-der-hande\/"},"author":{"name":"Andreas Brunner","@id":"https:\/\/www.qwien.at\/en\/#\/schema\/person\/d3fe9114b43d8e5a558a6d20ca3e2920"},"headline":"Tanz der H\u00e4nde","datePublished":"2025-07-15T19:37:07+00:00","mainEntityOfPage":{"@id":"https:\/\/www.qwien.at\/en\/qwien-tipp\/tanz-der-hande\/"},"wordCount":788,"publisher":{"@id":"https:\/\/www.qwien.at\/en\/#organization"},"image":{"@id":"https:\/\/www.qwien.at\/en\/qwien-tipp\/tanz-der-hande\/#primaryimage"},"thumbnailUrl":"https:\/\/www.qwien.at\/wp-content\/uploads\/2014\/01\/Bonartes_03_Teebluete_komp-175x300.jpg","articleSection":["Tipp","Webarchiv"],"inLanguage":"en-US"},{"@type":"WebPage","@id":"https:\/\/www.qwien.at\/en\/qwien-tipp\/tanz-der-hande\/","url":"https:\/\/www.qwien.at\/en\/qwien-tipp\/tanz-der-hande\/","name":"Tanz der H\u00e4nde - Blog - Qwien - Zentrum f\u00fcr queere Geschichte","isPartOf":{"@id":"https:\/\/www.qwien.at\/en\/#website"},"primaryImageOfPage":{"@id":"https:\/\/www.qwien.at\/en\/qwien-tipp\/tanz-der-hande\/#primaryimage"},"image":{"@id":"https:\/\/www.qwien.at\/en\/qwien-tipp\/tanz-der-hande\/#primaryimage"},"thumbnailUrl":"https:\/\/www.qwien.at\/wp-content\/uploads\/2014\/01\/Bonartes_03_Teebluete_komp-175x300.jpg","datePublished":"2025-07-15T19:37:07+00:00","breadcrumb":{"@id":"https:\/\/www.qwien.at\/en\/qwien-tipp\/tanz-der-hande\/#breadcrumb"},"inLanguage":"en-US","potentialAction":[{"@type":"ReadAction","target":["https:\/\/www.qwien.at\/en\/qwien-tipp\/tanz-der-hande\/"]}]},{"@type":"ImageObject","inLanguage":"en-US","@id":"https:\/\/www.qwien.at\/en\/qwien-tipp\/tanz-der-hande\/#primaryimage","url":"https:\/\/www.qwien.at\/wp-content\/uploads\/2014\/01\/Bonartes_03_Teebluete_komp-175x300.jpg","contentUrl":"https:\/\/www.qwien.at\/wp-content\/uploads\/2014\/01\/Bonartes_03_Teebluete_komp-175x300.jpg"},{"@type":"BreadcrumbList","@id":"https:\/\/www.qwien.at\/en\/qwien-tipp\/tanz-der-hande\/#breadcrumb","itemListElement":[{"@type":"ListItem","position":1,"name":"Startseite","item":"https:\/\/www.qwien.at\/en\/"},{"@type":"ListItem","position":2,"name":"Tanz der H\u00e4nde"}]},{"@type":"WebSite","@id":"https:\/\/www.qwien.at\/en\/#website","url":"https:\/\/www.qwien.at\/en\/","name":"Qwien - Zentrum f\u00fcr queere Geschichte","description":"","publisher":{"@id":"https:\/\/www.qwien.at\/en\/#organization"},"potentialAction":[{"@type":"SearchAction","target":{"@type":"EntryPoint","urlTemplate":"https:\/\/www.qwien.at\/en\/?s={search_term_string}"},"query-input":{"@type":"PropertyValueSpecification","valueRequired":true,"valueName":"search_term_string"}}],"inLanguage":"en-US"},{"@type":"Organization","@id":"https:\/\/www.qwien.at\/en\/#organization","name":"Qwien","url":"https:\/\/www.qwien.at\/en\/","logo":{"@type":"ImageObject","inLanguage":"en-US","@id":"https:\/\/www.qwien.at\/en\/#\/schema\/logo\/image\/","url":"https:\/\/www.qwien.at\/wp-content\/uploads\/2025\/06\/seo-yoast-2.png","contentUrl":"https:\/\/www.qwien.at\/wp-content\/uploads\/2025\/06\/seo-yoast-2.png","width":697,"height":697,"caption":"Qwien"},"image":{"@id":"https:\/\/www.qwien.at\/en\/#\/schema\/logo\/image\/"},"sameAs":["https:\/\/www.instagram.com\/qwien.zentrum\/"]},{"@type":"Person","@id":"https:\/\/www.qwien.at\/en\/#\/schema\/person\/d3fe9114b43d8e5a558a6d20ca3e2920","name":"Andreas Brunner"}]}},"_links":{"self":[{"href":"https:\/\/www.qwien.at\/en\/wp-json\/wp\/v2\/posts\/11132","targetHints":{"allow":["GET"]}}],"collection":[{"href":"https:\/\/www.qwien.at\/en\/wp-json\/wp\/v2\/posts"}],"about":[{"href":"https:\/\/www.qwien.at\/en\/wp-json\/wp\/v2\/types\/post"}],"author":[{"embeddable":true,"href":"https:\/\/www.qwien.at\/en\/wp-json\/wp\/v2\/users\/4"}],"replies":[{"embeddable":true,"href":"https:\/\/www.qwien.at\/en\/wp-json\/wp\/v2\/comments?post=11132"}],"version-history":[{"count":0,"href":"https:\/\/www.qwien.at\/en\/wp-json\/wp\/v2\/posts\/11132\/revisions"}],"wp:attachment":[{"href":"https:\/\/www.qwien.at\/en\/wp-json\/wp\/v2\/media?parent=11132"}],"wp:term":[{"taxonomy":"category","embeddable":true,"href":"https:\/\/www.qwien.at\/en\/wp-json\/wp\/v2\/categories?post=11132"},{"taxonomy":"post_tag","embeddable":true,"href":"https:\/\/www.qwien.at\/en\/wp-json\/wp\/v2\/tags?post=11132"}],"curies":[{"name":"wp","href":"https:\/\/api.w.org\/{rel}","templated":true}]}}