{"id":11133,"date":"2025-07-15T21:37:07","date_gmt":"2025-07-15T19:37:07","guid":{"rendered":"https:\/\/www.qwien.at\/nicht-kategorisiert\/noch-mehr-nackte-manner\/"},"modified":"2025-07-15T21:37:07","modified_gmt":"2025-07-15T19:37:07","slug":"noch-mehr-nackte-manner","status":"publish","type":"post","link":"https:\/\/www.qwien.at\/en\/qwien\/noch-mehr-nackte-manner\/","title":{"rendered":"Noch mehr nackte M\u00e4nner"},"content":{"rendered":"<p><strong>Linz ist immer eine Reise wert, aber besonders bis zum 17. Februar 2013, denn so lange l\u00e4uft die Ausstellung\u00a0<\/strong><strong>Der nackte Mann <\/strong><em><strong>im Lentos.<\/strong><\/em><\/p>\n<p>Dass im Wiener Leopold Museum just zur selben Zeit\u00a0<em>Nackte M\u00e4nner<\/em>\u00a0zu sehen sind, hat die Lentos Direktorin Stella Rollig, die in Zusammenarbeit mit Sabine Fellner und Elisabeth Nowak-Thaller die Linzer Ausstellung kuratierte, naturgem\u00e4\u00df wenig erfreut, als Ausstellungsbesucher_in darf man sich hingegen \u00fcber zwei unterschiedliche Zug\u00e4nge zum Thema des nackten Manns in der Kunst freuen, die sich auch wunderbar erg\u00e4nzen.\u00a0<em>\u201eDie Geschichte der M\u00e4nnlichkeit soll aus der Gegenwart gedacht werden\u201c<\/em>, charakterisiert Stella Rollig das Konzept der Ausstellung. In der Kunst des 20. und 21. Jahrhunderts wird nach einem Bild des Mannes gesucht, ob nach der Nacktheit als\u00a0<em>\u201eGewand des Helden\u201c<\/em>, den Vorstellungen vom perfekten K\u00f6rper, aber auch nach der in der Industriegesellschaft um sich greifenden Entfremdung des Mannes von seinem K\u00f6rper und dessen Verunsicherung durch Feminismus, Psychoanalyse und queere Aufl\u00f6sungsbestrebungen zugeschriebener Identit\u00e4ten. Der Rundgang durch die Ausstellung beginnt \u00fcberraschend konventionell mit dem\u00a0<strong>AKT<\/strong>, einem Raum, in dem der nackte Mann als entsexualisiertes Modell gezeigt wird. Selbst den ausgew\u00e4hlten Bl\u00e4ttern von<strong> Anton Kolig\u00a0<\/strong>fehlt hier die prickelnde Erotik, die viele seiner Zeichnungen kr\u00e4ftiger junger M\u00e4nner sonst haben.<\/p>\n<p>Das \u00e4ndert sich in\u00a0<strong>H\u00dcLLENLOS.<\/strong>\u00a0Nach den steifen Kerlen in Pose ist man wie als Kontrapunkt mit sehr pers\u00f6nlichen Bildern nackter M\u00e4nnlichkeit konfrontiert. In<strong>\u00a0Eric Fischls<\/strong>\u00a0<em>Krefeldprojekt, Wohnzimmerszene 1<\/em>, tritt einem ein nackter Mann entgegen, vor einer Wohnzimmercouch, in sich versunken aus einem Weinglas trinkend, eingefangen in einem unbeobachteten Moment unverstellter Intimit\u00e4t. Besonderen Wert wird in der Lentos Schau auf Positionen aktueller, besonders heimischer K\u00fcnstler_innen, gelegt. In diesem Raum etwa\u00a0<strong>Sigi Hofer, Moni K. Huber<\/strong>\u00a0oder\u00a0<strong>Elke Krystufek<\/strong>. Selbstent\u00e4u\u00dferung ist der n\u00e4chste Schritt.\u00a0<strong>SCHMERZ<\/strong>sind zwei R\u00e4ume \u00fcberschrieben. Sich expressiv verrenkende Leiber bei Statuen von\u00a0<strong>Anton Hanak<\/strong>\u00a0oder\u00a0<strong>Alfred Hrdlicka<\/strong>, K\u00f6rperexperimente von\u00a0<strong>G\u00fcnter Brus, Rudolf Schwarzkogler<\/strong>\u00a0und\u00a0<strong>Stelarc<\/strong>, der sich selbst auf einem Kran und an Fleischerhaken h\u00e4ngend \u00fcber den Zuseher_innen seiner Performance schweben l\u00e4sst. Hier fehlen auch nicht die zu erwartenden Darstellungen des hl. Sebastian, darunter auch \u2013 man darf schmunzeln \u2013 eine Fotoarbeit von\u00a0<strong>Paul Albert Leitner<\/strong>\u00a0<em>Die Reise zum Hl. Sebastian (Gerald Matt auf Sofa)<\/em>.<\/p>\n<p>Der unbelastete nackte Mann, unbeobachtet im Badehaus oder am Strand, in freier Natur zeigt eine Folge von R\u00e4umen, die mit\u00a0<strong>ADAM<\/strong>\u00fcberschrieben sind \u2013 der Mann vor dem \u201eS\u00fcndenfall\u201c. Dass es einzelne K\u00fcnstler_innen gibt, die sowohl in der Wiener als auch in der Linzer Ausstellung pr\u00e4sentiert werden, war erwartbar. Eine Installation der polnischen K\u00fcnstler_in\u00a0<strong>Katarzyna Kozyra<\/strong>,\u00a0<em>M\u00e4nner im Badehaus<\/em>, ist jedoch in beiden Ausstellungen zu sehen ist, was paradoxerweise einen grunds\u00e4tzlichen Unterschied zwischen ihnen aufzeigt. Repr\u00e4sentieren Kozyras Impressionen aus dem Budapester Gellert Bad in Wien den weiblichen Blick auf den nackten Mann, steht die Installation in Linz in einem inhaltlichen Kontext und wirft auch einen queeren Blick auf M\u00e4nnlichkeit, denn Kozyra mischt sich mit k\u00fcnstlichem Glied unter die sich unbeobachtet f\u00fchlenden Badenden M\u00e4nner. Dem\u00a0<em>Beisammensein im Bade<\/em>\u00a0widmet das Leopoldmuseum einen eigenen Raum mit K\u00fcnstlern wie\u00a0<strong>Edvard Munch<\/strong>\u00a0und\u00a0<strong>Max Liebermann<\/strong>, die in auch in Linz gezeigt werden, und zeigt dabei die Entwicklung eines Sujets, das im ausgehenden 19. Jahrhundert modern wurde. Die Linzer Ausstellung bettet das popul\u00e4re Sujet in einen gr\u00f6\u00dferen Zusammenhang mit Bildern, die den Mann in einer unbefangenen Nat\u00fcrlichkeit zeigen, auch wenn diese, wie in den\u00a0<em>St\u00e4nderfotos<\/em>\u00a0von\u00a0<strong>Gelatin<\/strong>, schon ironisch gebrochen wird.<\/p>\n<p>Pierre &amp; Gilles Apollon<a href=\"https:\/\/www.qwien.at\/wp-content\/uploads\/2012\/11\/Der_nackte_Mann_Pierre_et_Gilles_Apollon-217x300.jpg\"><img loading=\"lazy\" decoding=\"async\" class=\"size-medium wp-image-2493 alignleft\" title=\"Der_nackte_Mann_Pierre_et_Gilles_Apollon\" src=\"https:\/\/www.qwien.at\/wp-content\/uploads\/2012\/11\/Der_nackte_Mann_Pierre_et_Gilles_Apollon-217x300.jpg\" sizes=\"auto, (max-width: 217px) 100vw, 217px\" srcset=\"http:\/\/www.qwien.at\/wp-content\/uploads\/2012\/11\/Der_nackte_Mann_Pierre_et_Gilles_Apollon-217x300.jpg 217w, http:\/\/www.qwien.at\/wp-content\/uploads\/2012\/11\/Der_nackte_Mann_Pierre_et_Gilles_Apollon-768x1061.jpg 768w, http:\/\/www.qwien.at\/wp-content\/uploads\/2012\/11\/Der_nackte_Mann_Pierre_et_Gilles_Apollon-741x1024.jpg 741w, http:\/\/www.qwien.at\/wp-content\/uploads\/2012\/11\/Der_nackte_Mann_Pierre_et_Gilles_Apollon.jpg 1181w\" alt=\"\" width=\"217\" height=\"300\" \/><\/a>In\u00a0<strong>KNABE<\/strong>\u00a0wird der erotischen Aufladung des Epheben, die schon in manchen Badebildern wie auch in Bronzen wie\u00a0<em>Stehender J\u00fcnglingsakt<\/em>\u00a0von\u00a0<strong>Georg Minne<\/strong>\u00a0zu beobachten ist, dessen Verletzlichkeit entgegengesetzt, wie zum Beispiel auf dem Plakat der Ausstellung, dem Foto eines androgynen Jungens mit langem Haar und einer langen Narbe auf der Brust von\u00a0<strong>Bernhard Prinz<\/strong>\u00a0(<em>Verwundung<\/em>). Man m\u00f6chte meinen, dass sich eine M\u00e4nnlichkeit, die sich ihrer selbst \u00fcber ihre gesellschaftliche Macht so sicher ist, auch selbstsicher in\u00a0<strong>POSE<\/strong>\u00a0werfen kann. Doch\u00a0<em>\u201eeinen Mann zu malen, hei\u00dft, ihn zur Frau zu machen\u201c<\/em>, stellte die libanesisch-amerikanische Philosophin und Malerin Etel Adnan in Analogie zur erotischen Instrumentalisierung nackter Frauen in der Kunst fest. So h\u00e4ngt in diesem Raum ein\u00a0<em>Stehender Mann<\/em>\u00a0von\u00a0<strong>Ilse Haider<\/strong>\u00a0neben einem stehenden\u00a0<em>Spiegelakt<\/em>\u00a0von\u00a0<strong>Anton Kolig<\/strong>, der\u00a0<em>Imperial Nude<\/em>\u00a0von\u00a0<strong>Sylvia Sleigh<\/strong>, neben\u00a0<strong>Robert Mapplethorpe<\/strong>\u00a0oder\u00a0<strong>Pierre &amp; Gilles<\/strong>, weiblicher neben homoerotischem Blick auf den posierenden Mann. Daneben feiert\u00a0<strong>Richard Avedon<\/strong>\u00a0in seinem Akt von Rudolf Nurejew die Pose w\u00e4hrend sie\u00a0<strong>Matthias Herrmann<\/strong>\u00a0in seinen\u00a0<em>Textpieces<\/em>\u00a0ironisiert, wie\u00a0<strong>Bernadette Huber<\/strong>\u00a0in ihrem Buchobjekt\u00a0<em>Ausland Seite 5<\/em>, einer der witzigsten Arbeiten der Ausstellung.<\/p>\n<p><strong>ALTER<\/strong>\u00a0ist in unserer Gesellschaft \u00e4hnlich tabuisiert wie der nackte Mann. Hier dominieren stille Arbeiten von\u00a0<strong>Ron Mueck<\/strong>, dessen Objekt\u00a0<em>Ohne Titel (Mann in Decken)<\/em>\u00a0einen alten Mann in Gr\u00f6\u00dfe und Haltung eines Babies gesch\u00fctzt in Decken eingeh\u00fcllt zeigt, ein weiteres ber\u00fchrendes Werk von\u00a0<strong>Eric Fischl<\/strong>\u00a0oder Fotoarbeiten von\u00a0<strong>John Coplans<\/strong>, dessen Selbstportr\u00e4ts derzeit auch in der Wiener Albertina zu sehen sind (Besprechung\u00a0<a href=\"http:\/\/www.qwien.at\/?p=2291\">hier<\/a>). Verl\u00e4sst man den Raum k\u00f6nnte man das kleine Portr\u00e4t von\u00a0<em>Leigh Bowery<\/em>\u00a0von\u00a0<strong>Lucien Freud<\/strong>\u00a0fast \u00fcbersehen. Bowery, dem ebenfalls in Wien eine Ausstellung in der\u00a0<a href=\"http:\/\/www.qwien.at\/?p=2281\">Kunsthalle\u00a0<\/a>gewidmet ist, zeigt Freud gar nicht schrill sondern in sich zur\u00fcckgezogen, still und auch einsam, obwohl kaum dreissig Jahre alt als alten Mann.<\/p>\n<p><a href=\"https:\/\/www.qwien.at\/wp-content\/uploads\/2012\/11\/Der_nackte_Mann_Lucian_Freud_Leigh_Bowery-237x300.jpg\"><img loading=\"lazy\" decoding=\"async\" class=\"size-medium wp-image-2491 alignright\" title=\"Der_nackte_Mann_Lucian_Freud_Leigh_Bowery\" src=\"https:\/\/www.qwien.at\/wp-content\/uploads\/2012\/11\/Der_nackte_Mann_Lucian_Freud_Leigh_Bowery-237x300.jpg\" sizes=\"auto, (max-width: 237px) 100vw, 237px\" srcset=\"http:\/\/www.qwien.at\/wp-content\/uploads\/2012\/11\/Der_nackte_Mann_Lucian_Freud_Leigh_Bowery-237x300.jpg 237w, http:\/\/www.qwien.at\/wp-content\/uploads\/2012\/11\/Der_nackte_Mann_Lucian_Freud_Leigh_Bowery-768x971.jpg 768w, http:\/\/www.qwien.at\/wp-content\/uploads\/2012\/11\/Der_nackte_Mann_Lucian_Freud_Leigh_Bowery-810x1024.jpg 810w\" alt=\"\" width=\"237\" height=\"300\" \/><\/a><a href=\"https:\/\/www.qwien.at\/wp-content\/uploads\/2012\/11\/Der_nackte_Mann_Blue_Noses_Group_Vogue_of_Labour-300x225.jpg\"><img loading=\"lazy\" decoding=\"async\" class=\"size-medium wp-image-2492  alignleft\" title=\"Der_nackte_Mann_Blue_Noses_Group_Vogue_of_Labour\" src=\"https:\/\/www.qwien.at\/wp-content\/uploads\/2012\/11\/Der_nackte_Mann_Blue_Noses_Group_Vogue_of_Labour-300x225.jpg\" sizes=\"auto, (max-width: 300px) 100vw, 300px\" srcset=\"http:\/\/www.qwien.at\/wp-content\/uploads\/2012\/11\/Der_nackte_Mann_Blue_Noses_Group_Vogue_of_Labour-300x225.jpg 300w, http:\/\/www.qwien.at\/wp-content\/uploads\/2012\/11\/Der_nackte_Mann_Blue_Noses_Group_Vogue_of_Labour-768x576.jpg 768w, http:\/\/www.qwien.at\/wp-content\/uploads\/2012\/11\/Der_nackte_Mann_Blue_Noses_Group_Vogue_of_Labour-1024x768.jpg 1024w\" alt=\"\" width=\"300\" height=\"225\" \/><\/a>Nach dieser Reihe kleiner R\u00e4ume \u00f6ffnet sich ein gro\u00dfer Saal, der locker und durchl\u00e4ssig mit der Abteilung\u00a0<strong>SCHWUL<\/strong>\u00a0beginnt und damit die Bedeutung des schwulen Blicks f\u00fcr das Bild des Mannes w\u00fcrdigt. Fotos vom Ahnvater der homoerotischen Aktfotografie\u00a0<strong>Wilhelm von Gloeden<\/strong>, von\u00a0<strong>Herbert List<\/strong>\u00a0oder\u00a0<strong>Andy Warhol<\/strong>, eine zarte Zeichnung von\u00a0<strong>David Hockney<\/strong>\u00a0und Gro\u00dfformate von\u00a0<strong>Salom\u00e9<\/strong>\u00a0und\u00a0<strong>Gilbert &amp; George<\/strong>\u00a0zeigen eine breite Palette an schwulen M\u00e4nnerbildern. Sex wird in Linz nicht ausgespart, auch wenn die fickenden Lederm\u00e4nner von\u00a0<strong>Tom of Finland<\/strong>\u00a0mit einem L\u00e4tzchen verh\u00e4ngt werden. In einem Grenzbereich zur Abteilung\u00a0<strong>BIZEPS<\/strong>, die nur locker von den schwulen M\u00e4nnerbildern getrennt ist, h\u00e4ngen Grafiken des schwulen deutschen K\u00fcnstlers\u00a0<strong>Sascha Schneider<\/strong>, der die Objekte seines Begehrens, sportliche J\u00fcnglinge, in antikisierendem Gewand turnen l\u00e4sst. Der K\u00f6rper wird geformt, zum begehrten Objekt, dessen schmerzhaftes Fehlen das leere Podest f\u00fcr einen Gogo-T\u00e4nzer von\u00a0<strong>Felix Gonz\u00e1lez-Torres<\/strong>\u00a0symbolisiert, ein Aids-Memorial, das einmal t\u00e4glich ohne Vorwarnung f\u00fcr genau f\u00fcnf Minuten von einem T\u00e4nzer in knappen silbernen Shorts, mit i-Pod und Kopfh\u00f6rern betanzt wird. Der trainierte K\u00f6rper gewinnt in Zeiten von Aids an Bedeutung, vermittelt (vermeintlich) Gesundheit und Kraft, eine Idealisierung die auch in Kunstwerken zu finden sind, die die Formierung des K\u00f6rpers f\u00fcr ihre politischen Zwecke nutzen. Die Bodybuilder der\u00a0<strong>Blue Noses Group\u00a0<\/strong>ironisieren dieses bedrohliche K\u00f6rperbild zwar, doch l\u00e4sst es sich nicht ausblenden.<\/p>\n","protected":false},"excerpt":{"rendered":"<p>\t\t\t\t<![CDATA[]]>\t\t<\/p>\n","protected":false},"author":4,"featured_media":0,"comment_status":"closed","ping_status":"open","sticky":false,"template":"","format":"standard","meta":{"_acf_changed":false,"footnotes":""},"categories":[272,275,276],"tags":[],"class_list":["post-11133","post","type-post","status-publish","format-standard","hentry","category-qwien","category-qwien-tipp","category-webarchive","grve-entry-item","grve-blog-item"],"acf":[],"yoast_head":"<!-- This site is optimized with the Yoast SEO plugin v27.5 - https:\/\/yoast.com\/product\/yoast-seo-wordpress\/ -->\n<title>Noch mehr nackte M\u00e4nner - Blog - Qwien - Zentrum f\u00fcr queere Geschichte<\/title>\n<meta name=\"robots\" content=\"index, follow, max-snippet:-1, max-image-preview:large, max-video-preview:-1\" \/>\n<link rel=\"canonical\" href=\"https:\/\/www.qwien.at\/en\/qwien\/noch-mehr-nackte-manner\/\" \/>\n<meta property=\"og:locale\" content=\"en_US\" \/>\n<meta property=\"og:type\" content=\"article\" \/>\n<meta property=\"og:title\" content=\"Noch mehr nackte M\u00e4nner - Blog - Qwien - Zentrum f\u00fcr queere Geschichte\" \/>\n<meta property=\"og:url\" content=\"https:\/\/www.qwien.at\/en\/qwien\/noch-mehr-nackte-manner\/\" \/>\n<meta property=\"og:site_name\" content=\"Qwien - Zentrum f\u00fcr queere Geschichte\" \/>\n<meta property=\"article:published_time\" content=\"2025-07-15T19:37:07+00:00\" \/>\n<meta property=\"og:image\" content=\"https:\/\/www.qwien.at\/wp-content\/uploads\/2012\/11\/Der_nackte_Mann_Pierre_et_Gilles_Apollon-741x1024.jpg\" \/>\n\t<meta property=\"og:image:width\" content=\"741\" \/>\n\t<meta property=\"og:image:height\" content=\"1024\" \/>\n\t<meta property=\"og:image:type\" content=\"image\/jpeg\" \/>\n<meta name=\"author\" content=\"Andreas Brunner\" \/>\n<meta name=\"twitter:card\" content=\"summary_large_image\" \/>\n<meta name=\"twitter:label1\" content=\"Written by\" \/>\n\t<meta name=\"twitter:data1\" content=\"Andreas Brunner\" \/>\n\t<meta name=\"twitter:label2\" content=\"Est. reading time\" \/>\n\t<meta name=\"twitter:data2\" content=\"6 minutes\" \/>\n<script type=\"application\/ld+json\" class=\"yoast-schema-graph\">{\"@context\":\"https:\\\/\\\/schema.org\",\"@graph\":[{\"@type\":[\"Article\",\"BlogPosting\"],\"@id\":\"https:\\\/\\\/www.qwien.at\\\/en\\\/qwien\\\/noch-mehr-nackte-manner\\\/#article\",\"isPartOf\":{\"@id\":\"https:\\\/\\\/www.qwien.at\\\/en\\\/qwien\\\/noch-mehr-nackte-manner\\\/\"},\"author\":{\"name\":\"Andreas Brunner\",\"@id\":\"https:\\\/\\\/www.qwien.at\\\/en\\\/#\\\/schema\\\/person\\\/d3fe9114b43d8e5a558a6d20ca3e2920\"},\"headline\":\"Noch mehr nackte M\u00e4nner\",\"datePublished\":\"2025-07-15T19:37:07+00:00\",\"mainEntityOfPage\":{\"@id\":\"https:\\\/\\\/www.qwien.at\\\/en\\\/qwien\\\/noch-mehr-nackte-manner\\\/\"},\"wordCount\":1160,\"publisher\":{\"@id\":\"https:\\\/\\\/www.qwien.at\\\/en\\\/#organization\"},\"image\":{\"@id\":\"https:\\\/\\\/www.qwien.at\\\/en\\\/qwien\\\/noch-mehr-nackte-manner\\\/#primaryimage\"},\"thumbnailUrl\":\"https:\\\/\\\/www.qwien.at\\\/wp-content\\\/uploads\\\/2012\\\/11\\\/Der_nackte_Mann_Pierre_et_Gilles_Apollon-217x300.jpg\",\"articleSection\":[\"Qwien\",\"Tipp\",\"Webarchiv\"],\"inLanguage\":\"en-US\"},{\"@type\":\"WebPage\",\"@id\":\"https:\\\/\\\/www.qwien.at\\\/en\\\/qwien\\\/noch-mehr-nackte-manner\\\/\",\"url\":\"https:\\\/\\\/www.qwien.at\\\/en\\\/qwien\\\/noch-mehr-nackte-manner\\\/\",\"name\":\"Noch mehr nackte M\u00e4nner - Blog - Qwien - Zentrum f\u00fcr queere Geschichte\",\"isPartOf\":{\"@id\":\"https:\\\/\\\/www.qwien.at\\\/en\\\/#website\"},\"primaryImageOfPage\":{\"@id\":\"https:\\\/\\\/www.qwien.at\\\/en\\\/qwien\\\/noch-mehr-nackte-manner\\\/#primaryimage\"},\"image\":{\"@id\":\"https:\\\/\\\/www.qwien.at\\\/en\\\/qwien\\\/noch-mehr-nackte-manner\\\/#primaryimage\"},\"thumbnailUrl\":\"https:\\\/\\\/www.qwien.at\\\/wp-content\\\/uploads\\\/2012\\\/11\\\/Der_nackte_Mann_Pierre_et_Gilles_Apollon-217x300.jpg\",\"datePublished\":\"2025-07-15T19:37:07+00:00\",\"breadcrumb\":{\"@id\":\"https:\\\/\\\/www.qwien.at\\\/en\\\/qwien\\\/noch-mehr-nackte-manner\\\/#breadcrumb\"},\"inLanguage\":\"en-US\",\"potentialAction\":[{\"@type\":\"ReadAction\",\"target\":[\"https:\\\/\\\/www.qwien.at\\\/en\\\/qwien\\\/noch-mehr-nackte-manner\\\/\"]}]},{\"@type\":\"ImageObject\",\"inLanguage\":\"en-US\",\"@id\":\"https:\\\/\\\/www.qwien.at\\\/en\\\/qwien\\\/noch-mehr-nackte-manner\\\/#primaryimage\",\"url\":\"https:\\\/\\\/www.qwien.at\\\/wp-content\\\/uploads\\\/2012\\\/11\\\/Der_nackte_Mann_Pierre_et_Gilles_Apollon-217x300.jpg\",\"contentUrl\":\"https:\\\/\\\/www.qwien.at\\\/wp-content\\\/uploads\\\/2012\\\/11\\\/Der_nackte_Mann_Pierre_et_Gilles_Apollon-217x300.jpg\"},{\"@type\":\"BreadcrumbList\",\"@id\":\"https:\\\/\\\/www.qwien.at\\\/en\\\/qwien\\\/noch-mehr-nackte-manner\\\/#breadcrumb\",\"itemListElement\":[{\"@type\":\"ListItem\",\"position\":1,\"name\":\"Startseite\",\"item\":\"https:\\\/\\\/www.qwien.at\\\/en\\\/\"},{\"@type\":\"ListItem\",\"position\":2,\"name\":\"Noch mehr nackte M\u00e4nner\"}]},{\"@type\":\"WebSite\",\"@id\":\"https:\\\/\\\/www.qwien.at\\\/en\\\/#website\",\"url\":\"https:\\\/\\\/www.qwien.at\\\/en\\\/\",\"name\":\"Qwien - Zentrum f\u00fcr queere Geschichte\",\"description\":\"\",\"publisher\":{\"@id\":\"https:\\\/\\\/www.qwien.at\\\/en\\\/#organization\"},\"potentialAction\":[{\"@type\":\"SearchAction\",\"target\":{\"@type\":\"EntryPoint\",\"urlTemplate\":\"https:\\\/\\\/www.qwien.at\\\/en\\\/?s={search_term_string}\"},\"query-input\":{\"@type\":\"PropertyValueSpecification\",\"valueRequired\":true,\"valueName\":\"search_term_string\"}}],\"inLanguage\":\"en-US\"},{\"@type\":\"Organization\",\"@id\":\"https:\\\/\\\/www.qwien.at\\\/en\\\/#organization\",\"name\":\"Qwien\",\"url\":\"https:\\\/\\\/www.qwien.at\\\/en\\\/\",\"logo\":{\"@type\":\"ImageObject\",\"inLanguage\":\"en-US\",\"@id\":\"https:\\\/\\\/www.qwien.at\\\/en\\\/#\\\/schema\\\/logo\\\/image\\\/\",\"url\":\"https:\\\/\\\/www.qwien.at\\\/wp-content\\\/uploads\\\/2025\\\/06\\\/seo-yoast-2.png\",\"contentUrl\":\"https:\\\/\\\/www.qwien.at\\\/wp-content\\\/uploads\\\/2025\\\/06\\\/seo-yoast-2.png\",\"width\":697,\"height\":697,\"caption\":\"Qwien\"},\"image\":{\"@id\":\"https:\\\/\\\/www.qwien.at\\\/en\\\/#\\\/schema\\\/logo\\\/image\\\/\"},\"sameAs\":[\"https:\\\/\\\/www.instagram.com\\\/qwien.zentrum\\\/\"]},{\"@type\":\"Person\",\"@id\":\"https:\\\/\\\/www.qwien.at\\\/en\\\/#\\\/schema\\\/person\\\/d3fe9114b43d8e5a558a6d20ca3e2920\",\"name\":\"Andreas Brunner\"}]}<\/script>\n<!-- \/ Yoast SEO plugin. -->","yoast_head_json":{"title":"Noch mehr nackte M\u00e4nner - Blog - Qwien - Zentrum f\u00fcr queere Geschichte","robots":{"index":"index","follow":"follow","max-snippet":"max-snippet:-1","max-image-preview":"max-image-preview:large","max-video-preview":"max-video-preview:-1"},"canonical":"https:\/\/www.qwien.at\/en\/qwien\/noch-mehr-nackte-manner\/","og_locale":"en_US","og_type":"article","og_title":"Noch mehr nackte M\u00e4nner - Blog - Qwien - Zentrum f\u00fcr queere Geschichte","og_url":"https:\/\/www.qwien.at\/en\/qwien\/noch-mehr-nackte-manner\/","og_site_name":"Qwien - Zentrum f\u00fcr queere Geschichte","article_published_time":"2025-07-15T19:37:07+00:00","og_image":[{"width":741,"height":1024,"url":"https:\/\/www.qwien.at\/wp-content\/uploads\/2012\/11\/Der_nackte_Mann_Pierre_et_Gilles_Apollon-741x1024.jpg","type":"image\/jpeg"}],"author":"Andreas Brunner","twitter_card":"summary_large_image","twitter_misc":{"Written by":"Andreas Brunner","Est. reading time":"6 minutes"},"schema":{"@context":"https:\/\/schema.org","@graph":[{"@type":["Article","BlogPosting"],"@id":"https:\/\/www.qwien.at\/en\/qwien\/noch-mehr-nackte-manner\/#article","isPartOf":{"@id":"https:\/\/www.qwien.at\/en\/qwien\/noch-mehr-nackte-manner\/"},"author":{"name":"Andreas Brunner","@id":"https:\/\/www.qwien.at\/en\/#\/schema\/person\/d3fe9114b43d8e5a558a6d20ca3e2920"},"headline":"Noch mehr nackte M\u00e4nner","datePublished":"2025-07-15T19:37:07+00:00","mainEntityOfPage":{"@id":"https:\/\/www.qwien.at\/en\/qwien\/noch-mehr-nackte-manner\/"},"wordCount":1160,"publisher":{"@id":"https:\/\/www.qwien.at\/en\/#organization"},"image":{"@id":"https:\/\/www.qwien.at\/en\/qwien\/noch-mehr-nackte-manner\/#primaryimage"},"thumbnailUrl":"https:\/\/www.qwien.at\/wp-content\/uploads\/2012\/11\/Der_nackte_Mann_Pierre_et_Gilles_Apollon-217x300.jpg","articleSection":["Qwien","Tipp","Webarchiv"],"inLanguage":"en-US"},{"@type":"WebPage","@id":"https:\/\/www.qwien.at\/en\/qwien\/noch-mehr-nackte-manner\/","url":"https:\/\/www.qwien.at\/en\/qwien\/noch-mehr-nackte-manner\/","name":"Noch mehr nackte M\u00e4nner - Blog - Qwien - Zentrum f\u00fcr queere Geschichte","isPartOf":{"@id":"https:\/\/www.qwien.at\/en\/#website"},"primaryImageOfPage":{"@id":"https:\/\/www.qwien.at\/en\/qwien\/noch-mehr-nackte-manner\/#primaryimage"},"image":{"@id":"https:\/\/www.qwien.at\/en\/qwien\/noch-mehr-nackte-manner\/#primaryimage"},"thumbnailUrl":"https:\/\/www.qwien.at\/wp-content\/uploads\/2012\/11\/Der_nackte_Mann_Pierre_et_Gilles_Apollon-217x300.jpg","datePublished":"2025-07-15T19:37:07+00:00","breadcrumb":{"@id":"https:\/\/www.qwien.at\/en\/qwien\/noch-mehr-nackte-manner\/#breadcrumb"},"inLanguage":"en-US","potentialAction":[{"@type":"ReadAction","target":["https:\/\/www.qwien.at\/en\/qwien\/noch-mehr-nackte-manner\/"]}]},{"@type":"ImageObject","inLanguage":"en-US","@id":"https:\/\/www.qwien.at\/en\/qwien\/noch-mehr-nackte-manner\/#primaryimage","url":"https:\/\/www.qwien.at\/wp-content\/uploads\/2012\/11\/Der_nackte_Mann_Pierre_et_Gilles_Apollon-217x300.jpg","contentUrl":"https:\/\/www.qwien.at\/wp-content\/uploads\/2012\/11\/Der_nackte_Mann_Pierre_et_Gilles_Apollon-217x300.jpg"},{"@type":"BreadcrumbList","@id":"https:\/\/www.qwien.at\/en\/qwien\/noch-mehr-nackte-manner\/#breadcrumb","itemListElement":[{"@type":"ListItem","position":1,"name":"Startseite","item":"https:\/\/www.qwien.at\/en\/"},{"@type":"ListItem","position":2,"name":"Noch mehr nackte M\u00e4nner"}]},{"@type":"WebSite","@id":"https:\/\/www.qwien.at\/en\/#website","url":"https:\/\/www.qwien.at\/en\/","name":"Qwien - Zentrum f\u00fcr queere Geschichte","description":"","publisher":{"@id":"https:\/\/www.qwien.at\/en\/#organization"},"potentialAction":[{"@type":"SearchAction","target":{"@type":"EntryPoint","urlTemplate":"https:\/\/www.qwien.at\/en\/?s={search_term_string}"},"query-input":{"@type":"PropertyValueSpecification","valueRequired":true,"valueName":"search_term_string"}}],"inLanguage":"en-US"},{"@type":"Organization","@id":"https:\/\/www.qwien.at\/en\/#organization","name":"Qwien","url":"https:\/\/www.qwien.at\/en\/","logo":{"@type":"ImageObject","inLanguage":"en-US","@id":"https:\/\/www.qwien.at\/en\/#\/schema\/logo\/image\/","url":"https:\/\/www.qwien.at\/wp-content\/uploads\/2025\/06\/seo-yoast-2.png","contentUrl":"https:\/\/www.qwien.at\/wp-content\/uploads\/2025\/06\/seo-yoast-2.png","width":697,"height":697,"caption":"Qwien"},"image":{"@id":"https:\/\/www.qwien.at\/en\/#\/schema\/logo\/image\/"},"sameAs":["https:\/\/www.instagram.com\/qwien.zentrum\/"]},{"@type":"Person","@id":"https:\/\/www.qwien.at\/en\/#\/schema\/person\/d3fe9114b43d8e5a558a6d20ca3e2920","name":"Andreas Brunner"}]}},"_links":{"self":[{"href":"https:\/\/www.qwien.at\/en\/wp-json\/wp\/v2\/posts\/11133","targetHints":{"allow":["GET"]}}],"collection":[{"href":"https:\/\/www.qwien.at\/en\/wp-json\/wp\/v2\/posts"}],"about":[{"href":"https:\/\/www.qwien.at\/en\/wp-json\/wp\/v2\/types\/post"}],"author":[{"embeddable":true,"href":"https:\/\/www.qwien.at\/en\/wp-json\/wp\/v2\/users\/4"}],"replies":[{"embeddable":true,"href":"https:\/\/www.qwien.at\/en\/wp-json\/wp\/v2\/comments?post=11133"}],"version-history":[{"count":0,"href":"https:\/\/www.qwien.at\/en\/wp-json\/wp\/v2\/posts\/11133\/revisions"}],"wp:attachment":[{"href":"https:\/\/www.qwien.at\/en\/wp-json\/wp\/v2\/media?parent=11133"}],"wp:term":[{"taxonomy":"category","embeddable":true,"href":"https:\/\/www.qwien.at\/en\/wp-json\/wp\/v2\/categories?post=11133"},{"taxonomy":"post_tag","embeddable":true,"href":"https:\/\/www.qwien.at\/en\/wp-json\/wp\/v2\/tags?post=11133"}],"curies":[{"name":"wp","href":"https:\/\/api.w.org\/{rel}","templated":true}]}}