{"id":11134,"date":"2025-07-15T21:37:07","date_gmt":"2025-07-15T19:37:07","guid":{"rendered":"https:\/\/www.qwien.at\/nicht-kategorisiert\/wiengeschichten\/"},"modified":"2025-07-15T21:37:07","modified_gmt":"2025-07-15T19:37:07","slug":"wiengeschichten","status":"publish","type":"post","link":"https:\/\/www.qwien.at\/en\/qwien-books\/wiengeschichten\/","title":{"rendered":"Wiengeschichten"},"content":{"rendered":"<p><em><strong>\u00dcber zwei B\u00fccher, die Ausschnitte aus dem queeren Leben der Stadt dokumentieren, die aber unterschiedlicher nicht sein k\u00f6nnten. Gelesen von Andreas Brunner<\/strong><\/em><br \/>\nEs f\u00e4ngt schon bei den Titeln an: <em>Hapsi Apsi Pipsi Popsi Yipsi<\/em> bzw <em>Liebe, Macht und Abenteuer<\/em>. Das eine \u00fcber eine queere Spassguerilla, das andere \u00fcber die Geschichte der Neuen Frauenbewegung in Wien. Beides hat grunds\u00e4tzlich wenig miteinander zu tun, doch vereint die beiden B\u00fccher, dass sie Geschichtsschreibung von einer pers\u00f6nlichen Warte aus betreiben, mit Interviews, Erinnerungen von Zeitzeug_innen und einer Auswahl an Dokumenten und Bildern. \u00dcbereinstimmungen finden sich auch in ihrer kritischen Haltung gegen\u00fcber Macht und Machtverh\u00e4ltnissen, und teilweise auch in der Kritik an einer heteronormativen Gesellschaft.<br \/>\nAls die Neue Frauenbewegung Anfang der 1970er Jahre an Dynamik und gesellschaftlicher Aufmerksamkeit gewann, war auch noch vom Kampf gegen das Patriarchat die Rede &#8211; eine Kampfparole, die heute ganz aus der Mode gekommen ist &#8211; und \u00fcber weite Strecken dokumentieren die Herausgeberinnen K\u00e4the Kratz und Lisbeth Trallori auch den Kampf dezidiert heterosexueller Frauen um Gleichberechtigung, f\u00fcr das Recht auf Abtreibung und damit die Selbstbestimmung \u00fcber den eigenen K\u00f6rper. Ein Kampf der auch von zahlreichen rechtlichen Barrieren gepr\u00e4gt war, dem \u00a7 144 (Abtreibung), aber auch einem aus heutiger Sicht nachgerade mittelalterlich anmutendem Eherecht, das der Frau im Grunde jede Rechtsf\u00e4higkeit absprach.<br \/>\nTief dringt man ein in diesen Kampf, wie in die <em>M\u00fchen der Ebenen<\/em>, wie ein Kapitel hei\u00dft, denn auch innerhalb der Frauenbewegung gab es unterschiedliche Fraktionen, b\u00fcrgerlichere und radikalere, an der praktischen Umsetzung einzelner Projekte interessierte Frauen und Theoretiker_innen, Heterosexuelle und Lesben, um die es im Buch in einem weniger als 15 Seiten langen Kapitel expressiv verbis geht. Nicht nur in den zeitgen\u00f6ssischen Texten aus den 1970er Jahren auch in den Interviews sp\u00fcrt man noch immer die Abgrenzung, die von beiden Seiten betrieben wurde. Nahmen Lesben heterosexuelle Frauen als solche wahr, die sich der Praxis verweigerten (<em>Feminismus ist die Theorie, Lesbianismus die Praxis<\/em> war eine beliebte Parole), so f\u00fchlten sich Heterofrauen von separatistischen Lesben ausgeschlossen.<a href=\"https:\/\/www.qwien.at\/wp-content\/uploads\/2014\/01\/Cover_Kratz.jpg\"><img loading=\"lazy\" decoding=\"async\" class=\"alignright size-full wp-image-3255\" title=\"Cover_Kratz\" src=\"https:\/\/www.qwien.at\/wp-content\/uploads\/2014\/01\/Cover_Kratz.jpg\" alt=\"\" width=\"200\" height=\"283\" \/><\/a><br \/>\nEigenartig resignativ klingt der Titel des letzten Kapitels, <em>Ausklang, Nachkl\u00e4nge<\/em>, und man fragt sich, was soll hier aus sein und nachklingen? Die zahlreichen interviewten Frauen wie die Herausgeberinnen sehen offenbar eine Fackel erloschen, denn es gelte &#8220;diesen Funken wieder zu entz\u00fcnden!&#8221; Doch ist diese Flamme \u00fcberhaupt ausgegangen? Oder sollte man ihr Flackern nicht vielmehr in kritischen queeren Positionen suchen? Der Untertitel des Buches betreibt auch ein bisschen Etikettenschwindel, indem er vermittelt, es ginge um DIE Frauenbewegung. Im Zentrum steht aber vielmehr die <em>Aktion Unabh\u00e4ngiger Frauen<\/em>, die AUF, und die gleichnamige Zeitschrift, die 2011 eingestellt wurde und aus deren Umfeld das Gros der Interviewten stammt. Und auch zeitlich ist der historische R\u00fcckblick stark auf die 1970er Jahre fokussiert, was den Ausblick ins 21. Jahrhundert nicht erleichtert. Ein starkes Plus: die pers\u00f6nlichen Zug\u00e4nge, die Erinnerungen und die wechselnden Blickwinkel, machen die Geschichte nachvollziehbar, lassen auch ein Gef\u00fchl f\u00fcr die Zeit aufkommen.<br \/>\n<span style=\"color: #993366;\"><strong>And now to something completely different&#8230;<\/strong><\/span><br \/>\nChristopher Wurmdobler rechnet vor: In 20 Jahren H.A.P.P.Y w\u00e4ren bei mehr als 400 Veranstaltungen gut und gern 100.000 Besucher_innen gewesen, dabei vergisst er ganz die Interventionen der bunt zusammengew\u00fcrfelten Truppe bei diversen Regenbogen Paraden mitzurechnen. Das bunte, pralle Geburtstagsbuch ist auch eine Hommage an den 2011 verstorbenen Mastermind Thomas Seidel alias Tomtschek, der daf\u00fcr sorgte, dass &#8220;die H.A.P.P.Y-Festln einfach geil&#8221; (der Wiener Rapper Skero) wurden. Zweck war weniger Provokation als Irritation. Der Blick sollte mit der &#8220;Realisierung von idiotic projects&#8221;, wie es in der Eigendefinition von H.A.P.P.Y hei\u00dft, verschoben werden. Dass die &#8220;idiotic projects&#8221; urspr\u00fcnglich auf einem \u00dcbersetzungsfehler beruhten, der aber nicht korrigiert wurde, passt zum anarchischen Grundton der Aktionen.<br \/>\nAnarchisch bis chaotisch mutet auf den ersten Blick auch der 320 Seiten dicke Buchziegel an, in den 20 Jahre Party, Show, Performance und Filme verpackt wurden. Kapitel\u00fcberschriften wie <em>L\u00f6cher<\/em> und <em>Maschen<\/em>, <em>Glamur<\/em> und <em>Angst<\/em>, <em>Eroticka<\/em> und <em>Wurst<\/em> machen die Orientierung auch nicht leichter. Ist aber wahrscheinlich auch wurst. <em>Hapsi Apsi Pipsi Popsi Yipsi <\/em>ist nicht ein Buch, das man wirklich lesen kann, vielmehr bleibt man beim Bl\u00e4ttern h\u00e4ngen,<br \/>\n&#8211; bei vermeintlichen Backrezepten wie <em>Schwuchtelbuchteln<\/em> oder der sicher leckeren <em>Schwanzwedler Winterkirschtorte<\/em><br \/>\n&#8211; bei Programm und Besetzung eines &#8220;intimen Boulevard-Theaterchens&#8221; mit dem klangvollen Namen <em>Kom\u00f6die am Gay<\/em><br \/>\n&#8211; bei einer Fotostrecken mit sensationell untragbaren Wollkreationen zur Musical-Produktion <em>Lagerhouse<\/em> (dem zweiten gescheiterten Versuch, &#8220;das schlechte Musical der Welt zu machen&#8221;), die mit grandiosen Lagerfeld-Zitaten gespickt ist.<br \/>\n&#8211; bei einer viel zu kurz geratenen Dokumentation der Interventionen von H.A.P.P.Y bei den Regenbogen Paraden von 1996-2013. H.A.P.P.Y hat ja nie offiziell an der Parade teilgenommen, pl\u00f6tzlich war da diese Truppe mit ihrem schr\u00e4gen Kost\u00fcmen und bissigen Transparenten, reihten sich ein oder auch nicht. Unvergessen sind Slogans wie die Definition der <em>FP\u00d6 = Ficken Pudern \u00d6sterreich<\/em>, oder\u00a0<em>Zungenkuss statt Hitlergru\u00df<\/em>, oder <em>Gro\u00dfer Schwanz statt Rosenkranz<\/em>, oder <em>Woam statt Dahoam<\/em>, oder <em>Christen fisten? Nur mit Trauschein<\/em>.<br \/>\n&#8220;War seine Arbeit politisch?&#8221;, fragt Christopher Wurmdobler in seinem Nachruf auf den H.A.P.P.Y-Macher Thomas Seidl, um sich gleich mit einer Gegenfrage a la Tomtschek die Antwort zu geben: &#8220;Tr\u00e4gt der Papst einen komischen Hut?&#8221; &#8211; Ja! Unterf\u00fcttert wird diese Erkenntnis durch kluge Aufs\u00e4tze kluger Menschen, die versuchen, in diesem Geburtstagsbuch f\u00fcr eine Wiener Institution den &#8220;Universalk\u00fcnstler&#8221; (Wurmdobler) Seidel und das Ph\u00e4nomen H.A.P.P.Y zu erkl\u00e4ren. Da werden Genealogien vom Dadaismus bis zum Wiener Aktionismus gelegt, da steht H.A.P.P.Y &#8220;f\u00fcr die Sichtbarmachung queerer Lebensentw\u00fcrfe und die st\u00e4ndige kritische Hinterfragung der daf\u00fcr notwendigen Rahmenbedingungen&#8221; (Andrea Braidt) oder es wird die Raumkonstruktion in den H.A.P.P.Y Happynings untersucht. Am meisten erf\u00e4hrt man \u00fcber H.A.P.P.Y aber, wenn man sich in diese aufw\u00e4ndig gestaltete Dokumentation vertieft, sich Zeit l\u00e4sst f\u00fcr manch hintergr\u00fcndigen Witz, der im ersten Moment nur derb wirkt, oder der ausf\u00fchrlichen Chronologie folgend aus eigenen Erinnerungen sch\u00f6pft. Mehr als 100.000 sollten das ja sein&#8230;<br \/>\n<a href=\"https:\/\/www.qwien.at\/wp-content\/uploads\/2014\/01\/Cover_Happy.jpg\"><img loading=\"lazy\" decoding=\"async\" class=\"alignleft size-full wp-image-3257\" title=\"Cover_Happy\" src=\"https:\/\/www.qwien.at\/wp-content\/uploads\/2014\/01\/Cover_Happy.jpg\" alt=\"\" width=\"188\" height=\"268\" \/><\/a>Ein letztes aufmunterndes Wort von Christopher Wurmdobler \u00fcber seinen Mann: &#8220;Was man von Thomas lernen konnte: Alles geht, man muss es nur machen.&#8221;<br \/>\n<em><strong>K\u00e4the Kratz\/Lisbeth Trallori (Hg.innen): Liebe, Macht und Abenteuer. Zur Geschichte der Neuen Frauenbewegung in Wien. Wien: Promedia 2013<\/strong><\/em>, erh\u00e4ltlich bei <a href=\"http:\/\/www.loewenherz.at\/index_lw_nr.php?LWNR=10173\">L\u00f6wenherz<\/a><br \/>\n<em><strong>Eva Dranaz\/Jochen Fill\/Christopher Wurmdobler (Hg.): Hapsi Apsi Pipsi Popsi Yipsi. Jugendhaare einer Kaiserin. Wien: Czernin 2013<\/strong><\/em>, erh\u00e4ltlich bei <a href=\"http:\/\/www.loewenherz.at\/index_lw_nr.php?LWNR=10061\">L\u00f6wenherz<\/a><br \/>\n<strong><em>Auf <a href=\"http:\/\/www.h-a-p-p-y.net\/\">www.h-a-p-p-y.net<\/a> gibt es zus\u00e4tzlich zahlreiche Videos zu einzelnen Aktionen. <\/em><\/strong><br \/>\n&nbsp;<\/p>\n","protected":false},"excerpt":{"rendered":"<p>\t\t\t\t<![CDATA[]]>\t\t<\/p>\n","protected":false},"author":4,"featured_media":0,"comment_status":"closed","ping_status":"open","sticky":false,"template":"","format":"standard","meta":{"_acf_changed":false,"footnotes":""},"categories":[267,271],"tags":[],"class_list":["post-11134","post","type-post","status-publish","format-standard","hentry","category-qwien-books","category-literature-archive","grve-entry-item","grve-blog-item"],"acf":[],"yoast_head":"<!-- This site is optimized with the Yoast SEO plugin v27.5 - https:\/\/yoast.com\/product\/yoast-seo-wordpress\/ -->\n<title>Wiengeschichten - Blog - Qwien - Zentrum f\u00fcr queere Geschichte<\/title>\n<meta name=\"robots\" content=\"index, follow, max-snippet:-1, max-image-preview:large, max-video-preview:-1\" \/>\n<link rel=\"canonical\" href=\"https:\/\/www.qwien.at\/en\/qwien-books\/wiengeschichten\/\" \/>\n<meta property=\"og:locale\" content=\"en_US\" \/>\n<meta property=\"og:type\" content=\"article\" \/>\n<meta property=\"og:title\" content=\"Wiengeschichten - Blog - Qwien - Zentrum f\u00fcr queere Geschichte\" \/>\n<meta property=\"og:url\" content=\"https:\/\/www.qwien.at\/en\/qwien-books\/wiengeschichten\/\" \/>\n<meta property=\"og:site_name\" content=\"Qwien - Zentrum f\u00fcr queere Geschichte\" \/>\n<meta property=\"article:published_time\" content=\"2025-07-15T19:37:07+00:00\" \/>\n<meta property=\"og:image\" content=\"https:\/\/www.qwien.at\/wp-content\/uploads\/2014\/01\/Cover_Kratz.jpg\" \/>\n\t<meta property=\"og:image:width\" content=\"200\" \/>\n\t<meta property=\"og:image:height\" content=\"283\" \/>\n\t<meta property=\"og:image:type\" content=\"image\/jpeg\" \/>\n<meta name=\"author\" content=\"Andreas Brunner\" \/>\n<meta name=\"twitter:card\" content=\"summary_large_image\" \/>\n<meta name=\"twitter:label1\" content=\"Written by\" \/>\n\t<meta name=\"twitter:data1\" content=\"Andreas Brunner\" \/>\n\t<meta name=\"twitter:label2\" content=\"Est. reading time\" \/>\n\t<meta name=\"twitter:data2\" content=\"6 minutes\" \/>\n<script type=\"application\/ld+json\" class=\"yoast-schema-graph\">{\"@context\":\"https:\\\/\\\/schema.org\",\"@graph\":[{\"@type\":[\"Article\",\"BlogPosting\"],\"@id\":\"https:\\\/\\\/www.qwien.at\\\/en\\\/qwien-books\\\/wiengeschichten\\\/#article\",\"isPartOf\":{\"@id\":\"https:\\\/\\\/www.qwien.at\\\/en\\\/qwien-books\\\/wiengeschichten\\\/\"},\"author\":{\"name\":\"Andreas Brunner\",\"@id\":\"https:\\\/\\\/www.qwien.at\\\/en\\\/#\\\/schema\\\/person\\\/d3fe9114b43d8e5a558a6d20ca3e2920\"},\"headline\":\"Wiengeschichten\",\"datePublished\":\"2025-07-15T19:37:07+00:00\",\"mainEntityOfPage\":{\"@id\":\"https:\\\/\\\/www.qwien.at\\\/en\\\/qwien-books\\\/wiengeschichten\\\/\"},\"wordCount\":1113,\"publisher\":{\"@id\":\"https:\\\/\\\/www.qwien.at\\\/en\\\/#organization\"},\"image\":{\"@id\":\"https:\\\/\\\/www.qwien.at\\\/en\\\/qwien-books\\\/wiengeschichten\\\/#primaryimage\"},\"thumbnailUrl\":\"https:\\\/\\\/www.qwien.at\\\/wp-content\\\/uploads\\\/2014\\\/01\\\/Cover_Kratz.jpg\",\"articleSection\":[\"Books\",\"Literature archive\"],\"inLanguage\":\"en-US\"},{\"@type\":\"WebPage\",\"@id\":\"https:\\\/\\\/www.qwien.at\\\/en\\\/qwien-books\\\/wiengeschichten\\\/\",\"url\":\"https:\\\/\\\/www.qwien.at\\\/en\\\/qwien-books\\\/wiengeschichten\\\/\",\"name\":\"Wiengeschichten - Blog - Qwien - Zentrum f\u00fcr queere Geschichte\",\"isPartOf\":{\"@id\":\"https:\\\/\\\/www.qwien.at\\\/en\\\/#website\"},\"primaryImageOfPage\":{\"@id\":\"https:\\\/\\\/www.qwien.at\\\/en\\\/qwien-books\\\/wiengeschichten\\\/#primaryimage\"},\"image\":{\"@id\":\"https:\\\/\\\/www.qwien.at\\\/en\\\/qwien-books\\\/wiengeschichten\\\/#primaryimage\"},\"thumbnailUrl\":\"https:\\\/\\\/www.qwien.at\\\/wp-content\\\/uploads\\\/2014\\\/01\\\/Cover_Kratz.jpg\",\"datePublished\":\"2025-07-15T19:37:07+00:00\",\"breadcrumb\":{\"@id\":\"https:\\\/\\\/www.qwien.at\\\/en\\\/qwien-books\\\/wiengeschichten\\\/#breadcrumb\"},\"inLanguage\":\"en-US\",\"potentialAction\":[{\"@type\":\"ReadAction\",\"target\":[\"https:\\\/\\\/www.qwien.at\\\/en\\\/qwien-books\\\/wiengeschichten\\\/\"]}]},{\"@type\":\"ImageObject\",\"inLanguage\":\"en-US\",\"@id\":\"https:\\\/\\\/www.qwien.at\\\/en\\\/qwien-books\\\/wiengeschichten\\\/#primaryimage\",\"url\":\"https:\\\/\\\/www.qwien.at\\\/wp-content\\\/uploads\\\/2014\\\/01\\\/Cover_Kratz.jpg\",\"contentUrl\":\"https:\\\/\\\/www.qwien.at\\\/wp-content\\\/uploads\\\/2014\\\/01\\\/Cover_Kratz.jpg\"},{\"@type\":\"BreadcrumbList\",\"@id\":\"https:\\\/\\\/www.qwien.at\\\/en\\\/qwien-books\\\/wiengeschichten\\\/#breadcrumb\",\"itemListElement\":[{\"@type\":\"ListItem\",\"position\":1,\"name\":\"Startseite\",\"item\":\"https:\\\/\\\/www.qwien.at\\\/en\\\/\"},{\"@type\":\"ListItem\",\"position\":2,\"name\":\"Wiengeschichten\"}]},{\"@type\":\"WebSite\",\"@id\":\"https:\\\/\\\/www.qwien.at\\\/en\\\/#website\",\"url\":\"https:\\\/\\\/www.qwien.at\\\/en\\\/\",\"name\":\"Qwien - Zentrum f\u00fcr queere Geschichte\",\"description\":\"\",\"publisher\":{\"@id\":\"https:\\\/\\\/www.qwien.at\\\/en\\\/#organization\"},\"potentialAction\":[{\"@type\":\"SearchAction\",\"target\":{\"@type\":\"EntryPoint\",\"urlTemplate\":\"https:\\\/\\\/www.qwien.at\\\/en\\\/?s={search_term_string}\"},\"query-input\":{\"@type\":\"PropertyValueSpecification\",\"valueRequired\":true,\"valueName\":\"search_term_string\"}}],\"inLanguage\":\"en-US\"},{\"@type\":\"Organization\",\"@id\":\"https:\\\/\\\/www.qwien.at\\\/en\\\/#organization\",\"name\":\"Qwien\",\"url\":\"https:\\\/\\\/www.qwien.at\\\/en\\\/\",\"logo\":{\"@type\":\"ImageObject\",\"inLanguage\":\"en-US\",\"@id\":\"https:\\\/\\\/www.qwien.at\\\/en\\\/#\\\/schema\\\/logo\\\/image\\\/\",\"url\":\"https:\\\/\\\/www.qwien.at\\\/wp-content\\\/uploads\\\/2025\\\/06\\\/seo-yoast-2.png\",\"contentUrl\":\"https:\\\/\\\/www.qwien.at\\\/wp-content\\\/uploads\\\/2025\\\/06\\\/seo-yoast-2.png\",\"width\":697,\"height\":697,\"caption\":\"Qwien\"},\"image\":{\"@id\":\"https:\\\/\\\/www.qwien.at\\\/en\\\/#\\\/schema\\\/logo\\\/image\\\/\"},\"sameAs\":[\"https:\\\/\\\/www.instagram.com\\\/qwien.zentrum\\\/\"]},{\"@type\":\"Person\",\"@id\":\"https:\\\/\\\/www.qwien.at\\\/en\\\/#\\\/schema\\\/person\\\/d3fe9114b43d8e5a558a6d20ca3e2920\",\"name\":\"Andreas Brunner\"}]}<\/script>\n<!-- \/ Yoast SEO plugin. -->","yoast_head_json":{"title":"Wiengeschichten - Blog - Qwien - Zentrum f\u00fcr queere Geschichte","robots":{"index":"index","follow":"follow","max-snippet":"max-snippet:-1","max-image-preview":"max-image-preview:large","max-video-preview":"max-video-preview:-1"},"canonical":"https:\/\/www.qwien.at\/en\/qwien-books\/wiengeschichten\/","og_locale":"en_US","og_type":"article","og_title":"Wiengeschichten - Blog - Qwien - Zentrum f\u00fcr queere Geschichte","og_url":"https:\/\/www.qwien.at\/en\/qwien-books\/wiengeschichten\/","og_site_name":"Qwien - Zentrum f\u00fcr queere Geschichte","article_published_time":"2025-07-15T19:37:07+00:00","og_image":[{"width":200,"height":283,"url":"https:\/\/www.qwien.at\/wp-content\/uploads\/2014\/01\/Cover_Kratz.jpg","type":"image\/jpeg"}],"author":"Andreas Brunner","twitter_card":"summary_large_image","twitter_misc":{"Written by":"Andreas Brunner","Est. reading time":"6 minutes"},"schema":{"@context":"https:\/\/schema.org","@graph":[{"@type":["Article","BlogPosting"],"@id":"https:\/\/www.qwien.at\/en\/qwien-books\/wiengeschichten\/#article","isPartOf":{"@id":"https:\/\/www.qwien.at\/en\/qwien-books\/wiengeschichten\/"},"author":{"name":"Andreas Brunner","@id":"https:\/\/www.qwien.at\/en\/#\/schema\/person\/d3fe9114b43d8e5a558a6d20ca3e2920"},"headline":"Wiengeschichten","datePublished":"2025-07-15T19:37:07+00:00","mainEntityOfPage":{"@id":"https:\/\/www.qwien.at\/en\/qwien-books\/wiengeschichten\/"},"wordCount":1113,"publisher":{"@id":"https:\/\/www.qwien.at\/en\/#organization"},"image":{"@id":"https:\/\/www.qwien.at\/en\/qwien-books\/wiengeschichten\/#primaryimage"},"thumbnailUrl":"https:\/\/www.qwien.at\/wp-content\/uploads\/2014\/01\/Cover_Kratz.jpg","articleSection":["Books","Literature archive"],"inLanguage":"en-US"},{"@type":"WebPage","@id":"https:\/\/www.qwien.at\/en\/qwien-books\/wiengeschichten\/","url":"https:\/\/www.qwien.at\/en\/qwien-books\/wiengeschichten\/","name":"Wiengeschichten - Blog - Qwien - Zentrum f\u00fcr queere Geschichte","isPartOf":{"@id":"https:\/\/www.qwien.at\/en\/#website"},"primaryImageOfPage":{"@id":"https:\/\/www.qwien.at\/en\/qwien-books\/wiengeschichten\/#primaryimage"},"image":{"@id":"https:\/\/www.qwien.at\/en\/qwien-books\/wiengeschichten\/#primaryimage"},"thumbnailUrl":"https:\/\/www.qwien.at\/wp-content\/uploads\/2014\/01\/Cover_Kratz.jpg","datePublished":"2025-07-15T19:37:07+00:00","breadcrumb":{"@id":"https:\/\/www.qwien.at\/en\/qwien-books\/wiengeschichten\/#breadcrumb"},"inLanguage":"en-US","potentialAction":[{"@type":"ReadAction","target":["https:\/\/www.qwien.at\/en\/qwien-books\/wiengeschichten\/"]}]},{"@type":"ImageObject","inLanguage":"en-US","@id":"https:\/\/www.qwien.at\/en\/qwien-books\/wiengeschichten\/#primaryimage","url":"https:\/\/www.qwien.at\/wp-content\/uploads\/2014\/01\/Cover_Kratz.jpg","contentUrl":"https:\/\/www.qwien.at\/wp-content\/uploads\/2014\/01\/Cover_Kratz.jpg"},{"@type":"BreadcrumbList","@id":"https:\/\/www.qwien.at\/en\/qwien-books\/wiengeschichten\/#breadcrumb","itemListElement":[{"@type":"ListItem","position":1,"name":"Startseite","item":"https:\/\/www.qwien.at\/en\/"},{"@type":"ListItem","position":2,"name":"Wiengeschichten"}]},{"@type":"WebSite","@id":"https:\/\/www.qwien.at\/en\/#website","url":"https:\/\/www.qwien.at\/en\/","name":"Qwien - Zentrum f\u00fcr queere Geschichte","description":"","publisher":{"@id":"https:\/\/www.qwien.at\/en\/#organization"},"potentialAction":[{"@type":"SearchAction","target":{"@type":"EntryPoint","urlTemplate":"https:\/\/www.qwien.at\/en\/?s={search_term_string}"},"query-input":{"@type":"PropertyValueSpecification","valueRequired":true,"valueName":"search_term_string"}}],"inLanguage":"en-US"},{"@type":"Organization","@id":"https:\/\/www.qwien.at\/en\/#organization","name":"Qwien","url":"https:\/\/www.qwien.at\/en\/","logo":{"@type":"ImageObject","inLanguage":"en-US","@id":"https:\/\/www.qwien.at\/en\/#\/schema\/logo\/image\/","url":"https:\/\/www.qwien.at\/wp-content\/uploads\/2025\/06\/seo-yoast-2.png","contentUrl":"https:\/\/www.qwien.at\/wp-content\/uploads\/2025\/06\/seo-yoast-2.png","width":697,"height":697,"caption":"Qwien"},"image":{"@id":"https:\/\/www.qwien.at\/en\/#\/schema\/logo\/image\/"},"sameAs":["https:\/\/www.instagram.com\/qwien.zentrum\/"]},{"@type":"Person","@id":"https:\/\/www.qwien.at\/en\/#\/schema\/person\/d3fe9114b43d8e5a558a6d20ca3e2920","name":"Andreas Brunner"}]}},"_links":{"self":[{"href":"https:\/\/www.qwien.at\/en\/wp-json\/wp\/v2\/posts\/11134","targetHints":{"allow":["GET"]}}],"collection":[{"href":"https:\/\/www.qwien.at\/en\/wp-json\/wp\/v2\/posts"}],"about":[{"href":"https:\/\/www.qwien.at\/en\/wp-json\/wp\/v2\/types\/post"}],"author":[{"embeddable":true,"href":"https:\/\/www.qwien.at\/en\/wp-json\/wp\/v2\/users\/4"}],"replies":[{"embeddable":true,"href":"https:\/\/www.qwien.at\/en\/wp-json\/wp\/v2\/comments?post=11134"}],"version-history":[{"count":0,"href":"https:\/\/www.qwien.at\/en\/wp-json\/wp\/v2\/posts\/11134\/revisions"}],"wp:attachment":[{"href":"https:\/\/www.qwien.at\/en\/wp-json\/wp\/v2\/media?parent=11134"}],"wp:term":[{"taxonomy":"category","embeddable":true,"href":"https:\/\/www.qwien.at\/en\/wp-json\/wp\/v2\/categories?post=11134"},{"taxonomy":"post_tag","embeddable":true,"href":"https:\/\/www.qwien.at\/en\/wp-json\/wp\/v2\/tags?post=11134"}],"curies":[{"name":"wp","href":"https:\/\/api.w.org\/{rel}","templated":true}]}}