{"id":11142,"date":"2025-07-15T21:37:07","date_gmt":"2025-07-15T19:37:07","guid":{"rendered":"https:\/\/www.qwien.at\/nicht-kategorisiert\/andrea-feiertags-taschenkunst-in-der-chicklit\/"},"modified":"2025-07-15T21:37:07","modified_gmt":"2025-07-15T19:37:07","slug":"andrea-feiertags-taschenkunst-in-der-chicklit","status":"publish","type":"post","link":"https:\/\/www.qwien.at\/en\/qwien-tipp\/andrea-feiertags-taschenkunst-in-der-chicklit\/","title":{"rendered":"Andrea Feiertags Taschenkunst in der Chicklit"},"content":{"rendered":"<h2 align=\"LEFT\"><span style=\"font-family: Nice\"><span style=\"font-size: medium\">Andrea Feiertags Taschenkunst &#8211; l\u2019arte tascabile \u2013 Pocket Art \u2013 Art to Pocket in der Buchhandlung Chicklit. Ein Beitrag von Georgie Gruber und Sara Ablinger<br \/>\n<\/span><\/span><\/h2>\n<p>&nbsp;<br \/>\nSeit vergangener Woche sind in der Buchhandlung Chicklit ausgew\u00e4hlte Werke von Andrea Feiertags Taschenkunst zu bewundern. Die Finissage wird Mitte\/Ende M\u00e4rz 2013 stattfinden und wird noch bekanntgegeben.<br \/>\n&#8220;Im Hier und Jetzt sein und kucken, was da entstehen will. Es ist eher so, dass die Farben mich finden, ich plane sie nicht. Es ist auch, entstehen lassen, was entsteht, ohne mich zu reglementieren. Es hat viel mit Experimentieren zu tun.&#8221; (Andrea Feiertag)<br \/>\nDas Format Taschenkunst geht auf die Initiative von K\u00fcnstlerinnen aus dem norddeutschen Raum Anfang der 2000er Jahre zur\u00fcck. Diese Idee war (und ist) zur Nachahmung ausgerufen und verbreitet sich immer noch. Zu Beginn wurden Kriterien f\u00fcr die Teilnahme an Ausstellungen ausgegeben. Diese Kriterien lassen k\u00fcnstlerischen Objektivierungen au\u00dfen vor, beziehen sich lediglich auf Normen, die sich an funktionalen Chipkarten orientieren. Auf diese Weise soll zur Verbereitung von Originalen beigetragen werden. Taschenkunst soll adzu anregen, das Sehen zu schulen, wobei Autodidaktinnen gleicherma\u00dfen eingeladen sind wie professionelle K\u00fcnstlerinnen. Tauschen von Taschenkunst ist erw\u00fcnscht und \u00fcber bereits bestehende Webkontakte (siehe unten) und in Selbstorganisation m\u00f6glich.<br \/>\nTaschenkunst sind kleine originale, laminierte Kunstwerke im Format einer Kredikarte und mit einem begrenzten Preis von 10\u20ac.\u00a0 Damit ist Kunst nicht mehr einer Elite vorbehalten, sondern einer breiten Masse zug\u00e4nglich und mobil einsetzbar.<br \/>\n&#8220;Taschenkunst ist Schulung des Sehens. Ein Museum, eine Kunstsammlung in der Tasche. Mit Taschenkunst k\u00f6nnen Ausstellungen ohne gro\u00dfen Aufwand von Galerie zu Galerie, von Stadt zu Stadt und Land zu Land wandern.&#8221; (Adelheid Kilian, eine der Begr\u00fcnderinnen des Taschenkunst-Konzepts)<br \/>\nDie 1961 in Berlin geborene K\u00fcnstlerin Andrea Feiertag besch\u00e4ftigt sich mit Malerei und Fotografie sowie Musik. Sie formiert mit Ellis Lennart das musikalische Duo &#8220;burn-in&#8221;. Thematische Schwerpunkte sind seit 1974 Politik und Antifaschismus, seit 1980 Feminismus und Lesbischsein. 2010 kommt sie in Flensburg mit Taschenkunst in Ber\u00fchrung. Beim Radfahren durch New York City entstanden 1732 Fotografien f\u00fcr Taschenkunst, die teilweise mit dem Computer nachbearbeitet wurden. Es folgen Gruppenausstellungen zum Thema Taschenkunst in Flensburg in den Jahren 2010 und 2011 sowie in Nordfriesland 2011 und 2012. Eine Einzelausstellung von Andrea Feiertags Werken gab es 2011 beim Frauenmusikfestival im Hunsr\u00fcck zu sehen. Andrea Feiertag war Mitarbeiterin im frauen.notruf Flensburg und lebt derzeit im Ricam Hospiz in Berlin.<br \/>\n&nbsp;<\/p>\n<h3>Ausstellung bis Mitte\/Ende M\u00e4rz in der Buchhandlung ChickLit<br \/>\nKleeblattgasse 7<br \/>\n1010 Vienna<\/h3>\n<p>&nbsp;<\/p>\n<h4>Weitere Infos zu Taschenkunst und ihren Vertreter_innen:<\/h4>\n<p>&nbsp;<br \/>\n<a href=\"http:\/\/www.taschenkunst-berlin.de\/\" target=\"_blank\" rel=\"noopener noreferrer\">www.taschenkunst-berlin.de<\/a><br \/>\n<a href=\"http:\/\/www.werkstattgalerie-augenblicke.de\/Taschenkunst45.0.html\" target=\"_blank\" rel=\"noopener noreferrer\">http:\/\/www.werkstattgalerie-augenblicke.de\/Taschenkunst45.0.html<\/a><br \/>\n<a href=\"http:\/\/www.nordfriesen.info\/index.php\/kultur\/306-taschenkunstausstellung-im-herrehaus-zu-hoyerswor\" target=\"_blank\" rel=\"noopener noreferrer\">http:\/\/www.nordfriesen.info\/index.php\/kultur\/306-taschenkunstausstellung-im-herrehaus-zu-hoyerswor<\/a>t<br \/>\nPresseank\u00fcndigung zu einer Ausstellung von Andrea Feiertag:<br \/>\n<a href=\"http:\/\/www.solvejkrueger.de\/101301.html\" target=\"_blank\" rel=\"noopener noreferrer\">http:\/\/www.solvejkrueger.de\/101301.html<\/a><br \/>\n<a href=\"http:\/\/www.taschenkunst-berlin.de\" target=\"_blank\" rel=\"noopener noreferrer\">http:\/\/www.taschenkunstbruns.de\/ <\/a><br \/>\n<a href=\"http:\/\/www.solvejkrueger.de\/101301.html...http:\/\/www.taschenkunst-bruns.de\/...http:\/\/www.s406056938.online.de\/taschenkunst\/index.html\">http:\/\/www.s406056938.online.de\/taschenkunst\/index.html<\/a><br \/>\n<a href=\"http:\/\/www.piccolo-s.de\/taschenkunst\/\">http:\/\/www.piccolo-s.de\/taschenkunst\/<\/a><\/p>\n","protected":false},"excerpt":{"rendered":"<p>\t\t\t\t<![CDATA[]]>\t\t<\/p>\n","protected":false},"author":4,"featured_media":0,"comment_status":"closed","ping_status":"open","sticky":false,"template":"","format":"standard","meta":{"_acf_changed":false,"footnotes":""},"categories":[275,276],"tags":[],"class_list":["post-11142","post","type-post","status-publish","format-standard","hentry","category-qwien-tipp","category-webarchive","grve-entry-item","grve-blog-item"],"acf":[],"yoast_head":"<!-- This site is optimized with the Yoast SEO plugin v27.5 - https:\/\/yoast.com\/product\/yoast-seo-wordpress\/ -->\n<title>Andrea Feiertags Taschenkunst in der Chicklit - Blog - Qwien - Zentrum f\u00fcr queere Geschichte<\/title>\n<meta name=\"robots\" content=\"index, follow, max-snippet:-1, max-image-preview:large, max-video-preview:-1\" \/>\n<link rel=\"canonical\" href=\"https:\/\/www.qwien.at\/en\/qwien-tipp\/andrea-feiertags-taschenkunst-in-der-chicklit\/\" \/>\n<meta property=\"og:locale\" content=\"en_US\" \/>\n<meta property=\"og:type\" content=\"article\" \/>\n<meta property=\"og:title\" content=\"Andrea Feiertags Taschenkunst in der Chicklit - Blog - Qwien - Zentrum f\u00fcr queere Geschichte\" \/>\n<meta property=\"og:url\" content=\"https:\/\/www.qwien.at\/en\/qwien-tipp\/andrea-feiertags-taschenkunst-in-der-chicklit\/\" \/>\n<meta property=\"og:site_name\" content=\"Qwien - Zentrum f\u00fcr queere Geschichte\" \/>\n<meta property=\"article:published_time\" content=\"2025-07-15T19:37:07+00:00\" \/>\n<meta property=\"og:image\" content=\"https:\/\/www.qwien.at\/wp-content\/uploads\/2025\/06\/seo-yoast-1.png\" \/>\n\t<meta property=\"og:image:width\" content=\"1921\" \/>\n\t<meta property=\"og:image:height\" content=\"1081\" \/>\n\t<meta property=\"og:image:type\" content=\"image\/png\" \/>\n<meta name=\"author\" content=\"Andreas Brunner\" \/>\n<meta name=\"twitter:card\" content=\"summary_large_image\" \/>\n<meta name=\"twitter:label1\" content=\"Written by\" \/>\n\t<meta name=\"twitter:data1\" content=\"Andreas Brunner\" \/>\n\t<meta name=\"twitter:label2\" content=\"Est. reading time\" \/>\n\t<meta name=\"twitter:data2\" content=\"2 minutes\" \/>\n<script type=\"application\/ld+json\" class=\"yoast-schema-graph\">{\"@context\":\"https:\\\/\\\/schema.org\",\"@graph\":[{\"@type\":[\"Article\",\"BlogPosting\"],\"@id\":\"https:\\\/\\\/www.qwien.at\\\/en\\\/qwien-tipp\\\/andrea-feiertags-taschenkunst-in-der-chicklit\\\/#article\",\"isPartOf\":{\"@id\":\"https:\\\/\\\/www.qwien.at\\\/en\\\/qwien-tipp\\\/andrea-feiertags-taschenkunst-in-der-chicklit\\\/\"},\"author\":{\"name\":\"Andreas Brunner\",\"@id\":\"https:\\\/\\\/www.qwien.at\\\/en\\\/#\\\/schema\\\/person\\\/d3fe9114b43d8e5a558a6d20ca3e2920\"},\"headline\":\"Andrea Feiertags Taschenkunst in der Chicklit\",\"datePublished\":\"2025-07-15T19:37:07+00:00\",\"mainEntityOfPage\":{\"@id\":\"https:\\\/\\\/www.qwien.at\\\/en\\\/qwien-tipp\\\/andrea-feiertags-taschenkunst-in-der-chicklit\\\/\"},\"wordCount\":470,\"publisher\":{\"@id\":\"https:\\\/\\\/www.qwien.at\\\/en\\\/#organization\"},\"articleSection\":[\"Tipp\",\"Webarchiv\"],\"inLanguage\":\"en-US\"},{\"@type\":\"WebPage\",\"@id\":\"https:\\\/\\\/www.qwien.at\\\/en\\\/qwien-tipp\\\/andrea-feiertags-taschenkunst-in-der-chicklit\\\/\",\"url\":\"https:\\\/\\\/www.qwien.at\\\/en\\\/qwien-tipp\\\/andrea-feiertags-taschenkunst-in-der-chicklit\\\/\",\"name\":\"Andrea Feiertags Taschenkunst in der Chicklit - Blog - Qwien - Zentrum f\u00fcr queere Geschichte\",\"isPartOf\":{\"@id\":\"https:\\\/\\\/www.qwien.at\\\/en\\\/#website\"},\"datePublished\":\"2025-07-15T19:37:07+00:00\",\"breadcrumb\":{\"@id\":\"https:\\\/\\\/www.qwien.at\\\/en\\\/qwien-tipp\\\/andrea-feiertags-taschenkunst-in-der-chicklit\\\/#breadcrumb\"},\"inLanguage\":\"en-US\",\"potentialAction\":[{\"@type\":\"ReadAction\",\"target\":[\"https:\\\/\\\/www.qwien.at\\\/en\\\/qwien-tipp\\\/andrea-feiertags-taschenkunst-in-der-chicklit\\\/\"]}]},{\"@type\":\"BreadcrumbList\",\"@id\":\"https:\\\/\\\/www.qwien.at\\\/en\\\/qwien-tipp\\\/andrea-feiertags-taschenkunst-in-der-chicklit\\\/#breadcrumb\",\"itemListElement\":[{\"@type\":\"ListItem\",\"position\":1,\"name\":\"Startseite\",\"item\":\"https:\\\/\\\/www.qwien.at\\\/en\\\/\"},{\"@type\":\"ListItem\",\"position\":2,\"name\":\"Andrea Feiertags Taschenkunst in der Chicklit\"}]},{\"@type\":\"WebSite\",\"@id\":\"https:\\\/\\\/www.qwien.at\\\/en\\\/#website\",\"url\":\"https:\\\/\\\/www.qwien.at\\\/en\\\/\",\"name\":\"Qwien - Zentrum f\u00fcr queere Geschichte\",\"description\":\"\",\"publisher\":{\"@id\":\"https:\\\/\\\/www.qwien.at\\\/en\\\/#organization\"},\"potentialAction\":[{\"@type\":\"SearchAction\",\"target\":{\"@type\":\"EntryPoint\",\"urlTemplate\":\"https:\\\/\\\/www.qwien.at\\\/en\\\/?s={search_term_string}\"},\"query-input\":{\"@type\":\"PropertyValueSpecification\",\"valueRequired\":true,\"valueName\":\"search_term_string\"}}],\"inLanguage\":\"en-US\"},{\"@type\":\"Organization\",\"@id\":\"https:\\\/\\\/www.qwien.at\\\/en\\\/#organization\",\"name\":\"Qwien\",\"url\":\"https:\\\/\\\/www.qwien.at\\\/en\\\/\",\"logo\":{\"@type\":\"ImageObject\",\"inLanguage\":\"en-US\",\"@id\":\"https:\\\/\\\/www.qwien.at\\\/en\\\/#\\\/schema\\\/logo\\\/image\\\/\",\"url\":\"https:\\\/\\\/www.qwien.at\\\/wp-content\\\/uploads\\\/2025\\\/06\\\/seo-yoast-2.png\",\"contentUrl\":\"https:\\\/\\\/www.qwien.at\\\/wp-content\\\/uploads\\\/2025\\\/06\\\/seo-yoast-2.png\",\"width\":697,\"height\":697,\"caption\":\"Qwien\"},\"image\":{\"@id\":\"https:\\\/\\\/www.qwien.at\\\/en\\\/#\\\/schema\\\/logo\\\/image\\\/\"},\"sameAs\":[\"https:\\\/\\\/www.instagram.com\\\/qwien.zentrum\\\/\"]},{\"@type\":\"Person\",\"@id\":\"https:\\\/\\\/www.qwien.at\\\/en\\\/#\\\/schema\\\/person\\\/d3fe9114b43d8e5a558a6d20ca3e2920\",\"name\":\"Andreas Brunner\"}]}<\/script>\n<!-- \/ Yoast SEO plugin. -->","yoast_head_json":{"title":"Andrea Feiertags Taschenkunst in der Chicklit - Blog - Qwien - Zentrum f\u00fcr queere Geschichte","robots":{"index":"index","follow":"follow","max-snippet":"max-snippet:-1","max-image-preview":"max-image-preview:large","max-video-preview":"max-video-preview:-1"},"canonical":"https:\/\/www.qwien.at\/en\/qwien-tipp\/andrea-feiertags-taschenkunst-in-der-chicklit\/","og_locale":"en_US","og_type":"article","og_title":"Andrea Feiertags Taschenkunst in der Chicklit - Blog - Qwien - Zentrum f\u00fcr queere Geschichte","og_url":"https:\/\/www.qwien.at\/en\/qwien-tipp\/andrea-feiertags-taschenkunst-in-der-chicklit\/","og_site_name":"Qwien - Zentrum f\u00fcr queere Geschichte","article_published_time":"2025-07-15T19:37:07+00:00","og_image":[{"width":1921,"height":1081,"url":"https:\/\/www.qwien.at\/wp-content\/uploads\/2025\/06\/seo-yoast-1.png","type":"image\/png"}],"author":"Andreas Brunner","twitter_card":"summary_large_image","twitter_misc":{"Written by":"Andreas Brunner","Est. reading time":"2 minutes"},"schema":{"@context":"https:\/\/schema.org","@graph":[{"@type":["Article","BlogPosting"],"@id":"https:\/\/www.qwien.at\/en\/qwien-tipp\/andrea-feiertags-taschenkunst-in-der-chicklit\/#article","isPartOf":{"@id":"https:\/\/www.qwien.at\/en\/qwien-tipp\/andrea-feiertags-taschenkunst-in-der-chicklit\/"},"author":{"name":"Andreas Brunner","@id":"https:\/\/www.qwien.at\/en\/#\/schema\/person\/d3fe9114b43d8e5a558a6d20ca3e2920"},"headline":"Andrea Feiertags Taschenkunst in der Chicklit","datePublished":"2025-07-15T19:37:07+00:00","mainEntityOfPage":{"@id":"https:\/\/www.qwien.at\/en\/qwien-tipp\/andrea-feiertags-taschenkunst-in-der-chicklit\/"},"wordCount":470,"publisher":{"@id":"https:\/\/www.qwien.at\/en\/#organization"},"articleSection":["Tipp","Webarchiv"],"inLanguage":"en-US"},{"@type":"WebPage","@id":"https:\/\/www.qwien.at\/en\/qwien-tipp\/andrea-feiertags-taschenkunst-in-der-chicklit\/","url":"https:\/\/www.qwien.at\/en\/qwien-tipp\/andrea-feiertags-taschenkunst-in-der-chicklit\/","name":"Andrea Feiertags Taschenkunst in der Chicklit - Blog - Qwien - Zentrum f\u00fcr queere Geschichte","isPartOf":{"@id":"https:\/\/www.qwien.at\/en\/#website"},"datePublished":"2025-07-15T19:37:07+00:00","breadcrumb":{"@id":"https:\/\/www.qwien.at\/en\/qwien-tipp\/andrea-feiertags-taschenkunst-in-der-chicklit\/#breadcrumb"},"inLanguage":"en-US","potentialAction":[{"@type":"ReadAction","target":["https:\/\/www.qwien.at\/en\/qwien-tipp\/andrea-feiertags-taschenkunst-in-der-chicklit\/"]}]},{"@type":"BreadcrumbList","@id":"https:\/\/www.qwien.at\/en\/qwien-tipp\/andrea-feiertags-taschenkunst-in-der-chicklit\/#breadcrumb","itemListElement":[{"@type":"ListItem","position":1,"name":"Startseite","item":"https:\/\/www.qwien.at\/en\/"},{"@type":"ListItem","position":2,"name":"Andrea Feiertags Taschenkunst in der Chicklit"}]},{"@type":"WebSite","@id":"https:\/\/www.qwien.at\/en\/#website","url":"https:\/\/www.qwien.at\/en\/","name":"Qwien - Zentrum f\u00fcr queere Geschichte","description":"","publisher":{"@id":"https:\/\/www.qwien.at\/en\/#organization"},"potentialAction":[{"@type":"SearchAction","target":{"@type":"EntryPoint","urlTemplate":"https:\/\/www.qwien.at\/en\/?s={search_term_string}"},"query-input":{"@type":"PropertyValueSpecification","valueRequired":true,"valueName":"search_term_string"}}],"inLanguage":"en-US"},{"@type":"Organization","@id":"https:\/\/www.qwien.at\/en\/#organization","name":"Qwien","url":"https:\/\/www.qwien.at\/en\/","logo":{"@type":"ImageObject","inLanguage":"en-US","@id":"https:\/\/www.qwien.at\/en\/#\/schema\/logo\/image\/","url":"https:\/\/www.qwien.at\/wp-content\/uploads\/2025\/06\/seo-yoast-2.png","contentUrl":"https:\/\/www.qwien.at\/wp-content\/uploads\/2025\/06\/seo-yoast-2.png","width":697,"height":697,"caption":"Qwien"},"image":{"@id":"https:\/\/www.qwien.at\/en\/#\/schema\/logo\/image\/"},"sameAs":["https:\/\/www.instagram.com\/qwien.zentrum\/"]},{"@type":"Person","@id":"https:\/\/www.qwien.at\/en\/#\/schema\/person\/d3fe9114b43d8e5a558a6d20ca3e2920","name":"Andreas Brunner"}]}},"_links":{"self":[{"href":"https:\/\/www.qwien.at\/en\/wp-json\/wp\/v2\/posts\/11142","targetHints":{"allow":["GET"]}}],"collection":[{"href":"https:\/\/www.qwien.at\/en\/wp-json\/wp\/v2\/posts"}],"about":[{"href":"https:\/\/www.qwien.at\/en\/wp-json\/wp\/v2\/types\/post"}],"author":[{"embeddable":true,"href":"https:\/\/www.qwien.at\/en\/wp-json\/wp\/v2\/users\/4"}],"replies":[{"embeddable":true,"href":"https:\/\/www.qwien.at\/en\/wp-json\/wp\/v2\/comments?post=11142"}],"version-history":[{"count":0,"href":"https:\/\/www.qwien.at\/en\/wp-json\/wp\/v2\/posts\/11142\/revisions"}],"wp:attachment":[{"href":"https:\/\/www.qwien.at\/en\/wp-json\/wp\/v2\/media?parent=11142"}],"wp:term":[{"taxonomy":"category","embeddable":true,"href":"https:\/\/www.qwien.at\/en\/wp-json\/wp\/v2\/categories?post=11142"},{"taxonomy":"post_tag","embeddable":true,"href":"https:\/\/www.qwien.at\/en\/wp-json\/wp\/v2\/tags?post=11142"}],"curies":[{"name":"wp","href":"https:\/\/api.w.org\/{rel}","templated":true}]}}