{"id":11143,"date":"2025-07-15T21:37:07","date_gmt":"2025-07-15T19:37:07","guid":{"rendered":"https:\/\/www.qwien.at\/nicht-kategorisiert\/schulgeschichten\/"},"modified":"2025-07-15T21:37:07","modified_gmt":"2025-07-15T19:37:07","slug":"schulgeschichten","status":"publish","type":"post","link":"https:\/\/www.qwien.at\/en\/qwien-books\/schulgeschichten\/","title":{"rendered":"Schulgeschichte(n)"},"content":{"rendered":"<p><em><strong>Eine neue Biografie zur Familie Mann erhellt schulische Zusammenh\u00e4nge. <span style=\"color: #993366;\">Ines Rieder<\/span> hat das Buch von Manfred Kappeler gelesen.<\/strong><\/em><br \/>\nDie Biografien der Mitglieder der Familie sind im Laufe des letzten halben Jahrhunderts ausgiebig und detailliert geschrieben worden. Da dann noch einen Aspekt zu finden \u00fcber die Mann Familie zu schreiben, ist gar nicht so einfach. Marianne Kr\u00fcll hat schon mit <em>Im Netz des Zauberer \u2013 eine andere Geschichte der Familie Mann<\/em> (Arche, Z\u00fcrich 1991) die Familie psychoanalytisch interpretiert und jetzt versucht Manfred Kappeler die famili\u00e4ren und p\u00e4dagogischen Hintergr\u00fcnde zu durchleuchten, die die Eltern Mann bewegt haben, vier ihrer sechs Kinder \u00fcber kurze oder l\u00e4ngere Zeitr\u00e4ume in Internatsschulen im l\u00e4ndlichen Raum zu schicken.<br \/>\nManfred Kappeler beschreibt sehr einsichtig und schl\u00fcssig, was Thomas und Katja Mann dazu bewogen hatte, Anfang der 1920er Jahre zuerst die beiden Gro\u00dfen \u2013 also Erika und Klaus \u2013 in ein Internat zu schicken und kurz darauf auch die beiden Mittleren \u2013 Golo und Monika. Erika und Klaus verbringen kurze Zeit in der Bergschule Hochwaldhausen, Erika kehrt von dort wieder nach M\u00fcnchen zur\u00fcck, wo sie am regul\u00e4ren Gymnasium ihre Matura macht, w\u00e4hrend Klaus beschlie\u00dft das n\u00e4chste Jahr in der Odenwaldschule zu verbringen. Er geht dem regul\u00e4ren Lehrplan geschickt aus dem Weg und verbringt seine Tage mit literarischen Studien und Schreiben. Golo und Monika kommen beide f\u00fcr einige Jahre in das strikter gef\u00fchrte Landeserziehungsheim Schloss Salem am Bodensee.<br \/>\nAll diesen Internaten ist gemein, dass sie im l\u00e4ndlichen Raum angesiedelt waren und dass sie nach reformp\u00e4dagogischen Grunds\u00e4tzen gef\u00fchrt wurden. Die profunden Kenntnisse der Heimerziehung in Deutschland machen die Einblicke des Erziehungswissenschaftlers Kappeler sehr spannend und erlauben uns die p\u00e4dagogischen Entscheidungen, die im Hause Mann gef\u00e4llt wurden, nachvollziehen zu k\u00f6nnen. Dar\u00fcber hinaus erfahren wir auch viel \u00fcber die Einfl\u00fcsse der diversen Jugendbewegungen der 1920er Jahre auf die Erziehungsmethoden in den diversen elit\u00e4ren oder\/und alternativen Landschulen.<br \/>\nBesonders eingehend besch\u00e4ftigt sich Manfred Kappeler mit Klaus Mann, was die Frage aufwirft, ob Klaus das Mann-Kind ist, das ihn am meisten interessiert, oder ob er so auf ihn eingeht, weil Klaus am umfangreichsten \u00fcber seine Kindheit und auch seine Zeit in den Internaten geschrieben hat. Der Autor versucht auch zu kl\u00e4ren, inwiefern Thomas Manns Homosexualit\u00e4t dazu beigetragen haben k\u00f6nnte, seine pubertierten S\u00f6hne au\u00dfer Haus zu bringen, und ob Klaus seine Entscheidung nicht mehr an die Odenwaldschule zur\u00fcckzukehren gefasst hatte, weil er sich in einen 12-j\u00e4hrigen Mitsch\u00fcler verliebt hatte, er aus dieser Situation fliehen wollte und dies versteckt in seinem Abschiedsbrief an den Schulleiter formulierte: \u201eEin Mensch meiner Art ist stets und aller\u00fcberall durchaus einsam \u2013derlei f\u00fchrt zu weit.\u201c<br \/>\n<a href=\"https:\/\/www.qwien.at\/wp-content\/uploads\/2014\/04\/Cover_Kappeler-191x300.jpg\"><img loading=\"lazy\" decoding=\"async\" class=\"size-medium wp-image-3313 alignleft\" title=\"Cover_Kappeler\" src=\"https:\/\/www.qwien.at\/wp-content\/uploads\/2014\/04\/Cover_Kappeler-191x300.jpg\" alt=\"\" width=\"191\" height=\"300\" srcset=\"https:\/\/www.qwien.at\/wp-content\/uploads\/2014\/04\/Cover_Kappeler-191x300.jpg 191w, https:\/\/www.qwien.at\/wp-content\/uploads\/2014\/04\/Cover_Kappeler.jpg 268w\" sizes=\"auto, (max-width: 191px) 100vw, 191px\" \/><\/a>Golo Mann, der in Salem untergebracht war, beschreibt, wie die Buben dort nichts mehr f\u00fcrchteten als die \u201eKleberei\u201c \u2013 jegliche Zuneigung oder k\u00f6rperliche Ber\u00fchrung unter den Buben wurde vom Schulleiter Kurt Hahn beobachtet und unterbunden. Da der Schulleiter Zeit seines Lebens versuchte seine eigene Homosexualit\u00e4t zu bek\u00e4mpfen, ging der dann auch gegen seine Sch\u00fcler laut Golo Mann \u201emit wahrhaften inquisitorischen Mitteln\u201c vor.<br \/>\nDie Welt der Internate und auch der Reformp\u00e4dagogik war eine durchaus patriarchalisch gepr\u00e4gte Welt, bestimmt von den Pers\u00f6nlichkeiten der Schulleiter. Es gab zwar in all diesen Schulen zumindest eine Frau, die dem Schulleiter zur Seite stand, aber Manfred Kappeler geht auf keine dieser Frauen n\u00e4her ein. Nach dem Lesen des Buches wissen wir weder wie und was diese Frauen gedacht haben und wie sie gehandelt haben, noch gewinnen wir Einblick in ihre sexuellen Pr\u00e4ferenzen. Im Kontext von Klaus Internatserlebnissen erfahren wir etwas \u00fcber einige der M\u00e4dchen, mit denen er eng befreundet war, aber auch sie scheinen im Gef\u00fcge des Internats eine weniger wichtige Rolle gespielt zu haben als die Buben.<br \/>\nInsgesamt ein interessanter Blick auf die Reformp\u00e4dagogik im Kontext der 1920er Jahre, die Landschulinternate und der Versuch der Familie Mann Homosexualit\u00e4t in der Familie zumindest zeitweise auszulagern.<br \/>\n<strong>Manfred Kappeler: &#8220;Wir wurden in ein Landerziehungsheim geschickt \u2026&#8221; Klaus Mann und seine Geschwister in Internatsschulen. Berlin: Nicolai 2012; <\/strong>erh\u00e4ltlich bei <a href=\"http:\/\/www.loewenherz.at\/index_lw_nr.php?LWNR=10724\">L\u00f6wenherz<\/a><\/p>\n","protected":false},"excerpt":{"rendered":"<p>\t\t\t\t<![CDATA[]]>\t\t<\/p>\n","protected":false},"author":4,"featured_media":0,"comment_status":"closed","ping_status":"open","sticky":false,"template":"","format":"standard","meta":{"_acf_changed":false,"footnotes":""},"categories":[267,271],"tags":[],"class_list":["post-11143","post","type-post","status-publish","format-standard","hentry","category-qwien-books","category-literature-archive","grve-entry-item","grve-blog-item"],"acf":[],"yoast_head":"<!-- This site is optimized with the Yoast SEO plugin v27.5 - https:\/\/yoast.com\/product\/yoast-seo-wordpress\/ -->\n<title>Schulgeschichte(n) - Blog - Qwien - Zentrum f\u00fcr queere Geschichte<\/title>\n<meta name=\"robots\" content=\"index, follow, max-snippet:-1, max-image-preview:large, max-video-preview:-1\" \/>\n<link rel=\"canonical\" href=\"https:\/\/www.qwien.at\/en\/qwien-books\/schulgeschichten\/\" \/>\n<meta property=\"og:locale\" content=\"en_US\" \/>\n<meta property=\"og:type\" content=\"article\" \/>\n<meta property=\"og:title\" content=\"Schulgeschichte(n) - Blog - Qwien - Zentrum f\u00fcr queere Geschichte\" \/>\n<meta property=\"og:url\" content=\"https:\/\/www.qwien.at\/en\/qwien-books\/schulgeschichten\/\" \/>\n<meta property=\"og:site_name\" content=\"Qwien - Zentrum f\u00fcr queere Geschichte\" \/>\n<meta property=\"article:published_time\" content=\"2025-07-15T19:37:07+00:00\" \/>\n<meta property=\"og:image\" content=\"https:\/\/www.qwien.at\/wp-content\/uploads\/2014\/04\/Cover_Kappeler.jpg\" \/>\n\t<meta property=\"og:image:width\" content=\"268\" \/>\n\t<meta property=\"og:image:height\" content=\"420\" \/>\n\t<meta property=\"og:image:type\" content=\"image\/jpeg\" \/>\n<meta name=\"author\" content=\"Andreas Brunner\" \/>\n<meta name=\"twitter:card\" content=\"summary_large_image\" \/>\n<meta name=\"twitter:label1\" content=\"Written by\" \/>\n\t<meta name=\"twitter:data1\" content=\"Andreas Brunner\" \/>\n\t<meta name=\"twitter:label2\" content=\"Est. reading time\" \/>\n\t<meta name=\"twitter:data2\" content=\"3 minutes\" \/>\n<script type=\"application\/ld+json\" class=\"yoast-schema-graph\">{\"@context\":\"https:\\\/\\\/schema.org\",\"@graph\":[{\"@type\":[\"Article\",\"BlogPosting\"],\"@id\":\"https:\\\/\\\/www.qwien.at\\\/en\\\/qwien-books\\\/schulgeschichten\\\/#article\",\"isPartOf\":{\"@id\":\"https:\\\/\\\/www.qwien.at\\\/en\\\/qwien-books\\\/schulgeschichten\\\/\"},\"author\":{\"name\":\"Andreas Brunner\",\"@id\":\"https:\\\/\\\/www.qwien.at\\\/en\\\/#\\\/schema\\\/person\\\/d3fe9114b43d8e5a558a6d20ca3e2920\"},\"headline\":\"Schulgeschichte(n)\",\"datePublished\":\"2025-07-15T19:37:07+00:00\",\"mainEntityOfPage\":{\"@id\":\"https:\\\/\\\/www.qwien.at\\\/en\\\/qwien-books\\\/schulgeschichten\\\/\"},\"wordCount\":696,\"publisher\":{\"@id\":\"https:\\\/\\\/www.qwien.at\\\/en\\\/#organization\"},\"image\":{\"@id\":\"https:\\\/\\\/www.qwien.at\\\/en\\\/qwien-books\\\/schulgeschichten\\\/#primaryimage\"},\"thumbnailUrl\":\"https:\\\/\\\/www.qwien.at\\\/wp-content\\\/uploads\\\/2014\\\/04\\\/Cover_Kappeler-191x300.jpg\",\"articleSection\":[\"Books\",\"Literature archive\"],\"inLanguage\":\"en-US\"},{\"@type\":\"WebPage\",\"@id\":\"https:\\\/\\\/www.qwien.at\\\/en\\\/qwien-books\\\/schulgeschichten\\\/\",\"url\":\"https:\\\/\\\/www.qwien.at\\\/en\\\/qwien-books\\\/schulgeschichten\\\/\",\"name\":\"Schulgeschichte(n) - Blog - Qwien - Zentrum f\u00fcr queere Geschichte\",\"isPartOf\":{\"@id\":\"https:\\\/\\\/www.qwien.at\\\/en\\\/#website\"},\"primaryImageOfPage\":{\"@id\":\"https:\\\/\\\/www.qwien.at\\\/en\\\/qwien-books\\\/schulgeschichten\\\/#primaryimage\"},\"image\":{\"@id\":\"https:\\\/\\\/www.qwien.at\\\/en\\\/qwien-books\\\/schulgeschichten\\\/#primaryimage\"},\"thumbnailUrl\":\"https:\\\/\\\/www.qwien.at\\\/wp-content\\\/uploads\\\/2014\\\/04\\\/Cover_Kappeler-191x300.jpg\",\"datePublished\":\"2025-07-15T19:37:07+00:00\",\"breadcrumb\":{\"@id\":\"https:\\\/\\\/www.qwien.at\\\/en\\\/qwien-books\\\/schulgeschichten\\\/#breadcrumb\"},\"inLanguage\":\"en-US\",\"potentialAction\":[{\"@type\":\"ReadAction\",\"target\":[\"https:\\\/\\\/www.qwien.at\\\/en\\\/qwien-books\\\/schulgeschichten\\\/\"]}]},{\"@type\":\"ImageObject\",\"inLanguage\":\"en-US\",\"@id\":\"https:\\\/\\\/www.qwien.at\\\/en\\\/qwien-books\\\/schulgeschichten\\\/#primaryimage\",\"url\":\"https:\\\/\\\/www.qwien.at\\\/wp-content\\\/uploads\\\/2014\\\/04\\\/Cover_Kappeler-191x300.jpg\",\"contentUrl\":\"https:\\\/\\\/www.qwien.at\\\/wp-content\\\/uploads\\\/2014\\\/04\\\/Cover_Kappeler-191x300.jpg\"},{\"@type\":\"BreadcrumbList\",\"@id\":\"https:\\\/\\\/www.qwien.at\\\/en\\\/qwien-books\\\/schulgeschichten\\\/#breadcrumb\",\"itemListElement\":[{\"@type\":\"ListItem\",\"position\":1,\"name\":\"Startseite\",\"item\":\"https:\\\/\\\/www.qwien.at\\\/en\\\/\"},{\"@type\":\"ListItem\",\"position\":2,\"name\":\"Schulgeschichte(n)\"}]},{\"@type\":\"WebSite\",\"@id\":\"https:\\\/\\\/www.qwien.at\\\/en\\\/#website\",\"url\":\"https:\\\/\\\/www.qwien.at\\\/en\\\/\",\"name\":\"Qwien - Zentrum f\u00fcr queere Geschichte\",\"description\":\"\",\"publisher\":{\"@id\":\"https:\\\/\\\/www.qwien.at\\\/en\\\/#organization\"},\"potentialAction\":[{\"@type\":\"SearchAction\",\"target\":{\"@type\":\"EntryPoint\",\"urlTemplate\":\"https:\\\/\\\/www.qwien.at\\\/en\\\/?s={search_term_string}\"},\"query-input\":{\"@type\":\"PropertyValueSpecification\",\"valueRequired\":true,\"valueName\":\"search_term_string\"}}],\"inLanguage\":\"en-US\"},{\"@type\":\"Organization\",\"@id\":\"https:\\\/\\\/www.qwien.at\\\/en\\\/#organization\",\"name\":\"Qwien\",\"url\":\"https:\\\/\\\/www.qwien.at\\\/en\\\/\",\"logo\":{\"@type\":\"ImageObject\",\"inLanguage\":\"en-US\",\"@id\":\"https:\\\/\\\/www.qwien.at\\\/en\\\/#\\\/schema\\\/logo\\\/image\\\/\",\"url\":\"https:\\\/\\\/www.qwien.at\\\/wp-content\\\/uploads\\\/2025\\\/06\\\/seo-yoast-2.png\",\"contentUrl\":\"https:\\\/\\\/www.qwien.at\\\/wp-content\\\/uploads\\\/2025\\\/06\\\/seo-yoast-2.png\",\"width\":697,\"height\":697,\"caption\":\"Qwien\"},\"image\":{\"@id\":\"https:\\\/\\\/www.qwien.at\\\/en\\\/#\\\/schema\\\/logo\\\/image\\\/\"},\"sameAs\":[\"https:\\\/\\\/www.instagram.com\\\/qwien.zentrum\\\/\"]},{\"@type\":\"Person\",\"@id\":\"https:\\\/\\\/www.qwien.at\\\/en\\\/#\\\/schema\\\/person\\\/d3fe9114b43d8e5a558a6d20ca3e2920\",\"name\":\"Andreas Brunner\"}]}<\/script>\n<!-- \/ Yoast SEO plugin. -->","yoast_head_json":{"title":"Schulgeschichte(n) - Blog - Qwien - Zentrum f\u00fcr queere Geschichte","robots":{"index":"index","follow":"follow","max-snippet":"max-snippet:-1","max-image-preview":"max-image-preview:large","max-video-preview":"max-video-preview:-1"},"canonical":"https:\/\/www.qwien.at\/en\/qwien-books\/schulgeschichten\/","og_locale":"en_US","og_type":"article","og_title":"Schulgeschichte(n) - Blog - Qwien - Zentrum f\u00fcr queere Geschichte","og_url":"https:\/\/www.qwien.at\/en\/qwien-books\/schulgeschichten\/","og_site_name":"Qwien - Zentrum f\u00fcr queere Geschichte","article_published_time":"2025-07-15T19:37:07+00:00","og_image":[{"width":268,"height":420,"url":"https:\/\/www.qwien.at\/wp-content\/uploads\/2014\/04\/Cover_Kappeler.jpg","type":"image\/jpeg"}],"author":"Andreas Brunner","twitter_card":"summary_large_image","twitter_misc":{"Written by":"Andreas Brunner","Est. reading time":"3 minutes"},"schema":{"@context":"https:\/\/schema.org","@graph":[{"@type":["Article","BlogPosting"],"@id":"https:\/\/www.qwien.at\/en\/qwien-books\/schulgeschichten\/#article","isPartOf":{"@id":"https:\/\/www.qwien.at\/en\/qwien-books\/schulgeschichten\/"},"author":{"name":"Andreas Brunner","@id":"https:\/\/www.qwien.at\/en\/#\/schema\/person\/d3fe9114b43d8e5a558a6d20ca3e2920"},"headline":"Schulgeschichte(n)","datePublished":"2025-07-15T19:37:07+00:00","mainEntityOfPage":{"@id":"https:\/\/www.qwien.at\/en\/qwien-books\/schulgeschichten\/"},"wordCount":696,"publisher":{"@id":"https:\/\/www.qwien.at\/en\/#organization"},"image":{"@id":"https:\/\/www.qwien.at\/en\/qwien-books\/schulgeschichten\/#primaryimage"},"thumbnailUrl":"https:\/\/www.qwien.at\/wp-content\/uploads\/2014\/04\/Cover_Kappeler-191x300.jpg","articleSection":["Books","Literature archive"],"inLanguage":"en-US"},{"@type":"WebPage","@id":"https:\/\/www.qwien.at\/en\/qwien-books\/schulgeschichten\/","url":"https:\/\/www.qwien.at\/en\/qwien-books\/schulgeschichten\/","name":"Schulgeschichte(n) - Blog - Qwien - Zentrum f\u00fcr queere Geschichte","isPartOf":{"@id":"https:\/\/www.qwien.at\/en\/#website"},"primaryImageOfPage":{"@id":"https:\/\/www.qwien.at\/en\/qwien-books\/schulgeschichten\/#primaryimage"},"image":{"@id":"https:\/\/www.qwien.at\/en\/qwien-books\/schulgeschichten\/#primaryimage"},"thumbnailUrl":"https:\/\/www.qwien.at\/wp-content\/uploads\/2014\/04\/Cover_Kappeler-191x300.jpg","datePublished":"2025-07-15T19:37:07+00:00","breadcrumb":{"@id":"https:\/\/www.qwien.at\/en\/qwien-books\/schulgeschichten\/#breadcrumb"},"inLanguage":"en-US","potentialAction":[{"@type":"ReadAction","target":["https:\/\/www.qwien.at\/en\/qwien-books\/schulgeschichten\/"]}]},{"@type":"ImageObject","inLanguage":"en-US","@id":"https:\/\/www.qwien.at\/en\/qwien-books\/schulgeschichten\/#primaryimage","url":"https:\/\/www.qwien.at\/wp-content\/uploads\/2014\/04\/Cover_Kappeler-191x300.jpg","contentUrl":"https:\/\/www.qwien.at\/wp-content\/uploads\/2014\/04\/Cover_Kappeler-191x300.jpg"},{"@type":"BreadcrumbList","@id":"https:\/\/www.qwien.at\/en\/qwien-books\/schulgeschichten\/#breadcrumb","itemListElement":[{"@type":"ListItem","position":1,"name":"Startseite","item":"https:\/\/www.qwien.at\/en\/"},{"@type":"ListItem","position":2,"name":"Schulgeschichte(n)"}]},{"@type":"WebSite","@id":"https:\/\/www.qwien.at\/en\/#website","url":"https:\/\/www.qwien.at\/en\/","name":"Qwien - Zentrum f\u00fcr queere Geschichte","description":"","publisher":{"@id":"https:\/\/www.qwien.at\/en\/#organization"},"potentialAction":[{"@type":"SearchAction","target":{"@type":"EntryPoint","urlTemplate":"https:\/\/www.qwien.at\/en\/?s={search_term_string}"},"query-input":{"@type":"PropertyValueSpecification","valueRequired":true,"valueName":"search_term_string"}}],"inLanguage":"en-US"},{"@type":"Organization","@id":"https:\/\/www.qwien.at\/en\/#organization","name":"Qwien","url":"https:\/\/www.qwien.at\/en\/","logo":{"@type":"ImageObject","inLanguage":"en-US","@id":"https:\/\/www.qwien.at\/en\/#\/schema\/logo\/image\/","url":"https:\/\/www.qwien.at\/wp-content\/uploads\/2025\/06\/seo-yoast-2.png","contentUrl":"https:\/\/www.qwien.at\/wp-content\/uploads\/2025\/06\/seo-yoast-2.png","width":697,"height":697,"caption":"Qwien"},"image":{"@id":"https:\/\/www.qwien.at\/en\/#\/schema\/logo\/image\/"},"sameAs":["https:\/\/www.instagram.com\/qwien.zentrum\/"]},{"@type":"Person","@id":"https:\/\/www.qwien.at\/en\/#\/schema\/person\/d3fe9114b43d8e5a558a6d20ca3e2920","name":"Andreas Brunner"}]}},"_links":{"self":[{"href":"https:\/\/www.qwien.at\/en\/wp-json\/wp\/v2\/posts\/11143","targetHints":{"allow":["GET"]}}],"collection":[{"href":"https:\/\/www.qwien.at\/en\/wp-json\/wp\/v2\/posts"}],"about":[{"href":"https:\/\/www.qwien.at\/en\/wp-json\/wp\/v2\/types\/post"}],"author":[{"embeddable":true,"href":"https:\/\/www.qwien.at\/en\/wp-json\/wp\/v2\/users\/4"}],"replies":[{"embeddable":true,"href":"https:\/\/www.qwien.at\/en\/wp-json\/wp\/v2\/comments?post=11143"}],"version-history":[{"count":0,"href":"https:\/\/www.qwien.at\/en\/wp-json\/wp\/v2\/posts\/11143\/revisions"}],"wp:attachment":[{"href":"https:\/\/www.qwien.at\/en\/wp-json\/wp\/v2\/media?parent=11143"}],"wp:term":[{"taxonomy":"category","embeddable":true,"href":"https:\/\/www.qwien.at\/en\/wp-json\/wp\/v2\/categories?post=11143"},{"taxonomy":"post_tag","embeddable":true,"href":"https:\/\/www.qwien.at\/en\/wp-json\/wp\/v2\/tags?post=11143"}],"curies":[{"name":"wp","href":"https:\/\/api.w.org\/{rel}","templated":true}]}}