{"id":11147,"date":"2025-07-15T21:37:06","date_gmt":"2025-07-15T19:37:06","guid":{"rendered":"https:\/\/www.qwien.at\/nicht-kategorisiert\/literarische-wiederentdeckung\/"},"modified":"2025-07-15T21:37:06","modified_gmt":"2025-07-15T19:37:06","slug":"literarische-wiederentdeckung","status":"publish","type":"post","link":"https:\/\/www.qwien.at\/en\/qwien-books\/literarische-wiederentdeckung\/","title":{"rendered":"Literarische Wiederentdeckung"},"content":{"rendered":"<p><strong>QWIEN<\/strong><em><strong> pr\u00e4sentiert in Zusammenarbeit mit der <\/strong><\/em><strong>Wienbibliothek<\/strong><em><strong> am 7. Mai in den Loos-R\u00e4umen der Wienbibliothek eine literarische Wiederentdeckung &#8211; zwei B\u00e4nde mit Werken des Wiener Dichters Alfred Gr\u00fcnewald.<\/strong><\/em><br \/>\nAls er 1942 von den Nationalsozialisten ermordet wurde, war der Name Alfred Gr\u00fcnewald in der Literaturwelt nur noch Wenigen gel\u00e4ufig. Er war schon zu Lebzeiten ein Unzeitgem\u00e4\u00dfer gewesen, der sich in einer Nachfolge Platens in klassischen Gedichtformen erprobte, w\u00e4hrend rund um ihn die beginnende Moderne die Formen sprengte. Zwei Publikationen in der renommierten <em>Bibliothek rosa Winkel<\/em> wagen die Wiederentdeckung des vielf\u00e4ltigen Dichters Gr\u00fcnewald.<br \/>\n<em>Sonette an einen Knaben&#8221;<\/em> war einer seiner wenigen literarischen Erfolge. 1920 erschienen, sprechen die Gedichte eine f\u00fcr die Zeit erstaunlich deutliche Sprache. Sie erz\u00e4hlen von Gr\u00fcnewalds Sehnen nach der idealen, knabenhaften Sch\u00f6nheit. Und doch waren die erotischen Sonette so zart und poetisch, dass sie von der Kritik nicht ausschlie\u00dflich als homoerotische Lyrik rezipiert sondern \u00a0vielmehr als &#8220;Offenbarungen reiner Gef\u00fchle&#8221; gelobt wurden. Gr\u00fcnewald, von der Familie und Freunden Fredo genannt, wurde 1884 in eine j\u00fcdische Familie im 2. Bezirk geboren. Sein Vater war beruflich erfolgreich und sorgte f\u00fcr bescheidenen Wohlstand, die Familie \u00fcbersiedelte an den Hamerlingplatz im 8. Bezirk, wo Gr\u00fcnewald bis zu seiner Vertreibung aus Wien lebte.<br \/>\nNach einer ersten Ver\u00f6ffentlichung in der <em>Fackel<\/em> von Karl Kraus schlug Gr\u00fcnewald eine literarische Laufbahn ein, studierte aber noch bei Adolf Loos Architektur, um sp\u00e4ter kurze Zeit in dessen Architekturb\u00fcro zu arbeiten. Es sollte der einzige Versuch bleiben, eine b\u00fcrgerliche Existenz zu f\u00fchren. Doch war Gr\u00fcnewald kein Boh\u00e9mien, vielmehr bescheiden und ein flei\u00dfiger Arbeiter, wie viele Publikationen in Wiener Zeitungen belegen. Gedichte, Erz\u00e4hlungen, Aphorismen, Essays, Theaterst\u00fccke, Balladen und Schw\u00e4nke &#8211; in einer F\u00fclle von Gattungen suchte Gr\u00fcnewald seinen Ausdruck.<br \/>\nIm Kreis um Adolf Loos gab Gr\u00fcnewald bei Dichterlesungen Kostproben seiner Kunst, mit Stefan Zweig, Franz Karl Ginzkey oder Felix Braun tauschte er sich \u00fcber Literatur aus. Die Urauff\u00fchrung eines seiner St\u00fccke am Burgtheater hatte aber wegen Erfolglosigkeit keine Folgen. Gr\u00fcnewald blieb ein Geheimtipp, von Dichterfreunden gesch\u00e4tzt, wenig gelesen. Die Auflagen seiner B\u00fccher blieben klein. Eine enge Freundschaft verband ihn mit Alma Johanna K\u00f6nig, die wie Gr\u00fcnewald von den Nationalsozialisten ermordet wurde, und dem jungen Oskar Jan Tauschinski, der in der Nachkriegszeit mehrmals versuchte, den Dichter Alfred Gr\u00fcnewald in der \u00f6sterreichischen Literaturgeschichte als Lyriker zu verankern.<br \/>\n<strong><span style=\"color: #993366;\">Prosa aus dem Nach<\/span><\/strong><strong><span style=\"color: #993366;\">lass<\/span><\/strong><br \/>\nDer zweite Band aus der Bibliothek rosa Winkel <em>Reseda<\/em> zeigt einen neuen Alfred Gr\u00fcnewald, den Prosaschriftsteller, der bislang g\u00e4nzlich unbekannt war. Der Herausgeber Volker B\u00fchn entdeckte die bislang unver\u00f6ffentlichte Kriminalnovelle <em>Reseda<\/em> in einem Schweizer Verlagsarchiv. Die Tagebuchaufzeichnungen des pedantischen und kleinkarierten Buchhalters Gustav Reseda, der sich darin selbst als &#8220;mittelm\u00e4\u00dfigen Menschen&#8221; beschreibt, sind das Protokoll eines aus den Fugen geratenden Lebens. Der attraktive Neffe seiner langj\u00e4hrigen Freundin Maria raubt dem 50-J\u00e4hrigen den Verstand. Deutlicher als in seiner Lyrik erz\u00e4hlt Gr\u00fcnewalds Prosa von seiner lebenslangen Faszination f\u00fcr heranwachsende junge M\u00e4nner.<br \/>\nViele der Erz\u00e4hlungen, die Volker B\u00fchn aus unterschiedlichen Quellen zusammengetragen hat, haben einen autobiografischen Hintergrund. Wie etwa die melancholische Erz\u00e4hlung <em>Der Page<\/em>, in der sich ein pubertierender Junge in das Werbeplakat eines Pagen verliebt, das die Auslage eines Milchgesch\u00e4fts auf seinem Schulweg ziert. Als er seinen Kameraden von seinem Schwarm erz\u00e4hlt, st\u00f6\u00dft er auf Unverst\u00e4ndnis und muss zum ersten Mal erfahren, dass sein Begehren ihn zum Au\u00dfenseiter macht. Als das Plakat eines Tages verschwunden ist, sp\u00fcrt er erstmals den Verlust eines, wenn auch nur fantasierten, Geliebten.<br \/>\n<strong><span style=\"color: #993366;\">Auf der Flucht<\/span><\/strong><br \/>\nAusschnitte aus neun Gedichtb\u00e4nden und rund 50 bislang unver\u00f6ffentlichte Gedichte aus dem Nachlass zeigen die thematische Breite von Gr\u00fcnewalds schriftstellerischem Werk und seinen spielerischen Umgang mit Sprache, was ihm mitunter den Vorwurf des Manierismus einbrachte. Obwohl Gr\u00fcnewald in unruhigen Zeiten lebte, vom Untergang der Donaumonarchie, \u00fcber die politischen Umst\u00fcrze der jungen Republik bis zum &#8220;Anschluss&#8221; 1938, tauchen tagesaktuelle Fragen in seinem Werk praktisch nicht auf, was wohl mit ein Grund f\u00fcr die schleppende Rezeption war. In Zeiten des politischen Kampfes lag lange der Fokus auf den literarischen Repr\u00e4sentantInnen einer politisch engagierten Literatur.<br \/>\nDen erstarkenden Antisemitismus erlebte Gr\u00fcnewald am eigenen Leib. Von den Nationalsozialisten als &#8220;Jude&#8221; gebrandmarkt und auch als offen Homosexueller bedroht, wollte Gr\u00fcnewald nach dem &#8220;Anschluss&#8221; Selbstmord begehen, wurde aber im Spital gerettet. Nach dem Novemberpogrom wurde er von der Gestapo nach Dachau verschleppt, nach dem Gel\u00f6bnis das <em>Deutsche Reich<\/em> schnellstm\u00f6glich zu verlassen aber freigelassen. Da er als mittelloser Dichter in keinem Staat Asyl erhielt, floh er \u00fcber die gr\u00fcne Grenze in die Schweiz und landete in S\u00fcdfrankreich, wo er in bitterer Armut weiterarbeitete bis er von der Vichy-Regierung an die Nationalsozialisten ausgeliefert wurde. Am 9. September 1942 wurde Alfred Gr\u00fcnewald in Auschwitz ermordet.<br \/>\n<strong>Alfred Gr\u00fcnewald: Sonette an einen Knaben und andere Gedichte. Hrsg. v. Volker B\u00fchn. Hamburg: M\u00e4nnerschwarm Verlag 2013 (Bibliothek rosa Winkel, Band 64)<\/strong> erh\u00e4ltlich bei <a href=\"http:\/\/www.loewenherz.at\/index_lw_nr.php?LWNR=9378\">L\u00f6wenherz<\/a><br \/>\n<strong>Alfred Gr\u00fcnewald: Reseda und andere Prosa. Hrsg. v. Volker B\u00fchn. Hamburg: M\u00e4nnerschwarm Verlag 2013 (Bibliothek rosa Winkel, Band 65)<\/strong> erh\u00e4ltlich bei <a href=\"http:\/\/www.loewenherz.at\/index_lw_nr.php?LWNR=9379\">L\u00f6wenherz<\/a><\/p>\n<address><span style=\"color: #993366;\"><strong>Alfred Gr\u00fcnewald in der Loos-R\u00e4umen der Wienbibliothek, Bartensteingasse 9, 1010 Wien<\/strong><\/span><\/address>\n<address><span style=\"color: #993366;\"><strong>7. Mai, 19.00 Uhr<\/strong><\/span><\/address>\n<address><span style=\"color: #993366;\"><strong>Begr\u00fc\u00dfung: Dr.in Sylvia Mattl-Wurm<\/strong><\/span><\/address>\n<address><span style=\"color: #993366;\"><strong>Moderation: Andreas Brunner, QWIEN<\/strong><\/span><\/address>\n<address><span style=\"color: #993366;\"><strong>Mit Volker B\u00fchn, dem Herausgeber der beide Gr\u00fcnewald B\u00e4nde<\/strong><\/span><\/address>\n<address><span style=\"color: #993366;\"><strong>Prosa und Lyrik von Alfred Gr\u00fcnewald liest Dennis Cubic<\/strong><\/span><\/address>\n","protected":false},"excerpt":{"rendered":"<p>\t\t\t\t<![CDATA[]]>\t\t<\/p>\n","protected":false},"author":4,"featured_media":0,"comment_status":"closed","ping_status":"open","sticky":false,"template":"","format":"standard","meta":{"_acf_changed":false,"footnotes":""},"categories":[267,271,272],"tags":[],"class_list":["post-11147","post","type-post","status-publish","format-standard","hentry","category-qwien-books","category-literature-archive","category-qwien","grve-entry-item","grve-blog-item"],"acf":[],"yoast_head":"<!-- This site is optimized with the Yoast SEO plugin v27.5 - https:\/\/yoast.com\/product\/yoast-seo-wordpress\/ -->\n<title>Literarische Wiederentdeckung - Blog - Qwien - Zentrum f\u00fcr queere Geschichte<\/title>\n<meta name=\"robots\" content=\"index, follow, max-snippet:-1, max-image-preview:large, max-video-preview:-1\" \/>\n<link rel=\"canonical\" href=\"https:\/\/www.qwien.at\/en\/qwien-books\/literarische-wiederentdeckung\/\" \/>\n<meta property=\"og:locale\" content=\"en_US\" \/>\n<meta property=\"og:type\" content=\"article\" \/>\n<meta property=\"og:title\" content=\"Literarische Wiederentdeckung - Blog - Qwien - Zentrum f\u00fcr queere Geschichte\" \/>\n<meta property=\"og:url\" content=\"https:\/\/www.qwien.at\/en\/qwien-books\/literarische-wiederentdeckung\/\" \/>\n<meta property=\"og:site_name\" content=\"Qwien - Zentrum f\u00fcr queere Geschichte\" \/>\n<meta property=\"article:published_time\" content=\"2025-07-15T19:37:06+00:00\" \/>\n<meta property=\"og:image\" content=\"https:\/\/www.qwien.at\/wp-content\/uploads\/2025\/06\/seo-yoast-1.png\" \/>\n\t<meta property=\"og:image:width\" content=\"1921\" \/>\n\t<meta property=\"og:image:height\" content=\"1081\" \/>\n\t<meta property=\"og:image:type\" content=\"image\/png\" \/>\n<meta name=\"author\" content=\"Andreas Brunner\" \/>\n<meta name=\"twitter:card\" content=\"summary_large_image\" \/>\n<meta name=\"twitter:label1\" content=\"Written by\" \/>\n\t<meta name=\"twitter:data1\" content=\"Andreas Brunner\" \/>\n\t<meta name=\"twitter:label2\" content=\"Est. reading time\" \/>\n\t<meta name=\"twitter:data2\" content=\"5 minutes\" \/>\n<script type=\"application\/ld+json\" class=\"yoast-schema-graph\">{\"@context\":\"https:\\\/\\\/schema.org\",\"@graph\":[{\"@type\":[\"Article\",\"BlogPosting\"],\"@id\":\"https:\\\/\\\/www.qwien.at\\\/en\\\/qwien-books\\\/literarische-wiederentdeckung\\\/#article\",\"isPartOf\":{\"@id\":\"https:\\\/\\\/www.qwien.at\\\/en\\\/qwien-books\\\/literarische-wiederentdeckung\\\/\"},\"author\":{\"name\":\"Andreas Brunner\",\"@id\":\"https:\\\/\\\/www.qwien.at\\\/en\\\/#\\\/schema\\\/person\\\/d3fe9114b43d8e5a558a6d20ca3e2920\"},\"headline\":\"Literarische Wiederentdeckung\",\"datePublished\":\"2025-07-15T19:37:06+00:00\",\"mainEntityOfPage\":{\"@id\":\"https:\\\/\\\/www.qwien.at\\\/en\\\/qwien-books\\\/literarische-wiederentdeckung\\\/\"},\"wordCount\":918,\"publisher\":{\"@id\":\"https:\\\/\\\/www.qwien.at\\\/en\\\/#organization\"},\"articleSection\":[\"Books\",\"Literature archive\",\"Qwien\"],\"inLanguage\":\"en-US\"},{\"@type\":\"WebPage\",\"@id\":\"https:\\\/\\\/www.qwien.at\\\/en\\\/qwien-books\\\/literarische-wiederentdeckung\\\/\",\"url\":\"https:\\\/\\\/www.qwien.at\\\/en\\\/qwien-books\\\/literarische-wiederentdeckung\\\/\",\"name\":\"Literarische Wiederentdeckung - Blog - Qwien - Zentrum f\u00fcr queere Geschichte\",\"isPartOf\":{\"@id\":\"https:\\\/\\\/www.qwien.at\\\/en\\\/#website\"},\"datePublished\":\"2025-07-15T19:37:06+00:00\",\"breadcrumb\":{\"@id\":\"https:\\\/\\\/www.qwien.at\\\/en\\\/qwien-books\\\/literarische-wiederentdeckung\\\/#breadcrumb\"},\"inLanguage\":\"en-US\",\"potentialAction\":[{\"@type\":\"ReadAction\",\"target\":[\"https:\\\/\\\/www.qwien.at\\\/en\\\/qwien-books\\\/literarische-wiederentdeckung\\\/\"]}]},{\"@type\":\"BreadcrumbList\",\"@id\":\"https:\\\/\\\/www.qwien.at\\\/en\\\/qwien-books\\\/literarische-wiederentdeckung\\\/#breadcrumb\",\"itemListElement\":[{\"@type\":\"ListItem\",\"position\":1,\"name\":\"Startseite\",\"item\":\"https:\\\/\\\/www.qwien.at\\\/en\\\/\"},{\"@type\":\"ListItem\",\"position\":2,\"name\":\"Literarische Wiederentdeckung\"}]},{\"@type\":\"WebSite\",\"@id\":\"https:\\\/\\\/www.qwien.at\\\/en\\\/#website\",\"url\":\"https:\\\/\\\/www.qwien.at\\\/en\\\/\",\"name\":\"Qwien - Zentrum f\u00fcr queere Geschichte\",\"description\":\"\",\"publisher\":{\"@id\":\"https:\\\/\\\/www.qwien.at\\\/en\\\/#organization\"},\"potentialAction\":[{\"@type\":\"SearchAction\",\"target\":{\"@type\":\"EntryPoint\",\"urlTemplate\":\"https:\\\/\\\/www.qwien.at\\\/en\\\/?s={search_term_string}\"},\"query-input\":{\"@type\":\"PropertyValueSpecification\",\"valueRequired\":true,\"valueName\":\"search_term_string\"}}],\"inLanguage\":\"en-US\"},{\"@type\":\"Organization\",\"@id\":\"https:\\\/\\\/www.qwien.at\\\/en\\\/#organization\",\"name\":\"Qwien\",\"url\":\"https:\\\/\\\/www.qwien.at\\\/en\\\/\",\"logo\":{\"@type\":\"ImageObject\",\"inLanguage\":\"en-US\",\"@id\":\"https:\\\/\\\/www.qwien.at\\\/en\\\/#\\\/schema\\\/logo\\\/image\\\/\",\"url\":\"https:\\\/\\\/www.qwien.at\\\/wp-content\\\/uploads\\\/2025\\\/06\\\/seo-yoast-2.png\",\"contentUrl\":\"https:\\\/\\\/www.qwien.at\\\/wp-content\\\/uploads\\\/2025\\\/06\\\/seo-yoast-2.png\",\"width\":697,\"height\":697,\"caption\":\"Qwien\"},\"image\":{\"@id\":\"https:\\\/\\\/www.qwien.at\\\/en\\\/#\\\/schema\\\/logo\\\/image\\\/\"},\"sameAs\":[\"https:\\\/\\\/www.instagram.com\\\/qwien.zentrum\\\/\"]},{\"@type\":\"Person\",\"@id\":\"https:\\\/\\\/www.qwien.at\\\/en\\\/#\\\/schema\\\/person\\\/d3fe9114b43d8e5a558a6d20ca3e2920\",\"name\":\"Andreas Brunner\"}]}<\/script>\n<!-- \/ Yoast SEO plugin. -->","yoast_head_json":{"title":"Literarische Wiederentdeckung - Blog - Qwien - Zentrum f\u00fcr queere Geschichte","robots":{"index":"index","follow":"follow","max-snippet":"max-snippet:-1","max-image-preview":"max-image-preview:large","max-video-preview":"max-video-preview:-1"},"canonical":"https:\/\/www.qwien.at\/en\/qwien-books\/literarische-wiederentdeckung\/","og_locale":"en_US","og_type":"article","og_title":"Literarische Wiederentdeckung - Blog - Qwien - Zentrum f\u00fcr queere Geschichte","og_url":"https:\/\/www.qwien.at\/en\/qwien-books\/literarische-wiederentdeckung\/","og_site_name":"Qwien - Zentrum f\u00fcr queere Geschichte","article_published_time":"2025-07-15T19:37:06+00:00","og_image":[{"width":1921,"height":1081,"url":"https:\/\/www.qwien.at\/wp-content\/uploads\/2025\/06\/seo-yoast-1.png","type":"image\/png"}],"author":"Andreas Brunner","twitter_card":"summary_large_image","twitter_misc":{"Written by":"Andreas Brunner","Est. reading time":"5 minutes"},"schema":{"@context":"https:\/\/schema.org","@graph":[{"@type":["Article","BlogPosting"],"@id":"https:\/\/www.qwien.at\/en\/qwien-books\/literarische-wiederentdeckung\/#article","isPartOf":{"@id":"https:\/\/www.qwien.at\/en\/qwien-books\/literarische-wiederentdeckung\/"},"author":{"name":"Andreas Brunner","@id":"https:\/\/www.qwien.at\/en\/#\/schema\/person\/d3fe9114b43d8e5a558a6d20ca3e2920"},"headline":"Literarische Wiederentdeckung","datePublished":"2025-07-15T19:37:06+00:00","mainEntityOfPage":{"@id":"https:\/\/www.qwien.at\/en\/qwien-books\/literarische-wiederentdeckung\/"},"wordCount":918,"publisher":{"@id":"https:\/\/www.qwien.at\/en\/#organization"},"articleSection":["Books","Literature archive","Qwien"],"inLanguage":"en-US"},{"@type":"WebPage","@id":"https:\/\/www.qwien.at\/en\/qwien-books\/literarische-wiederentdeckung\/","url":"https:\/\/www.qwien.at\/en\/qwien-books\/literarische-wiederentdeckung\/","name":"Literarische Wiederentdeckung - Blog - Qwien - Zentrum f\u00fcr queere Geschichte","isPartOf":{"@id":"https:\/\/www.qwien.at\/en\/#website"},"datePublished":"2025-07-15T19:37:06+00:00","breadcrumb":{"@id":"https:\/\/www.qwien.at\/en\/qwien-books\/literarische-wiederentdeckung\/#breadcrumb"},"inLanguage":"en-US","potentialAction":[{"@type":"ReadAction","target":["https:\/\/www.qwien.at\/en\/qwien-books\/literarische-wiederentdeckung\/"]}]},{"@type":"BreadcrumbList","@id":"https:\/\/www.qwien.at\/en\/qwien-books\/literarische-wiederentdeckung\/#breadcrumb","itemListElement":[{"@type":"ListItem","position":1,"name":"Startseite","item":"https:\/\/www.qwien.at\/en\/"},{"@type":"ListItem","position":2,"name":"Literarische Wiederentdeckung"}]},{"@type":"WebSite","@id":"https:\/\/www.qwien.at\/en\/#website","url":"https:\/\/www.qwien.at\/en\/","name":"Qwien - Zentrum f\u00fcr queere Geschichte","description":"","publisher":{"@id":"https:\/\/www.qwien.at\/en\/#organization"},"potentialAction":[{"@type":"SearchAction","target":{"@type":"EntryPoint","urlTemplate":"https:\/\/www.qwien.at\/en\/?s={search_term_string}"},"query-input":{"@type":"PropertyValueSpecification","valueRequired":true,"valueName":"search_term_string"}}],"inLanguage":"en-US"},{"@type":"Organization","@id":"https:\/\/www.qwien.at\/en\/#organization","name":"Qwien","url":"https:\/\/www.qwien.at\/en\/","logo":{"@type":"ImageObject","inLanguage":"en-US","@id":"https:\/\/www.qwien.at\/en\/#\/schema\/logo\/image\/","url":"https:\/\/www.qwien.at\/wp-content\/uploads\/2025\/06\/seo-yoast-2.png","contentUrl":"https:\/\/www.qwien.at\/wp-content\/uploads\/2025\/06\/seo-yoast-2.png","width":697,"height":697,"caption":"Qwien"},"image":{"@id":"https:\/\/www.qwien.at\/en\/#\/schema\/logo\/image\/"},"sameAs":["https:\/\/www.instagram.com\/qwien.zentrum\/"]},{"@type":"Person","@id":"https:\/\/www.qwien.at\/en\/#\/schema\/person\/d3fe9114b43d8e5a558a6d20ca3e2920","name":"Andreas Brunner"}]}},"_links":{"self":[{"href":"https:\/\/www.qwien.at\/en\/wp-json\/wp\/v2\/posts\/11147","targetHints":{"allow":["GET"]}}],"collection":[{"href":"https:\/\/www.qwien.at\/en\/wp-json\/wp\/v2\/posts"}],"about":[{"href":"https:\/\/www.qwien.at\/en\/wp-json\/wp\/v2\/types\/post"}],"author":[{"embeddable":true,"href":"https:\/\/www.qwien.at\/en\/wp-json\/wp\/v2\/users\/4"}],"replies":[{"embeddable":true,"href":"https:\/\/www.qwien.at\/en\/wp-json\/wp\/v2\/comments?post=11147"}],"version-history":[{"count":0,"href":"https:\/\/www.qwien.at\/en\/wp-json\/wp\/v2\/posts\/11147\/revisions"}],"wp:attachment":[{"href":"https:\/\/www.qwien.at\/en\/wp-json\/wp\/v2\/media?parent=11147"}],"wp:term":[{"taxonomy":"category","embeddable":true,"href":"https:\/\/www.qwien.at\/en\/wp-json\/wp\/v2\/categories?post=11147"},{"taxonomy":"post_tag","embeddable":true,"href":"https:\/\/www.qwien.at\/en\/wp-json\/wp\/v2\/tags?post=11147"}],"curies":[{"name":"wp","href":"https:\/\/api.w.org\/{rel}","templated":true}]}}