{"id":11150,"date":"2025-07-15T21:37:06","date_gmt":"2025-07-15T19:37:06","guid":{"rendered":"https:\/\/www.qwien.at\/nicht-kategorisiert\/aufklarung-in-schulen\/"},"modified":"2025-07-15T21:37:06","modified_gmt":"2025-07-15T19:37:06","slug":"aufklarung-in-schulen","status":"publish","type":"post","link":"https:\/\/www.qwien.at\/en\/qwien-books\/aufklarung-in-schulen\/","title":{"rendered":"Aufkl\u00e4rung in Schulen"},"content":{"rendered":"<p><strong><em>Ein neues Buch \u00fcber Aufkl\u00e4rungsarbeit gegen Homophobie in Schulen. Gelesen und rezensiert von Carina Haselmayer<\/em> <\/strong><br \/>\nBei Untersuchungen zur Lebenssituation gleichgeschlechtlich orientierter Jugendlicher in Deutschland waren die Ergebnisse erschreckend. Verbale Angriffe, abwertende \u00c4u\u00dferungen \u00fcber ihre sexuelle Orientierung sowie k\u00f6rperliche Gewalt geh\u00f6ren zu den Alltagserfahrungen vieler homosexuell orientierter Jugendlicher. Hierbei l\u00e4sst sich der Bedarf an Aufkl\u00e4rungsarbeit stark erkennen, was auch, wie im Buch hervorgeht, ein Ausschlag gebender Aspekt f\u00fcr die Entstehung dieser Forschungsarbeit war. Durch die Evaluation eines Schulaufkl\u00e4rungsprojekts des Rat &amp; Tat Zentrums f\u00fcr Schwule und Lesben in Bremen sollen Konsequenzen f\u00fcr die Praxis sowie ein Ausblick f\u00fcr zuk\u00fcnftige Aufkl\u00e4rungsarbeit geboten werden.<br \/>\nAls Einstieg in das Buch werden Begriffe wie Homosexualit\u00e4t, Heterosexualit\u00e4t, Coming Out und Homophobie n\u00e4her bestimmt. Der Terminus \u201eHomophobie\u201c, wie er auch im Untertitel des Buches verwendet wird, nimmt einen zentralen Stellenwert ein. Im theoretischen Teil der Forschungsarbeit wird explizit auf diesen Begriff eingegangen und dessen Ursachen sowie M\u00f6glichkeiten des Umgangs mit ihr diskutiert. Dabei bezieht sich die Autorin auf Aspekte kollektiver Normkonstruktionen bez\u00fcglich sexueller Orientierung und Geschlecht. Auch werden zur Erkl\u00e4rung homophober Verhaltensmuster \u00f6kologisch-psychologische Faktoren herangezogen. Hinsichtlich des Umgangs mit Homophobie, stellt die Autorin ausgew\u00e4hlte p\u00e4dagogisch-psychologische Ans\u00e4tze vor, die in der Aufkl\u00e4rungsarbeit in Deutschland von gro\u00dfer Bedeutung sind.<br \/>\n<a href=\"https:\/\/www.qwien.at\/wp-content\/uploads\/2013\/03\/Cover_Schack-209x300.jpg\"><img loading=\"lazy\" decoding=\"async\" class=\"alignleft size-medium wp-image-2614\" title=\"Cover_Schack\" src=\"https:\/\/www.qwien.at\/wp-content\/uploads\/2013\/03\/Cover_Schack-209x300.jpg\" alt=\"\" width=\"209\" height=\"300\" srcset=\"https:\/\/www.qwien.at\/wp-content\/uploads\/2013\/03\/Cover_Schack-209x300.jpg 209w, https:\/\/www.qwien.at\/wp-content\/uploads\/2013\/03\/Cover_Schack.jpg 349w\" sizes=\"auto, (max-width: 209px) 100vw, 209px\" \/><\/a>Abschlie\u00dfend f\u00fcr die theoretischen Betrachtungen wird die Konzeption sowie auch der Ablauf des zu evaluierenden Schulaufkl\u00e4rungsprojekts vorgestellt. Dabei legt die Autorin die Details zum Forschungshergang deutlich auf. So wird eine Beschreibung der Stichprobe, der Methodenauswahl als auch detaillierte Information zum Forschungsablauf angef\u00fchrt. Daneben wird auch auf Ergebnisse bisheriger Evaluationen lesbisch-schwuler Aufkl\u00e4rungsprogramme in anderen St\u00e4dten eingegangen.<br \/>\nDer nachfolgende methodische Teil der Forschungsarbeit beginnt mit der Formulierung der Fragestellung und Hypothesen. Anschlie\u00dfend folgen eine n\u00e4here Beschreibung der Methodik der Datengewinnung und Datenauswertung, sowie eine \u00dcberpr\u00fcfung der aufgestellten Hypothesen.<br \/>\nPers\u00f6nlich fand ich das Buch beziehungsweise die Forschungsarbeit gut strukturiert und sehr informativ. Vor allem die Begriffsbestimmungen und theoretischen Abhandlungen p\u00e4dagogisch-psychologischer Ans\u00e4tze zum Thema Homophobie waren eine sehr interessante und bereichernde Ann\u00e4herung an die vorgestellte Forschungsarbeit. Generell liegt der Wert des Buches f\u00fcr mich weniger in der Theorie, da die vorgestellten Ans\u00e4tze eher kurz zusammengefasst dargestellt werden, als vielmehr im eigentlichen Thema der Aufkl\u00e4rungsarbeit gegen Homophobie. Wie auch die Autorin erw\u00e4hnt, besteht hier ein offensichtlicher Handlungsbedarf.<br \/>\nKathrin Schack: <strong>Liebe zum gleichen Geschlecht \u2013 Ein Thema f\u00fcr die Schule. Tectum Verlag 2012 <\/strong><\/p>\n","protected":false},"excerpt":{"rendered":"<p>\t\t\t\t<![CDATA[]]>\t\t<\/p>\n","protected":false},"author":4,"featured_media":0,"comment_status":"closed","ping_status":"open","sticky":false,"template":"","format":"standard","meta":{"_acf_changed":false,"footnotes":""},"categories":[267,271],"tags":[],"class_list":["post-11150","post","type-post","status-publish","format-standard","hentry","category-qwien-books","category-literature-archive","grve-entry-item","grve-blog-item"],"acf":[],"yoast_head":"<!-- This site is optimized with the Yoast SEO plugin v27.5 - https:\/\/yoast.com\/product\/yoast-seo-wordpress\/ -->\n<title>Aufkl\u00e4rung in Schulen - Blog - Qwien - Zentrum f\u00fcr queere Geschichte<\/title>\n<meta name=\"robots\" content=\"index, follow, max-snippet:-1, max-image-preview:large, max-video-preview:-1\" \/>\n<link rel=\"canonical\" href=\"https:\/\/www.qwien.at\/en\/qwien-books\/aufklarung-in-schulen\/\" \/>\n<meta property=\"og:locale\" content=\"en_US\" \/>\n<meta property=\"og:type\" content=\"article\" \/>\n<meta property=\"og:title\" content=\"Aufkl\u00e4rung in Schulen - Blog - Qwien - Zentrum f\u00fcr queere Geschichte\" \/>\n<meta property=\"og:url\" content=\"https:\/\/www.qwien.at\/en\/qwien-books\/aufklarung-in-schulen\/\" \/>\n<meta property=\"og:site_name\" content=\"Qwien - Zentrum f\u00fcr queere Geschichte\" \/>\n<meta property=\"article:published_time\" content=\"2025-07-15T19:37:06+00:00\" \/>\n<meta property=\"og:image\" content=\"https:\/\/www.qwien.at\/wp-content\/uploads\/2013\/03\/Cover_Schack.jpg\" \/>\n\t<meta property=\"og:image:width\" content=\"349\" \/>\n\t<meta property=\"og:image:height\" content=\"500\" \/>\n\t<meta property=\"og:image:type\" content=\"image\/jpeg\" \/>\n<meta name=\"author\" content=\"Andreas Brunner\" \/>\n<meta name=\"twitter:card\" content=\"summary_large_image\" \/>\n<meta name=\"twitter:label1\" content=\"Written by\" \/>\n\t<meta name=\"twitter:data1\" content=\"Andreas Brunner\" \/>\n\t<meta name=\"twitter:label2\" content=\"Est. reading time\" \/>\n\t<meta name=\"twitter:data2\" content=\"2 minutes\" \/>\n<script type=\"application\/ld+json\" class=\"yoast-schema-graph\">{\"@context\":\"https:\\\/\\\/schema.org\",\"@graph\":[{\"@type\":[\"Article\",\"BlogPosting\"],\"@id\":\"https:\\\/\\\/www.qwien.at\\\/en\\\/qwien-books\\\/aufklarung-in-schulen\\\/#article\",\"isPartOf\":{\"@id\":\"https:\\\/\\\/www.qwien.at\\\/en\\\/qwien-books\\\/aufklarung-in-schulen\\\/\"},\"author\":{\"name\":\"Andreas Brunner\",\"@id\":\"https:\\\/\\\/www.qwien.at\\\/en\\\/#\\\/schema\\\/person\\\/d3fe9114b43d8e5a558a6d20ca3e2920\"},\"headline\":\"Aufkl\u00e4rung in Schulen\",\"datePublished\":\"2025-07-15T19:37:06+00:00\",\"mainEntityOfPage\":{\"@id\":\"https:\\\/\\\/www.qwien.at\\\/en\\\/qwien-books\\\/aufklarung-in-schulen\\\/\"},\"wordCount\":421,\"publisher\":{\"@id\":\"https:\\\/\\\/www.qwien.at\\\/en\\\/#organization\"},\"image\":{\"@id\":\"https:\\\/\\\/www.qwien.at\\\/en\\\/qwien-books\\\/aufklarung-in-schulen\\\/#primaryimage\"},\"thumbnailUrl\":\"https:\\\/\\\/www.qwien.at\\\/wp-content\\\/uploads\\\/2013\\\/03\\\/Cover_Schack-209x300.jpg\",\"articleSection\":[\"Books\",\"Literature archive\"],\"inLanguage\":\"en-US\"},{\"@type\":\"WebPage\",\"@id\":\"https:\\\/\\\/www.qwien.at\\\/en\\\/qwien-books\\\/aufklarung-in-schulen\\\/\",\"url\":\"https:\\\/\\\/www.qwien.at\\\/en\\\/qwien-books\\\/aufklarung-in-schulen\\\/\",\"name\":\"Aufkl\u00e4rung in Schulen - Blog - Qwien - Zentrum f\u00fcr queere Geschichte\",\"isPartOf\":{\"@id\":\"https:\\\/\\\/www.qwien.at\\\/en\\\/#website\"},\"primaryImageOfPage\":{\"@id\":\"https:\\\/\\\/www.qwien.at\\\/en\\\/qwien-books\\\/aufklarung-in-schulen\\\/#primaryimage\"},\"image\":{\"@id\":\"https:\\\/\\\/www.qwien.at\\\/en\\\/qwien-books\\\/aufklarung-in-schulen\\\/#primaryimage\"},\"thumbnailUrl\":\"https:\\\/\\\/www.qwien.at\\\/wp-content\\\/uploads\\\/2013\\\/03\\\/Cover_Schack-209x300.jpg\",\"datePublished\":\"2025-07-15T19:37:06+00:00\",\"breadcrumb\":{\"@id\":\"https:\\\/\\\/www.qwien.at\\\/en\\\/qwien-books\\\/aufklarung-in-schulen\\\/#breadcrumb\"},\"inLanguage\":\"en-US\",\"potentialAction\":[{\"@type\":\"ReadAction\",\"target\":[\"https:\\\/\\\/www.qwien.at\\\/en\\\/qwien-books\\\/aufklarung-in-schulen\\\/\"]}]},{\"@type\":\"ImageObject\",\"inLanguage\":\"en-US\",\"@id\":\"https:\\\/\\\/www.qwien.at\\\/en\\\/qwien-books\\\/aufklarung-in-schulen\\\/#primaryimage\",\"url\":\"https:\\\/\\\/www.qwien.at\\\/wp-content\\\/uploads\\\/2013\\\/03\\\/Cover_Schack-209x300.jpg\",\"contentUrl\":\"https:\\\/\\\/www.qwien.at\\\/wp-content\\\/uploads\\\/2013\\\/03\\\/Cover_Schack-209x300.jpg\"},{\"@type\":\"BreadcrumbList\",\"@id\":\"https:\\\/\\\/www.qwien.at\\\/en\\\/qwien-books\\\/aufklarung-in-schulen\\\/#breadcrumb\",\"itemListElement\":[{\"@type\":\"ListItem\",\"position\":1,\"name\":\"Startseite\",\"item\":\"https:\\\/\\\/www.qwien.at\\\/en\\\/\"},{\"@type\":\"ListItem\",\"position\":2,\"name\":\"Aufkl\u00e4rung in Schulen\"}]},{\"@type\":\"WebSite\",\"@id\":\"https:\\\/\\\/www.qwien.at\\\/en\\\/#website\",\"url\":\"https:\\\/\\\/www.qwien.at\\\/en\\\/\",\"name\":\"Qwien - Zentrum f\u00fcr queere Geschichte\",\"description\":\"\",\"publisher\":{\"@id\":\"https:\\\/\\\/www.qwien.at\\\/en\\\/#organization\"},\"potentialAction\":[{\"@type\":\"SearchAction\",\"target\":{\"@type\":\"EntryPoint\",\"urlTemplate\":\"https:\\\/\\\/www.qwien.at\\\/en\\\/?s={search_term_string}\"},\"query-input\":{\"@type\":\"PropertyValueSpecification\",\"valueRequired\":true,\"valueName\":\"search_term_string\"}}],\"inLanguage\":\"en-US\"},{\"@type\":\"Organization\",\"@id\":\"https:\\\/\\\/www.qwien.at\\\/en\\\/#organization\",\"name\":\"Qwien\",\"url\":\"https:\\\/\\\/www.qwien.at\\\/en\\\/\",\"logo\":{\"@type\":\"ImageObject\",\"inLanguage\":\"en-US\",\"@id\":\"https:\\\/\\\/www.qwien.at\\\/en\\\/#\\\/schema\\\/logo\\\/image\\\/\",\"url\":\"https:\\\/\\\/www.qwien.at\\\/wp-content\\\/uploads\\\/2025\\\/06\\\/seo-yoast-2.png\",\"contentUrl\":\"https:\\\/\\\/www.qwien.at\\\/wp-content\\\/uploads\\\/2025\\\/06\\\/seo-yoast-2.png\",\"width\":697,\"height\":697,\"caption\":\"Qwien\"},\"image\":{\"@id\":\"https:\\\/\\\/www.qwien.at\\\/en\\\/#\\\/schema\\\/logo\\\/image\\\/\"},\"sameAs\":[\"https:\\\/\\\/www.instagram.com\\\/qwien.zentrum\\\/\"]},{\"@type\":\"Person\",\"@id\":\"https:\\\/\\\/www.qwien.at\\\/en\\\/#\\\/schema\\\/person\\\/d3fe9114b43d8e5a558a6d20ca3e2920\",\"name\":\"Andreas Brunner\"}]}<\/script>\n<!-- \/ Yoast SEO plugin. -->","yoast_head_json":{"title":"Aufkl\u00e4rung in Schulen - Blog - Qwien - Zentrum f\u00fcr queere Geschichte","robots":{"index":"index","follow":"follow","max-snippet":"max-snippet:-1","max-image-preview":"max-image-preview:large","max-video-preview":"max-video-preview:-1"},"canonical":"https:\/\/www.qwien.at\/en\/qwien-books\/aufklarung-in-schulen\/","og_locale":"en_US","og_type":"article","og_title":"Aufkl\u00e4rung in Schulen - Blog - Qwien - Zentrum f\u00fcr queere Geschichte","og_url":"https:\/\/www.qwien.at\/en\/qwien-books\/aufklarung-in-schulen\/","og_site_name":"Qwien - Zentrum f\u00fcr queere Geschichte","article_published_time":"2025-07-15T19:37:06+00:00","og_image":[{"width":349,"height":500,"url":"https:\/\/www.qwien.at\/wp-content\/uploads\/2013\/03\/Cover_Schack.jpg","type":"image\/jpeg"}],"author":"Andreas Brunner","twitter_card":"summary_large_image","twitter_misc":{"Written by":"Andreas Brunner","Est. reading time":"2 minutes"},"schema":{"@context":"https:\/\/schema.org","@graph":[{"@type":["Article","BlogPosting"],"@id":"https:\/\/www.qwien.at\/en\/qwien-books\/aufklarung-in-schulen\/#article","isPartOf":{"@id":"https:\/\/www.qwien.at\/en\/qwien-books\/aufklarung-in-schulen\/"},"author":{"name":"Andreas Brunner","@id":"https:\/\/www.qwien.at\/en\/#\/schema\/person\/d3fe9114b43d8e5a558a6d20ca3e2920"},"headline":"Aufkl\u00e4rung in Schulen","datePublished":"2025-07-15T19:37:06+00:00","mainEntityOfPage":{"@id":"https:\/\/www.qwien.at\/en\/qwien-books\/aufklarung-in-schulen\/"},"wordCount":421,"publisher":{"@id":"https:\/\/www.qwien.at\/en\/#organization"},"image":{"@id":"https:\/\/www.qwien.at\/en\/qwien-books\/aufklarung-in-schulen\/#primaryimage"},"thumbnailUrl":"https:\/\/www.qwien.at\/wp-content\/uploads\/2013\/03\/Cover_Schack-209x300.jpg","articleSection":["Books","Literature archive"],"inLanguage":"en-US"},{"@type":"WebPage","@id":"https:\/\/www.qwien.at\/en\/qwien-books\/aufklarung-in-schulen\/","url":"https:\/\/www.qwien.at\/en\/qwien-books\/aufklarung-in-schulen\/","name":"Aufkl\u00e4rung in Schulen - Blog - Qwien - Zentrum f\u00fcr queere Geschichte","isPartOf":{"@id":"https:\/\/www.qwien.at\/en\/#website"},"primaryImageOfPage":{"@id":"https:\/\/www.qwien.at\/en\/qwien-books\/aufklarung-in-schulen\/#primaryimage"},"image":{"@id":"https:\/\/www.qwien.at\/en\/qwien-books\/aufklarung-in-schulen\/#primaryimage"},"thumbnailUrl":"https:\/\/www.qwien.at\/wp-content\/uploads\/2013\/03\/Cover_Schack-209x300.jpg","datePublished":"2025-07-15T19:37:06+00:00","breadcrumb":{"@id":"https:\/\/www.qwien.at\/en\/qwien-books\/aufklarung-in-schulen\/#breadcrumb"},"inLanguage":"en-US","potentialAction":[{"@type":"ReadAction","target":["https:\/\/www.qwien.at\/en\/qwien-books\/aufklarung-in-schulen\/"]}]},{"@type":"ImageObject","inLanguage":"en-US","@id":"https:\/\/www.qwien.at\/en\/qwien-books\/aufklarung-in-schulen\/#primaryimage","url":"https:\/\/www.qwien.at\/wp-content\/uploads\/2013\/03\/Cover_Schack-209x300.jpg","contentUrl":"https:\/\/www.qwien.at\/wp-content\/uploads\/2013\/03\/Cover_Schack-209x300.jpg"},{"@type":"BreadcrumbList","@id":"https:\/\/www.qwien.at\/en\/qwien-books\/aufklarung-in-schulen\/#breadcrumb","itemListElement":[{"@type":"ListItem","position":1,"name":"Startseite","item":"https:\/\/www.qwien.at\/en\/"},{"@type":"ListItem","position":2,"name":"Aufkl\u00e4rung in Schulen"}]},{"@type":"WebSite","@id":"https:\/\/www.qwien.at\/en\/#website","url":"https:\/\/www.qwien.at\/en\/","name":"Qwien - Zentrum f\u00fcr queere Geschichte","description":"","publisher":{"@id":"https:\/\/www.qwien.at\/en\/#organization"},"potentialAction":[{"@type":"SearchAction","target":{"@type":"EntryPoint","urlTemplate":"https:\/\/www.qwien.at\/en\/?s={search_term_string}"},"query-input":{"@type":"PropertyValueSpecification","valueRequired":true,"valueName":"search_term_string"}}],"inLanguage":"en-US"},{"@type":"Organization","@id":"https:\/\/www.qwien.at\/en\/#organization","name":"Qwien","url":"https:\/\/www.qwien.at\/en\/","logo":{"@type":"ImageObject","inLanguage":"en-US","@id":"https:\/\/www.qwien.at\/en\/#\/schema\/logo\/image\/","url":"https:\/\/www.qwien.at\/wp-content\/uploads\/2025\/06\/seo-yoast-2.png","contentUrl":"https:\/\/www.qwien.at\/wp-content\/uploads\/2025\/06\/seo-yoast-2.png","width":697,"height":697,"caption":"Qwien"},"image":{"@id":"https:\/\/www.qwien.at\/en\/#\/schema\/logo\/image\/"},"sameAs":["https:\/\/www.instagram.com\/qwien.zentrum\/"]},{"@type":"Person","@id":"https:\/\/www.qwien.at\/en\/#\/schema\/person\/d3fe9114b43d8e5a558a6d20ca3e2920","name":"Andreas Brunner"}]}},"_links":{"self":[{"href":"https:\/\/www.qwien.at\/en\/wp-json\/wp\/v2\/posts\/11150","targetHints":{"allow":["GET"]}}],"collection":[{"href":"https:\/\/www.qwien.at\/en\/wp-json\/wp\/v2\/posts"}],"about":[{"href":"https:\/\/www.qwien.at\/en\/wp-json\/wp\/v2\/types\/post"}],"author":[{"embeddable":true,"href":"https:\/\/www.qwien.at\/en\/wp-json\/wp\/v2\/users\/4"}],"replies":[{"embeddable":true,"href":"https:\/\/www.qwien.at\/en\/wp-json\/wp\/v2\/comments?post=11150"}],"version-history":[{"count":0,"href":"https:\/\/www.qwien.at\/en\/wp-json\/wp\/v2\/posts\/11150\/revisions"}],"wp:attachment":[{"href":"https:\/\/www.qwien.at\/en\/wp-json\/wp\/v2\/media?parent=11150"}],"wp:term":[{"taxonomy":"category","embeddable":true,"href":"https:\/\/www.qwien.at\/en\/wp-json\/wp\/v2\/categories?post=11150"},{"taxonomy":"post_tag","embeddable":true,"href":"https:\/\/www.qwien.at\/en\/wp-json\/wp\/v2\/tags?post=11150"}],"curies":[{"name":"wp","href":"https:\/\/api.w.org\/{rel}","templated":true}]}}