{"id":11151,"date":"2025-07-15T21:37:06","date_gmt":"2025-07-15T19:37:06","guid":{"rendered":"https:\/\/www.qwien.at\/nicht-kategorisiert\/friedensklarchen-bartwuchs-und-kontaktanzeigen\/"},"modified":"2025-07-15T21:37:06","modified_gmt":"2025-07-15T19:37:06","slug":"friedensklarchen-bartwuchs-und-kontaktanzeigen","status":"publish","type":"post","link":"https:\/\/www.qwien.at\/en\/qwien-books\/friedensklarchen-bartwuchs-und-kontaktanzeigen\/","title":{"rendered":"Friedenskl\u00e4rchen, Bartwuchs und Kontaktanzeigen"},"content":{"rendered":"<p><em><strong> Ein neu erschienener Sammelband diskutiert neue Aspekte der Geschlechtergeschichte in der Bundesrepublik. Eine Rezension von Marliese Mendel<\/strong><\/em><br \/>\nSelbstverst\u00e4ndlich darf die ber\u00fchmte Tomatenwurfrede und die polarisierende Sternkampagne \u201eIch habe abgetrieben\u201c in einem Buch \u00fcber Geschlechtergeschichte nicht fehlen. Aber die drei Herausgeberinnen von <em>Zeitgeschichte als Geschlechtergeschichte\u201c<\/em> spannen den Bogen viel weiter. Die Theologin Julia Paulus, die Kommunikationswissenschafterin Eva-Maria Silies und die Geschichts- und Politikwissenschafterin Kerstin Wolff stellen neue und neu entdeckte Forschungsans\u00e4tze und -ergebnisse vor. Es geht um k\u00e4mpferische Frauen, die Erfindung der Pille, um Kontaktanzeigen in Frauenzeitschriften und darum, wie Politik und Gesellschaft darauf reagierten. Ein Teil des Buches besch\u00e4ftigt sich mit den Hintergr\u00fcnden von Selbst- und Fremdzuschreibungen sowie Abgrenzung der Frauenorganisationen und -institutionen untereinander.<br \/>\n<div id=\"attachment_2626\" style=\"width: 247px\" class=\"wp-caption alignleft\"><a href=\"https:\/\/www.qwien.at\/wp-content\/uploads\/2013\/03\/abgetrieben.jpg\"><img loading=\"lazy\" decoding=\"async\" aria-describedby=\"caption-attachment-2626\" class=\"size-medium wp-image-2626 \" title=\"abgetrieben\" src=\"https:\/\/www.qwien.at\/wp-content\/uploads\/2013\/03\/abgetrieben.jpg\" alt=\"\" width=\"237\" height=\"300\" srcset=\"https:\/\/www.qwien.at\/wp-content\/uploads\/2013\/03\/abgetrieben.jpg 380w, https:\/\/www.qwien.at\/wp-content\/uploads\/2013\/03\/abgetrieben-238x300.jpg 238w\" sizes=\"auto, (max-width: 237px) 100vw, 237px\" \/><\/a><p id=\"caption-attachment-2626\" class=\"wp-caption-text\">Das ber\u00fchmte <em>STERN<\/em> Cover (c) QWIEN<\/p><\/div><br \/>\nWie immer, wenn Geschichte aus einem anderen Blickwinkel betrachtet wird, er\u00f6ffnen sich neue Perspektiven, die oft zu erstaunlichen Erkenntnissen f\u00fchren. Die drei Wissenschafterinnen zeigen in ihrem Band in f\u00fcnf Themenbl\u00f6cken, dass manch tradierte \u201eWeisheit\u201c, manch festgefahrener Begriffe neu \u00fcberdacht werden muss und dass es in der Geschlechter-Geschichtsschreibung noch gro\u00dfe L\u00fccken gibt.<br \/>\nDie Autor_innen durchforsteten Archive der deutschen Frauenbewegung, Protokolle politischer Einrichtungen, Gesetzesb\u00fccher, Frauenzeitschriften und andere Quellen, um neue Erkenntnisse \u00fcber Geschlechterordnung, Berufswelten, die (Un)Vereinbarkeit von Beruf und Familie, \u00fcber Sexualit\u00e4ten und K\u00f6rper und \u00fcber Partizipation und Protest zu erlangen.<\/p>\n<h3><strong><span style=\"color: #993366;\">Frau Irene<\/span><\/strong><\/h3>\n<p>Die Historikerin Lu Seegers las f\u00fcr ihren Beitrag \u201eKriegswitwen und T\u00f6chter ohne V\u00e4ter in der Bundesrepublik\u201c hunderte Ausgaben der Zeitschrift <em>H\u00d6R ZU<\/em> und interviewte einige der 1,2 Millionen Kriegswitwen. Nach 1945 lebten 2,5 Millionen Kinder als Halbwaisen. Seegers erforschte die schweren Bedingungen der Kriegswitwen und ihrer T\u00f6chter im Nachkriegsdeutschland. Die damals oft jungen Frauen erhielten kaum staatliche Hilfe und der Zugang zu Arbeitsstellen war schwierig. Besonders hart traf es die Witwen von NSDAP-Mitgliedern, sie waren von allen Sozialleistungen ausgeschlossen. Erst in den 1950er Jahren wurde die Situation der Kriegswitwen ein Thema, ausgehend von der negativ konnotierten \u201eOnkelehe\u201c: Viele Paare lebten unverheiratet zusammen, um die Rentenanspr\u00fcche nicht zu gef\u00e4hrden. Druck kam auch von der Kirche, die Kriegswitwen und ihre Kinder wurden als \u201eunvollst\u00e4ndige\u201c Familien stigmatisiert. Erstaunlicherweise war es die Rundfunk- und Familienzeitschrift <em>H\u00d6R ZU\u201c<\/em>, die die soziale Situation der Frauen in diesen \u201eHalbfamilien\u201c thematisierte. In der Ratgeberrubrik \u201eFragen Sie Frau Irene\u201c riet der Schriftsteller Walther von Hollander den Frauen inkognito, selbstbestimmt zu leben und ihre Kinder eigenverantwortlich zu erziehen. Vor allem die Buben schienen unter der Vaterlosigkeit gelitten zu haben, w\u00e4hrend die M\u00e4dchen eher versuchten, den Lebensentwurf der M\u00fctter, der durch den Krieg zerst\u00f6rt worden war, wieder zu beleben. Seegers&#8217; Beitrag zeichnet sich dadurch aus, dass sie erstmals auch die T\u00f6chter der Kriegswitwen in ihre Forschungen einbezog.<\/p>\n<h3><span style=\"color: #993366;\"><strong>Friedenskl\u00e4rchen<\/strong><\/span><\/h3>\n<p>Anhand der Verbands- und Institutionengeschichte der verschiedenen Frauenorganisationen in der Nachkriegszeit erz\u00e4hlt Irene Stoehr in ihrem Beitrag die Geschichte vom <em>Friedenskl\u00e4rchen<\/em>. Dies war der Spitzname der Mitbegr\u00fcnderin der Frauenfriedensbewegung, Klara-Marie Fassbinder. Diese Friedens- und Frauenaktivistin, die urspr\u00fcnglich gegen das Frauenwahlrecht war, vermochte\u00a0 der eisige Wind des Kalten Krieges, der ihr aus dem Bundesministerium f\u00fcr gesamtdeutsche Fragen entgegenwehte, nicht wegzublasen. Die Beh\u00f6rde warf Fassbinder vor, unter dem Einfluss der Kommunisten zu stehen, weil sie eine Gespr\u00e4chsplattform zwischen West- und Ostdeutschland forderte.<br \/>\nStoehr betrachtet die Argumentationslinien und Aktionsr\u00e4ume der staatlich unterst\u00fctzten Frauenorganisationen wie der \u201eAntikommunistischen Staatb\u00fcrgerinnen\u201c und stellt diese Fassbinders vom Friedensgedanken getragenen Organisationen gegen\u00fcber.<\/p>\n<h3><span style=\"color: #993366;\"><strong>Beate Uhse<\/strong><\/span><\/h3>\n<p>Viel leichter als die Frauenaktivistinnen hatten es die Universit\u00e4tsprofessorinnen und Unternehmerinnen in Deutschland auch nicht. Erst als der Deutsche Akademikerinnenbund auf die sehr m\u00e4nnlich dominierte Besetzung von Professuren aufmerksam machte, \u00e4nderte sich nach jahrzehntelangem Kampf die Personalpolitik. Es ist auch einer Unternehmerin zu verdanken, dass der Kreis von Fabrikschefinnen, Reedereibesitzerinnen, Metall- und Chemieindustriellen schlie\u00dflich in die m\u00e4nnlich dominierten Wirtschaftsclubs aufgenommen wurden. Immerhin befanden sich 25% aller Betriebe in weiblichen H\u00e4nden \u2013 wenn die Frauen dort oft auch nur als L\u00fcckenb\u00fc\u00dferinnen dienten, bis der Sohn gro\u00df genug war, um die Firma zu \u00fcbernehmen.<br \/>\nOb sich die Damen f\u00fcr die Produkte von Beate Uhse interessierten, ist dem Buch nicht zu entnehmen. Aber die Kommunikationswissenschafterin Eva-Maria Silies interessierte sich f\u00fcr die Pille. In ihrem Beitrag beschreibt sie, wie schwer es anfangs f\u00fcr unverheiratete Frauen war, sich die Pille verschrieben zu lassen. Die Gesellschaft f\u00fcrchtete sich vor dem Sittenverfall der Jugend. Die Konservativen zeichneten Horrorszenarien von h\u00e4ufig wechselnden Sexualpartnern und untreuen Ehefrauen. Aber es waren gro\u00dfteils die M\u00e4nner, die fremd gingen und nicht die Frauen! Als sich das Verh\u00fctungsmittel durchgesetzt hatte, begannen ab 1968 Frauen \u00fcber die Wirkung der Pille nachzudenken. Nebenwirkungen wie Krampfadern, Gewichtszunahme und Bartwuchs wurden genauso thematisiert wie die nun weit verbreitete Ansicht, dass nur die Frauen f\u00fcr die Verh\u00fctung zust\u00e4ndig seien. In der kurzen Zeitspanne zwischen der Erfindung der Pille, die ein Gef\u00fchl der sexuellen Freiheit vermittelte und der einsetzenden Ablehnung des Verh\u00fctungsmittels wuchs in der Frauenbewegung eine Generation heran, die neue Themen und Diskussionsr\u00e4ume er\u00f6ffnete. Somit kann Silies Beitrag auch als Sittenbild der deutschen Gesellschaft gelesen werden.<\/p>\n<h3><span style=\"color: #993366;\"><strong><a href=\"https:\/\/www.qwien.at\/wp-content\/uploads\/2013\/03\/Geschlechtergeschichte-197x300.jpg\"><img loading=\"lazy\" decoding=\"async\" class=\"alignleft size-medium wp-image-2622\" title=\"paulus 1.indd\" src=\"https:\/\/www.qwien.at\/wp-content\/uploads\/2013\/03\/Geschlechtergeschichte-197x300.jpg\" alt=\"\" width=\"197\" height=\"300\" srcset=\"https:\/\/www.qwien.at\/wp-content\/uploads\/2013\/03\/Geschlechtergeschichte-197x300.jpg 197w, https:\/\/www.qwien.at\/wp-content\/uploads\/2013\/03\/Geschlechtergeschichte-768x1169.jpg 768w, https:\/\/www.qwien.at\/wp-content\/uploads\/2013\/03\/Geschlechtergeschichte-673x1024.jpg 673w, https:\/\/www.qwien.at\/wp-content\/uploads\/2013\/03\/Geschlechtergeschichte.jpg 1180w\" sizes=\"auto, (max-width: 197px) 100vw, 197px\" \/><\/a>Kontaktanzeigen<\/strong><\/span><\/h3>\n<p>Benno Gammerl analysierte f\u00fcr seinen Artikel Kontaktanzeigen in der selbstverwalteten Frauenzeitschrift <em>Courage<\/em> und verglich sie mit denen der M\u00e4nnermagazine <em>Him<\/em>, <em>Don<\/em> und <em>Der Kreis<\/em>. Er entdeckte erstaunliches: anhand der aufgegebenen Partnersuchinserate lassen sich tats\u00e4chlich gesellschaftliche Ver\u00e4nderungen, Diverisfizierungen innerhalb der Lesbenszene und ein sich verschiebendes M\u00e4nnerbild ablesen. Wie hart die K\u00e4mpfe und die Selbstverortung der Frauen in der Gesellschaft sind, wird im letzten Teil des Buches thematisiert. Den langen Weg, bis die Anliegen der Frauen geh\u00f6rt wurden, zeichnen\u00a0 Kerstin Wolff in ihrem Beitrag \u201eEin Traditionsbruch?\u201c und Elisabeth Zellmer in \u201eProtestieren und Polarisieren\u201c nach.<br \/>\nDie Autoren er\u00f6ffnen in ihrem Buch einen neuen erfrischenden Blickwinkel auf die Geschlechtergeschichte. Bleibt nur die Frage: Wie sieht es in \u00d6sterreich aus?<br \/>\n<strong>Julia Paulus, Eva-Maria Silies, Kerstin Wolff (Hg): Zeitgeschichte als Geschlechtergeschichte \u2013 Neue Perspektiven auf die Bundesrepublik. Frankfurt: Campus 2012<\/strong> erh\u00e4ltich bei <a href=\"http:\/\/www.loewenherz.at\/index_lw_nr.php?LWNR=9001\">L\u00f6wenherz<\/a><\/p>\n","protected":false},"excerpt":{"rendered":"<p>\t\t\t\t<![CDATA[]]>\t\t<\/p>\n","protected":false},"author":4,"featured_media":0,"comment_status":"closed","ping_status":"open","sticky":false,"template":"","format":"standard","meta":{"_acf_changed":false,"footnotes":""},"categories":[267,271],"tags":[],"class_list":["post-11151","post","type-post","status-publish","format-standard","hentry","category-qwien-books","category-literature-archive","grve-entry-item","grve-blog-item"],"acf":[],"yoast_head":"<!-- This site is optimized with the Yoast SEO plugin v27.5 - https:\/\/yoast.com\/product\/yoast-seo-wordpress\/ -->\n<title>Friedenskl\u00e4rchen, Bartwuchs und Kontaktanzeigen - Blog - Qwien - Zentrum f\u00fcr queere Geschichte<\/title>\n<meta name=\"robots\" content=\"index, follow, max-snippet:-1, max-image-preview:large, max-video-preview:-1\" \/>\n<link rel=\"canonical\" href=\"https:\/\/www.qwien.at\/en\/qwien-books\/friedensklarchen-bartwuchs-und-kontaktanzeigen\/\" \/>\n<meta property=\"og:locale\" content=\"en_US\" \/>\n<meta property=\"og:type\" content=\"article\" \/>\n<meta property=\"og:title\" content=\"Friedenskl\u00e4rchen, Bartwuchs und Kontaktanzeigen - Blog - Qwien - Zentrum f\u00fcr queere Geschichte\" \/>\n<meta property=\"og:url\" content=\"https:\/\/www.qwien.at\/en\/qwien-books\/friedensklarchen-bartwuchs-und-kontaktanzeigen\/\" \/>\n<meta property=\"og:site_name\" content=\"Qwien - Zentrum f\u00fcr queere Geschichte\" \/>\n<meta property=\"article:published_time\" content=\"2025-07-15T19:37:06+00:00\" \/>\n<meta property=\"og:image\" content=\"https:\/\/www.qwien.at\/wp-content\/uploads\/2013\/03\/abgetrieben.jpg\" \/>\n\t<meta property=\"og:image:width\" content=\"380\" \/>\n\t<meta property=\"og:image:height\" content=\"480\" \/>\n\t<meta property=\"og:image:type\" content=\"image\/jpeg\" \/>\n<meta name=\"author\" content=\"Andreas Brunner\" \/>\n<meta name=\"twitter:card\" content=\"summary_large_image\" \/>\n<meta name=\"twitter:label1\" content=\"Written by\" \/>\n\t<meta name=\"twitter:data1\" content=\"Andreas Brunner\" \/>\n\t<meta name=\"twitter:label2\" content=\"Est. reading time\" \/>\n\t<meta name=\"twitter:data2\" content=\"5 minutes\" \/>\n<script type=\"application\/ld+json\" class=\"yoast-schema-graph\">{\"@context\":\"https:\\\/\\\/schema.org\",\"@graph\":[{\"@type\":[\"Article\",\"BlogPosting\"],\"@id\":\"https:\\\/\\\/www.qwien.at\\\/en\\\/qwien-books\\\/friedensklarchen-bartwuchs-und-kontaktanzeigen\\\/#article\",\"isPartOf\":{\"@id\":\"https:\\\/\\\/www.qwien.at\\\/en\\\/qwien-books\\\/friedensklarchen-bartwuchs-und-kontaktanzeigen\\\/\"},\"author\":{\"name\":\"Andreas Brunner\",\"@id\":\"https:\\\/\\\/www.qwien.at\\\/en\\\/#\\\/schema\\\/person\\\/d3fe9114b43d8e5a558a6d20ca3e2920\"},\"headline\":\"Friedenskl\u00e4rchen, Bartwuchs und Kontaktanzeigen\",\"datePublished\":\"2025-07-15T19:37:06+00:00\",\"mainEntityOfPage\":{\"@id\":\"https:\\\/\\\/www.qwien.at\\\/en\\\/qwien-books\\\/friedensklarchen-bartwuchs-und-kontaktanzeigen\\\/\"},\"wordCount\":1009,\"publisher\":{\"@id\":\"https:\\\/\\\/www.qwien.at\\\/en\\\/#organization\"},\"image\":{\"@id\":\"https:\\\/\\\/www.qwien.at\\\/en\\\/qwien-books\\\/friedensklarchen-bartwuchs-und-kontaktanzeigen\\\/#primaryimage\"},\"thumbnailUrl\":\"https:\\\/\\\/www.qwien.at\\\/wp-content\\\/uploads\\\/2013\\\/03\\\/abgetrieben.jpg\",\"articleSection\":[\"Books\",\"Literature archive\"],\"inLanguage\":\"en-US\"},{\"@type\":\"WebPage\",\"@id\":\"https:\\\/\\\/www.qwien.at\\\/en\\\/qwien-books\\\/friedensklarchen-bartwuchs-und-kontaktanzeigen\\\/\",\"url\":\"https:\\\/\\\/www.qwien.at\\\/en\\\/qwien-books\\\/friedensklarchen-bartwuchs-und-kontaktanzeigen\\\/\",\"name\":\"Friedenskl\u00e4rchen, Bartwuchs und Kontaktanzeigen - Blog - Qwien - Zentrum f\u00fcr queere Geschichte\",\"isPartOf\":{\"@id\":\"https:\\\/\\\/www.qwien.at\\\/en\\\/#website\"},\"primaryImageOfPage\":{\"@id\":\"https:\\\/\\\/www.qwien.at\\\/en\\\/qwien-books\\\/friedensklarchen-bartwuchs-und-kontaktanzeigen\\\/#primaryimage\"},\"image\":{\"@id\":\"https:\\\/\\\/www.qwien.at\\\/en\\\/qwien-books\\\/friedensklarchen-bartwuchs-und-kontaktanzeigen\\\/#primaryimage\"},\"thumbnailUrl\":\"https:\\\/\\\/www.qwien.at\\\/wp-content\\\/uploads\\\/2013\\\/03\\\/abgetrieben.jpg\",\"datePublished\":\"2025-07-15T19:37:06+00:00\",\"breadcrumb\":{\"@id\":\"https:\\\/\\\/www.qwien.at\\\/en\\\/qwien-books\\\/friedensklarchen-bartwuchs-und-kontaktanzeigen\\\/#breadcrumb\"},\"inLanguage\":\"en-US\",\"potentialAction\":[{\"@type\":\"ReadAction\",\"target\":[\"https:\\\/\\\/www.qwien.at\\\/en\\\/qwien-books\\\/friedensklarchen-bartwuchs-und-kontaktanzeigen\\\/\"]}]},{\"@type\":\"ImageObject\",\"inLanguage\":\"en-US\",\"@id\":\"https:\\\/\\\/www.qwien.at\\\/en\\\/qwien-books\\\/friedensklarchen-bartwuchs-und-kontaktanzeigen\\\/#primaryimage\",\"url\":\"https:\\\/\\\/www.qwien.at\\\/wp-content\\\/uploads\\\/2013\\\/03\\\/abgetrieben.jpg\",\"contentUrl\":\"https:\\\/\\\/www.qwien.at\\\/wp-content\\\/uploads\\\/2013\\\/03\\\/abgetrieben.jpg\"},{\"@type\":\"BreadcrumbList\",\"@id\":\"https:\\\/\\\/www.qwien.at\\\/en\\\/qwien-books\\\/friedensklarchen-bartwuchs-und-kontaktanzeigen\\\/#breadcrumb\",\"itemListElement\":[{\"@type\":\"ListItem\",\"position\":1,\"name\":\"Startseite\",\"item\":\"https:\\\/\\\/www.qwien.at\\\/en\\\/\"},{\"@type\":\"ListItem\",\"position\":2,\"name\":\"Friedenskl\u00e4rchen, Bartwuchs und Kontaktanzeigen\"}]},{\"@type\":\"WebSite\",\"@id\":\"https:\\\/\\\/www.qwien.at\\\/en\\\/#website\",\"url\":\"https:\\\/\\\/www.qwien.at\\\/en\\\/\",\"name\":\"Qwien - Zentrum f\u00fcr queere Geschichte\",\"description\":\"\",\"publisher\":{\"@id\":\"https:\\\/\\\/www.qwien.at\\\/en\\\/#organization\"},\"potentialAction\":[{\"@type\":\"SearchAction\",\"target\":{\"@type\":\"EntryPoint\",\"urlTemplate\":\"https:\\\/\\\/www.qwien.at\\\/en\\\/?s={search_term_string}\"},\"query-input\":{\"@type\":\"PropertyValueSpecification\",\"valueRequired\":true,\"valueName\":\"search_term_string\"}}],\"inLanguage\":\"en-US\"},{\"@type\":\"Organization\",\"@id\":\"https:\\\/\\\/www.qwien.at\\\/en\\\/#organization\",\"name\":\"Qwien\",\"url\":\"https:\\\/\\\/www.qwien.at\\\/en\\\/\",\"logo\":{\"@type\":\"ImageObject\",\"inLanguage\":\"en-US\",\"@id\":\"https:\\\/\\\/www.qwien.at\\\/en\\\/#\\\/schema\\\/logo\\\/image\\\/\",\"url\":\"https:\\\/\\\/www.qwien.at\\\/wp-content\\\/uploads\\\/2025\\\/06\\\/seo-yoast-2.png\",\"contentUrl\":\"https:\\\/\\\/www.qwien.at\\\/wp-content\\\/uploads\\\/2025\\\/06\\\/seo-yoast-2.png\",\"width\":697,\"height\":697,\"caption\":\"Qwien\"},\"image\":{\"@id\":\"https:\\\/\\\/www.qwien.at\\\/en\\\/#\\\/schema\\\/logo\\\/image\\\/\"},\"sameAs\":[\"https:\\\/\\\/www.instagram.com\\\/qwien.zentrum\\\/\"]},{\"@type\":\"Person\",\"@id\":\"https:\\\/\\\/www.qwien.at\\\/en\\\/#\\\/schema\\\/person\\\/d3fe9114b43d8e5a558a6d20ca3e2920\",\"name\":\"Andreas Brunner\"}]}<\/script>\n<!-- \/ Yoast SEO plugin. -->","yoast_head_json":{"title":"Friedenskl\u00e4rchen, Bartwuchs und Kontaktanzeigen - Blog - Qwien - Zentrum f\u00fcr queere Geschichte","robots":{"index":"index","follow":"follow","max-snippet":"max-snippet:-1","max-image-preview":"max-image-preview:large","max-video-preview":"max-video-preview:-1"},"canonical":"https:\/\/www.qwien.at\/en\/qwien-books\/friedensklarchen-bartwuchs-und-kontaktanzeigen\/","og_locale":"en_US","og_type":"article","og_title":"Friedenskl\u00e4rchen, Bartwuchs und Kontaktanzeigen - Blog - Qwien - Zentrum f\u00fcr queere Geschichte","og_url":"https:\/\/www.qwien.at\/en\/qwien-books\/friedensklarchen-bartwuchs-und-kontaktanzeigen\/","og_site_name":"Qwien - Zentrum f\u00fcr queere Geschichte","article_published_time":"2025-07-15T19:37:06+00:00","og_image":[{"width":380,"height":480,"url":"https:\/\/www.qwien.at\/wp-content\/uploads\/2013\/03\/abgetrieben.jpg","type":"image\/jpeg"}],"author":"Andreas Brunner","twitter_card":"summary_large_image","twitter_misc":{"Written by":"Andreas Brunner","Est. reading time":"5 minutes"},"schema":{"@context":"https:\/\/schema.org","@graph":[{"@type":["Article","BlogPosting"],"@id":"https:\/\/www.qwien.at\/en\/qwien-books\/friedensklarchen-bartwuchs-und-kontaktanzeigen\/#article","isPartOf":{"@id":"https:\/\/www.qwien.at\/en\/qwien-books\/friedensklarchen-bartwuchs-und-kontaktanzeigen\/"},"author":{"name":"Andreas Brunner","@id":"https:\/\/www.qwien.at\/en\/#\/schema\/person\/d3fe9114b43d8e5a558a6d20ca3e2920"},"headline":"Friedenskl\u00e4rchen, Bartwuchs und Kontaktanzeigen","datePublished":"2025-07-15T19:37:06+00:00","mainEntityOfPage":{"@id":"https:\/\/www.qwien.at\/en\/qwien-books\/friedensklarchen-bartwuchs-und-kontaktanzeigen\/"},"wordCount":1009,"publisher":{"@id":"https:\/\/www.qwien.at\/en\/#organization"},"image":{"@id":"https:\/\/www.qwien.at\/en\/qwien-books\/friedensklarchen-bartwuchs-und-kontaktanzeigen\/#primaryimage"},"thumbnailUrl":"https:\/\/www.qwien.at\/wp-content\/uploads\/2013\/03\/abgetrieben.jpg","articleSection":["Books","Literature archive"],"inLanguage":"en-US"},{"@type":"WebPage","@id":"https:\/\/www.qwien.at\/en\/qwien-books\/friedensklarchen-bartwuchs-und-kontaktanzeigen\/","url":"https:\/\/www.qwien.at\/en\/qwien-books\/friedensklarchen-bartwuchs-und-kontaktanzeigen\/","name":"Friedenskl\u00e4rchen, Bartwuchs und Kontaktanzeigen - Blog - Qwien - Zentrum f\u00fcr queere Geschichte","isPartOf":{"@id":"https:\/\/www.qwien.at\/en\/#website"},"primaryImageOfPage":{"@id":"https:\/\/www.qwien.at\/en\/qwien-books\/friedensklarchen-bartwuchs-und-kontaktanzeigen\/#primaryimage"},"image":{"@id":"https:\/\/www.qwien.at\/en\/qwien-books\/friedensklarchen-bartwuchs-und-kontaktanzeigen\/#primaryimage"},"thumbnailUrl":"https:\/\/www.qwien.at\/wp-content\/uploads\/2013\/03\/abgetrieben.jpg","datePublished":"2025-07-15T19:37:06+00:00","breadcrumb":{"@id":"https:\/\/www.qwien.at\/en\/qwien-books\/friedensklarchen-bartwuchs-und-kontaktanzeigen\/#breadcrumb"},"inLanguage":"en-US","potentialAction":[{"@type":"ReadAction","target":["https:\/\/www.qwien.at\/en\/qwien-books\/friedensklarchen-bartwuchs-und-kontaktanzeigen\/"]}]},{"@type":"ImageObject","inLanguage":"en-US","@id":"https:\/\/www.qwien.at\/en\/qwien-books\/friedensklarchen-bartwuchs-und-kontaktanzeigen\/#primaryimage","url":"https:\/\/www.qwien.at\/wp-content\/uploads\/2013\/03\/abgetrieben.jpg","contentUrl":"https:\/\/www.qwien.at\/wp-content\/uploads\/2013\/03\/abgetrieben.jpg"},{"@type":"BreadcrumbList","@id":"https:\/\/www.qwien.at\/en\/qwien-books\/friedensklarchen-bartwuchs-und-kontaktanzeigen\/#breadcrumb","itemListElement":[{"@type":"ListItem","position":1,"name":"Startseite","item":"https:\/\/www.qwien.at\/en\/"},{"@type":"ListItem","position":2,"name":"Friedenskl\u00e4rchen, Bartwuchs und Kontaktanzeigen"}]},{"@type":"WebSite","@id":"https:\/\/www.qwien.at\/en\/#website","url":"https:\/\/www.qwien.at\/en\/","name":"Qwien - Zentrum f\u00fcr queere Geschichte","description":"","publisher":{"@id":"https:\/\/www.qwien.at\/en\/#organization"},"potentialAction":[{"@type":"SearchAction","target":{"@type":"EntryPoint","urlTemplate":"https:\/\/www.qwien.at\/en\/?s={search_term_string}"},"query-input":{"@type":"PropertyValueSpecification","valueRequired":true,"valueName":"search_term_string"}}],"inLanguage":"en-US"},{"@type":"Organization","@id":"https:\/\/www.qwien.at\/en\/#organization","name":"Qwien","url":"https:\/\/www.qwien.at\/en\/","logo":{"@type":"ImageObject","inLanguage":"en-US","@id":"https:\/\/www.qwien.at\/en\/#\/schema\/logo\/image\/","url":"https:\/\/www.qwien.at\/wp-content\/uploads\/2025\/06\/seo-yoast-2.png","contentUrl":"https:\/\/www.qwien.at\/wp-content\/uploads\/2025\/06\/seo-yoast-2.png","width":697,"height":697,"caption":"Qwien"},"image":{"@id":"https:\/\/www.qwien.at\/en\/#\/schema\/logo\/image\/"},"sameAs":["https:\/\/www.instagram.com\/qwien.zentrum\/"]},{"@type":"Person","@id":"https:\/\/www.qwien.at\/en\/#\/schema\/person\/d3fe9114b43d8e5a558a6d20ca3e2920","name":"Andreas Brunner"}]}},"_links":{"self":[{"href":"https:\/\/www.qwien.at\/en\/wp-json\/wp\/v2\/posts\/11151","targetHints":{"allow":["GET"]}}],"collection":[{"href":"https:\/\/www.qwien.at\/en\/wp-json\/wp\/v2\/posts"}],"about":[{"href":"https:\/\/www.qwien.at\/en\/wp-json\/wp\/v2\/types\/post"}],"author":[{"embeddable":true,"href":"https:\/\/www.qwien.at\/en\/wp-json\/wp\/v2\/users\/4"}],"replies":[{"embeddable":true,"href":"https:\/\/www.qwien.at\/en\/wp-json\/wp\/v2\/comments?post=11151"}],"version-history":[{"count":0,"href":"https:\/\/www.qwien.at\/en\/wp-json\/wp\/v2\/posts\/11151\/revisions"}],"wp:attachment":[{"href":"https:\/\/www.qwien.at\/en\/wp-json\/wp\/v2\/media?parent=11151"}],"wp:term":[{"taxonomy":"category","embeddable":true,"href":"https:\/\/www.qwien.at\/en\/wp-json\/wp\/v2\/categories?post=11151"},{"taxonomy":"post_tag","embeddable":true,"href":"https:\/\/www.qwien.at\/en\/wp-json\/wp\/v2\/tags?post=11151"}],"curies":[{"name":"wp","href":"https:\/\/api.w.org\/{rel}","templated":true}]}}