{"id":11158,"date":"2025-07-15T21:37:06","date_gmt":"2025-07-15T19:37:06","guid":{"rendered":"https:\/\/www.qwien.at\/nicht-kategorisiert\/uberleben\/"},"modified":"2025-07-15T21:37:06","modified_gmt":"2025-07-15T19:37:06","slug":"uberleben","status":"publish","type":"post","link":"https:\/\/www.qwien.at\/en\/qwien-books\/uberleben\/","title":{"rendered":"\u00dcberleben"},"content":{"rendered":"<p><em><strong>Die \u00f6sterreichische Autorin Marlen Schachinger versucht sich an der schwierigen Aufgabe, die Verfolgung homosexueller M\u00e4nner und Frauen in der NS-Zeit in einem Roman zu erz\u00e4hlen. <\/strong><\/em><span style=\"color: #800080;\"><strong>Manuela Bauer<\/strong><span style=\"color: #000000;\"><em><strong> hat f\u00fcr QWIEN den gelungenen Faction-Roman gelesen.<\/strong><\/em><\/span><\/span><br \/>\nDie junge, aus Sarajevo stammende Historikerin und \u00a0Dokumentarfilmerin Lea lernt bei einer Wanderung auf der Rax Marie, eine r\u00fcstige, lebensbejahende Frau in den Achzigern kennen, die ihr sprichw\u00f6rtlich vor die F\u00fc\u00dfe f\u00e4llt und sich verletzt. Nachdem Marie aus dem Krankenhaus entlassen wird, k\u00fcmmert sich Lea um sie und schon bald entsteht eine enge Verbundenheit und Freundschaft zwischen den ungleichen Frauen. Lea ist eine hoffnungslose Pessimistin, die sich einzig und allein \u2013 und beinahe schon exzessiv \u2013 ihrer Arbeit widmet, oftmals unsicher wirkt und vergessen hat, dass das Leben auch sch\u00f6ne Seiten haben kann. Marie dagegen ist fr\u00f6hlich, genie\u00dft das Leben und die Zeit, die ihr noch bleibt, und lebt ausschlie\u00dflich in der Gegenwart. Ihre Vergangenheit ist ein Kapitel, \u00fcber das sie kaum spricht. Auf der Premiere ihres Dokumentarfilms zum Thema sexualisierte Gewalt in NS-Konzentrationslagern lernt Lea Carla kennen und verliebt sich auf den ersten Blick in die attraktive Frau. Die beiden verbringen eine Nacht miteinander und trotz der Zweifel, die Lea hegt und einer kurz davor gescheiterten Beziehung werden Carla und sie ein Paar.<br \/>\nIm Zuge ihres neuen Projekts reist Lea unter anderem in das ehemalige Konzentrationslager Ravensbr\u00fcck. Die Eindr\u00fccke, die sie dort gewinnt und das Wissen, dass Marie einst an diesem Ort in einem Lagerbordell missbraucht wurde, bringen Lea physisch und psychisch an ihre Grenzen. Immer mehr beginnt die Vergangenheit mit der Gegenwart zu verschmelzen und immer mehr scheint die Gegenwart keinen Platz mehr in Leas Leben zu haben, weshalb sie bef\u00fcrchtet, aufgrund all der Dinge, die sie sehen und lesen musste, verr\u00fcckt zu werden. Weder Carla, die Lea inst\u00e4ndig bittet, die Arbeit an diesem Projekt einzustellen, noch Marie scheinen ihr aus dieser Krise heraushelfen zu k\u00f6nnen. Erst als Marie beschlie\u00dft, mit Lea zu verreisen und fernab von ihrer Arbeit einige ruhige und entspannte Tage mit ihr zu verbringen, beginnt sich Leas Zustand wieder zu bessern. In diesen Tagen findet Marie auch erstmals die Kraft, mit Lea \u00fcber ihre Vergangenheit zu sprechen. \u00dcber Sophie, ihre gro\u00dfe Liebe, die in den 1960er Jahren vor Maries Augen durch einen Autounfall den Tod fand. \u00dcber ihren Mann Hans, der gleichfalls homosexuell, Marie 1939 zur Tarnung heiratete und 1943 im Konzentrationslager Mauthausen starb. \u00dcber all die Menschen in ihrem Leben, die die Zeit des Terrors nicht \u00fcberlebt haben.<br \/>\n<span style=\"color: #800080;\"><strong><a href=\"https:\/\/www.qwien.at\/wp-content\/uploads\/2013\/09\/Cover_schachinger.jpg\"><img loading=\"lazy\" decoding=\"async\" class=\"alignleft size-full wp-image-2963\" title=\"Cover_schachinger\" src=\"https:\/\/www.qwien.at\/wp-content\/uploads\/2013\/09\/Cover_schachinger.jpg\" alt=\"\" width=\"305\" height=\"500\" srcset=\"https:\/\/www.qwien.at\/wp-content\/uploads\/2013\/09\/Cover_schachinger.jpg 305w, https:\/\/www.qwien.at\/wp-content\/uploads\/2013\/09\/Cover_schachinger-183x300.jpg 183w\" sizes=\"auto, (max-width: 305px) 100vw, 305px\" \/><\/a>Trendiges Genre<\/strong><\/span><br \/>\nKurze Zeit nach Fertigstellung des Films stirbt Marie. Doch Lea hat aus der knapp einj\u00e4hrigen Freundschaft mit ihr gelernt, dass das Leben zu kostbar ist, um es st\u00e4ndig mit negativen Gef\u00fchlen und Angst zu vergeuden. Vielmehr sollte jeder Tag z\u00e4hlen, denn wie h\u00e4tte Marie gesagt: Wenn dieser Tag dein letzter w\u00e4re, was w\u00fcrdest du heute tun wollen?<br \/>\nMarlen Schachinger folgt in<em> \u00a1Leben!<\/em> einem neuen Trend, romanhafte Fiction mit historischen Fakten zu verbinden, weshalb sie ihr Buch auch einen <em>Faction-Roman<\/em> nennt. Die Autorin wechselt in der Erz\u00e4hlung immer wieder zwischen Gegenwart, Vorvergangenheit und Passagen aus dem Dokumentarfilm, was zu Beginn durchaus verwirrend wirken mag. Trotzdem gelingt es der Autorin eine Spannung aufzubauen, sodass man doch wissen m\u00f6chte, wie die Geschichte nun endet. Die Textstellen zu dem historisch-wissenschaftlichen Teil des Buches, in dem auf die Geschichte der Homosexuellenverfolgung w\u00e4hrend der NS-Zeit und den \u00a7 129 Ib eingegangen wird, sind gut recherchiert, da sich Schachinger gr\u00f6\u00dftenteils an Standardwerke von G\u00fcnther Grau und Claudia Schoppmann orientiert hat. Die auf Tatsachen beruhenden Begebenheiten dieses Buches sind auch f\u00fcr Laien, die sich bislang kaum oder gar nicht mit der Verfolgung homosexueller M\u00e4nner und Frauen im Nationalsozialismus besch\u00e4ftigt haben, gut verst\u00e4ndlich und als erster Einstieg und Basiswissen \u00a0geeignet und empfehlenswert.<br \/>\n<strong>Marlen Schachinger: \u00a1Leben! Graz: Leykam 2013<\/strong>; erh\u00e4ltlich bei <a href=\"http:\/\/www.loewenherz.at\/index_lw_nr.php?LWNR=9571\">L\u00f6wenherz<\/a><br \/>\n<strong><a href=\"http:\/\/www.hosiwien.at\/lesung-mit-marlen-schachinger-leben\/\">Lesung <\/a>mit Marlen Schachinger am Dienstag, 24. 9. 2013, ab 19 Uhr, im Gugg, Heum\u00fchlgasse 14, 1040 Wien<\/strong><\/p>\n","protected":false},"excerpt":{"rendered":"<p>\t\t\t\t<![CDATA[]]>\t\t<\/p>\n","protected":false},"author":4,"featured_media":0,"comment_status":"closed","ping_status":"open","sticky":false,"template":"","format":"standard","meta":{"_acf_changed":false,"footnotes":""},"categories":[267,271],"tags":[],"class_list":["post-11158","post","type-post","status-publish","format-standard","hentry","category-qwien-books","category-literature-archive","grve-entry-item","grve-blog-item"],"acf":[],"yoast_head":"<!-- This site is optimized with the Yoast SEO plugin v27.5 - https:\/\/yoast.com\/product\/yoast-seo-wordpress\/ -->\n<title>\u00dcberleben - Blog - Qwien - Zentrum f\u00fcr queere Geschichte<\/title>\n<meta name=\"robots\" content=\"index, follow, max-snippet:-1, max-image-preview:large, max-video-preview:-1\" \/>\n<link rel=\"canonical\" href=\"https:\/\/www.qwien.at\/en\/qwien-books\/uberleben\/\" \/>\n<meta property=\"og:locale\" content=\"en_US\" \/>\n<meta property=\"og:type\" content=\"article\" \/>\n<meta property=\"og:title\" content=\"\u00dcberleben - Blog - Qwien - Zentrum f\u00fcr queere Geschichte\" \/>\n<meta property=\"og:url\" content=\"https:\/\/www.qwien.at\/en\/qwien-books\/uberleben\/\" \/>\n<meta property=\"og:site_name\" content=\"Qwien - Zentrum f\u00fcr queere Geschichte\" \/>\n<meta property=\"article:published_time\" content=\"2025-07-15T19:37:06+00:00\" \/>\n<meta property=\"og:image\" content=\"https:\/\/www.qwien.at\/wp-content\/uploads\/2013\/09\/Cover_schachinger.jpg\" \/>\n\t<meta property=\"og:image:width\" content=\"305\" \/>\n\t<meta property=\"og:image:height\" content=\"500\" \/>\n\t<meta property=\"og:image:type\" content=\"image\/jpeg\" \/>\n<meta name=\"author\" content=\"Andreas Brunner\" \/>\n<meta name=\"twitter:card\" content=\"summary_large_image\" \/>\n<meta name=\"twitter:label1\" content=\"Written by\" \/>\n\t<meta name=\"twitter:data1\" content=\"Andreas Brunner\" \/>\n\t<meta name=\"twitter:label2\" content=\"Est. reading time\" \/>\n\t<meta name=\"twitter:data2\" content=\"3 minutes\" \/>\n<script type=\"application\/ld+json\" class=\"yoast-schema-graph\">{\"@context\":\"https:\\\/\\\/schema.org\",\"@graph\":[{\"@type\":[\"Article\",\"BlogPosting\"],\"@id\":\"https:\\\/\\\/www.qwien.at\\\/en\\\/qwien-books\\\/uberleben\\\/#article\",\"isPartOf\":{\"@id\":\"https:\\\/\\\/www.qwien.at\\\/en\\\/qwien-books\\\/uberleben\\\/\"},\"author\":{\"name\":\"Andreas Brunner\",\"@id\":\"https:\\\/\\\/www.qwien.at\\\/en\\\/#\\\/schema\\\/person\\\/d3fe9114b43d8e5a558a6d20ca3e2920\"},\"headline\":\"\u00dcberleben\",\"datePublished\":\"2025-07-15T19:37:06+00:00\",\"mainEntityOfPage\":{\"@id\":\"https:\\\/\\\/www.qwien.at\\\/en\\\/qwien-books\\\/uberleben\\\/\"},\"wordCount\":668,\"publisher\":{\"@id\":\"https:\\\/\\\/www.qwien.at\\\/en\\\/#organization\"},\"image\":{\"@id\":\"https:\\\/\\\/www.qwien.at\\\/en\\\/qwien-books\\\/uberleben\\\/#primaryimage\"},\"thumbnailUrl\":\"https:\\\/\\\/www.qwien.at\\\/wp-content\\\/uploads\\\/2013\\\/09\\\/Cover_schachinger.jpg\",\"articleSection\":[\"Books\",\"Literature archive\"],\"inLanguage\":\"en-US\"},{\"@type\":\"WebPage\",\"@id\":\"https:\\\/\\\/www.qwien.at\\\/en\\\/qwien-books\\\/uberleben\\\/\",\"url\":\"https:\\\/\\\/www.qwien.at\\\/en\\\/qwien-books\\\/uberleben\\\/\",\"name\":\"\u00dcberleben - Blog - Qwien - Zentrum f\u00fcr queere Geschichte\",\"isPartOf\":{\"@id\":\"https:\\\/\\\/www.qwien.at\\\/en\\\/#website\"},\"primaryImageOfPage\":{\"@id\":\"https:\\\/\\\/www.qwien.at\\\/en\\\/qwien-books\\\/uberleben\\\/#primaryimage\"},\"image\":{\"@id\":\"https:\\\/\\\/www.qwien.at\\\/en\\\/qwien-books\\\/uberleben\\\/#primaryimage\"},\"thumbnailUrl\":\"https:\\\/\\\/www.qwien.at\\\/wp-content\\\/uploads\\\/2013\\\/09\\\/Cover_schachinger.jpg\",\"datePublished\":\"2025-07-15T19:37:06+00:00\",\"breadcrumb\":{\"@id\":\"https:\\\/\\\/www.qwien.at\\\/en\\\/qwien-books\\\/uberleben\\\/#breadcrumb\"},\"inLanguage\":\"en-US\",\"potentialAction\":[{\"@type\":\"ReadAction\",\"target\":[\"https:\\\/\\\/www.qwien.at\\\/en\\\/qwien-books\\\/uberleben\\\/\"]}]},{\"@type\":\"ImageObject\",\"inLanguage\":\"en-US\",\"@id\":\"https:\\\/\\\/www.qwien.at\\\/en\\\/qwien-books\\\/uberleben\\\/#primaryimage\",\"url\":\"https:\\\/\\\/www.qwien.at\\\/wp-content\\\/uploads\\\/2013\\\/09\\\/Cover_schachinger.jpg\",\"contentUrl\":\"https:\\\/\\\/www.qwien.at\\\/wp-content\\\/uploads\\\/2013\\\/09\\\/Cover_schachinger.jpg\"},{\"@type\":\"BreadcrumbList\",\"@id\":\"https:\\\/\\\/www.qwien.at\\\/en\\\/qwien-books\\\/uberleben\\\/#breadcrumb\",\"itemListElement\":[{\"@type\":\"ListItem\",\"position\":1,\"name\":\"Startseite\",\"item\":\"https:\\\/\\\/www.qwien.at\\\/en\\\/\"},{\"@type\":\"ListItem\",\"position\":2,\"name\":\"\u00dcberleben\"}]},{\"@type\":\"WebSite\",\"@id\":\"https:\\\/\\\/www.qwien.at\\\/en\\\/#website\",\"url\":\"https:\\\/\\\/www.qwien.at\\\/en\\\/\",\"name\":\"Qwien - Zentrum f\u00fcr queere Geschichte\",\"description\":\"\",\"publisher\":{\"@id\":\"https:\\\/\\\/www.qwien.at\\\/en\\\/#organization\"},\"potentialAction\":[{\"@type\":\"SearchAction\",\"target\":{\"@type\":\"EntryPoint\",\"urlTemplate\":\"https:\\\/\\\/www.qwien.at\\\/en\\\/?s={search_term_string}\"},\"query-input\":{\"@type\":\"PropertyValueSpecification\",\"valueRequired\":true,\"valueName\":\"search_term_string\"}}],\"inLanguage\":\"en-US\"},{\"@type\":\"Organization\",\"@id\":\"https:\\\/\\\/www.qwien.at\\\/en\\\/#organization\",\"name\":\"Qwien\",\"url\":\"https:\\\/\\\/www.qwien.at\\\/en\\\/\",\"logo\":{\"@type\":\"ImageObject\",\"inLanguage\":\"en-US\",\"@id\":\"https:\\\/\\\/www.qwien.at\\\/en\\\/#\\\/schema\\\/logo\\\/image\\\/\",\"url\":\"https:\\\/\\\/www.qwien.at\\\/wp-content\\\/uploads\\\/2025\\\/06\\\/seo-yoast-2.png\",\"contentUrl\":\"https:\\\/\\\/www.qwien.at\\\/wp-content\\\/uploads\\\/2025\\\/06\\\/seo-yoast-2.png\",\"width\":697,\"height\":697,\"caption\":\"Qwien\"},\"image\":{\"@id\":\"https:\\\/\\\/www.qwien.at\\\/en\\\/#\\\/schema\\\/logo\\\/image\\\/\"},\"sameAs\":[\"https:\\\/\\\/www.instagram.com\\\/qwien.zentrum\\\/\"]},{\"@type\":\"Person\",\"@id\":\"https:\\\/\\\/www.qwien.at\\\/en\\\/#\\\/schema\\\/person\\\/d3fe9114b43d8e5a558a6d20ca3e2920\",\"name\":\"Andreas Brunner\"}]}<\/script>\n<!-- \/ Yoast SEO plugin. -->","yoast_head_json":{"title":"\u00dcberleben - Blog - Qwien - Zentrum f\u00fcr queere Geschichte","robots":{"index":"index","follow":"follow","max-snippet":"max-snippet:-1","max-image-preview":"max-image-preview:large","max-video-preview":"max-video-preview:-1"},"canonical":"https:\/\/www.qwien.at\/en\/qwien-books\/uberleben\/","og_locale":"en_US","og_type":"article","og_title":"\u00dcberleben - Blog - Qwien - Zentrum f\u00fcr queere Geschichte","og_url":"https:\/\/www.qwien.at\/en\/qwien-books\/uberleben\/","og_site_name":"Qwien - Zentrum f\u00fcr queere Geschichte","article_published_time":"2025-07-15T19:37:06+00:00","og_image":[{"width":305,"height":500,"url":"https:\/\/www.qwien.at\/wp-content\/uploads\/2013\/09\/Cover_schachinger.jpg","type":"image\/jpeg"}],"author":"Andreas Brunner","twitter_card":"summary_large_image","twitter_misc":{"Written by":"Andreas Brunner","Est. reading time":"3 minutes"},"schema":{"@context":"https:\/\/schema.org","@graph":[{"@type":["Article","BlogPosting"],"@id":"https:\/\/www.qwien.at\/en\/qwien-books\/uberleben\/#article","isPartOf":{"@id":"https:\/\/www.qwien.at\/en\/qwien-books\/uberleben\/"},"author":{"name":"Andreas Brunner","@id":"https:\/\/www.qwien.at\/en\/#\/schema\/person\/d3fe9114b43d8e5a558a6d20ca3e2920"},"headline":"\u00dcberleben","datePublished":"2025-07-15T19:37:06+00:00","mainEntityOfPage":{"@id":"https:\/\/www.qwien.at\/en\/qwien-books\/uberleben\/"},"wordCount":668,"publisher":{"@id":"https:\/\/www.qwien.at\/en\/#organization"},"image":{"@id":"https:\/\/www.qwien.at\/en\/qwien-books\/uberleben\/#primaryimage"},"thumbnailUrl":"https:\/\/www.qwien.at\/wp-content\/uploads\/2013\/09\/Cover_schachinger.jpg","articleSection":["Books","Literature archive"],"inLanguage":"en-US"},{"@type":"WebPage","@id":"https:\/\/www.qwien.at\/en\/qwien-books\/uberleben\/","url":"https:\/\/www.qwien.at\/en\/qwien-books\/uberleben\/","name":"\u00dcberleben - Blog - Qwien - Zentrum f\u00fcr queere Geschichte","isPartOf":{"@id":"https:\/\/www.qwien.at\/en\/#website"},"primaryImageOfPage":{"@id":"https:\/\/www.qwien.at\/en\/qwien-books\/uberleben\/#primaryimage"},"image":{"@id":"https:\/\/www.qwien.at\/en\/qwien-books\/uberleben\/#primaryimage"},"thumbnailUrl":"https:\/\/www.qwien.at\/wp-content\/uploads\/2013\/09\/Cover_schachinger.jpg","datePublished":"2025-07-15T19:37:06+00:00","breadcrumb":{"@id":"https:\/\/www.qwien.at\/en\/qwien-books\/uberleben\/#breadcrumb"},"inLanguage":"en-US","potentialAction":[{"@type":"ReadAction","target":["https:\/\/www.qwien.at\/en\/qwien-books\/uberleben\/"]}]},{"@type":"ImageObject","inLanguage":"en-US","@id":"https:\/\/www.qwien.at\/en\/qwien-books\/uberleben\/#primaryimage","url":"https:\/\/www.qwien.at\/wp-content\/uploads\/2013\/09\/Cover_schachinger.jpg","contentUrl":"https:\/\/www.qwien.at\/wp-content\/uploads\/2013\/09\/Cover_schachinger.jpg"},{"@type":"BreadcrumbList","@id":"https:\/\/www.qwien.at\/en\/qwien-books\/uberleben\/#breadcrumb","itemListElement":[{"@type":"ListItem","position":1,"name":"Startseite","item":"https:\/\/www.qwien.at\/en\/"},{"@type":"ListItem","position":2,"name":"\u00dcberleben"}]},{"@type":"WebSite","@id":"https:\/\/www.qwien.at\/en\/#website","url":"https:\/\/www.qwien.at\/en\/","name":"Qwien - Zentrum f\u00fcr queere Geschichte","description":"","publisher":{"@id":"https:\/\/www.qwien.at\/en\/#organization"},"potentialAction":[{"@type":"SearchAction","target":{"@type":"EntryPoint","urlTemplate":"https:\/\/www.qwien.at\/en\/?s={search_term_string}"},"query-input":{"@type":"PropertyValueSpecification","valueRequired":true,"valueName":"search_term_string"}}],"inLanguage":"en-US"},{"@type":"Organization","@id":"https:\/\/www.qwien.at\/en\/#organization","name":"Qwien","url":"https:\/\/www.qwien.at\/en\/","logo":{"@type":"ImageObject","inLanguage":"en-US","@id":"https:\/\/www.qwien.at\/en\/#\/schema\/logo\/image\/","url":"https:\/\/www.qwien.at\/wp-content\/uploads\/2025\/06\/seo-yoast-2.png","contentUrl":"https:\/\/www.qwien.at\/wp-content\/uploads\/2025\/06\/seo-yoast-2.png","width":697,"height":697,"caption":"Qwien"},"image":{"@id":"https:\/\/www.qwien.at\/en\/#\/schema\/logo\/image\/"},"sameAs":["https:\/\/www.instagram.com\/qwien.zentrum\/"]},{"@type":"Person","@id":"https:\/\/www.qwien.at\/en\/#\/schema\/person\/d3fe9114b43d8e5a558a6d20ca3e2920","name":"Andreas Brunner"}]}},"_links":{"self":[{"href":"https:\/\/www.qwien.at\/en\/wp-json\/wp\/v2\/posts\/11158","targetHints":{"allow":["GET"]}}],"collection":[{"href":"https:\/\/www.qwien.at\/en\/wp-json\/wp\/v2\/posts"}],"about":[{"href":"https:\/\/www.qwien.at\/en\/wp-json\/wp\/v2\/types\/post"}],"author":[{"embeddable":true,"href":"https:\/\/www.qwien.at\/en\/wp-json\/wp\/v2\/users\/4"}],"replies":[{"embeddable":true,"href":"https:\/\/www.qwien.at\/en\/wp-json\/wp\/v2\/comments?post=11158"}],"version-history":[{"count":0,"href":"https:\/\/www.qwien.at\/en\/wp-json\/wp\/v2\/posts\/11158\/revisions"}],"wp:attachment":[{"href":"https:\/\/www.qwien.at\/en\/wp-json\/wp\/v2\/media?parent=11158"}],"wp:term":[{"taxonomy":"category","embeddable":true,"href":"https:\/\/www.qwien.at\/en\/wp-json\/wp\/v2\/categories?post=11158"},{"taxonomy":"post_tag","embeddable":true,"href":"https:\/\/www.qwien.at\/en\/wp-json\/wp\/v2\/tags?post=11158"}],"curies":[{"name":"wp","href":"https:\/\/api.w.org\/{rel}","templated":true}]}}