{"id":11159,"date":"2025-07-15T21:37:06","date_gmt":"2025-07-15T19:37:06","guid":{"rendered":"https:\/\/www.qwien.at\/nicht-kategorisiert\/unter-der-gurtellinie\/"},"modified":"2025-07-15T21:37:06","modified_gmt":"2025-07-15T19:37:06","slug":"unter-der-gurtellinie","status":"publish","type":"post","link":"https:\/\/www.qwien.at\/en\/qwien-books\/unter-der-gurtellinie\/","title":{"rendered":"Unter der G\u00fcrtellinie"},"content":{"rendered":"<p><em><strong>\u00dcber den \u00a0Streit zwischen August von Platen, Karl Immermann und Heinrich Heine ist ein neues Buch erschienen. Eine Rezension von Hannes Sulzenbacher.<\/strong><\/em><br \/>\n<em>&#8220;Von den Fr\u00fcchten, die sie aus dem Gartenhain von Schiras stehlen, \/ Essen sie zu viel, die Armen, und vomieren dann Ghaselen&#8221;.<\/em> Die Kontroverse zwischen den Schriftstellern Karl Leberecht Immermann und August von Platen begann nicht gerade mit einem Kompliment. Die iranische Stadt Schiras beherbergt die Mausoleen der ber\u00fchmtesten persischen Dichter Hafis und Saadi, von ihnen &#8220;stahl&#8221; Platen \u2013 laut Immermann &#8211; seine Inspiration und das Versma\u00df der Ghasele. Hintergrund f\u00fcr Immermanns Polemik war aber weniger ein Plagiatsvorwurf, sondern vielmehr eine schriftstellerische Debatte \u00fcber Klassik und Romantik, \u00fcber Formalismus und lyrische Inspiration am Beginn des 19. Jahrhunderts.<br \/>\nNichts Aufregendes k\u00f6nnte man meinen. Mit Immermanns Kollegen Heinrich Heine schaltete sich jedoch ein weiterer Dichter ein, und die Aff\u00e4re bekam gr\u00f6\u00dfere Ausma\u00dfe. August Graf von Platen-Hallerm\u00fcnde wehrte sich: Er schrieb ein Lustspiel, <em>Der romantische \u00d6dipus<\/em>, in dem er Immermann und seinen lyrischen Ton der authentischen Gef\u00fchlsaufwallung parodierte und \u2013 ganz nebenbei \u2013 auch Heine als <em>&#8220;Synagogenstolz&#8221;<\/em> und <em>&#8220;Petrark des Laubh\u00fcttenfestes&#8221;<\/em> attackierte. Mitten im Dichterkampf war ihm die judenfeindliche Waffe offenbar nicht zu schade.<br \/>\nHeine hatte sich, um seine beruflichen Chancen als Jurist im staatlichen Dienst zu sichern, protestantisch taufen lassen, so lie\u00df auch sein Gegenangriff nicht lange auf sich warten. Immermann verspottete 1829 Platen mit einer <em>&#8220;literarischen Trag\u00f6die&#8221;<\/em> mit dem langwierigen Titel: <em>Der im Irrgarten der Metrik umhertaumelnde Cavalier<\/em>. Heine wetzte hingegen sch\u00e4rfere Messer. Im dritten Band seiner <em>Reisebilder<\/em> nimmt er sich Platen vor, aber nicht den Dichter, sondern den Homosexuellen: <em>&#8220;&#8230;der Name Mann \u00fcberhaupt passt nicht f\u00fcr ihn, seine Liebe hat einen passiven pythagoreischen Charakter, (\u2026), er ist ein Weib, und zwar ein Weib, das sich an gleich Weibischem erg\u00f6tzt, er ist gleichsam eine m\u00e4nnliche Tribade.&#8221;<\/em><br \/>\nInteressant dabei ist, dass Platens judenfeindliche Angriffe auf Heine in der \u00d6ffentlichkeit unwidersprochen blieben, die Retourkutsche Heines jedoch kritisiert wurde. <em>&#8220;Heine ist zu weit gegangen&#8221;<\/em>, schrieb der Zeitgenosse Karl Herlo\u00dfsohn und ein anonymer Rezensent, hinter dem Heinrich Brockhaus vermutet wird, schrieb: <em>&#8220;Heine r\u00e4cht sich dadurch, dass er, auf einige Ausdr\u00fccke in einigen von Platens Gedichten fu\u00dfend, diesen als \u00fcberwiesenen, offenkundigen P &#8230;.. behandelt. [&#8230;] Mit solch einer schmutzigen Frechheit, mit solcher niedertr\u00e4chtigen Gemeinheit ist wohl noch nie ein Streit zwischen Schriftstellern gef\u00fchrt worden, weder bei uns, noch bei andern Nationen.&#8221;<\/em><br \/>\nChristopher Keppel und Joachim Bartholomae haben mit dem vorliegenden Buch diese niedertr\u00e4chtige Kontroverse zwischen den Dichtern sorgsam dokumentiert und den neuesten Stand der Forschung dargestellt. Besonders erfreulich ist dabei, dass sie die wesentlichen Textstellen der Beteiligten nicht nur stellen- sondern seitenweise abdrucken.<br \/>\nDer Einband zeigt nach einer Zeichnung von Aubrey Beardsley ein weibisches Fabelwesen flankiert von einer antisemitischen Karikatur aus dem sp\u00e4ten 19. oder fr\u00fchen 20. Jahrhundert, die in der Quellenangabe auch Beardsley zugeschrieben wird. Jene tr\u00e4gt bereits die Z\u00fcge der rassistischen Denunzierung des j\u00fcdischen K\u00f6rpers und zeigt wohl einen &#8220;Ostjuden&#8221; mit all seinen Stigmata der gro\u00dfen Nase, der schlechten Z\u00e4hne sowie des ungepflegten \u00c4u\u00dferen. Damit unterstellen sie bildlich Platen einen rassistischen Antisemitismus, den dieser bei seinem Angriff auf Heine nicht meinte. Dieser unreflektierte Umgang mit Antisemitismus zieht sich auch durch den Text von Kreppel und Bartholomae, die den Terminus des &#8220;Antisemitismus&#8221; wie eine zeit- und geschichtslose Erscheinungsform der antij\u00fcdischen Niedertracht verwenden. Doch auch der &#8220;Antisemitismus&#8221; (sowie seine Begriffsch\u00f6pfung) hat eine Geschichte und ist in seiner rassistischen, eben &#8220;antisemitischen&#8221; Form eine Weiterentwicklung der christlichen Judenfeindschaft. An solchen Stellen ger\u00e4t der Kommentar mit seiner lesefreundlichen, feuilletonistischen und bisweilen polemischen Sprache an ihre Grenzen. Hier wird er unscharf und evoziert Bilder, die schlicht falsch sind.<br \/>\n<strong>Christopher Keppel\/Joachim Bartholomae: &#8220;Scharfe Ghaselen&#8221; und &#8220;Knoblauchgeruch&#8221;. Platen, Immermann und Heine streiten \u00fcber eche Juden, warme Br\u00fcder und wahre Poesie: Hamburg: M\u00e4nnerschwarm 2012<\/strong> erh\u00e4ltlich bei <a href=\"http:\/\/www.loewenherz.at\/index_lw_nr.php?LWNR=9053\">L\u00f6wenherz<\/a><\/p>\n","protected":false},"excerpt":{"rendered":"<p>\t\t\t\t<![CDATA[]]>\t\t<\/p>\n","protected":false},"author":4,"featured_media":0,"comment_status":"closed","ping_status":"open","sticky":false,"template":"","format":"standard","meta":{"_acf_changed":false,"footnotes":""},"categories":[267,271],"tags":[],"class_list":["post-11159","post","type-post","status-publish","format-standard","hentry","category-qwien-books","category-literature-archive","grve-entry-item","grve-blog-item"],"acf":[],"yoast_head":"<!-- This site is optimized with the Yoast SEO plugin v27.5 - https:\/\/yoast.com\/product\/yoast-seo-wordpress\/ -->\n<title>Unter der G\u00fcrtellinie - Blog - Qwien - Zentrum f\u00fcr queere Geschichte<\/title>\n<meta name=\"robots\" content=\"index, follow, max-snippet:-1, max-image-preview:large, max-video-preview:-1\" \/>\n<link rel=\"canonical\" href=\"https:\/\/www.qwien.at\/en\/qwien-books\/unter-der-gurtellinie\/\" \/>\n<meta property=\"og:locale\" content=\"en_US\" \/>\n<meta property=\"og:type\" content=\"article\" \/>\n<meta property=\"og:title\" content=\"Unter der G\u00fcrtellinie - Blog - Qwien - Zentrum f\u00fcr queere Geschichte\" \/>\n<meta property=\"og:url\" content=\"https:\/\/www.qwien.at\/en\/qwien-books\/unter-der-gurtellinie\/\" \/>\n<meta property=\"og:site_name\" content=\"Qwien - Zentrum f\u00fcr queere Geschichte\" \/>\n<meta property=\"article:published_time\" content=\"2025-07-15T19:37:06+00:00\" \/>\n<meta property=\"og:image\" content=\"https:\/\/www.qwien.at\/wp-content\/uploads\/2025\/06\/seo-yoast-1.png\" \/>\n\t<meta property=\"og:image:width\" content=\"1921\" \/>\n\t<meta property=\"og:image:height\" content=\"1081\" \/>\n\t<meta property=\"og:image:type\" content=\"image\/png\" \/>\n<meta name=\"author\" content=\"Andreas Brunner\" \/>\n<meta name=\"twitter:card\" content=\"summary_large_image\" \/>\n<meta name=\"twitter:label1\" content=\"Written by\" \/>\n\t<meta name=\"twitter:data1\" content=\"Andreas Brunner\" \/>\n\t<meta name=\"twitter:label2\" content=\"Est. reading time\" \/>\n\t<meta name=\"twitter:data2\" content=\"3 minutes\" \/>\n<script type=\"application\/ld+json\" class=\"yoast-schema-graph\">{\"@context\":\"https:\\\/\\\/schema.org\",\"@graph\":[{\"@type\":[\"Article\",\"BlogPosting\"],\"@id\":\"https:\\\/\\\/www.qwien.at\\\/en\\\/qwien-books\\\/unter-der-gurtellinie\\\/#article\",\"isPartOf\":{\"@id\":\"https:\\\/\\\/www.qwien.at\\\/en\\\/qwien-books\\\/unter-der-gurtellinie\\\/\"},\"author\":{\"name\":\"Andreas Brunner\",\"@id\":\"https:\\\/\\\/www.qwien.at\\\/en\\\/#\\\/schema\\\/person\\\/d3fe9114b43d8e5a558a6d20ca3e2920\"},\"headline\":\"Unter der G\u00fcrtellinie\",\"datePublished\":\"2025-07-15T19:37:06+00:00\",\"mainEntityOfPage\":{\"@id\":\"https:\\\/\\\/www.qwien.at\\\/en\\\/qwien-books\\\/unter-der-gurtellinie\\\/\"},\"wordCount\":647,\"publisher\":{\"@id\":\"https:\\\/\\\/www.qwien.at\\\/en\\\/#organization\"},\"articleSection\":[\"Books\",\"Literature archive\"],\"inLanguage\":\"en-US\"},{\"@type\":\"WebPage\",\"@id\":\"https:\\\/\\\/www.qwien.at\\\/en\\\/qwien-books\\\/unter-der-gurtellinie\\\/\",\"url\":\"https:\\\/\\\/www.qwien.at\\\/en\\\/qwien-books\\\/unter-der-gurtellinie\\\/\",\"name\":\"Unter der G\u00fcrtellinie - Blog - Qwien - Zentrum f\u00fcr queere Geschichte\",\"isPartOf\":{\"@id\":\"https:\\\/\\\/www.qwien.at\\\/en\\\/#website\"},\"datePublished\":\"2025-07-15T19:37:06+00:00\",\"breadcrumb\":{\"@id\":\"https:\\\/\\\/www.qwien.at\\\/en\\\/qwien-books\\\/unter-der-gurtellinie\\\/#breadcrumb\"},\"inLanguage\":\"en-US\",\"potentialAction\":[{\"@type\":\"ReadAction\",\"target\":[\"https:\\\/\\\/www.qwien.at\\\/en\\\/qwien-books\\\/unter-der-gurtellinie\\\/\"]}]},{\"@type\":\"BreadcrumbList\",\"@id\":\"https:\\\/\\\/www.qwien.at\\\/en\\\/qwien-books\\\/unter-der-gurtellinie\\\/#breadcrumb\",\"itemListElement\":[{\"@type\":\"ListItem\",\"position\":1,\"name\":\"Startseite\",\"item\":\"https:\\\/\\\/www.qwien.at\\\/en\\\/\"},{\"@type\":\"ListItem\",\"position\":2,\"name\":\"Unter der G\u00fcrtellinie\"}]},{\"@type\":\"WebSite\",\"@id\":\"https:\\\/\\\/www.qwien.at\\\/en\\\/#website\",\"url\":\"https:\\\/\\\/www.qwien.at\\\/en\\\/\",\"name\":\"Qwien - Zentrum f\u00fcr queere Geschichte\",\"description\":\"\",\"publisher\":{\"@id\":\"https:\\\/\\\/www.qwien.at\\\/en\\\/#organization\"},\"potentialAction\":[{\"@type\":\"SearchAction\",\"target\":{\"@type\":\"EntryPoint\",\"urlTemplate\":\"https:\\\/\\\/www.qwien.at\\\/en\\\/?s={search_term_string}\"},\"query-input\":{\"@type\":\"PropertyValueSpecification\",\"valueRequired\":true,\"valueName\":\"search_term_string\"}}],\"inLanguage\":\"en-US\"},{\"@type\":\"Organization\",\"@id\":\"https:\\\/\\\/www.qwien.at\\\/en\\\/#organization\",\"name\":\"Qwien\",\"url\":\"https:\\\/\\\/www.qwien.at\\\/en\\\/\",\"logo\":{\"@type\":\"ImageObject\",\"inLanguage\":\"en-US\",\"@id\":\"https:\\\/\\\/www.qwien.at\\\/en\\\/#\\\/schema\\\/logo\\\/image\\\/\",\"url\":\"https:\\\/\\\/www.qwien.at\\\/wp-content\\\/uploads\\\/2025\\\/06\\\/seo-yoast-2.png\",\"contentUrl\":\"https:\\\/\\\/www.qwien.at\\\/wp-content\\\/uploads\\\/2025\\\/06\\\/seo-yoast-2.png\",\"width\":697,\"height\":697,\"caption\":\"Qwien\"},\"image\":{\"@id\":\"https:\\\/\\\/www.qwien.at\\\/en\\\/#\\\/schema\\\/logo\\\/image\\\/\"},\"sameAs\":[\"https:\\\/\\\/www.instagram.com\\\/qwien.zentrum\\\/\"]},{\"@type\":\"Person\",\"@id\":\"https:\\\/\\\/www.qwien.at\\\/en\\\/#\\\/schema\\\/person\\\/d3fe9114b43d8e5a558a6d20ca3e2920\",\"name\":\"Andreas Brunner\"}]}<\/script>\n<!-- \/ Yoast SEO plugin. -->","yoast_head_json":{"title":"Unter der G\u00fcrtellinie - Blog - Qwien - Zentrum f\u00fcr queere Geschichte","robots":{"index":"index","follow":"follow","max-snippet":"max-snippet:-1","max-image-preview":"max-image-preview:large","max-video-preview":"max-video-preview:-1"},"canonical":"https:\/\/www.qwien.at\/en\/qwien-books\/unter-der-gurtellinie\/","og_locale":"en_US","og_type":"article","og_title":"Unter der G\u00fcrtellinie - Blog - Qwien - Zentrum f\u00fcr queere Geschichte","og_url":"https:\/\/www.qwien.at\/en\/qwien-books\/unter-der-gurtellinie\/","og_site_name":"Qwien - Zentrum f\u00fcr queere Geschichte","article_published_time":"2025-07-15T19:37:06+00:00","og_image":[{"width":1921,"height":1081,"url":"https:\/\/www.qwien.at\/wp-content\/uploads\/2025\/06\/seo-yoast-1.png","type":"image\/png"}],"author":"Andreas Brunner","twitter_card":"summary_large_image","twitter_misc":{"Written by":"Andreas Brunner","Est. reading time":"3 minutes"},"schema":{"@context":"https:\/\/schema.org","@graph":[{"@type":["Article","BlogPosting"],"@id":"https:\/\/www.qwien.at\/en\/qwien-books\/unter-der-gurtellinie\/#article","isPartOf":{"@id":"https:\/\/www.qwien.at\/en\/qwien-books\/unter-der-gurtellinie\/"},"author":{"name":"Andreas Brunner","@id":"https:\/\/www.qwien.at\/en\/#\/schema\/person\/d3fe9114b43d8e5a558a6d20ca3e2920"},"headline":"Unter der G\u00fcrtellinie","datePublished":"2025-07-15T19:37:06+00:00","mainEntityOfPage":{"@id":"https:\/\/www.qwien.at\/en\/qwien-books\/unter-der-gurtellinie\/"},"wordCount":647,"publisher":{"@id":"https:\/\/www.qwien.at\/en\/#organization"},"articleSection":["Books","Literature archive"],"inLanguage":"en-US"},{"@type":"WebPage","@id":"https:\/\/www.qwien.at\/en\/qwien-books\/unter-der-gurtellinie\/","url":"https:\/\/www.qwien.at\/en\/qwien-books\/unter-der-gurtellinie\/","name":"Unter der G\u00fcrtellinie - Blog - Qwien - Zentrum f\u00fcr queere Geschichte","isPartOf":{"@id":"https:\/\/www.qwien.at\/en\/#website"},"datePublished":"2025-07-15T19:37:06+00:00","breadcrumb":{"@id":"https:\/\/www.qwien.at\/en\/qwien-books\/unter-der-gurtellinie\/#breadcrumb"},"inLanguage":"en-US","potentialAction":[{"@type":"ReadAction","target":["https:\/\/www.qwien.at\/en\/qwien-books\/unter-der-gurtellinie\/"]}]},{"@type":"BreadcrumbList","@id":"https:\/\/www.qwien.at\/en\/qwien-books\/unter-der-gurtellinie\/#breadcrumb","itemListElement":[{"@type":"ListItem","position":1,"name":"Startseite","item":"https:\/\/www.qwien.at\/en\/"},{"@type":"ListItem","position":2,"name":"Unter der G\u00fcrtellinie"}]},{"@type":"WebSite","@id":"https:\/\/www.qwien.at\/en\/#website","url":"https:\/\/www.qwien.at\/en\/","name":"Qwien - Zentrum f\u00fcr queere Geschichte","description":"","publisher":{"@id":"https:\/\/www.qwien.at\/en\/#organization"},"potentialAction":[{"@type":"SearchAction","target":{"@type":"EntryPoint","urlTemplate":"https:\/\/www.qwien.at\/en\/?s={search_term_string}"},"query-input":{"@type":"PropertyValueSpecification","valueRequired":true,"valueName":"search_term_string"}}],"inLanguage":"en-US"},{"@type":"Organization","@id":"https:\/\/www.qwien.at\/en\/#organization","name":"Qwien","url":"https:\/\/www.qwien.at\/en\/","logo":{"@type":"ImageObject","inLanguage":"en-US","@id":"https:\/\/www.qwien.at\/en\/#\/schema\/logo\/image\/","url":"https:\/\/www.qwien.at\/wp-content\/uploads\/2025\/06\/seo-yoast-2.png","contentUrl":"https:\/\/www.qwien.at\/wp-content\/uploads\/2025\/06\/seo-yoast-2.png","width":697,"height":697,"caption":"Qwien"},"image":{"@id":"https:\/\/www.qwien.at\/en\/#\/schema\/logo\/image\/"},"sameAs":["https:\/\/www.instagram.com\/qwien.zentrum\/"]},{"@type":"Person","@id":"https:\/\/www.qwien.at\/en\/#\/schema\/person\/d3fe9114b43d8e5a558a6d20ca3e2920","name":"Andreas Brunner"}]}},"_links":{"self":[{"href":"https:\/\/www.qwien.at\/en\/wp-json\/wp\/v2\/posts\/11159","targetHints":{"allow":["GET"]}}],"collection":[{"href":"https:\/\/www.qwien.at\/en\/wp-json\/wp\/v2\/posts"}],"about":[{"href":"https:\/\/www.qwien.at\/en\/wp-json\/wp\/v2\/types\/post"}],"author":[{"embeddable":true,"href":"https:\/\/www.qwien.at\/en\/wp-json\/wp\/v2\/users\/4"}],"replies":[{"embeddable":true,"href":"https:\/\/www.qwien.at\/en\/wp-json\/wp\/v2\/comments?post=11159"}],"version-history":[{"count":0,"href":"https:\/\/www.qwien.at\/en\/wp-json\/wp\/v2\/posts\/11159\/revisions"}],"wp:attachment":[{"href":"https:\/\/www.qwien.at\/en\/wp-json\/wp\/v2\/media?parent=11159"}],"wp:term":[{"taxonomy":"category","embeddable":true,"href":"https:\/\/www.qwien.at\/en\/wp-json\/wp\/v2\/categories?post=11159"},{"taxonomy":"post_tag","embeddable":true,"href":"https:\/\/www.qwien.at\/en\/wp-json\/wp\/v2\/tags?post=11159"}],"curies":[{"name":"wp","href":"https:\/\/api.w.org\/{rel}","templated":true}]}}