{"id":11166,"date":"2025-07-15T21:37:06","date_gmt":"2025-07-15T19:37:06","guid":{"rendered":"https:\/\/www.qwien.at\/nicht-kategorisiert\/sensibler-berserker\/"},"modified":"2025-07-15T21:37:06","modified_gmt":"2025-07-15T19:37:06","slug":"sensibler-berserker","status":"publish","type":"post","link":"https:\/\/www.qwien.at\/en\/qwien-tipp\/sensibler-berserker\/","title":{"rendered":"Sensibler Berserker"},"content":{"rendered":"<p><strong>Der Titel des auf zahlreichen Festivals erfolgreichen Dokumentarfilms kondensiert dessen Inhalt auf den absolut reduzierten <\/strong><\/em><strong>Kern<\/strong><em><strong> &#8211; Peter Kern, Schauspieler, Filmemacher, Enfant terrible, Nervens\u00e4ge<\/strong><\/em><br \/>\n<em>&#8220;\u00dcber den wirklichen Peter Kern werdet ihr nichts erfahren&#8221;<\/em>, schmettert der wortgewaltige Schauspieler und Filmemacher Veronika Franz und Severin Fiala entgegen, die das nicht leichte Unterfangen auf sich genommen haben, einen Film \u00fcber das Enfant terrible des \u00f6sterreichischen Films zu drehen. Und er schaut dabei direkt in die Kamera und wei\u00df, dass wir im Publikum uns jetzt ebenfalls angesprochen f\u00fchlen. Mitunter fragt man sich, warum man in diesem Film sitzt, will man Peter Kern dabei zusehen, wie er herrisch und cholerisch von seiner Putzfrau bis zu seinem Filmteam alle ohne Ansehen der Person aufs Unfl\u00e4tigste beschimpft.<br \/>\nAber was ist Inszenierung, was ist Dokument? Man hat das Gef\u00fchl, dass sein Missmut durchblitzt, wenn er die Anweisung seiner Regisseurin zu allt\u00e4glichen Verrichtungen, das Abdrehen des Lichtschalters etwa, ausf\u00fchrt. Andererseits fragt man sich, ob es nicht nur die Anstrengung ist, die sich in Peter Kerns Gesicht spiegelt, wenn er seinen massigen K\u00f6rper durch die engen G\u00e4nge seiner \u00e4rmlichen Wohnung in der Gro\u00dffeldsiedlung wuchtet. Seine Wutausbr\u00fcche wirken echt, und doch sind sie auch Teil der \u00f6ffentlichen Persona Peter Kerns. St\u00e4ndig desavouiert Kern die Dreharbeiten zur Doku, mischt sich ein, schimpft \u00fcber den konzeptlosen<em> &#8220;Fuchtelfilm&#8221;<\/em>, den man \u00fcber ihn dreht, hinterfragt Einstellungen und Anweisungen. Das kann bis zum Wutausbruch gehen, wenn er es idiotisch findet, dass man ihn beim Kochen filmt. Tats\u00e4chlich erz\u00e4hlt die Szene &#8220;Kern beim Kochen&#8221; nichts \u00fcber die Pers\u00f6nlichkeit Kerns, der deshalb <em>sich<\/em> in Szene setzt und pl\u00f6tzlich wird in der engen K\u00fcche eine Geschichte von, mit und \u00fcber Peter Kern erz\u00e4hlt. Vielleicht haben die Filmemacher_innen ja Kern nur klug provoziert.<br \/>\nDezenz war nie Peter Kerns Sache, so wird er gleich zum Einstieg seine Liebesaff\u00e4re mit Leonard Bernstein los, mit dem es im Gartenh\u00e4uschen so richtig zur Sache ging: <em>&#8220;Er spielte Klavier mit meiner Zunge!&#8221;<\/em> Kern l\u00e4sst die H\u00f6hepunkte seiner Karriere Revue passieren, die gro\u00dfe Zeit in der Entourage von Rainer Werner Fassbinder, seine Filme mit Daniel Schmid und eigene Filme zeigt er nicht ohne Stolz. Peter Kern hat einen unbeugsamen k\u00fcnstlerischen Willen, der mit einem Mainstream-Geschmack inkompatibel ist, was er aber auch gar nicht anstrebt. So ist es auch wenig verwunderlich, dass seinen Filmen meist wenig Erfolg an der Kinokasse beschieden ist. Unbeirrt, aber durch die chronische Geldnot behindert, setzt er seinen k\u00fcnstlerischen Weg fort. St\u00f6rrisch, eigensinnig, einsam.<br \/>\nUnd doch l\u00e4sst sich im verh\u00e4rmten Grantler auch ein sensibler Peter Kern finden, wenn er bei einer intimen Liebesszene aus seinem Film <em>Knutschen, kuscheln, jubilieren<\/em> leise zu weinen beginnt und seiner Sehnsucht, seinem Verlangen nach Z\u00e4rtlichkeit freien Lauf l\u00e4sst. Seine Verlassenheit in der Gro\u00dffeldsiedlung ber\u00fchrt, wenn er von den Ber\u00fchrungen eines Strichers schw\u00e4rmt. Erz\u00e4hlt er von der <em>&#8220;Kuh Kern&#8221;<\/em>, kaschiert er seine Verletzlichkeit mit Sarkasmus. Da sein fetter Leib in keinen Magnetresonanztomografen passte, wurde er in ein Ger\u00e4t der Veterin\u00e4rmedizinischen Universit\u00e4t geschoben, wie eine Kuh.<br \/>\n<a href=\"https:\/\/www.qwien.at\/wp-content\/uploads\/2013\/02\/kern-im-bett_v2.jpg\"><img loading=\"lazy\" decoding=\"async\" class=\"alignleft size-medium wp-image-2564\" title=\"kern im bett_v2\" src=\"https:\/\/www.qwien.at\/wp-content\/uploads\/2013\/02\/kern-im-bett_v2.jpg\" alt=\"\" width=\"300\" height=\"168\" srcset=\"https:\/\/www.qwien.at\/wp-content\/uploads\/2013\/02\/kern-im-bett_v2.jpg 1920w, https:\/\/www.qwien.at\/wp-content\/uploads\/2013\/02\/kern-im-bett_v2-300x169.jpg 300w, https:\/\/www.qwien.at\/wp-content\/uploads\/2013\/02\/kern-im-bett_v2-768x432.jpg 768w, https:\/\/www.qwien.at\/wp-content\/uploads\/2013\/02\/kern-im-bett_v2-1024x576.jpg 1024w\" sizes=\"auto, (max-width: 300px) 100vw, 300px\" \/><\/a>Die ber\u00fchrendste Szene des Films spiegelt wie kaum eine andere die Widerspr\u00fcchlichkeit des Dokumentarfilms <em>Kern<\/em> aber auch des Schauspielers Peter Kern. In einer Totalen sitzt Peter Kern im Profil gefilmt nackt an seinem Schreibtisch. Kurz begehrt er auf, ob diese entw\u00fcrdigende Szene, dieser unf\u00f6rmige K\u00f6rper, unter dem er leidet, wirklich so schonungslos ins Bild gesetzt werden muss. Aber dann beginnt Kern leise und zart ein Lied zu singen und die Aura des Peinlichen verschwindet. In einem Akt der Selbstent\u00e4u\u00dferung dreht er sich frontal zur Kamera, ein Fleischberg, eine ausufernde Masse Mensch, und doch von unendlicher Zartheit und Verletzlichkeit. <em>&#8220;Man muss sich \u00fcberraschen lassen von der Liebe&#8221;<\/em>, sagt Peter Kern einmal im Film, genauso wie sich das Kinopublikum von <em>Kern<\/em> \u00fcberraschen lassen soll, dessen Protagonist mehr ist als ein polternder Selbstdarsteller ist, obwohl er das auch ist.<br \/>\n&#8220;Kern&#8221; ab 1. M\u00e4rz im Wiener <a href=\"http:\/\/www.filmcasino.at\/\">Filmcasino<\/a><br \/>\nTrailer auf <a href=\"http:\/\/www.youtube.com\/watch?v=Pc0-DfAVbq0\">YouTube<\/a><\/p>\n","protected":false},"excerpt":{"rendered":"<p>\t\t\t\t<![CDATA[]]>\t\t<\/p>\n","protected":false},"author":4,"featured_media":9216,"comment_status":"closed","ping_status":"open","sticky":false,"template":"","format":"standard","meta":{"_acf_changed":false,"footnotes":""},"categories":[275,276],"tags":[],"class_list":["post-11166","post","type-post","status-publish","format-standard","has-post-thumbnail","hentry","category-qwien-tipp","category-webarchive","grve-entry-item","grve-blog-item"],"acf":[],"yoast_head":"<!-- This site is optimized with the Yoast SEO plugin v27.5 - https:\/\/yoast.com\/product\/yoast-seo-wordpress\/ -->\n<title>Sensibler Berserker - Blog - Qwien - Zentrum f\u00fcr queere Geschichte<\/title>\n<meta name=\"robots\" content=\"index, follow, max-snippet:-1, max-image-preview:large, max-video-preview:-1\" \/>\n<link rel=\"canonical\" href=\"https:\/\/www.qwien.at\/en\/qwien-tipp\/sensibler-berserker\/\" \/>\n<meta property=\"og:locale\" content=\"en_US\" \/>\n<meta property=\"og:type\" content=\"article\" \/>\n<meta property=\"og:title\" content=\"Sensibler Berserker - Blog - Qwien - Zentrum f\u00fcr queere Geschichte\" \/>\n<meta property=\"og:url\" content=\"https:\/\/www.qwien.at\/en\/qwien-tipp\/sensibler-berserker\/\" \/>\n<meta property=\"og:site_name\" content=\"Qwien - Zentrum f\u00fcr queere Geschichte\" \/>\n<meta property=\"article:published_time\" content=\"2025-07-15T19:37:06+00:00\" \/>\n<meta property=\"og:image\" content=\"https:\/\/www.qwien.at\/wp-content\/uploads\/2013\/02\/kern-im-bett_v2.jpg\" \/>\n\t<meta property=\"og:image:width\" content=\"1920\" \/>\n\t<meta property=\"og:image:height\" content=\"1080\" \/>\n\t<meta property=\"og:image:type\" content=\"image\/jpeg\" \/>\n<meta name=\"author\" content=\"Andreas Brunner\" \/>\n<meta name=\"twitter:card\" content=\"summary_large_image\" \/>\n<meta name=\"twitter:label1\" content=\"Written by\" \/>\n\t<meta name=\"twitter:data1\" content=\"Andreas Brunner\" \/>\n\t<meta name=\"twitter:label2\" content=\"Est. reading time\" \/>\n\t<meta name=\"twitter:data2\" content=\"3 minutes\" \/>\n<script type=\"application\/ld+json\" class=\"yoast-schema-graph\">{\"@context\":\"https:\\\/\\\/schema.org\",\"@graph\":[{\"@type\":[\"Article\",\"BlogPosting\"],\"@id\":\"https:\\\/\\\/www.qwien.at\\\/en\\\/qwien-tipp\\\/sensibler-berserker\\\/#article\",\"isPartOf\":{\"@id\":\"https:\\\/\\\/www.qwien.at\\\/en\\\/qwien-tipp\\\/sensibler-berserker\\\/\"},\"author\":{\"name\":\"Andreas Brunner\",\"@id\":\"https:\\\/\\\/www.qwien.at\\\/en\\\/#\\\/schema\\\/person\\\/d3fe9114b43d8e5a558a6d20ca3e2920\"},\"headline\":\"Sensibler Berserker\",\"datePublished\":\"2025-07-15T19:37:06+00:00\",\"mainEntityOfPage\":{\"@id\":\"https:\\\/\\\/www.qwien.at\\\/en\\\/qwien-tipp\\\/sensibler-berserker\\\/\"},\"wordCount\":679,\"publisher\":{\"@id\":\"https:\\\/\\\/www.qwien.at\\\/en\\\/#organization\"},\"image\":{\"@id\":\"https:\\\/\\\/www.qwien.at\\\/en\\\/qwien-tipp\\\/sensibler-berserker\\\/#primaryimage\"},\"thumbnailUrl\":\"https:\\\/\\\/www.qwien.at\\\/wp-content\\\/uploads\\\/2013\\\/02\\\/Kern-K\u00fcche.jpg\",\"articleSection\":[\"Tipp\",\"Webarchiv\"],\"inLanguage\":\"en-US\"},{\"@type\":\"WebPage\",\"@id\":\"https:\\\/\\\/www.qwien.at\\\/en\\\/qwien-tipp\\\/sensibler-berserker\\\/\",\"url\":\"https:\\\/\\\/www.qwien.at\\\/en\\\/qwien-tipp\\\/sensibler-berserker\\\/\",\"name\":\"Sensibler Berserker - Blog - Qwien - Zentrum f\u00fcr queere Geschichte\",\"isPartOf\":{\"@id\":\"https:\\\/\\\/www.qwien.at\\\/en\\\/#website\"},\"primaryImageOfPage\":{\"@id\":\"https:\\\/\\\/www.qwien.at\\\/en\\\/qwien-tipp\\\/sensibler-berserker\\\/#primaryimage\"},\"image\":{\"@id\":\"https:\\\/\\\/www.qwien.at\\\/en\\\/qwien-tipp\\\/sensibler-berserker\\\/#primaryimage\"},\"thumbnailUrl\":\"https:\\\/\\\/www.qwien.at\\\/wp-content\\\/uploads\\\/2013\\\/02\\\/Kern-K\u00fcche.jpg\",\"datePublished\":\"2025-07-15T19:37:06+00:00\",\"breadcrumb\":{\"@id\":\"https:\\\/\\\/www.qwien.at\\\/en\\\/qwien-tipp\\\/sensibler-berserker\\\/#breadcrumb\"},\"inLanguage\":\"en-US\",\"potentialAction\":[{\"@type\":\"ReadAction\",\"target\":[\"https:\\\/\\\/www.qwien.at\\\/en\\\/qwien-tipp\\\/sensibler-berserker\\\/\"]}]},{\"@type\":\"ImageObject\",\"inLanguage\":\"en-US\",\"@id\":\"https:\\\/\\\/www.qwien.at\\\/en\\\/qwien-tipp\\\/sensibler-berserker\\\/#primaryimage\",\"url\":\"https:\\\/\\\/www.qwien.at\\\/wp-content\\\/uploads\\\/2013\\\/02\\\/Kern-K\u00fcche.jpg\",\"contentUrl\":\"https:\\\/\\\/www.qwien.at\\\/wp-content\\\/uploads\\\/2013\\\/02\\\/Kern-K\u00fcche.jpg\",\"width\":1920,\"height\":1080,\"caption\":\"\"},{\"@type\":\"BreadcrumbList\",\"@id\":\"https:\\\/\\\/www.qwien.at\\\/en\\\/qwien-tipp\\\/sensibler-berserker\\\/#breadcrumb\",\"itemListElement\":[{\"@type\":\"ListItem\",\"position\":1,\"name\":\"Startseite\",\"item\":\"https:\\\/\\\/www.qwien.at\\\/en\\\/\"},{\"@type\":\"ListItem\",\"position\":2,\"name\":\"Sensibler Berserker\"}]},{\"@type\":\"WebSite\",\"@id\":\"https:\\\/\\\/www.qwien.at\\\/en\\\/#website\",\"url\":\"https:\\\/\\\/www.qwien.at\\\/en\\\/\",\"name\":\"Qwien - Zentrum f\u00fcr queere Geschichte\",\"description\":\"\",\"publisher\":{\"@id\":\"https:\\\/\\\/www.qwien.at\\\/en\\\/#organization\"},\"potentialAction\":[{\"@type\":\"SearchAction\",\"target\":{\"@type\":\"EntryPoint\",\"urlTemplate\":\"https:\\\/\\\/www.qwien.at\\\/en\\\/?s={search_term_string}\"},\"query-input\":{\"@type\":\"PropertyValueSpecification\",\"valueRequired\":true,\"valueName\":\"search_term_string\"}}],\"inLanguage\":\"en-US\"},{\"@type\":\"Organization\",\"@id\":\"https:\\\/\\\/www.qwien.at\\\/en\\\/#organization\",\"name\":\"Qwien\",\"url\":\"https:\\\/\\\/www.qwien.at\\\/en\\\/\",\"logo\":{\"@type\":\"ImageObject\",\"inLanguage\":\"en-US\",\"@id\":\"https:\\\/\\\/www.qwien.at\\\/en\\\/#\\\/schema\\\/logo\\\/image\\\/\",\"url\":\"https:\\\/\\\/www.qwien.at\\\/wp-content\\\/uploads\\\/2025\\\/06\\\/seo-yoast-2.png\",\"contentUrl\":\"https:\\\/\\\/www.qwien.at\\\/wp-content\\\/uploads\\\/2025\\\/06\\\/seo-yoast-2.png\",\"width\":697,\"height\":697,\"caption\":\"Qwien\"},\"image\":{\"@id\":\"https:\\\/\\\/www.qwien.at\\\/en\\\/#\\\/schema\\\/logo\\\/image\\\/\"},\"sameAs\":[\"https:\\\/\\\/www.instagram.com\\\/qwien.zentrum\\\/\"]},{\"@type\":\"Person\",\"@id\":\"https:\\\/\\\/www.qwien.at\\\/en\\\/#\\\/schema\\\/person\\\/d3fe9114b43d8e5a558a6d20ca3e2920\",\"name\":\"Andreas Brunner\"}]}<\/script>\n<!-- \/ Yoast SEO plugin. -->","yoast_head_json":{"title":"Sensibler Berserker - Blog - Qwien - Zentrum f\u00fcr queere Geschichte","robots":{"index":"index","follow":"follow","max-snippet":"max-snippet:-1","max-image-preview":"max-image-preview:large","max-video-preview":"max-video-preview:-1"},"canonical":"https:\/\/www.qwien.at\/en\/qwien-tipp\/sensibler-berserker\/","og_locale":"en_US","og_type":"article","og_title":"Sensibler Berserker - Blog - Qwien - Zentrum f\u00fcr queere Geschichte","og_url":"https:\/\/www.qwien.at\/en\/qwien-tipp\/sensibler-berserker\/","og_site_name":"Qwien - Zentrum f\u00fcr queere Geschichte","article_published_time":"2025-07-15T19:37:06+00:00","og_image":[{"width":1920,"height":1080,"url":"https:\/\/www.qwien.at\/wp-content\/uploads\/2013\/02\/kern-im-bett_v2.jpg","type":"image\/jpeg"}],"author":"Andreas Brunner","twitter_card":"summary_large_image","twitter_misc":{"Written by":"Andreas Brunner","Est. reading time":"3 minutes"},"schema":{"@context":"https:\/\/schema.org","@graph":[{"@type":["Article","BlogPosting"],"@id":"https:\/\/www.qwien.at\/en\/qwien-tipp\/sensibler-berserker\/#article","isPartOf":{"@id":"https:\/\/www.qwien.at\/en\/qwien-tipp\/sensibler-berserker\/"},"author":{"name":"Andreas Brunner","@id":"https:\/\/www.qwien.at\/en\/#\/schema\/person\/d3fe9114b43d8e5a558a6d20ca3e2920"},"headline":"Sensibler Berserker","datePublished":"2025-07-15T19:37:06+00:00","mainEntityOfPage":{"@id":"https:\/\/www.qwien.at\/en\/qwien-tipp\/sensibler-berserker\/"},"wordCount":679,"publisher":{"@id":"https:\/\/www.qwien.at\/en\/#organization"},"image":{"@id":"https:\/\/www.qwien.at\/en\/qwien-tipp\/sensibler-berserker\/#primaryimage"},"thumbnailUrl":"https:\/\/www.qwien.at\/wp-content\/uploads\/2013\/02\/Kern-K\u00fcche.jpg","articleSection":["Tipp","Webarchiv"],"inLanguage":"en-US"},{"@type":"WebPage","@id":"https:\/\/www.qwien.at\/en\/qwien-tipp\/sensibler-berserker\/","url":"https:\/\/www.qwien.at\/en\/qwien-tipp\/sensibler-berserker\/","name":"Sensibler Berserker - Blog - Qwien - Zentrum f\u00fcr queere Geschichte","isPartOf":{"@id":"https:\/\/www.qwien.at\/en\/#website"},"primaryImageOfPage":{"@id":"https:\/\/www.qwien.at\/en\/qwien-tipp\/sensibler-berserker\/#primaryimage"},"image":{"@id":"https:\/\/www.qwien.at\/en\/qwien-tipp\/sensibler-berserker\/#primaryimage"},"thumbnailUrl":"https:\/\/www.qwien.at\/wp-content\/uploads\/2013\/02\/Kern-K\u00fcche.jpg","datePublished":"2025-07-15T19:37:06+00:00","breadcrumb":{"@id":"https:\/\/www.qwien.at\/en\/qwien-tipp\/sensibler-berserker\/#breadcrumb"},"inLanguage":"en-US","potentialAction":[{"@type":"ReadAction","target":["https:\/\/www.qwien.at\/en\/qwien-tipp\/sensibler-berserker\/"]}]},{"@type":"ImageObject","inLanguage":"en-US","@id":"https:\/\/www.qwien.at\/en\/qwien-tipp\/sensibler-berserker\/#primaryimage","url":"https:\/\/www.qwien.at\/wp-content\/uploads\/2013\/02\/Kern-K\u00fcche.jpg","contentUrl":"https:\/\/www.qwien.at\/wp-content\/uploads\/2013\/02\/Kern-K\u00fcche.jpg","width":1920,"height":1080,"caption":""},{"@type":"BreadcrumbList","@id":"https:\/\/www.qwien.at\/en\/qwien-tipp\/sensibler-berserker\/#breadcrumb","itemListElement":[{"@type":"ListItem","position":1,"name":"Startseite","item":"https:\/\/www.qwien.at\/en\/"},{"@type":"ListItem","position":2,"name":"Sensibler Berserker"}]},{"@type":"WebSite","@id":"https:\/\/www.qwien.at\/en\/#website","url":"https:\/\/www.qwien.at\/en\/","name":"Qwien - Zentrum f\u00fcr queere Geschichte","description":"","publisher":{"@id":"https:\/\/www.qwien.at\/en\/#organization"},"potentialAction":[{"@type":"SearchAction","target":{"@type":"EntryPoint","urlTemplate":"https:\/\/www.qwien.at\/en\/?s={search_term_string}"},"query-input":{"@type":"PropertyValueSpecification","valueRequired":true,"valueName":"search_term_string"}}],"inLanguage":"en-US"},{"@type":"Organization","@id":"https:\/\/www.qwien.at\/en\/#organization","name":"Qwien","url":"https:\/\/www.qwien.at\/en\/","logo":{"@type":"ImageObject","inLanguage":"en-US","@id":"https:\/\/www.qwien.at\/en\/#\/schema\/logo\/image\/","url":"https:\/\/www.qwien.at\/wp-content\/uploads\/2025\/06\/seo-yoast-2.png","contentUrl":"https:\/\/www.qwien.at\/wp-content\/uploads\/2025\/06\/seo-yoast-2.png","width":697,"height":697,"caption":"Qwien"},"image":{"@id":"https:\/\/www.qwien.at\/en\/#\/schema\/logo\/image\/"},"sameAs":["https:\/\/www.instagram.com\/qwien.zentrum\/"]},{"@type":"Person","@id":"https:\/\/www.qwien.at\/en\/#\/schema\/person\/d3fe9114b43d8e5a558a6d20ca3e2920","name":"Andreas Brunner"}]}},"_links":{"self":[{"href":"https:\/\/www.qwien.at\/en\/wp-json\/wp\/v2\/posts\/11166","targetHints":{"allow":["GET"]}}],"collection":[{"href":"https:\/\/www.qwien.at\/en\/wp-json\/wp\/v2\/posts"}],"about":[{"href":"https:\/\/www.qwien.at\/en\/wp-json\/wp\/v2\/types\/post"}],"author":[{"embeddable":true,"href":"https:\/\/www.qwien.at\/en\/wp-json\/wp\/v2\/users\/4"}],"replies":[{"embeddable":true,"href":"https:\/\/www.qwien.at\/en\/wp-json\/wp\/v2\/comments?post=11166"}],"version-history":[{"count":0,"href":"https:\/\/www.qwien.at\/en\/wp-json\/wp\/v2\/posts\/11166\/revisions"}],"wp:featuredmedia":[{"embeddable":true,"href":"https:\/\/www.qwien.at\/en\/wp-json\/wp\/v2\/media\/9216"}],"wp:attachment":[{"href":"https:\/\/www.qwien.at\/en\/wp-json\/wp\/v2\/media?parent=11166"}],"wp:term":[{"taxonomy":"category","embeddable":true,"href":"https:\/\/www.qwien.at\/en\/wp-json\/wp\/v2\/categories?post=11166"},{"taxonomy":"post_tag","embeddable":true,"href":"https:\/\/www.qwien.at\/en\/wp-json\/wp\/v2\/tags?post=11166"}],"curies":[{"name":"wp","href":"https:\/\/api.w.org\/{rel}","templated":true}]}}