{"id":11177,"date":"2025-07-15T21:37:05","date_gmt":"2025-07-15T19:37:05","guid":{"rendered":"https:\/\/www.qwien.at\/nicht-kategorisiert\/stonewall-in-wien-die-2000er-katharina-miko\/"},"modified":"2025-07-15T21:37:05","modified_gmt":"2025-07-15T19:37:05","slug":"stonewall-in-wien-die-2000er-katharina-miko","status":"publish","type":"post","link":"https:\/\/www.qwien.at\/en\/qwien\/stonewall-in-wien-die-2000er-katharina-miko\/","title":{"rendered":"Stonewall in Wien \u2013 die 2000er: Katharina Miko"},"content":{"rendered":"<p><em>Was hat sich seit dem Aufkommen von \u201equeer\u201c in der Geschlechterlandschaft ver\u00e4ndert?<\/em><br \/>\n<a href=\"https:\/\/www.qwien.at\/wp-content\/uploads\/2012\/10\/Bild_KMI.jpg\"><img loading=\"lazy\" decoding=\"async\" class=\"alignleft size-full wp-image-2048\" title=\"Bild_KMI\" src=\"https:\/\/www.qwien.at\/wp-content\/uploads\/2012\/10\/Bild_KMI.jpg\" alt=\"\" width=\"126\" height=\"101\" \/><\/a>Es gibt nicht nur mehr eine Geschlechterlandschaft, es gibt Geschlechterlandschaften. Und ich kann das ganz gut verdeutlichen, damit wo ich eingestiegen bin. Das war 1992, und da hatte man ganz<br \/>\nwenige R\u00e4ume. Also es gab sozusagen das FZ und das Frauencaf\u00e9. Und das waren reine Frauenr\u00e4ume, obwohl der Begriff \u201equeer\u201c im akademischen Bereich bereits aufgetaucht ist. Das hat sich\u00a0 ge\u00f6ffnet und hat in Wien zu unterschiedlichen neuen Szenen und Themen gef\u00fchrt. Queer families, Queer Business, und vieles mehr. \u201eQueer\u201c wurde zu einer Kategorie, die weit \u00fcber les-bi-schwul hinausgeht und die vor allem mainstreamig geworden ist. Was viele auch kritisieren: Das hei\u00dft, auch dort, wo man nicht genau wei\u00df, wollen die jetzt Geschlechteridentit\u00e4ten zerbrechen oder\u00a0 brauchen sie nur ein trendiges Label? Also wollen sie sich dar\u00fcber Gedanken machen, was Mann oder Frau ist, wo also nicht nur \u201egender\u201c, sondern auch \u201esex\u201c dekonstruiert wird oder geht es um den Verkauf eines Inhalts.Das ist eine tats\u00e4chliche Entwicklung der 2000er Jahre, dass der \u201equeer\u201c-Begriff kommerzialisiert wird und im Mainstream ist. Als Soziologin finde ich es spannend, dass unterschiedliche Sub-Gruppen sich diesen Begriff genommen haben und ein Label drauf gemacht haben. Ich finde diese Entwicklung nicht nur negativ.<br \/>\n<em>Was ist denn der Unterschied zum Lesben-&amp; Schwulenmodell?<\/em><br \/>\nLesben und Schwule sind sexuelle Identit\u00e4ten, ganz klar biologische Identit\u00e4ten und klassische \u201eWie lebe ich Sexualit\u00e4t?\u201c-Identit\u00e4ten. Also man wei\u00df, ein Mann ist ein Mann, oder eine Frau ist eine Frau. Und sie liebt und lebt mit Frauen und er liebt und lebt mit M\u00e4nnern. \u201eQueer\u201c bedeutet aus meiner Sicht, Identit\u00e4ten radikal zu hinterfragen. Hier geht es also um die Frage, ob es Homosexualit\u00e4t \u00fcberhaupt gibt bzw. ob es nur zwei Geschlechter gibt? Die Kategorie Homosexualit\u00e4t wird selbst br\u00fcchig. Die eigene sexuelle Identit\u00e4t wird insgesamt hinterfragt. Provokant gesagt: Da ja \u00fcberhaupt nicht klar ist, ob er oder sie Mann oder Frau ist und auch nicht klar ist, mit wem er oder sie im Bett liegt und ob die oder der Mann oder Frau ist, werden diese Kategorien br\u00fcchig. Damit wurde f\u00fcr mich als Familiensoziologin auch die Kategorie der \u201eRegenbogen\u201c-Familie fragw\u00fcrdig: Denn man lebt in einer Phase seines Lebens schwul\/lesbisch oder heterosexuell, kann dorthin oder wieder zur\u00fcck. Wenngleich ich pers\u00f6nlich die Rechte von lesbischwulen Familien ganz wichtig finde, sind auch da diese Identit\u00e4ten br\u00fcchig geworden.<br \/>\n<em>Welche Zentren der \u201eQueerness\u201c w\u00fcrdest du denn in Wien ausmachen?<\/em><br \/>\nDie Partyszenen und Musikszenen, dann gibt es queere wirtschaftliche Bewegungen wie die Queer Business Women, die Uni-Szene, auch der Life Ball, der Diversity Ball und queere Sportveranstaltungen. Es sind Szenen geworden, die in gewisser Hinsicht bei \u201elesbischwul\u201c bleiben, aber trotzdem dar\u00fcber hinausgehen.<br \/>\n<em>Hat sich dadurch das Verh\u00e4ltnis von Frauen zu M\u00e4nnern in den verschiedenen Szenen ver\u00e4ndert?<\/em><br \/>\nSofern ich diese Frage beantworte unter der Pr\u00e4misse, es g\u00e4be die Kategorien Mann und Frau, sage ich, dass es sich sehr ver\u00e4ndert hat. Als ich 1992 gestartet habe, in die Szene zu gehen, gab es \u201eWomen only\u201c-Feste. Das hat sich dann ver\u00e4ndert in Richtung \u201eWomen only with gay friends\u201c und wurde zu \u201equeer\u201c. Meiner Ansicht nach ist das Verh\u00e4ltnis insofern ver\u00e4ndert, als es weniger hier diese m\u00e4nnlichen und hier diese weibliche Szenen gibt, sondern ein \u201eWir\u201c in einer \u201equeeren\u201c Szene. Daneben gibt es aber nat\u00fcrlich nach wie vor die M\u00e4nner- und die Frauenr\u00e4ume, die realpolitisch gro\u00dfen Einfluss haben.<br \/>\n<em>Zum Schluss eine Ranking-Frage: was sind f\u00fcr dich seit 2000 die f\u00fcnf queersten R\u00e4ume in Wien?<\/em><br \/>\nDas Marea Alta, nach wie vor die Rosa Lila Villa, dann ist es f\u00fcr mich der ganze Dunstkreis FM queer, sicher die Quote-Abende und dann \u2013 war es f\u00fcr mich sicher auch mein langj\u00e4hriger Arbeitsplatz wienweb, das ist f\u00fcr mich einer der queersten Arbeitgeber, den\u2019s gibt. Als sechsten Ort nenne ich noch den sozialwissenschaftliche Bereich. Im Uni-Bereich ist es auch \u2013 also jetzt im Unterschied, wenn man irgendwo als Verk\u00e4uferin arbeitet \u2013 relativ einfach queer zu sein.<br \/>\n<br \/>Alle Interviews von &#8220;Stonewall in Wien&#8221;: <a href=\"http:\/\/www.qwien.at\/stonewall-in-wien\/\">http:\/\/www.qwien.at\/stonewall-in-wien\/<\/a><\/p>\n","protected":false},"excerpt":{"rendered":"<p>\t\t\t\t<![CDATA[]]>\t\t<\/p>\n","protected":false},"author":4,"featured_media":0,"comment_status":"closed","ping_status":"open","sticky":false,"template":"","format":"standard","meta":{"_acf_changed":false,"footnotes":""},"categories":[272,276],"tags":[],"class_list":["post-11177","post","type-post","status-publish","format-standard","hentry","category-qwien","category-webarchive","grve-entry-item","grve-blog-item"],"acf":[],"yoast_head":"<!-- This site is optimized with the Yoast SEO plugin v27.5 - https:\/\/yoast.com\/product\/yoast-seo-wordpress\/ -->\n<title>Stonewall in Wien \u2013 die 2000er: Katharina Miko - Blog - Qwien - Zentrum f\u00fcr queere Geschichte<\/title>\n<meta name=\"robots\" content=\"index, follow, max-snippet:-1, max-image-preview:large, max-video-preview:-1\" \/>\n<link rel=\"canonical\" href=\"https:\/\/www.qwien.at\/en\/qwien\/stonewall-in-wien-die-2000er-katharina-miko\/\" \/>\n<meta property=\"og:locale\" content=\"en_US\" \/>\n<meta property=\"og:type\" content=\"article\" \/>\n<meta property=\"og:title\" content=\"Stonewall in Wien \u2013 die 2000er: Katharina Miko - Blog - Qwien - Zentrum f\u00fcr queere Geschichte\" \/>\n<meta property=\"og:url\" content=\"https:\/\/www.qwien.at\/en\/qwien\/stonewall-in-wien-die-2000er-katharina-miko\/\" \/>\n<meta property=\"og:site_name\" content=\"Qwien - Zentrum f\u00fcr queere Geschichte\" \/>\n<meta property=\"article:published_time\" content=\"2025-07-15T19:37:05+00:00\" \/>\n<meta property=\"og:image\" content=\"https:\/\/www.qwien.at\/wp-content\/uploads\/2012\/10\/Bild_KMI.jpg\" \/>\n\t<meta property=\"og:image:width\" content=\"126\" \/>\n\t<meta property=\"og:image:height\" content=\"101\" \/>\n\t<meta property=\"og:image:type\" content=\"image\/jpeg\" \/>\n<meta name=\"author\" content=\"Andreas Brunner\" \/>\n<meta name=\"twitter:card\" content=\"summary_large_image\" \/>\n<meta name=\"twitter:label1\" content=\"Written by\" \/>\n\t<meta name=\"twitter:data1\" content=\"Andreas Brunner\" \/>\n\t<meta name=\"twitter:label2\" content=\"Est. reading time\" \/>\n\t<meta name=\"twitter:data2\" content=\"4 minutes\" \/>\n<script type=\"application\/ld+json\" class=\"yoast-schema-graph\">{\"@context\":\"https:\\\/\\\/schema.org\",\"@graph\":[{\"@type\":[\"Article\",\"BlogPosting\"],\"@id\":\"https:\\\/\\\/www.qwien.at\\\/en\\\/qwien\\\/stonewall-in-wien-die-2000er-katharina-miko\\\/#article\",\"isPartOf\":{\"@id\":\"https:\\\/\\\/www.qwien.at\\\/en\\\/qwien\\\/stonewall-in-wien-die-2000er-katharina-miko\\\/\"},\"author\":{\"name\":\"Andreas Brunner\",\"@id\":\"https:\\\/\\\/www.qwien.at\\\/en\\\/#\\\/schema\\\/person\\\/d3fe9114b43d8e5a558a6d20ca3e2920\"},\"headline\":\"Stonewall in Wien \u2013 die 2000er: Katharina Miko\",\"datePublished\":\"2025-07-15T19:37:05+00:00\",\"mainEntityOfPage\":{\"@id\":\"https:\\\/\\\/www.qwien.at\\\/en\\\/qwien\\\/stonewall-in-wien-die-2000er-katharina-miko\\\/\"},\"wordCount\":713,\"publisher\":{\"@id\":\"https:\\\/\\\/www.qwien.at\\\/en\\\/#organization\"},\"image\":{\"@id\":\"https:\\\/\\\/www.qwien.at\\\/en\\\/qwien\\\/stonewall-in-wien-die-2000er-katharina-miko\\\/#primaryimage\"},\"thumbnailUrl\":\"https:\\\/\\\/www.qwien.at\\\/wp-content\\\/uploads\\\/2012\\\/10\\\/Bild_KMI.jpg\",\"articleSection\":[\"Qwien\",\"Webarchiv\"],\"inLanguage\":\"en-US\"},{\"@type\":\"WebPage\",\"@id\":\"https:\\\/\\\/www.qwien.at\\\/en\\\/qwien\\\/stonewall-in-wien-die-2000er-katharina-miko\\\/\",\"url\":\"https:\\\/\\\/www.qwien.at\\\/en\\\/qwien\\\/stonewall-in-wien-die-2000er-katharina-miko\\\/\",\"name\":\"Stonewall in Wien \u2013 die 2000er: Katharina Miko - Blog - Qwien - Zentrum f\u00fcr queere Geschichte\",\"isPartOf\":{\"@id\":\"https:\\\/\\\/www.qwien.at\\\/en\\\/#website\"},\"primaryImageOfPage\":{\"@id\":\"https:\\\/\\\/www.qwien.at\\\/en\\\/qwien\\\/stonewall-in-wien-die-2000er-katharina-miko\\\/#primaryimage\"},\"image\":{\"@id\":\"https:\\\/\\\/www.qwien.at\\\/en\\\/qwien\\\/stonewall-in-wien-die-2000er-katharina-miko\\\/#primaryimage\"},\"thumbnailUrl\":\"https:\\\/\\\/www.qwien.at\\\/wp-content\\\/uploads\\\/2012\\\/10\\\/Bild_KMI.jpg\",\"datePublished\":\"2025-07-15T19:37:05+00:00\",\"breadcrumb\":{\"@id\":\"https:\\\/\\\/www.qwien.at\\\/en\\\/qwien\\\/stonewall-in-wien-die-2000er-katharina-miko\\\/#breadcrumb\"},\"inLanguage\":\"en-US\",\"potentialAction\":[{\"@type\":\"ReadAction\",\"target\":[\"https:\\\/\\\/www.qwien.at\\\/en\\\/qwien\\\/stonewall-in-wien-die-2000er-katharina-miko\\\/\"]}]},{\"@type\":\"ImageObject\",\"inLanguage\":\"en-US\",\"@id\":\"https:\\\/\\\/www.qwien.at\\\/en\\\/qwien\\\/stonewall-in-wien-die-2000er-katharina-miko\\\/#primaryimage\",\"url\":\"https:\\\/\\\/www.qwien.at\\\/wp-content\\\/uploads\\\/2012\\\/10\\\/Bild_KMI.jpg\",\"contentUrl\":\"https:\\\/\\\/www.qwien.at\\\/wp-content\\\/uploads\\\/2012\\\/10\\\/Bild_KMI.jpg\"},{\"@type\":\"BreadcrumbList\",\"@id\":\"https:\\\/\\\/www.qwien.at\\\/en\\\/qwien\\\/stonewall-in-wien-die-2000er-katharina-miko\\\/#breadcrumb\",\"itemListElement\":[{\"@type\":\"ListItem\",\"position\":1,\"name\":\"Startseite\",\"item\":\"https:\\\/\\\/www.qwien.at\\\/en\\\/\"},{\"@type\":\"ListItem\",\"position\":2,\"name\":\"Stonewall in Wien \u2013 die 2000er: Katharina Miko\"}]},{\"@type\":\"WebSite\",\"@id\":\"https:\\\/\\\/www.qwien.at\\\/en\\\/#website\",\"url\":\"https:\\\/\\\/www.qwien.at\\\/en\\\/\",\"name\":\"Qwien - Zentrum f\u00fcr queere Geschichte\",\"description\":\"\",\"publisher\":{\"@id\":\"https:\\\/\\\/www.qwien.at\\\/en\\\/#organization\"},\"potentialAction\":[{\"@type\":\"SearchAction\",\"target\":{\"@type\":\"EntryPoint\",\"urlTemplate\":\"https:\\\/\\\/www.qwien.at\\\/en\\\/?s={search_term_string}\"},\"query-input\":{\"@type\":\"PropertyValueSpecification\",\"valueRequired\":true,\"valueName\":\"search_term_string\"}}],\"inLanguage\":\"en-US\"},{\"@type\":\"Organization\",\"@id\":\"https:\\\/\\\/www.qwien.at\\\/en\\\/#organization\",\"name\":\"Qwien\",\"url\":\"https:\\\/\\\/www.qwien.at\\\/en\\\/\",\"logo\":{\"@type\":\"ImageObject\",\"inLanguage\":\"en-US\",\"@id\":\"https:\\\/\\\/www.qwien.at\\\/en\\\/#\\\/schema\\\/logo\\\/image\\\/\",\"url\":\"https:\\\/\\\/www.qwien.at\\\/wp-content\\\/uploads\\\/2025\\\/06\\\/seo-yoast-2.png\",\"contentUrl\":\"https:\\\/\\\/www.qwien.at\\\/wp-content\\\/uploads\\\/2025\\\/06\\\/seo-yoast-2.png\",\"width\":697,\"height\":697,\"caption\":\"Qwien\"},\"image\":{\"@id\":\"https:\\\/\\\/www.qwien.at\\\/en\\\/#\\\/schema\\\/logo\\\/image\\\/\"},\"sameAs\":[\"https:\\\/\\\/www.instagram.com\\\/qwien.zentrum\\\/\"]},{\"@type\":\"Person\",\"@id\":\"https:\\\/\\\/www.qwien.at\\\/en\\\/#\\\/schema\\\/person\\\/d3fe9114b43d8e5a558a6d20ca3e2920\",\"name\":\"Andreas Brunner\"}]}<\/script>\n<!-- \/ Yoast SEO plugin. -->","yoast_head_json":{"title":"Stonewall in Wien \u2013 die 2000er: Katharina Miko - Blog - Qwien - Zentrum f\u00fcr queere Geschichte","robots":{"index":"index","follow":"follow","max-snippet":"max-snippet:-1","max-image-preview":"max-image-preview:large","max-video-preview":"max-video-preview:-1"},"canonical":"https:\/\/www.qwien.at\/en\/qwien\/stonewall-in-wien-die-2000er-katharina-miko\/","og_locale":"en_US","og_type":"article","og_title":"Stonewall in Wien \u2013 die 2000er: Katharina Miko - Blog - Qwien - Zentrum f\u00fcr queere Geschichte","og_url":"https:\/\/www.qwien.at\/en\/qwien\/stonewall-in-wien-die-2000er-katharina-miko\/","og_site_name":"Qwien - Zentrum f\u00fcr queere Geschichte","article_published_time":"2025-07-15T19:37:05+00:00","og_image":[{"width":126,"height":101,"url":"https:\/\/www.qwien.at\/wp-content\/uploads\/2012\/10\/Bild_KMI.jpg","type":"image\/jpeg"}],"author":"Andreas Brunner","twitter_card":"summary_large_image","twitter_misc":{"Written by":"Andreas Brunner","Est. reading time":"4 minutes"},"schema":{"@context":"https:\/\/schema.org","@graph":[{"@type":["Article","BlogPosting"],"@id":"https:\/\/www.qwien.at\/en\/qwien\/stonewall-in-wien-die-2000er-katharina-miko\/#article","isPartOf":{"@id":"https:\/\/www.qwien.at\/en\/qwien\/stonewall-in-wien-die-2000er-katharina-miko\/"},"author":{"name":"Andreas Brunner","@id":"https:\/\/www.qwien.at\/en\/#\/schema\/person\/d3fe9114b43d8e5a558a6d20ca3e2920"},"headline":"Stonewall in Wien \u2013 die 2000er: Katharina Miko","datePublished":"2025-07-15T19:37:05+00:00","mainEntityOfPage":{"@id":"https:\/\/www.qwien.at\/en\/qwien\/stonewall-in-wien-die-2000er-katharina-miko\/"},"wordCount":713,"publisher":{"@id":"https:\/\/www.qwien.at\/en\/#organization"},"image":{"@id":"https:\/\/www.qwien.at\/en\/qwien\/stonewall-in-wien-die-2000er-katharina-miko\/#primaryimage"},"thumbnailUrl":"https:\/\/www.qwien.at\/wp-content\/uploads\/2012\/10\/Bild_KMI.jpg","articleSection":["Qwien","Webarchiv"],"inLanguage":"en-US"},{"@type":"WebPage","@id":"https:\/\/www.qwien.at\/en\/qwien\/stonewall-in-wien-die-2000er-katharina-miko\/","url":"https:\/\/www.qwien.at\/en\/qwien\/stonewall-in-wien-die-2000er-katharina-miko\/","name":"Stonewall in Wien \u2013 die 2000er: Katharina Miko - Blog - Qwien - Zentrum f\u00fcr queere Geschichte","isPartOf":{"@id":"https:\/\/www.qwien.at\/en\/#website"},"primaryImageOfPage":{"@id":"https:\/\/www.qwien.at\/en\/qwien\/stonewall-in-wien-die-2000er-katharina-miko\/#primaryimage"},"image":{"@id":"https:\/\/www.qwien.at\/en\/qwien\/stonewall-in-wien-die-2000er-katharina-miko\/#primaryimage"},"thumbnailUrl":"https:\/\/www.qwien.at\/wp-content\/uploads\/2012\/10\/Bild_KMI.jpg","datePublished":"2025-07-15T19:37:05+00:00","breadcrumb":{"@id":"https:\/\/www.qwien.at\/en\/qwien\/stonewall-in-wien-die-2000er-katharina-miko\/#breadcrumb"},"inLanguage":"en-US","potentialAction":[{"@type":"ReadAction","target":["https:\/\/www.qwien.at\/en\/qwien\/stonewall-in-wien-die-2000er-katharina-miko\/"]}]},{"@type":"ImageObject","inLanguage":"en-US","@id":"https:\/\/www.qwien.at\/en\/qwien\/stonewall-in-wien-die-2000er-katharina-miko\/#primaryimage","url":"https:\/\/www.qwien.at\/wp-content\/uploads\/2012\/10\/Bild_KMI.jpg","contentUrl":"https:\/\/www.qwien.at\/wp-content\/uploads\/2012\/10\/Bild_KMI.jpg"},{"@type":"BreadcrumbList","@id":"https:\/\/www.qwien.at\/en\/qwien\/stonewall-in-wien-die-2000er-katharina-miko\/#breadcrumb","itemListElement":[{"@type":"ListItem","position":1,"name":"Startseite","item":"https:\/\/www.qwien.at\/en\/"},{"@type":"ListItem","position":2,"name":"Stonewall in Wien \u2013 die 2000er: Katharina Miko"}]},{"@type":"WebSite","@id":"https:\/\/www.qwien.at\/en\/#website","url":"https:\/\/www.qwien.at\/en\/","name":"Qwien - Zentrum f\u00fcr queere Geschichte","description":"","publisher":{"@id":"https:\/\/www.qwien.at\/en\/#organization"},"potentialAction":[{"@type":"SearchAction","target":{"@type":"EntryPoint","urlTemplate":"https:\/\/www.qwien.at\/en\/?s={search_term_string}"},"query-input":{"@type":"PropertyValueSpecification","valueRequired":true,"valueName":"search_term_string"}}],"inLanguage":"en-US"},{"@type":"Organization","@id":"https:\/\/www.qwien.at\/en\/#organization","name":"Qwien","url":"https:\/\/www.qwien.at\/en\/","logo":{"@type":"ImageObject","inLanguage":"en-US","@id":"https:\/\/www.qwien.at\/en\/#\/schema\/logo\/image\/","url":"https:\/\/www.qwien.at\/wp-content\/uploads\/2025\/06\/seo-yoast-2.png","contentUrl":"https:\/\/www.qwien.at\/wp-content\/uploads\/2025\/06\/seo-yoast-2.png","width":697,"height":697,"caption":"Qwien"},"image":{"@id":"https:\/\/www.qwien.at\/en\/#\/schema\/logo\/image\/"},"sameAs":["https:\/\/www.instagram.com\/qwien.zentrum\/"]},{"@type":"Person","@id":"https:\/\/www.qwien.at\/en\/#\/schema\/person\/d3fe9114b43d8e5a558a6d20ca3e2920","name":"Andreas Brunner"}]}},"_links":{"self":[{"href":"https:\/\/www.qwien.at\/en\/wp-json\/wp\/v2\/posts\/11177","targetHints":{"allow":["GET"]}}],"collection":[{"href":"https:\/\/www.qwien.at\/en\/wp-json\/wp\/v2\/posts"}],"about":[{"href":"https:\/\/www.qwien.at\/en\/wp-json\/wp\/v2\/types\/post"}],"author":[{"embeddable":true,"href":"https:\/\/www.qwien.at\/en\/wp-json\/wp\/v2\/users\/4"}],"replies":[{"embeddable":true,"href":"https:\/\/www.qwien.at\/en\/wp-json\/wp\/v2\/comments?post=11177"}],"version-history":[{"count":0,"href":"https:\/\/www.qwien.at\/en\/wp-json\/wp\/v2\/posts\/11177\/revisions"}],"wp:attachment":[{"href":"https:\/\/www.qwien.at\/en\/wp-json\/wp\/v2\/media?parent=11177"}],"wp:term":[{"taxonomy":"category","embeddable":true,"href":"https:\/\/www.qwien.at\/en\/wp-json\/wp\/v2\/categories?post=11177"},{"taxonomy":"post_tag","embeddable":true,"href":"https:\/\/www.qwien.at\/en\/wp-json\/wp\/v2\/tags?post=11177"}],"curies":[{"name":"wp","href":"https:\/\/api.w.org\/{rel}","templated":true}]}}